{"id":36592,"date":"2019-06-26T12:42:06","date_gmt":"2019-06-26T16:42:06","guid":{"rendered":"https:\/\/www.uqac.ca\/?p=36592"},"modified":"2019-06-26T12:42:06","modified_gmt":"2019-06-26T16:42:06","slug":"luqac-celebre-23-nouveaux-retraites","status":"publish","type":"post","link":"https:\/\/www.uqac.ca\/uqactualites\/2019\/06\/26\/luqac-celebre-23-nouveaux-retraites\/","title":{"rendered":"L\u2019UQAC c\u00e9l\u00e8bre 23 nouveaux retrait\u00e9s"},"content":{"rendered":"<p>L\u2019UQAC a soulign\u00e9, lors d\u2019une c\u00e9r\u00e9monie qui s\u2019est tenue le 20 juin dernier, le passage \u00e0 la retraite de 23 membres de la communaut\u00e9 universitaire. Pour l\u2019occasion, les retrait\u00e9s ont pu d\u00e9filer un \u00e0 un sur la sc\u00e8ne de l\u2019auditorium pour entendre l\u2019hommage pr\u00e9par\u00e9 par leurs coll\u00e8gues.<\/p>\n<p><strong>Les retrait\u00e9s 2019<br \/>\n<\/strong>Carole Aubut, Suzanne Arseneau, Bernard Bouchard, Denis Bussi\u00e8re, Pierre Camirand, Carmen C\u00f4t\u00e9, Denis C\u00f4t\u00e9, Hirlse Dufour, Andr\u00e9 Falgueyret, Gabriel Fortier, Anne Garant. Fran\u00e7ois Gu\u00e9rard, Jacques-Andr\u00e9 Gueyaud, Micha\u00ebl Higgins, Pierre Imbeault, Gilbert Larochelle, Jacinthe Lavoie, Julie Lavoie, Pyerre Le Cong Khan, Jacques Paradis, Dani\u00e8le Poirier, Denis Tremblay et Pierre-Andr\u00e9 Tremblay.<\/p>\n<p>L\u2019activit\u00e9 a aussi \u00e9t\u00e9 l\u2019occasion de c\u00e9l\u00e9brer les employ\u00e9s ayant cumul\u00e9 25 ann\u00e9es de service au sein de l\u2019organisation.<\/p>\n<p><strong>Les employ\u00e9s ayant cumul\u00e9 25 ans de service<br \/>\n<\/strong>Ginette Auclair, Lise Auger, Steeve Brisson, Gervais Deschenes, Carole Dionne, Pierre Dostie, Claude Dub\u00e9, Mustapha Elayoubi, Linda Gagnon, Roberto Gauthier, Pierre-Julien Giasson, Duygu Kocaefe, Corn\u00e9lia Krause, H\u00e9l\u00e8ne Labelle, Luc Laberge, Paul Lalancette, Benoit Lapointe, Lucille Lapointe, Denis Laventure, Nathalie Lavoie, Jean Perron, \u00c9ric Pilote, \u00c9ric Renald, \u00c9dith Saint-Pierre, Martin Simard, Pascale Th\u00e9riault et Lizon Truchon<\/p>\n<p><strong>Mot de la repr\u00e9sentante des retrait\u00e9s 2019<\/strong><br \/>\nPour clore la c\u00e9r\u00e9monie, la nouvelle retrait\u00e9e Carmen C\u00f4t\u00e9, du Service des immeubles et \u00e9quipements, a pris la parole au nom de ses coll\u00e8gues. Pour lire de nouveau le texte qu\u2019elle a pr\u00e9sent\u00e9 devant l\u2019assistance, <strong>cliquer <a href=\"https:\/\/www.uqac.ca\/wp-content\/uploads\/2019\/06\/Texte-repr\u00e9sentant-retrait\u00e9-Carmen-C\u00f4te.pdf\">ICI<\/a><\/strong>.<\/p>\n<figure id=\"attachment_36595\" aria-describedby=\"caption-attachment-36595\" style=\"width: 1024px\" class=\"wp-caption aligncenter\"><img loading=\"lazy\" decoding=\"async\" class=\"wp-image-36595 size-large\" src=\"https:\/\/www.uqac.ca\/wp-content\/uploads\/2019\/06\/DSC_7794-copie-1024x462.jpg\" alt=\"\" width=\"1024\" height=\"462\" srcset=\"https:\/\/www.uqac.ca\/uqactualites\/wp-content\/uploads\/2019\/06\/DSC_7794-copie-1024x462.jpg 1024w, https:\/\/www.uqac.ca\/uqactualites\/wp-content\/uploads\/2019\/06\/DSC_7794-copie-300x135.jpg 300w, https:\/\/www.uqac.ca\/uqactualites\/wp-content\/uploads\/2019\/06\/DSC_7794-copie-768x347.jpg 768w, https:\/\/www.uqac.ca\/uqactualites\/wp-content\/uploads\/2019\/06\/DSC_7794-copie-1536x693.jpg 1536w, https:\/\/www.uqac.ca\/uqactualites\/wp-content\/uploads\/2019\/06\/DSC_7794-copie-2048x924.jpg 2048w\" sizes=\"(max-width: 1024px) 100vw, 1024px\" \/><figcaption id=\"caption-attachment-36595\" class=\"wp-caption-text\">Les employ\u00e9s ayant cumul\u00e9 25 ans de service en compagnie de la rectrice, Nicole Bouchard.<\/figcaption><\/figure>\n<p><em>PHOTO PRINCIPALE: Les 16 retrait\u00e9s qui ont pris part \u00e0 la f\u00eate.<\/em><\/p>\n","protected":false},"excerpt":{"rendered":"<p>L\u2019UQAC a soulign\u00e9, lors d\u2019une c\u00e9r\u00e9monie qui s\u2019est tenue le 20 juin dernier, le passage \u00e0 la retraite de 23 membres de la communaut\u00e9 universitaire. Pour l\u2019occasion, les retrait\u00e9s ont pu d\u00e9filer un \u00e0 un sur la sc\u00e8ne de l\u2019auditorium pour entendre l\u2019hommage pr\u00e9par\u00e9 par leurs coll\u00e8gues. Les retrait\u00e9s 2019 Carole Aubut, Suzanne Arseneau, Bernard [&hellip;]<\/p>\n","protected":false},"author":5,"featured_media":36597,"comment_status":"open","ping_status":"open","sticky":false,"template":"","format":"standard","meta":{"footnotes":""},"categories":[2],"tags":[],"yoast_head":"<!-- This site is optimized with the Yoast SEO plugin v24.2 - https:\/\/yoast.com\/wordpress\/plugins\/seo\/ -->\r\n<title>L\u2019UQAC c\u00e9l\u00e8bre 23 nouveaux retrait\u00e9s - UQACtualit\u00e9s<\/title>\r\n<meta name=\"robots\" content=\"index, follow, max-snippet:-1, max-image-preview:large, max-video-preview:-1\" \/>\r\n<link rel=\"canonical\" href=\"https:\/\/www.uqac.ca\/uqactualites\/2019\/06\/26\/luqac-celebre-23-nouveaux-retraites\/\" \/>\r\n<meta property=\"og:locale\" content=\"fr_CA\" \/>\r\n<meta property=\"og:type\" content=\"article\" \/>\r\n<meta property=\"og:title\" content=\"L\u2019UQAC c\u00e9l\u00e8bre 23 nouveaux retrait\u00e9s - UQACtualit\u00e9s\" \/>\r\n<meta property=\"og:description\" content=\"L\u2019UQAC a soulign\u00e9, lors d\u2019une c\u00e9r\u00e9monie qui s\u2019est tenue le 20 juin dernier, le passage \u00e0 la retraite de 23 membres de la communaut\u00e9 universitaire. Pour l\u2019occasion, les retrait\u00e9s ont pu d\u00e9filer un \u00e0 un sur la sc\u00e8ne de l\u2019auditorium pour entendre l\u2019hommage pr\u00e9par\u00e9 par leurs coll\u00e8gues. Les retrait\u00e9s 2019 Carole Aubut, Suzanne Arseneau, Bernard [&hellip;]\" \/>\r\n<meta property=\"og:url\" content=\"https:\/\/www.uqac.ca\/uqactualites\/2019\/06\/26\/luqac-celebre-23-nouveaux-retraites\/\" \/>\r\n<meta property=\"og:site_name\" content=\"UQACtualit\u00e9s\" \/>\r\n<meta property=\"article:published_time\" content=\"2019-06-26T16:42:06+00:00\" \/>\r\n<meta property=\"og:image\" content=\"https:\/\/www.uqac.ca\/uqactualites\/wp-content\/uploads\/2019\/06\/retraites_uqactu-scaled.jpg\" \/>\r\n\t<meta property=\"og:image:width\" content=\"2560\" \/>\r\n\t<meta property=\"og:image:height\" content=\"1625\" \/>\r\n\t<meta property=\"og:image:type\" content=\"image\/jpeg\" \/>\r\n<meta name=\"author\" content=\"Service des communications et des relations publiques\" \/>\r\n<meta name=\"twitter:card\" content=\"summary_large_image\" \/>\r\n<meta name=\"twitter:label1\" content=\"\u00c9crit par\" \/>\n\t<meta name=\"twitter:data1\" content=\"Service des communications et des relations publiques\" \/>\n\t<meta name=\"twitter:label2\" content=\"Estimation du temps de lecture\" \/>\n\t<meta name=\"twitter:data2\" content=\"1 minute\" \/>\r\n<script type=\"application\/ld+json\" class=\"yoast-schema-graph\">{\"@context\":\"https:\/\/schema.org\",\"@graph\":[{\"@type\":\"WebPage\",\"@id\":\"https:\/\/www.uqac.ca\/uqactualites\/2019\/06\/26\/luqac-celebre-23-nouveaux-retraites\/\",\"url\":\"https:\/\/www.uqac.ca\/uqactualites\/2019\/06\/26\/luqac-celebre-23-nouveaux-retraites\/\",\"name\":\"L\u2019UQAC c\u00e9l\u00e8bre 23 nouveaux retrait\u00e9s - UQACtualit\u00e9s\",\"isPartOf\":{\"@id\":\"https:\/\/www.uqac.ca\/uqactualites\/#website\"},\"primaryImageOfPage\":{\"@id\":\"https:\/\/www.uqac.ca\/uqactualites\/2019\/06\/26\/luqac-celebre-23-nouveaux-retraites\/#primaryimage\"},\"image\":{\"@id\":\"https:\/\/www.uqac.ca\/uqactualites\/2019\/06\/26\/luqac-celebre-23-nouveaux-retraites\/#primaryimage\"},\"thumbnailUrl\":\"https:\/\/www.uqac.ca\/uqactualites\/wp-content\/uploads\/2019\/06\/retraites_uqactu-scaled.jpg\",\"datePublished\":\"2019-06-26T16:42:06+00:00\",\"dateModified\":\"2019-06-26T16:42:06+00:00\",\"author\":{\"@id\":\"https:\/\/www.uqac.ca\/uqactualites\/#\/schema\/person\/366c45a0c4f0e677b41b4af5886e2018\"},\"breadcrumb\":{\"@id\":\"https:\/\/www.uqac.ca\/uqactualites\/2019\/06\/26\/luqac-celebre-23-nouveaux-retraites\/#breadcrumb\"},\"inLanguage\":\"fr-CA\",\"potentialAction\":[{\"@type\":\"ReadAction\",\"target\":[\"https:\/\/www.uqac.ca\/uqactualites\/2019\/06\/26\/luqac-celebre-23-nouveaux-retraites\/\"]}]},{\"@type\":\"ImageObject\",\"inLanguage\":\"fr-CA\",\"@id\":\"https:\/\/www.uqac.ca\/uqactualites\/2019\/06\/26\/luqac-celebre-23-nouveaux-retraites\/#primaryimage\",\"url\":\"https:\/\/www.uqac.ca\/uqactualites\/wp-content\/uploads\/2019\/06\/retraites_uqactu-scaled.jpg\",\"contentUrl\":\"https:\/\/www.uqac.ca\/uqactualites\/wp-content\/uploads\/2019\/06\/retraites_uqactu-scaled.jpg\",\"width\":2560,\"height\":1625},{\"@type\":\"BreadcrumbList\",\"@id\":\"https:\/\/www.uqac.ca\/uqactualites\/2019\/06\/26\/luqac-celebre-23-nouveaux-retraites\/#breadcrumb\",\"itemListElement\":[{\"@type\":\"ListItem\",\"position\":1,\"name\":\"Home\",\"item\":\"https:\/\/www.uqac.ca\/uqactualites\/\"},{\"@type\":\"ListItem\",\"position\":2,\"name\":\"L\u2019UQAC c\u00e9l\u00e8bre 23 nouveaux retrait\u00e9s\"}]},{\"@type\":\"WebSite\",\"@id\":\"https:\/\/www.uqac.ca\/uqactualites\/#website\",\"url\":\"https:\/\/www.uqac.ca\/uqactualites\/\",\"name\":\"UQACtualit\u00e9s\",\"description\":\"Le portail des nouvelles de l&#039;UQAC\",\"potentialAction\":[{\"@type\":\"SearchAction\",\"target\":{\"@type\":\"EntryPoint\",\"urlTemplate\":\"https:\/\/www.uqac.ca\/uqactualites\/?s={search_term_string}\"},\"query-input\":{\"@type\":\"PropertyValueSpecification\",\"valueRequired\":true,\"valueName\":\"search_term_string\"}}],\"inLanguage\":\"fr-CA\"},{\"@type\":\"Person\",\"@id\":\"https:\/\/www.uqac.ca\/uqactualites\/#\/schema\/person\/366c45a0c4f0e677b41b4af5886e2018\",\"name\":\"Service des communications et des relations publiques\",\"image\":{\"@type\":\"ImageObject\",\"inLanguage\":\"fr-CA\",\"@id\":\"https:\/\/www.uqac.ca\/uqactualites\/#\/schema\/person\/image\/\",\"url\":\"https:\/\/secure.gravatar.com\/avatar\/20fbbda8a292f59f2d3461a5b999c00b?s=96&d=mm&r=g\",\"contentUrl\":\"https:\/\/secure.gravatar.com\/avatar\/20fbbda8a292f59f2d3461a5b999c00b?s=96&d=mm&r=g\",\"caption\":\"Service des communications et des relations publiques\"},\"url\":\"https:\/\/www.uqac.ca\/uqactualites\/author\/bap\/\"}]}<\/script>\r\n<!-- \/ Yoast SEO plugin. -->","yoast_head_json":{"title":"L\u2019UQAC c\u00e9l\u00e8bre 23 nouveaux retrait\u00e9s - UQACtualit\u00e9s","robots":{"index":"index","follow":"follow","max-snippet":"max-snippet:-1","max-image-preview":"max-image-preview:large","max-video-preview":"max-video-preview:-1"},"canonical":"https:\/\/www.uqac.ca\/uqactualites\/2019\/06\/26\/luqac-celebre-23-nouveaux-retraites\/","og_locale":"fr_CA","og_type":"article","og_title":"L\u2019UQAC c\u00e9l\u00e8bre 23 nouveaux retrait\u00e9s - UQACtualit\u00e9s","og_description":"L\u2019UQAC a soulign\u00e9, lors d\u2019une c\u00e9r\u00e9monie qui s\u2019est tenue le 20 juin dernier, le passage \u00e0 la retraite de 23 membres de la communaut\u00e9 universitaire. Pour l\u2019occasion, les retrait\u00e9s ont pu d\u00e9filer un \u00e0 un sur la sc\u00e8ne de l\u2019auditorium pour entendre l\u2019hommage pr\u00e9par\u00e9 par leurs coll\u00e8gues. Les retrait\u00e9s 2019 Carole Aubut, Suzanne Arseneau, Bernard [&hellip;]","og_url":"https:\/\/www.uqac.ca\/uqactualites\/2019\/06\/26\/luqac-celebre-23-nouveaux-retraites\/","og_site_name":"UQACtualit\u00e9s","article_published_time":"2019-06-26T16:42:06+00:00","og_image":[{"width":2560,"height":1625,"url":"https:\/\/www.uqac.ca\/uqactualites\/wp-content\/uploads\/2019\/06\/retraites_uqactu-scaled.jpg","type":"image\/jpeg"}],"author":"Service des communications et des relations publiques","twitter_card":"summary_large_image","twitter_misc":{"\u00c9crit par":"Service des communications et des relations publiques","Estimation du temps de lecture":"1 minute"},"schema":{"@context":"https:\/\/schema.org","@graph":[{"@type":"WebPage","@id":"https:\/\/www.uqac.ca\/uqactualites\/2019\/06\/26\/luqac-celebre-23-nouveaux-retraites\/","url":"https:\/\/www.uqac.ca\/uqactualites\/2019\/06\/26\/luqac-celebre-23-nouveaux-retraites\/","name":"L\u2019UQAC c\u00e9l\u00e8bre 23 nouveaux retrait\u00e9s - UQACtualit\u00e9s","isPartOf":{"@id":"https:\/\/www.uqac.ca\/uqactualites\/#website"},"primaryImageOfPage":{"@id":"https:\/\/www.uqac.ca\/uqactualites\/2019\/06\/26\/luqac-celebre-23-nouveaux-retraites\/#primaryimage"},"image":{"@id":"https:\/\/www.uqac.ca\/uqactualites\/2019\/06\/26\/luqac-celebre-23-nouveaux-retraites\/#primaryimage"},"thumbnailUrl":"https:\/\/www.uqac.ca\/uqactualites\/wp-content\/uploads\/2019\/06\/retraites_uqactu-scaled.jpg","datePublished":"2019-06-26T16:42:06+00:00","dateModified":"2019-06-26T16:42:06+00:00","author":{"@id":"https:\/\/www.uqac.ca\/uqactualites\/#\/schema\/person\/366c45a0c4f0e677b41b4af5886e2018"},"breadcrumb":{"@id":"https:\/\/www.uqac.ca\/uqactualites\/2019\/06\/26\/luqac-celebre-23-nouveaux-retraites\/#breadcrumb"},"inLanguage":"fr-CA","potentialAction":[{"@type":"ReadAction","target":["https:\/\/www.uqac.ca\/uqactualites\/2019\/06\/26\/luqac-celebre-23-nouveaux-retraites\/"]}]},{"@type":"ImageObject","inLanguage":"fr-CA","@id":"https:\/\/www.uqac.ca\/uqactualites\/2019\/06\/26\/luqac-celebre-23-nouveaux-retraites\/#primaryimage","url":"https:\/\/www.uqac.ca\/uqactualites\/wp-content\/uploads\/2019\/06\/retraites_uqactu-scaled.jpg","contentUrl":"https:\/\/www.uqac.ca\/uqactualites\/wp-content\/uploads\/2019\/06\/retraites_uqactu-scaled.jpg","width":2560,"height":1625},{"@type":"BreadcrumbList","@id":"https:\/\/www.uqac.ca\/uqactualites\/2019\/06\/26\/luqac-celebre-23-nouveaux-retraites\/#breadcrumb","itemListElement":[{"@type":"ListItem","position":1,"name":"Home","item":"https:\/\/www.uqac.ca\/uqactualites\/"},{"@type":"ListItem","position":2,"name":"L\u2019UQAC c\u00e9l\u00e8bre 23 nouveaux retrait\u00e9s"}]},{"@type":"WebSite","@id":"https:\/\/www.uqac.ca\/uqactualites\/#website","url":"https:\/\/www.uqac.ca\/uqactualites\/","name":"UQACtualit\u00e9s","description":"Le portail des nouvelles de l&#039;UQAC","potentialAction":[{"@type":"SearchAction","target":{"@type":"EntryPoint","urlTemplate":"https:\/\/www.uqac.ca\/uqactualites\/?s={search_term_string}"},"query-input":{"@type":"PropertyValueSpecification","valueRequired":true,"valueName":"search_term_string"}}],"inLanguage":"fr-CA"},{"@type":"Person","@id":"https:\/\/www.uqac.ca\/uqactualites\/#\/schema\/person\/366c45a0c4f0e677b41b4af5886e2018","name":"Service des communications et des relations publiques","image":{"@type":"ImageObject","inLanguage":"fr-CA","@id":"https:\/\/www.uqac.ca\/uqactualites\/#\/schema\/person\/image\/","url":"https:\/\/secure.gravatar.com\/avatar\/20fbbda8a292f59f2d3461a5b999c00b?s=96&d=mm&r=g","contentUrl":"https:\/\/secure.gravatar.com\/avatar\/20fbbda8a292f59f2d3461a5b999c00b?s=96&d=mm&r=g","caption":"Service des communications et des relations publiques"},"url":"https:\/\/www.uqac.ca\/uqactualites\/author\/bap\/"}]}},"_links":{"self":[{"href":"https:\/\/www.uqac.ca\/uqactualites\/wp-json\/wp\/v2\/posts\/36592"}],"collection":[{"href":"https:\/\/www.uqac.ca\/uqactualites\/wp-json\/wp\/v2\/posts"}],"about":[{"href":"https:\/\/www.uqac.ca\/uqactualites\/wp-json\/wp\/v2\/types\/post"}],"author":[{"embeddable":true,"href":"https:\/\/www.uqac.ca\/uqactualites\/wp-json\/wp\/v2\/users\/5"}],"replies":[{"embeddable":true,"href":"https:\/\/www.uqac.ca\/uqactualites\/wp-json\/wp\/v2\/comments?post=36592"}],"version-history":[{"count":0,"href":"https:\/\/www.uqac.ca\/uqactualites\/wp-json\/wp\/v2\/posts\/36592\/revisions"}],"wp:featuredmedia":[{"embeddable":true,"href":"https:\/\/www.uqac.ca\/uqactualites\/wp-json\/wp\/v2\/media\/36597"}],"wp:attachment":[{"href":"https:\/\/www.uqac.ca\/uqactualites\/wp-json\/wp\/v2\/media?parent=36592"}],"wp:term":[{"taxonomy":"category","embeddable":true,"href":"https:\/\/www.uqac.ca\/uqactualites\/wp-json\/wp\/v2\/categories?post=36592"},{"taxonomy":"post_tag","embeddable":true,"href":"https:\/\/www.uqac.ca\/uqactualites\/wp-json\/wp\/v2\/tags?post=36592"}],"curies":[{"name":"wp","href":"https:\/\/api.w.org\/{rel}","templated":true}]}}