{"id":36890,"date":"2019-08-19T14:09:28","date_gmt":"2019-08-19T18:09:28","guid":{"rendered":"https:\/\/www.uqac.ca\/?p=36890"},"modified":"2019-08-19T14:09:28","modified_gmt":"2019-08-19T18:09:28","slug":"luqac-accueille-17-nouveaux-professeurs-au-trimestre-dautomne","status":"publish","type":"post","link":"https:\/\/www.uqac.ca\/uqactualites\/2019\/08\/19\/luqac-accueille-17-nouveaux-professeurs-au-trimestre-dautomne\/","title":{"rendered":"L\u2019UQAC accueille 17 nouveaux professeurs au trimestre d\u2019automne"},"content":{"rendered":"<p>Le D\u00e9canat des affaires d\u00e9partementales a organis\u00e9 le 15 ao\u00fbt dernier une activit\u00e9 d\u2019accueil pour les nouveaux professeurs. \u00c0 cette occasion, ils ont pu rencontrer diff\u00e9rents intervenants de l\u2019UQAC afin d\u2019en apprendre davantage sur l\u2019institution et les modes de fonctionnement.<\/p>\n<p>Ainsi, les nouveaux professeurs ont eu un premier contact avec le Service des communications et des relations publiques, la Biblioth\u00e8que, le Bureau de l\u2019international, le D\u00e9canat des \u00e9tudes, le D\u00e9canat de la recherche et de la cr\u00e9ation, le Bureau de soutien technop\u00e9dagogique, les Services aux \u00e9tudiants et le Bureau du registraire.<\/p>\n<p>Au total, 17 nouveaux professeurs entrent en fonction \u00e0 l\u2019UQAC en ao\u00fbt 2019, et ce, dans tous les d\u00e9partements.<\/p>\n<p><strong>D\u00e9partement des sciences fondamentales<br \/>\n<\/strong>J\u00e9r\u00f4me Alsarraf, chimie physique \u2013 cosm\u00e9tologie<\/p>\n<p><strong>D\u00e9partement des sciences \u00e9conomiques et administratives<br \/>\n<\/strong>Marie-Jos\u00e9e Drapeau, management (entrepreneuriat)<br \/>\nPhilippe Boigey, management (gestion de projet)<\/p>\n<p><strong>D\u00e9partement des sciences de l\u2019\u00e9ducation<br \/>\n<\/strong>Jo\u00eblle Duval, enseignement aux adolescents et jeunes en difficult\u00e9 scolaire (substitut \u2013 contrat d\u2019un an)<\/p>\n<p><strong>D\u00e9partement des sciences humaines et sociales<br \/>\n<\/strong>Catherine Flynn, travail social<br \/>\nRomuald Jamet, sociologie (substitut \u2013 contrat d\u2019un an)<\/p>\n<p><strong>D\u00e9partement des sciences appliqu\u00e9es<br \/>\n<\/strong>Alexandre Robichaud, g\u00e9nie informatique-\u00e9lectrique<br \/>\nSt\u00e9phan Brettschneider, g\u00e9nie \u00e9lectrique<br \/>\nYasar Kocaefe, g\u00e9nie m\u00e9canique<br \/>\nJulien Walter, sciences de la Terre<\/p>\n<p><strong>D\u00e9partement des arts et lettres<br \/>\n<\/strong>Sophie Del Fa, communication (communication interculturelle)<\/p>\n<p><strong>D\u00e9partement d\u2019informatique et de math\u00e9matique<br \/>\n<\/strong>Yannick Francillette, informatique<br \/>\nHugo Tremblay, math\u00e9matique (substitut\u00a0\u2013 contrat d\u2019un an)<\/p>\n<p><strong>D\u00e9partement des sciences de la sant\u00e9<br \/>\n<\/strong>Jean-Philippe Paquin, physioth\u00e9rapie (clinicien)<br \/>\nChantale Th\u00e9riault, sciences infirmi\u00e8res (clinicien)<br \/>\nGenevi\u00e8ve Pouliot-Gagn\u00e9, sciences infirmi\u00e8res (clinicien \u2013 contrat d\u2019un an)<\/p>\n<p><strong>\u00c9cole NAD-UQAC<br \/>\n<\/strong>Louis-Philippe Rondeau, cr\u00e9ation art et design num\u00e9rique (sp\u00e9cialisation en design exp\u00e9rientiel, cr\u00e9ation d\u2019images et \u0153uvres num\u00e9riques interactives)<\/p>\n<p><strong><br \/>\nPHOTO\u00a0:<br \/>\n<\/strong>Val\u00e9rie Legendre-Guillemin, doyenne des affaires d\u00e9partementales, et les nouveaux professeurs\u00a0: Stephan Brettschneider, Jo\u00eblle Duval, Hugo Tremblay, Alexandre Robichaud, Chantale Th\u00e9riault, Genevi\u00e8ve Pouliot-Gagn\u00e9, Sophie Del Fa, J\u00e9r\u00f4me Alsarraf et Yannick Francillette<\/p>\n","protected":false},"excerpt":{"rendered":"<p>Le D\u00e9canat des affaires d\u00e9partementales a organis\u00e9 le 15 ao\u00fbt dernier une activit\u00e9 d\u2019accueil pour les nouveaux professeurs. \u00c0 cette occasion, ils ont pu rencontrer diff\u00e9rents intervenants de l\u2019UQAC afin d\u2019en apprendre davantage sur l\u2019institution et les modes de fonctionnement. Ainsi, les nouveaux professeurs ont eu un premier contact avec le Service des communications et [&hellip;]<\/p>\n","protected":false},"author":5,"featured_media":36891,"comment_status":"open","ping_status":"open","sticky":false,"template":"","format":"standard","meta":{"footnotes":""},"categories":[2],"tags":[152,20,21,5,8,3,22,23,76],"yoast_head":"<!-- This site is optimized with the Yoast SEO plugin v24.2 - https:\/\/yoast.com\/wordpress\/plugins\/seo\/ -->\r\n<title>L\u2019UQAC accueille 17 nouveaux professeurs au trimestre d\u2019automne - UQACtualit\u00e9s<\/title>\r\n<meta name=\"robots\" content=\"index, follow, max-snippet:-1, max-image-preview:large, max-video-preview:-1\" \/>\r\n<link rel=\"canonical\" href=\"https:\/\/www.uqac.ca\/uqactualites\/2019\/08\/19\/luqac-accueille-17-nouveaux-professeurs-au-trimestre-dautomne\/\" \/>\r\n<meta property=\"og:locale\" content=\"fr_CA\" \/>\r\n<meta property=\"og:type\" content=\"article\" \/>\r\n<meta property=\"og:title\" content=\"L\u2019UQAC accueille 17 nouveaux professeurs au trimestre d\u2019automne - UQACtualit\u00e9s\" \/>\r\n<meta property=\"og:description\" content=\"Le D\u00e9canat des affaires d\u00e9partementales a organis\u00e9 le 15 ao\u00fbt dernier une activit\u00e9 d\u2019accueil pour les nouveaux professeurs. \u00c0 cette occasion, ils ont pu rencontrer diff\u00e9rents intervenants de l\u2019UQAC afin d\u2019en apprendre davantage sur l\u2019institution et les modes de fonctionnement. Ainsi, les nouveaux professeurs ont eu un premier contact avec le Service des communications et [&hellip;]\" \/>\r\n<meta property=\"og:url\" content=\"https:\/\/www.uqac.ca\/uqactualites\/2019\/08\/19\/luqac-accueille-17-nouveaux-professeurs-au-trimestre-dautomne\/\" \/>\r\n<meta property=\"og:site_name\" content=\"UQACtualit\u00e9s\" \/>\r\n<meta property=\"article:published_time\" content=\"2019-08-19T18:09:28+00:00\" \/>\r\n<meta property=\"og:image\" content=\"https:\/\/www.uqac.ca\/uqactualites\/wp-content\/uploads\/2019\/08\/Nouevaux_profs_A19-scaled.jpg\" \/>\r\n\t<meta property=\"og:image:width\" content=\"2560\" \/>\r\n\t<meta property=\"og:image:height\" content=\"1516\" \/>\r\n\t<meta property=\"og:image:type\" content=\"image\/jpeg\" \/>\r\n<meta name=\"author\" content=\"Service des communications et des relations publiques\" \/>\r\n<meta name=\"twitter:card\" content=\"summary_large_image\" \/>\r\n<meta name=\"twitter:label1\" content=\"\u00c9crit par\" \/>\n\t<meta name=\"twitter:data1\" content=\"Service des communications et des relations publiques\" \/>\n\t<meta name=\"twitter:label2\" content=\"Estimation du temps de lecture\" \/>\n\t<meta name=\"twitter:data2\" content=\"2 minutes\" \/>\r\n<script type=\"application\/ld+json\" class=\"yoast-schema-graph\">{\"@context\":\"https:\/\/schema.org\",\"@graph\":[{\"@type\":\"WebPage\",\"@id\":\"https:\/\/www.uqac.ca\/uqactualites\/2019\/08\/19\/luqac-accueille-17-nouveaux-professeurs-au-trimestre-dautomne\/\",\"url\":\"https:\/\/www.uqac.ca\/uqactualites\/2019\/08\/19\/luqac-accueille-17-nouveaux-professeurs-au-trimestre-dautomne\/\",\"name\":\"L\u2019UQAC accueille 17 nouveaux professeurs au trimestre d\u2019automne - UQACtualit\u00e9s\",\"isPartOf\":{\"@id\":\"https:\/\/www.uqac.ca\/uqactualites\/#website\"},\"primaryImageOfPage\":{\"@id\":\"https:\/\/www.uqac.ca\/uqactualites\/2019\/08\/19\/luqac-accueille-17-nouveaux-professeurs-au-trimestre-dautomne\/#primaryimage\"},\"image\":{\"@id\":\"https:\/\/www.uqac.ca\/uqactualites\/2019\/08\/19\/luqac-accueille-17-nouveaux-professeurs-au-trimestre-dautomne\/#primaryimage\"},\"thumbnailUrl\":\"https:\/\/www.uqac.ca\/uqactualites\/wp-content\/uploads\/2019\/08\/Nouevaux_profs_A19-scaled.jpg\",\"datePublished\":\"2019-08-19T18:09:28+00:00\",\"dateModified\":\"2019-08-19T18:09:28+00:00\",\"author\":{\"@id\":\"https:\/\/www.uqac.ca\/uqactualites\/#\/schema\/person\/366c45a0c4f0e677b41b4af5886e2018\"},\"breadcrumb\":{\"@id\":\"https:\/\/www.uqac.ca\/uqactualites\/2019\/08\/19\/luqac-accueille-17-nouveaux-professeurs-au-trimestre-dautomne\/#breadcrumb\"},\"inLanguage\":\"fr-CA\",\"potentialAction\":[{\"@type\":\"ReadAction\",\"target\":[\"https:\/\/www.uqac.ca\/uqactualites\/2019\/08\/19\/luqac-accueille-17-nouveaux-professeurs-au-trimestre-dautomne\/\"]}]},{\"@type\":\"ImageObject\",\"inLanguage\":\"fr-CA\",\"@id\":\"https:\/\/www.uqac.ca\/uqactualites\/2019\/08\/19\/luqac-accueille-17-nouveaux-professeurs-au-trimestre-dautomne\/#primaryimage\",\"url\":\"https:\/\/www.uqac.ca\/uqactualites\/wp-content\/uploads\/2019\/08\/Nouevaux_profs_A19-scaled.jpg\",\"contentUrl\":\"https:\/\/www.uqac.ca\/uqactualites\/wp-content\/uploads\/2019\/08\/Nouevaux_profs_A19-scaled.jpg\",\"width\":2560,\"height\":1516},{\"@type\":\"BreadcrumbList\",\"@id\":\"https:\/\/www.uqac.ca\/uqactualites\/2019\/08\/19\/luqac-accueille-17-nouveaux-professeurs-au-trimestre-dautomne\/#breadcrumb\",\"itemListElement\":[{\"@type\":\"ListItem\",\"position\":1,\"name\":\"Home\",\"item\":\"https:\/\/www.uqac.ca\/uqactualites\/\"},{\"@type\":\"ListItem\",\"position\":2,\"name\":\"L\u2019UQAC accueille 17 nouveaux professeurs au trimestre d\u2019automne\"}]},{\"@type\":\"WebSite\",\"@id\":\"https:\/\/www.uqac.ca\/uqactualites\/#website\",\"url\":\"https:\/\/www.uqac.ca\/uqactualites\/\",\"name\":\"UQACtualit\u00e9s\",\"description\":\"Le portail des nouvelles de l&#039;UQAC\",\"potentialAction\":[{\"@type\":\"SearchAction\",\"target\":{\"@type\":\"EntryPoint\",\"urlTemplate\":\"https:\/\/www.uqac.ca\/uqactualites\/?s={search_term_string}\"},\"query-input\":{\"@type\":\"PropertyValueSpecification\",\"valueRequired\":true,\"valueName\":\"search_term_string\"}}],\"inLanguage\":\"fr-CA\"},{\"@type\":\"Person\",\"@id\":\"https:\/\/www.uqac.ca\/uqactualites\/#\/schema\/person\/366c45a0c4f0e677b41b4af5886e2018\",\"name\":\"Service des communications et des relations publiques\",\"image\":{\"@type\":\"ImageObject\",\"inLanguage\":\"fr-CA\",\"@id\":\"https:\/\/www.uqac.ca\/uqactualites\/#\/schema\/person\/image\/\",\"url\":\"https:\/\/secure.gravatar.com\/avatar\/20fbbda8a292f59f2d3461a5b999c00b?s=96&d=mm&r=g\",\"contentUrl\":\"https:\/\/secure.gravatar.com\/avatar\/20fbbda8a292f59f2d3461a5b999c00b?s=96&d=mm&r=g\",\"caption\":\"Service des communications et des relations publiques\"},\"url\":\"https:\/\/www.uqac.ca\/uqactualites\/author\/bap\/\"}]}<\/script>\r\n<!-- \/ Yoast SEO plugin. -->","yoast_head_json":{"title":"L\u2019UQAC accueille 17 nouveaux professeurs au trimestre d\u2019automne - UQACtualit\u00e9s","robots":{"index":"index","follow":"follow","max-snippet":"max-snippet:-1","max-image-preview":"max-image-preview:large","max-video-preview":"max-video-preview:-1"},"canonical":"https:\/\/www.uqac.ca\/uqactualites\/2019\/08\/19\/luqac-accueille-17-nouveaux-professeurs-au-trimestre-dautomne\/","og_locale":"fr_CA","og_type":"article","og_title":"L\u2019UQAC accueille 17 nouveaux professeurs au trimestre d\u2019automne - UQACtualit\u00e9s","og_description":"Le D\u00e9canat des affaires d\u00e9partementales a organis\u00e9 le 15 ao\u00fbt dernier une activit\u00e9 d\u2019accueil pour les nouveaux professeurs. \u00c0 cette occasion, ils ont pu rencontrer diff\u00e9rents intervenants de l\u2019UQAC afin d\u2019en apprendre davantage sur l\u2019institution et les modes de fonctionnement. Ainsi, les nouveaux professeurs ont eu un premier contact avec le Service des communications et [&hellip;]","og_url":"https:\/\/www.uqac.ca\/uqactualites\/2019\/08\/19\/luqac-accueille-17-nouveaux-professeurs-au-trimestre-dautomne\/","og_site_name":"UQACtualit\u00e9s","article_published_time":"2019-08-19T18:09:28+00:00","og_image":[{"width":2560,"height":1516,"url":"https:\/\/www.uqac.ca\/uqactualites\/wp-content\/uploads\/2019\/08\/Nouevaux_profs_A19-scaled.jpg","type":"image\/jpeg"}],"author":"Service des communications et des relations publiques","twitter_card":"summary_large_image","twitter_misc":{"\u00c9crit par":"Service des communications et des relations publiques","Estimation du temps de lecture":"2 minutes"},"schema":{"@context":"https:\/\/schema.org","@graph":[{"@type":"WebPage","@id":"https:\/\/www.uqac.ca\/uqactualites\/2019\/08\/19\/luqac-accueille-17-nouveaux-professeurs-au-trimestre-dautomne\/","url":"https:\/\/www.uqac.ca\/uqactualites\/2019\/08\/19\/luqac-accueille-17-nouveaux-professeurs-au-trimestre-dautomne\/","name":"L\u2019UQAC accueille 17 nouveaux professeurs au trimestre d\u2019automne - UQACtualit\u00e9s","isPartOf":{"@id":"https:\/\/www.uqac.ca\/uqactualites\/#website"},"primaryImageOfPage":{"@id":"https:\/\/www.uqac.ca\/uqactualites\/2019\/08\/19\/luqac-accueille-17-nouveaux-professeurs-au-trimestre-dautomne\/#primaryimage"},"image":{"@id":"https:\/\/www.uqac.ca\/uqactualites\/2019\/08\/19\/luqac-accueille-17-nouveaux-professeurs-au-trimestre-dautomne\/#primaryimage"},"thumbnailUrl":"https:\/\/www.uqac.ca\/uqactualites\/wp-content\/uploads\/2019\/08\/Nouevaux_profs_A19-scaled.jpg","datePublished":"2019-08-19T18:09:28+00:00","dateModified":"2019-08-19T18:09:28+00:00","author":{"@id":"https:\/\/www.uqac.ca\/uqactualites\/#\/schema\/person\/366c45a0c4f0e677b41b4af5886e2018"},"breadcrumb":{"@id":"https:\/\/www.uqac.ca\/uqactualites\/2019\/08\/19\/luqac-accueille-17-nouveaux-professeurs-au-trimestre-dautomne\/#breadcrumb"},"inLanguage":"fr-CA","potentialAction":[{"@type":"ReadAction","target":["https:\/\/www.uqac.ca\/uqactualites\/2019\/08\/19\/luqac-accueille-17-nouveaux-professeurs-au-trimestre-dautomne\/"]}]},{"@type":"ImageObject","inLanguage":"fr-CA","@id":"https:\/\/www.uqac.ca\/uqactualites\/2019\/08\/19\/luqac-accueille-17-nouveaux-professeurs-au-trimestre-dautomne\/#primaryimage","url":"https:\/\/www.uqac.ca\/uqactualites\/wp-content\/uploads\/2019\/08\/Nouevaux_profs_A19-scaled.jpg","contentUrl":"https:\/\/www.uqac.ca\/uqactualites\/wp-content\/uploads\/2019\/08\/Nouevaux_profs_A19-scaled.jpg","width":2560,"height":1516},{"@type":"BreadcrumbList","@id":"https:\/\/www.uqac.ca\/uqactualites\/2019\/08\/19\/luqac-accueille-17-nouveaux-professeurs-au-trimestre-dautomne\/#breadcrumb","itemListElement":[{"@type":"ListItem","position":1,"name":"Home","item":"https:\/\/www.uqac.ca\/uqactualites\/"},{"@type":"ListItem","position":2,"name":"L\u2019UQAC accueille 17 nouveaux professeurs au trimestre d\u2019automne"}]},{"@type":"WebSite","@id":"https:\/\/www.uqac.ca\/uqactualites\/#website","url":"https:\/\/www.uqac.ca\/uqactualites\/","name":"UQACtualit\u00e9s","description":"Le portail des nouvelles de l&#039;UQAC","potentialAction":[{"@type":"SearchAction","target":{"@type":"EntryPoint","urlTemplate":"https:\/\/www.uqac.ca\/uqactualites\/?s={search_term_string}"},"query-input":{"@type":"PropertyValueSpecification","valueRequired":true,"valueName":"search_term_string"}}],"inLanguage":"fr-CA"},{"@type":"Person","@id":"https:\/\/www.uqac.ca\/uqactualites\/#\/schema\/person\/366c45a0c4f0e677b41b4af5886e2018","name":"Service des communications et des relations publiques","image":{"@type":"ImageObject","inLanguage":"fr-CA","@id":"https:\/\/www.uqac.ca\/uqactualites\/#\/schema\/person\/image\/","url":"https:\/\/secure.gravatar.com\/avatar\/20fbbda8a292f59f2d3461a5b999c00b?s=96&d=mm&r=g","contentUrl":"https:\/\/secure.gravatar.com\/avatar\/20fbbda8a292f59f2d3461a5b999c00b?s=96&d=mm&r=g","caption":"Service des communications et des relations publiques"},"url":"https:\/\/www.uqac.ca\/uqactualites\/author\/bap\/"}]}},"_links":{"self":[{"href":"https:\/\/www.uqac.ca\/uqactualites\/wp-json\/wp\/v2\/posts\/36890"}],"collection":[{"href":"https:\/\/www.uqac.ca\/uqactualites\/wp-json\/wp\/v2\/posts"}],"about":[{"href":"https:\/\/www.uqac.ca\/uqactualites\/wp-json\/wp\/v2\/types\/post"}],"author":[{"embeddable":true,"href":"https:\/\/www.uqac.ca\/uqactualites\/wp-json\/wp\/v2\/users\/5"}],"replies":[{"embeddable":true,"href":"https:\/\/www.uqac.ca\/uqactualites\/wp-json\/wp\/v2\/comments?post=36890"}],"version-history":[{"count":0,"href":"https:\/\/www.uqac.ca\/uqactualites\/wp-json\/wp\/v2\/posts\/36890\/revisions"}],"wp:featuredmedia":[{"embeddable":true,"href":"https:\/\/www.uqac.ca\/uqactualites\/wp-json\/wp\/v2\/media\/36891"}],"wp:attachment":[{"href":"https:\/\/www.uqac.ca\/uqactualites\/wp-json\/wp\/v2\/media?parent=36890"}],"wp:term":[{"taxonomy":"category","embeddable":true,"href":"https:\/\/www.uqac.ca\/uqactualites\/wp-json\/wp\/v2\/categories?post=36890"},{"taxonomy":"post_tag","embeddable":true,"href":"https:\/\/www.uqac.ca\/uqactualites\/wp-json\/wp\/v2\/tags?post=36890"}],"curies":[{"name":"wp","href":"https:\/\/api.w.org\/{rel}","templated":true}]}}