{"id":36999,"date":"2019-08-30T16:04:48","date_gmt":"2019-08-30T20:04:48","guid":{"rendered":"https:\/\/www.uqac.ca\/?p=36999"},"modified":"2019-08-30T16:04:48","modified_gmt":"2019-08-30T20:04:48","slug":"uqac-en-publications-ete-2019-informatique-et-mathematique","status":"publish","type":"post","link":"https:\/\/www.uqac.ca\/uqactualites\/2019\/08\/30\/uqac-en-publications-ete-2019-informatique-et-mathematique\/","title":{"rendered":"[UQAC en publications] \u00c9T\u00c9 2019 \u2013 Informatique et math\u00e9matique"},"content":{"rendered":"<p>La liste ci-dessous recense les \u00e9crits et les collaborations \u00e0 de la documentation scientifique ou acad\u00e9mique dans le domaine de l&rsquo;informatique et des math\u00e9matiques r\u00e9alis\u00e9s par des membres de la communaut\u00e9 universitaire de l\u2019UQAC au cours des mois de juin, juillet et ao\u00fbt 2019.<\/p>\n<p>Votre ouvrage a \u00e9t\u00e9 publi\u00e9 au cours des dernier mois,\u00a0mais ne se retrouve pas dans la liste?\u00a0\u00a0Partagez-le avec nous par courriel \u00e0\u00a0<a href=\"mailto:publications@uqac.ca\"><strong>publications@uqac.ca<\/strong><\/a>.<\/p>\n<p>&nbsp;<\/p>\n<hr \/>\n<p>&nbsp;<\/p>\n<h3>LIVRE ET CHAPITRE DE LIVRE<\/h3>\n<ul>\n<li>Jeyanthi, N., Abraham, A., &amp; <strong>McHeick, H.<\/strong> (2019). <a href=\"http:\/\/decouverte.uquebec.ca\/UQAC:UQACPLUS:aleph_udq032180722\"><em>Ubiquitous computing and computing security of IoT<\/em><\/a>. Cham, Switzerland: Springer.<\/li>\n<\/ul>\n<p>&nbsp;<\/p>\n<h3>ARTICLE DE REVUE<\/h3>\n<ul>\n<li><strong>Betti, Q.<\/strong>, <strong>Khoury, R.<\/strong>, <strong>Halle, S.<\/strong>, &amp; Montreuil, B. (2019). <a href=\"https:\/\/arxiv.org\/abs\/1904.03633\">Improving Hyperconnected Logistics with Blockchains and Smart Contracts<\/a>. <em>IT Professional<\/em>, <em>21<\/em>(4), 25-32. https:\/\/doi.org\/10.1109\/MITP.2019.2912135<\/li>\n<li><strong>Hao, J.<\/strong>, <strong>Bouzouane, A.<\/strong>, &amp; <strong>Gaboury, S.<\/strong> (2019). <a href=\"http:\/\/go.uqac.ca\/qUhG\">An incremental learning method based on formal concept analysis for pattern recognition in nonstationary sensor-based smart environments<\/a>. <em>Pervasive and Mobile Computing<\/em>, <em>59<\/em>. https:\/\/doi.org\/10.1016\/j.pmcj.2019.101045<\/li>\n<\/ul>\n<p>&nbsp;<\/p>\n<h3>ACTE DE CONF\u00c9RENCE<\/h3>\n<ul>\n<li><strong>Fadlallah, G.<\/strong>, <strong>McHeick, H.<\/strong>, <strong>Rebaine, D.<\/strong>, &amp; Adda, M. (2018, December 26-28). <em>Towards mobile collaborative autonomous networks using peer-to-peer communication<\/em>. Communication pr\u00e9sent\u00e9e au International Conference on Software Engineering and New Technologies, Hammamet, Tunisia.<\/li>\n<li><strong>Hall\u00e9, S.<\/strong>, &amp; <strong>Khoury, R.<\/strong> (2019, November 10-13). <em>Writing domain-specific languages for beepbeep<\/em>. Communication pr\u00e9sent\u00e9e au 18th International Conference on Runtime Verification, Limassol, Cyprus.<\/li>\n<\/ul>\n<p>&nbsp;<\/p>\n<p>&nbsp;<\/p>\n","protected":false},"excerpt":{"rendered":"<p>La liste ci-dessous recense les \u00e9crits et les collaborations \u00e0 de la documentation scientifique ou acad\u00e9mique dans le domaine de l&rsquo;informatique et des math\u00e9matiques r\u00e9alis\u00e9s par des membres de la communaut\u00e9 universitaire de l\u2019UQAC au cours des mois de juin, juillet et ao\u00fbt 2019. Votre ouvrage a \u00e9t\u00e9 publi\u00e9 au cours des dernier mois,\u00a0mais ne [&hellip;]<\/p>\n","protected":false},"author":5,"featured_media":35670,"comment_status":"open","ping_status":"open","sticky":false,"template":"","format":"standard","meta":{"footnotes":""},"categories":[2,25,4],"tags":[391,20,453,41,16],"yoast_head":"<!-- This site is optimized with the Yoast SEO plugin v24.2 - https:\/\/yoast.com\/wordpress\/plugins\/seo\/ -->\r\n<title>[UQAC en publications] \u00c9T\u00c9 2019 \u2013 Informatique et math\u00e9matique - UQACtualit\u00e9s<\/title>\r\n<meta name=\"robots\" content=\"index, follow, max-snippet:-1, max-image-preview:large, max-video-preview:-1\" \/>\r\n<link rel=\"canonical\" href=\"https:\/\/www.uqac.ca\/uqactualites\/2019\/08\/30\/uqac-en-publications-ete-2019-informatique-et-mathematique\/\" \/>\r\n<meta property=\"og:locale\" content=\"fr_CA\" \/>\r\n<meta property=\"og:type\" content=\"article\" \/>\r\n<meta property=\"og:title\" content=\"[UQAC en publications] \u00c9T\u00c9 2019 \u2013 Informatique et math\u00e9matique - UQACtualit\u00e9s\" \/>\r\n<meta property=\"og:description\" content=\"La liste ci-dessous recense les \u00e9crits et les collaborations \u00e0 de la documentation scientifique ou acad\u00e9mique dans le domaine de l&rsquo;informatique et des math\u00e9matiques r\u00e9alis\u00e9s par des membres de la communaut\u00e9 universitaire de l\u2019UQAC au cours des mois de juin, juillet et ao\u00fbt 2019. Votre ouvrage a \u00e9t\u00e9 publi\u00e9 au cours des dernier mois,\u00a0mais ne [&hellip;]\" \/>\r\n<meta property=\"og:url\" content=\"https:\/\/www.uqac.ca\/uqactualites\/2019\/08\/30\/uqac-en-publications-ete-2019-informatique-et-mathematique\/\" \/>\r\n<meta property=\"og:site_name\" content=\"UQACtualit\u00e9s\" \/>\r\n<meta property=\"article:published_time\" content=\"2019-08-30T20:04:48+00:00\" \/>\r\n<meta property=\"og:image\" content=\"https:\/\/www.uqac.ca\/uqactualites\/wp-content\/uploads\/2019\/02\/uqacEnPublication4X6-DIM-1.jpg\" \/>\r\n\t<meta property=\"og:image:width\" content=\"1801\" \/>\r\n\t<meta property=\"og:image:height\" content=\"1201\" \/>\r\n\t<meta property=\"og:image:type\" content=\"image\/jpeg\" \/>\r\n<meta name=\"author\" content=\"Service des communications et des relations publiques\" \/>\r\n<meta name=\"twitter:card\" content=\"summary_large_image\" \/>\r\n<meta name=\"twitter:label1\" content=\"\u00c9crit par\" \/>\n\t<meta name=\"twitter:data1\" content=\"Service des communications et des relations publiques\" \/>\n\t<meta name=\"twitter:label2\" content=\"Estimation du temps de lecture\" \/>\n\t<meta name=\"twitter:data2\" content=\"1 minute\" \/>\r\n<script type=\"application\/ld+json\" class=\"yoast-schema-graph\">{\"@context\":\"https:\/\/schema.org\",\"@graph\":[{\"@type\":\"WebPage\",\"@id\":\"https:\/\/www.uqac.ca\/uqactualites\/2019\/08\/30\/uqac-en-publications-ete-2019-informatique-et-mathematique\/\",\"url\":\"https:\/\/www.uqac.ca\/uqactualites\/2019\/08\/30\/uqac-en-publications-ete-2019-informatique-et-mathematique\/\",\"name\":\"[UQAC en publications] \u00c9T\u00c9 2019 \u2013 Informatique et math\u00e9matique - UQACtualit\u00e9s\",\"isPartOf\":{\"@id\":\"https:\/\/www.uqac.ca\/uqactualites\/#website\"},\"primaryImageOfPage\":{\"@id\":\"https:\/\/www.uqac.ca\/uqactualites\/2019\/08\/30\/uqac-en-publications-ete-2019-informatique-et-mathematique\/#primaryimage\"},\"image\":{\"@id\":\"https:\/\/www.uqac.ca\/uqactualites\/2019\/08\/30\/uqac-en-publications-ete-2019-informatique-et-mathematique\/#primaryimage\"},\"thumbnailUrl\":\"https:\/\/www.uqac.ca\/uqactualites\/wp-content\/uploads\/2019\/02\/uqacEnPublication4X6-DIM-1.jpg\",\"datePublished\":\"2019-08-30T20:04:48+00:00\",\"dateModified\":\"2019-08-30T20:04:48+00:00\",\"author\":{\"@id\":\"https:\/\/www.uqac.ca\/uqactualites\/#\/schema\/person\/366c45a0c4f0e677b41b4af5886e2018\"},\"breadcrumb\":{\"@id\":\"https:\/\/www.uqac.ca\/uqactualites\/2019\/08\/30\/uqac-en-publications-ete-2019-informatique-et-mathematique\/#breadcrumb\"},\"inLanguage\":\"fr-CA\",\"potentialAction\":[{\"@type\":\"ReadAction\",\"target\":[\"https:\/\/www.uqac.ca\/uqactualites\/2019\/08\/30\/uqac-en-publications-ete-2019-informatique-et-mathematique\/\"]}]},{\"@type\":\"ImageObject\",\"inLanguage\":\"fr-CA\",\"@id\":\"https:\/\/www.uqac.ca\/uqactualites\/2019\/08\/30\/uqac-en-publications-ete-2019-informatique-et-mathematique\/#primaryimage\",\"url\":\"https:\/\/www.uqac.ca\/uqactualites\/wp-content\/uploads\/2019\/02\/uqacEnPublication4X6-DIM-1.jpg\",\"contentUrl\":\"https:\/\/www.uqac.ca\/uqactualites\/wp-content\/uploads\/2019\/02\/uqacEnPublication4X6-DIM-1.jpg\",\"width\":1801,\"height\":1201},{\"@type\":\"BreadcrumbList\",\"@id\":\"https:\/\/www.uqac.ca\/uqactualites\/2019\/08\/30\/uqac-en-publications-ete-2019-informatique-et-mathematique\/#breadcrumb\",\"itemListElement\":[{\"@type\":\"ListItem\",\"position\":1,\"name\":\"Home\",\"item\":\"https:\/\/www.uqac.ca\/uqactualites\/\"},{\"@type\":\"ListItem\",\"position\":2,\"name\":\"[UQAC en publications] \u00c9T\u00c9 2019 \u2013 Informatique et math\u00e9matique\"}]},{\"@type\":\"WebSite\",\"@id\":\"https:\/\/www.uqac.ca\/uqactualites\/#website\",\"url\":\"https:\/\/www.uqac.ca\/uqactualites\/\",\"name\":\"UQACtualit\u00e9s\",\"description\":\"Le portail des nouvelles de l&#039;UQAC\",\"potentialAction\":[{\"@type\":\"SearchAction\",\"target\":{\"@type\":\"EntryPoint\",\"urlTemplate\":\"https:\/\/www.uqac.ca\/uqactualites\/?s={search_term_string}\"},\"query-input\":{\"@type\":\"PropertyValueSpecification\",\"valueRequired\":true,\"valueName\":\"search_term_string\"}}],\"inLanguage\":\"fr-CA\"},{\"@type\":\"Person\",\"@id\":\"https:\/\/www.uqac.ca\/uqactualites\/#\/schema\/person\/366c45a0c4f0e677b41b4af5886e2018\",\"name\":\"Service des communications et des relations publiques\",\"image\":{\"@type\":\"ImageObject\",\"inLanguage\":\"fr-CA\",\"@id\":\"https:\/\/www.uqac.ca\/uqactualites\/#\/schema\/person\/image\/\",\"url\":\"https:\/\/secure.gravatar.com\/avatar\/20fbbda8a292f59f2d3461a5b999c00b?s=96&d=mm&r=g\",\"contentUrl\":\"https:\/\/secure.gravatar.com\/avatar\/20fbbda8a292f59f2d3461a5b999c00b?s=96&d=mm&r=g\",\"caption\":\"Service des communications et des relations publiques\"},\"url\":\"https:\/\/www.uqac.ca\/uqactualites\/author\/bap\/\"}]}<\/script>\r\n<!-- \/ Yoast SEO plugin. -->","yoast_head_json":{"title":"[UQAC en publications] \u00c9T\u00c9 2019 \u2013 Informatique et math\u00e9matique - UQACtualit\u00e9s","robots":{"index":"index","follow":"follow","max-snippet":"max-snippet:-1","max-image-preview":"max-image-preview:large","max-video-preview":"max-video-preview:-1"},"canonical":"https:\/\/www.uqac.ca\/uqactualites\/2019\/08\/30\/uqac-en-publications-ete-2019-informatique-et-mathematique\/","og_locale":"fr_CA","og_type":"article","og_title":"[UQAC en publications] \u00c9T\u00c9 2019 \u2013 Informatique et math\u00e9matique - UQACtualit\u00e9s","og_description":"La liste ci-dessous recense les \u00e9crits et les collaborations \u00e0 de la documentation scientifique ou acad\u00e9mique dans le domaine de l&rsquo;informatique et des math\u00e9matiques r\u00e9alis\u00e9s par des membres de la communaut\u00e9 universitaire de l\u2019UQAC au cours des mois de juin, juillet et ao\u00fbt 2019. Votre ouvrage a \u00e9t\u00e9 publi\u00e9 au cours des dernier mois,\u00a0mais ne [&hellip;]","og_url":"https:\/\/www.uqac.ca\/uqactualites\/2019\/08\/30\/uqac-en-publications-ete-2019-informatique-et-mathematique\/","og_site_name":"UQACtualit\u00e9s","article_published_time":"2019-08-30T20:04:48+00:00","og_image":[{"width":1801,"height":1201,"url":"https:\/\/www.uqac.ca\/uqactualites\/wp-content\/uploads\/2019\/02\/uqacEnPublication4X6-DIM-1.jpg","type":"image\/jpeg"}],"author":"Service des communications et des relations publiques","twitter_card":"summary_large_image","twitter_misc":{"\u00c9crit par":"Service des communications et des relations publiques","Estimation du temps de lecture":"1 minute"},"schema":{"@context":"https:\/\/schema.org","@graph":[{"@type":"WebPage","@id":"https:\/\/www.uqac.ca\/uqactualites\/2019\/08\/30\/uqac-en-publications-ete-2019-informatique-et-mathematique\/","url":"https:\/\/www.uqac.ca\/uqactualites\/2019\/08\/30\/uqac-en-publications-ete-2019-informatique-et-mathematique\/","name":"[UQAC en publications] \u00c9T\u00c9 2019 \u2013 Informatique et math\u00e9matique - UQACtualit\u00e9s","isPartOf":{"@id":"https:\/\/www.uqac.ca\/uqactualites\/#website"},"primaryImageOfPage":{"@id":"https:\/\/www.uqac.ca\/uqactualites\/2019\/08\/30\/uqac-en-publications-ete-2019-informatique-et-mathematique\/#primaryimage"},"image":{"@id":"https:\/\/www.uqac.ca\/uqactualites\/2019\/08\/30\/uqac-en-publications-ete-2019-informatique-et-mathematique\/#primaryimage"},"thumbnailUrl":"https:\/\/www.uqac.ca\/uqactualites\/wp-content\/uploads\/2019\/02\/uqacEnPublication4X6-DIM-1.jpg","datePublished":"2019-08-30T20:04:48+00:00","dateModified":"2019-08-30T20:04:48+00:00","author":{"@id":"https:\/\/www.uqac.ca\/uqactualites\/#\/schema\/person\/366c45a0c4f0e677b41b4af5886e2018"},"breadcrumb":{"@id":"https:\/\/www.uqac.ca\/uqactualites\/2019\/08\/30\/uqac-en-publications-ete-2019-informatique-et-mathematique\/#breadcrumb"},"inLanguage":"fr-CA","potentialAction":[{"@type":"ReadAction","target":["https:\/\/www.uqac.ca\/uqactualites\/2019\/08\/30\/uqac-en-publications-ete-2019-informatique-et-mathematique\/"]}]},{"@type":"ImageObject","inLanguage":"fr-CA","@id":"https:\/\/www.uqac.ca\/uqactualites\/2019\/08\/30\/uqac-en-publications-ete-2019-informatique-et-mathematique\/#primaryimage","url":"https:\/\/www.uqac.ca\/uqactualites\/wp-content\/uploads\/2019\/02\/uqacEnPublication4X6-DIM-1.jpg","contentUrl":"https:\/\/www.uqac.ca\/uqactualites\/wp-content\/uploads\/2019\/02\/uqacEnPublication4X6-DIM-1.jpg","width":1801,"height":1201},{"@type":"BreadcrumbList","@id":"https:\/\/www.uqac.ca\/uqactualites\/2019\/08\/30\/uqac-en-publications-ete-2019-informatique-et-mathematique\/#breadcrumb","itemListElement":[{"@type":"ListItem","position":1,"name":"Home","item":"https:\/\/www.uqac.ca\/uqactualites\/"},{"@type":"ListItem","position":2,"name":"[UQAC en publications] \u00c9T\u00c9 2019 \u2013 Informatique et math\u00e9matique"}]},{"@type":"WebSite","@id":"https:\/\/www.uqac.ca\/uqactualites\/#website","url":"https:\/\/www.uqac.ca\/uqactualites\/","name":"UQACtualit\u00e9s","description":"Le portail des nouvelles de l&#039;UQAC","potentialAction":[{"@type":"SearchAction","target":{"@type":"EntryPoint","urlTemplate":"https:\/\/www.uqac.ca\/uqactualites\/?s={search_term_string}"},"query-input":{"@type":"PropertyValueSpecification","valueRequired":true,"valueName":"search_term_string"}}],"inLanguage":"fr-CA"},{"@type":"Person","@id":"https:\/\/www.uqac.ca\/uqactualites\/#\/schema\/person\/366c45a0c4f0e677b41b4af5886e2018","name":"Service des communications et des relations publiques","image":{"@type":"ImageObject","inLanguage":"fr-CA","@id":"https:\/\/www.uqac.ca\/uqactualites\/#\/schema\/person\/image\/","url":"https:\/\/secure.gravatar.com\/avatar\/20fbbda8a292f59f2d3461a5b999c00b?s=96&d=mm&r=g","contentUrl":"https:\/\/secure.gravatar.com\/avatar\/20fbbda8a292f59f2d3461a5b999c00b?s=96&d=mm&r=g","caption":"Service des communications et des relations publiques"},"url":"https:\/\/www.uqac.ca\/uqactualites\/author\/bap\/"}]}},"_links":{"self":[{"href":"https:\/\/www.uqac.ca\/uqactualites\/wp-json\/wp\/v2\/posts\/36999"}],"collection":[{"href":"https:\/\/www.uqac.ca\/uqactualites\/wp-json\/wp\/v2\/posts"}],"about":[{"href":"https:\/\/www.uqac.ca\/uqactualites\/wp-json\/wp\/v2\/types\/post"}],"author":[{"embeddable":true,"href":"https:\/\/www.uqac.ca\/uqactualites\/wp-json\/wp\/v2\/users\/5"}],"replies":[{"embeddable":true,"href":"https:\/\/www.uqac.ca\/uqactualites\/wp-json\/wp\/v2\/comments?post=36999"}],"version-history":[{"count":0,"href":"https:\/\/www.uqac.ca\/uqactualites\/wp-json\/wp\/v2\/posts\/36999\/revisions"}],"wp:featuredmedia":[{"embeddable":true,"href":"https:\/\/www.uqac.ca\/uqactualites\/wp-json\/wp\/v2\/media\/35670"}],"wp:attachment":[{"href":"https:\/\/www.uqac.ca\/uqactualites\/wp-json\/wp\/v2\/media?parent=36999"}],"wp:term":[{"taxonomy":"category","embeddable":true,"href":"https:\/\/www.uqac.ca\/uqactualites\/wp-json\/wp\/v2\/categories?post=36999"},{"taxonomy":"post_tag","embeddable":true,"href":"https:\/\/www.uqac.ca\/uqactualites\/wp-json\/wp\/v2\/tags?post=36999"}],"curies":[{"name":"wp","href":"https:\/\/api.w.org\/{rel}","templated":true}]}}