{"id":37046,"date":"2019-09-05T16:22:05","date_gmt":"2019-09-05T20:22:05","guid":{"rendered":"https:\/\/www.uqac.ca\/?p=37046"},"modified":"2019-09-05T16:22:05","modified_gmt":"2019-09-05T20:22:05","slug":"le-mage-uqac-devient-la-premiere-association-etudiante-a-etre-nommee-au-cercle-dexcellence-de-luq","status":"publish","type":"post","link":"https:\/\/www.uqac.ca\/uqactualites\/2019\/09\/05\/le-mage-uqac-devient-la-premiere-association-etudiante-a-etre-nommee-au-cercle-dexcellence-de-luq\/","title":{"rendered":"Le MAGE-UQAC devient la premi\u00e8re association \u00e9tudiante \u00e0 \u00eatre nomm\u00e9e au Cercle d\u2019excellence de l\u2019UQ"},"content":{"rendered":"<p>Le <a href=\"https:\/\/mageuqac.com\/\">Mouvement des associations g\u00e9n\u00e9rales \u00e9tudiantes de l\u2019UQAC (MAGE-UQAC)<\/a> a fait son entr\u00e9e dans le prestigieux <a href=\"https:\/\/www.uquebec.ca\/reseau\/fr\/reseau-de-luq\/la-vie-en-reseau\/prix-et-honneurs\/cercle-dexcellence\">Cercle d\u2019excellence du R\u00e9seau de l\u2019Universit\u00e9 du Qu\u00e9bec<\/a> \u00e0 l\u2019occasion d\u2019une c\u00e9r\u00e9monie officielle qui s\u2019est tenue le 28 ao\u00fbt dernier en pr\u00e9sence des dirigeants des \u00e9tablissements de l\u2019UQ.<\/p>\n<p>C\u2019est pour le r\u00f4le qu\u2019a jou\u00e9 le MAGE-UQAC dans la mise sur pied du projet <a href=\"https:\/\/www.uqac.ca\/acces-libre\/\">Acc\u00e8s libre<\/a> que l\u2019Universit\u00e9 du Qu\u00e9bec \u00e0 Chicoutimi a choisi de reconna\u00eetre l\u2019apport de son association g\u00e9n\u00e9rale \u00e9tudiante dans la r\u00e9ussite de ce projet structurant misant sur le d\u00e9veloppement durable de nos collectivit\u00e9s.<\/p>\n<p>En effet, le MAGE-UQAC a d\u00fb d\u00e9ployer des efforts incommensurables pour convaincre ses membres d\u2019adopter un tarif universel pour permettre \u00e0 tous d\u2019avoir acc\u00e8s non seulement au transport en commun, mais \u00e9galement \u00e0 des v\u00e9los en libre-service, des navettes apr\u00e8s des \u00e9v\u00e9nements universitaires, des voitures \u00e9lectriques et autres moyens de transport collectif ou actif.<\/p>\n<p>Aujourd\u2019hui, au-del\u00e0 du libre acc\u00e8s au transport alternatif \u00e0 l\u2019auto solo sur tout le territoire de Saguenay, la mobilisation des \u00e9tudiantes et \u00e9tudiants de l\u2019UQAC autour de ce grand projet de d\u00e9veloppement durable a entra\u00een\u00e9 la construction de deux terminus \u00e0 m\u00eame les terrains de l\u2019UQAC dont l\u2019un abritera un service alimentaire dont la gestion leur sera confi\u00e9e.<\/p>\n<p>C\u2019est donc avec beaucoup d\u2019enthousiasme, mais surtout une grande fiert\u00e9 que l\u2019UQAC souligne la vision et l\u2019engagement du MAGE-UQAC qui a cru en l\u2019opportunit\u00e9 de contribuer, de fa\u00e7on concr\u00e8te, \u00e0 ce projet de soci\u00e9t\u00e9 permettant ainsi \u00e0 notre r\u00e9gion, de prendre la voie d\u2019un avenir plus vert, plus \u00e9quitable et plus durable.<\/p>\n<p><strong>\u00c0 propos du Cercle d\u2019excellence de l\u2019UQ<br \/>\n<\/strong>Les dirigeants des \u00e9tablissements du r\u00e9seau de l\u2019Universit\u00e9 du Qu\u00e9bec soulignent annuellement l\u2019apport exceptionnel d\u2019un de leurs membres qu\u2019il soit professeur, chercheur, gestionnaire ou un autre membre du personnel. Chaque ann\u00e9e, dix membres du r\u00e9seau sont ainsi nomm\u00e9s au Cercle d\u2019excellence de l\u2019Universit\u00e9 du Qu\u00e9bec.<\/p>\n<p><strong>PHOTO:<\/strong><br \/>\nJohanne Jean, pr\u00e9sidente du R\u00e9seau UQ, Antoine G. Cormier, vice-pr\u00e9sident aux affaires institutionnelles du MAGE-UQAC, Samuel Julien, pr\u00e9sident du MAGE-UQAC, et\u00a0Nicole Bouchard, rectrice de l&rsquo;UQAC<\/p>\n<p>&nbsp;<\/p>\n<p>&nbsp;<\/p>\n","protected":false},"excerpt":{"rendered":"<p>Le Mouvement des associations g\u00e9n\u00e9rales \u00e9tudiantes de l\u2019UQAC (MAGE-UQAC) a fait son entr\u00e9e dans le prestigieux Cercle d\u2019excellence du R\u00e9seau de l\u2019Universit\u00e9 du Qu\u00e9bec \u00e0 l\u2019occasion d\u2019une c\u00e9r\u00e9monie officielle qui s\u2019est tenue le 28 ao\u00fbt dernier en pr\u00e9sence des dirigeants des \u00e9tablissements de l\u2019UQ. C\u2019est pour le r\u00f4le qu\u2019a jou\u00e9 le MAGE-UQAC dans la mise [&hellip;]<\/p>\n","protected":false},"author":5,"featured_media":37047,"comment_status":"open","ping_status":"open","sticky":false,"template":"","format":"standard","meta":{"footnotes":""},"categories":[2],"tags":[],"yoast_head":"<!-- This site is optimized with the Yoast SEO plugin v24.2 - https:\/\/yoast.com\/wordpress\/plugins\/seo\/ -->\r\n<title>Le MAGE-UQAC devient la premi\u00e8re association \u00e9tudiante \u00e0 \u00eatre nomm\u00e9e au Cercle d\u2019excellence de l\u2019UQ - UQACtualit\u00e9s<\/title>\r\n<meta name=\"robots\" content=\"index, follow, max-snippet:-1, max-image-preview:large, max-video-preview:-1\" \/>\r\n<link rel=\"canonical\" href=\"https:\/\/www.uqac.ca\/uqactualites\/2019\/09\/05\/le-mage-uqac-devient-la-premiere-association-etudiante-a-etre-nommee-au-cercle-dexcellence-de-luq\/\" \/>\r\n<meta property=\"og:locale\" content=\"fr_CA\" \/>\r\n<meta property=\"og:type\" content=\"article\" \/>\r\n<meta property=\"og:title\" content=\"Le MAGE-UQAC devient la premi\u00e8re association \u00e9tudiante \u00e0 \u00eatre nomm\u00e9e au Cercle d\u2019excellence de l\u2019UQ - UQACtualit\u00e9s\" \/>\r\n<meta property=\"og:description\" content=\"Le Mouvement des associations g\u00e9n\u00e9rales \u00e9tudiantes de l\u2019UQAC (MAGE-UQAC) a fait son entr\u00e9e dans le prestigieux Cercle d\u2019excellence du R\u00e9seau de l\u2019Universit\u00e9 du Qu\u00e9bec \u00e0 l\u2019occasion d\u2019une c\u00e9r\u00e9monie officielle qui s\u2019est tenue le 28 ao\u00fbt dernier en pr\u00e9sence des dirigeants des \u00e9tablissements de l\u2019UQ. C\u2019est pour le r\u00f4le qu\u2019a jou\u00e9 le MAGE-UQAC dans la mise [&hellip;]\" \/>\r\n<meta property=\"og:url\" content=\"https:\/\/www.uqac.ca\/uqactualites\/2019\/09\/05\/le-mage-uqac-devient-la-premiere-association-etudiante-a-etre-nommee-au-cercle-dexcellence-de-luq\/\" \/>\r\n<meta property=\"og:site_name\" content=\"UQACtualit\u00e9s\" \/>\r\n<meta property=\"article:published_time\" content=\"2019-09-05T20:22:05+00:00\" \/>\r\n<meta property=\"og:image\" content=\"https:\/\/www.uqac.ca\/uqactualites\/wp-content\/uploads\/2019\/09\/Excellence2019UQ_UQAC_MAGE-scaled.jpg\" \/>\r\n\t<meta property=\"og:image:width\" content=\"2560\" \/>\r\n\t<meta property=\"og:image:height\" content=\"1653\" \/>\r\n\t<meta property=\"og:image:type\" content=\"image\/jpeg\" \/>\r\n<meta name=\"author\" content=\"Service des communications et des relations publiques\" \/>\r\n<meta name=\"twitter:card\" content=\"summary_large_image\" \/>\r\n<meta name=\"twitter:label1\" content=\"\u00c9crit par\" \/>\n\t<meta name=\"twitter:data1\" content=\"Service des communications et des relations publiques\" \/>\n\t<meta name=\"twitter:label2\" content=\"Estimation du temps de lecture\" \/>\n\t<meta name=\"twitter:data2\" content=\"2 minutes\" \/>\r\n<script type=\"application\/ld+json\" class=\"yoast-schema-graph\">{\"@context\":\"https:\/\/schema.org\",\"@graph\":[{\"@type\":\"WebPage\",\"@id\":\"https:\/\/www.uqac.ca\/uqactualites\/2019\/09\/05\/le-mage-uqac-devient-la-premiere-association-etudiante-a-etre-nommee-au-cercle-dexcellence-de-luq\/\",\"url\":\"https:\/\/www.uqac.ca\/uqactualites\/2019\/09\/05\/le-mage-uqac-devient-la-premiere-association-etudiante-a-etre-nommee-au-cercle-dexcellence-de-luq\/\",\"name\":\"Le MAGE-UQAC devient la premi\u00e8re association \u00e9tudiante \u00e0 \u00eatre nomm\u00e9e au Cercle d\u2019excellence de l\u2019UQ - UQACtualit\u00e9s\",\"isPartOf\":{\"@id\":\"https:\/\/www.uqac.ca\/uqactualites\/#website\"},\"primaryImageOfPage\":{\"@id\":\"https:\/\/www.uqac.ca\/uqactualites\/2019\/09\/05\/le-mage-uqac-devient-la-premiere-association-etudiante-a-etre-nommee-au-cercle-dexcellence-de-luq\/#primaryimage\"},\"image\":{\"@id\":\"https:\/\/www.uqac.ca\/uqactualites\/2019\/09\/05\/le-mage-uqac-devient-la-premiere-association-etudiante-a-etre-nommee-au-cercle-dexcellence-de-luq\/#primaryimage\"},\"thumbnailUrl\":\"https:\/\/www.uqac.ca\/uqactualites\/wp-content\/uploads\/2019\/09\/Excellence2019UQ_UQAC_MAGE-scaled.jpg\",\"datePublished\":\"2019-09-05T20:22:05+00:00\",\"dateModified\":\"2019-09-05T20:22:05+00:00\",\"author\":{\"@id\":\"https:\/\/www.uqac.ca\/uqactualites\/#\/schema\/person\/366c45a0c4f0e677b41b4af5886e2018\"},\"breadcrumb\":{\"@id\":\"https:\/\/www.uqac.ca\/uqactualites\/2019\/09\/05\/le-mage-uqac-devient-la-premiere-association-etudiante-a-etre-nommee-au-cercle-dexcellence-de-luq\/#breadcrumb\"},\"inLanguage\":\"fr-CA\",\"potentialAction\":[{\"@type\":\"ReadAction\",\"target\":[\"https:\/\/www.uqac.ca\/uqactualites\/2019\/09\/05\/le-mage-uqac-devient-la-premiere-association-etudiante-a-etre-nommee-au-cercle-dexcellence-de-luq\/\"]}]},{\"@type\":\"ImageObject\",\"inLanguage\":\"fr-CA\",\"@id\":\"https:\/\/www.uqac.ca\/uqactualites\/2019\/09\/05\/le-mage-uqac-devient-la-premiere-association-etudiante-a-etre-nommee-au-cercle-dexcellence-de-luq\/#primaryimage\",\"url\":\"https:\/\/www.uqac.ca\/uqactualites\/wp-content\/uploads\/2019\/09\/Excellence2019UQ_UQAC_MAGE-scaled.jpg\",\"contentUrl\":\"https:\/\/www.uqac.ca\/uqactualites\/wp-content\/uploads\/2019\/09\/Excellence2019UQ_UQAC_MAGE-scaled.jpg\",\"width\":2560,\"height\":1653},{\"@type\":\"BreadcrumbList\",\"@id\":\"https:\/\/www.uqac.ca\/uqactualites\/2019\/09\/05\/le-mage-uqac-devient-la-premiere-association-etudiante-a-etre-nommee-au-cercle-dexcellence-de-luq\/#breadcrumb\",\"itemListElement\":[{\"@type\":\"ListItem\",\"position\":1,\"name\":\"Home\",\"item\":\"https:\/\/www.uqac.ca\/uqactualites\/\"},{\"@type\":\"ListItem\",\"position\":2,\"name\":\"Le MAGE-UQAC devient la premi\u00e8re association \u00e9tudiante \u00e0 \u00eatre nomm\u00e9e au Cercle d\u2019excellence de l\u2019UQ\"}]},{\"@type\":\"WebSite\",\"@id\":\"https:\/\/www.uqac.ca\/uqactualites\/#website\",\"url\":\"https:\/\/www.uqac.ca\/uqactualites\/\",\"name\":\"UQACtualit\u00e9s\",\"description\":\"Le portail des nouvelles de l&#039;UQAC\",\"potentialAction\":[{\"@type\":\"SearchAction\",\"target\":{\"@type\":\"EntryPoint\",\"urlTemplate\":\"https:\/\/www.uqac.ca\/uqactualites\/?s={search_term_string}\"},\"query-input\":{\"@type\":\"PropertyValueSpecification\",\"valueRequired\":true,\"valueName\":\"search_term_string\"}}],\"inLanguage\":\"fr-CA\"},{\"@type\":\"Person\",\"@id\":\"https:\/\/www.uqac.ca\/uqactualites\/#\/schema\/person\/366c45a0c4f0e677b41b4af5886e2018\",\"name\":\"Service des communications et des relations publiques\",\"image\":{\"@type\":\"ImageObject\",\"inLanguage\":\"fr-CA\",\"@id\":\"https:\/\/www.uqac.ca\/uqactualites\/#\/schema\/person\/image\/\",\"url\":\"https:\/\/secure.gravatar.com\/avatar\/20fbbda8a292f59f2d3461a5b999c00b?s=96&d=mm&r=g\",\"contentUrl\":\"https:\/\/secure.gravatar.com\/avatar\/20fbbda8a292f59f2d3461a5b999c00b?s=96&d=mm&r=g\",\"caption\":\"Service des communications et des relations publiques\"},\"url\":\"https:\/\/www.uqac.ca\/uqactualites\/author\/bap\/\"}]}<\/script>\r\n<!-- \/ Yoast SEO plugin. -->","yoast_head_json":{"title":"Le MAGE-UQAC devient la premi\u00e8re association \u00e9tudiante \u00e0 \u00eatre nomm\u00e9e au Cercle d\u2019excellence de l\u2019UQ - UQACtualit\u00e9s","robots":{"index":"index","follow":"follow","max-snippet":"max-snippet:-1","max-image-preview":"max-image-preview:large","max-video-preview":"max-video-preview:-1"},"canonical":"https:\/\/www.uqac.ca\/uqactualites\/2019\/09\/05\/le-mage-uqac-devient-la-premiere-association-etudiante-a-etre-nommee-au-cercle-dexcellence-de-luq\/","og_locale":"fr_CA","og_type":"article","og_title":"Le MAGE-UQAC devient la premi\u00e8re association \u00e9tudiante \u00e0 \u00eatre nomm\u00e9e au Cercle d\u2019excellence de l\u2019UQ - UQACtualit\u00e9s","og_description":"Le Mouvement des associations g\u00e9n\u00e9rales \u00e9tudiantes de l\u2019UQAC (MAGE-UQAC) a fait son entr\u00e9e dans le prestigieux Cercle d\u2019excellence du R\u00e9seau de l\u2019Universit\u00e9 du Qu\u00e9bec \u00e0 l\u2019occasion d\u2019une c\u00e9r\u00e9monie officielle qui s\u2019est tenue le 28 ao\u00fbt dernier en pr\u00e9sence des dirigeants des \u00e9tablissements de l\u2019UQ. C\u2019est pour le r\u00f4le qu\u2019a jou\u00e9 le MAGE-UQAC dans la mise [&hellip;]","og_url":"https:\/\/www.uqac.ca\/uqactualites\/2019\/09\/05\/le-mage-uqac-devient-la-premiere-association-etudiante-a-etre-nommee-au-cercle-dexcellence-de-luq\/","og_site_name":"UQACtualit\u00e9s","article_published_time":"2019-09-05T20:22:05+00:00","og_image":[{"width":2560,"height":1653,"url":"https:\/\/www.uqac.ca\/uqactualites\/wp-content\/uploads\/2019\/09\/Excellence2019UQ_UQAC_MAGE-scaled.jpg","type":"image\/jpeg"}],"author":"Service des communications et des relations publiques","twitter_card":"summary_large_image","twitter_misc":{"\u00c9crit par":"Service des communications et des relations publiques","Estimation du temps de lecture":"2 minutes"},"schema":{"@context":"https:\/\/schema.org","@graph":[{"@type":"WebPage","@id":"https:\/\/www.uqac.ca\/uqactualites\/2019\/09\/05\/le-mage-uqac-devient-la-premiere-association-etudiante-a-etre-nommee-au-cercle-dexcellence-de-luq\/","url":"https:\/\/www.uqac.ca\/uqactualites\/2019\/09\/05\/le-mage-uqac-devient-la-premiere-association-etudiante-a-etre-nommee-au-cercle-dexcellence-de-luq\/","name":"Le MAGE-UQAC devient la premi\u00e8re association \u00e9tudiante \u00e0 \u00eatre nomm\u00e9e au Cercle d\u2019excellence de l\u2019UQ - UQACtualit\u00e9s","isPartOf":{"@id":"https:\/\/www.uqac.ca\/uqactualites\/#website"},"primaryImageOfPage":{"@id":"https:\/\/www.uqac.ca\/uqactualites\/2019\/09\/05\/le-mage-uqac-devient-la-premiere-association-etudiante-a-etre-nommee-au-cercle-dexcellence-de-luq\/#primaryimage"},"image":{"@id":"https:\/\/www.uqac.ca\/uqactualites\/2019\/09\/05\/le-mage-uqac-devient-la-premiere-association-etudiante-a-etre-nommee-au-cercle-dexcellence-de-luq\/#primaryimage"},"thumbnailUrl":"https:\/\/www.uqac.ca\/uqactualites\/wp-content\/uploads\/2019\/09\/Excellence2019UQ_UQAC_MAGE-scaled.jpg","datePublished":"2019-09-05T20:22:05+00:00","dateModified":"2019-09-05T20:22:05+00:00","author":{"@id":"https:\/\/www.uqac.ca\/uqactualites\/#\/schema\/person\/366c45a0c4f0e677b41b4af5886e2018"},"breadcrumb":{"@id":"https:\/\/www.uqac.ca\/uqactualites\/2019\/09\/05\/le-mage-uqac-devient-la-premiere-association-etudiante-a-etre-nommee-au-cercle-dexcellence-de-luq\/#breadcrumb"},"inLanguage":"fr-CA","potentialAction":[{"@type":"ReadAction","target":["https:\/\/www.uqac.ca\/uqactualites\/2019\/09\/05\/le-mage-uqac-devient-la-premiere-association-etudiante-a-etre-nommee-au-cercle-dexcellence-de-luq\/"]}]},{"@type":"ImageObject","inLanguage":"fr-CA","@id":"https:\/\/www.uqac.ca\/uqactualites\/2019\/09\/05\/le-mage-uqac-devient-la-premiere-association-etudiante-a-etre-nommee-au-cercle-dexcellence-de-luq\/#primaryimage","url":"https:\/\/www.uqac.ca\/uqactualites\/wp-content\/uploads\/2019\/09\/Excellence2019UQ_UQAC_MAGE-scaled.jpg","contentUrl":"https:\/\/www.uqac.ca\/uqactualites\/wp-content\/uploads\/2019\/09\/Excellence2019UQ_UQAC_MAGE-scaled.jpg","width":2560,"height":1653},{"@type":"BreadcrumbList","@id":"https:\/\/www.uqac.ca\/uqactualites\/2019\/09\/05\/le-mage-uqac-devient-la-premiere-association-etudiante-a-etre-nommee-au-cercle-dexcellence-de-luq\/#breadcrumb","itemListElement":[{"@type":"ListItem","position":1,"name":"Home","item":"https:\/\/www.uqac.ca\/uqactualites\/"},{"@type":"ListItem","position":2,"name":"Le MAGE-UQAC devient la premi\u00e8re association \u00e9tudiante \u00e0 \u00eatre nomm\u00e9e au Cercle d\u2019excellence de l\u2019UQ"}]},{"@type":"WebSite","@id":"https:\/\/www.uqac.ca\/uqactualites\/#website","url":"https:\/\/www.uqac.ca\/uqactualites\/","name":"UQACtualit\u00e9s","description":"Le portail des nouvelles de l&#039;UQAC","potentialAction":[{"@type":"SearchAction","target":{"@type":"EntryPoint","urlTemplate":"https:\/\/www.uqac.ca\/uqactualites\/?s={search_term_string}"},"query-input":{"@type":"PropertyValueSpecification","valueRequired":true,"valueName":"search_term_string"}}],"inLanguage":"fr-CA"},{"@type":"Person","@id":"https:\/\/www.uqac.ca\/uqactualites\/#\/schema\/person\/366c45a0c4f0e677b41b4af5886e2018","name":"Service des communications et des relations publiques","image":{"@type":"ImageObject","inLanguage":"fr-CA","@id":"https:\/\/www.uqac.ca\/uqactualites\/#\/schema\/person\/image\/","url":"https:\/\/secure.gravatar.com\/avatar\/20fbbda8a292f59f2d3461a5b999c00b?s=96&d=mm&r=g","contentUrl":"https:\/\/secure.gravatar.com\/avatar\/20fbbda8a292f59f2d3461a5b999c00b?s=96&d=mm&r=g","caption":"Service des communications et des relations publiques"},"url":"https:\/\/www.uqac.ca\/uqactualites\/author\/bap\/"}]}},"_links":{"self":[{"href":"https:\/\/www.uqac.ca\/uqactualites\/wp-json\/wp\/v2\/posts\/37046"}],"collection":[{"href":"https:\/\/www.uqac.ca\/uqactualites\/wp-json\/wp\/v2\/posts"}],"about":[{"href":"https:\/\/www.uqac.ca\/uqactualites\/wp-json\/wp\/v2\/types\/post"}],"author":[{"embeddable":true,"href":"https:\/\/www.uqac.ca\/uqactualites\/wp-json\/wp\/v2\/users\/5"}],"replies":[{"embeddable":true,"href":"https:\/\/www.uqac.ca\/uqactualites\/wp-json\/wp\/v2\/comments?post=37046"}],"version-history":[{"count":0,"href":"https:\/\/www.uqac.ca\/uqactualites\/wp-json\/wp\/v2\/posts\/37046\/revisions"}],"wp:featuredmedia":[{"embeddable":true,"href":"https:\/\/www.uqac.ca\/uqactualites\/wp-json\/wp\/v2\/media\/37047"}],"wp:attachment":[{"href":"https:\/\/www.uqac.ca\/uqactualites\/wp-json\/wp\/v2\/media?parent=37046"}],"wp:term":[{"taxonomy":"category","embeddable":true,"href":"https:\/\/www.uqac.ca\/uqactualites\/wp-json\/wp\/v2\/categories?post=37046"},{"taxonomy":"post_tag","embeddable":true,"href":"https:\/\/www.uqac.ca\/uqactualites\/wp-json\/wp\/v2\/tags?post=37046"}],"curies":[{"name":"wp","href":"https:\/\/api.w.org\/{rel}","templated":true}]}}