{"id":37049,"date":"2019-09-06T11:31:21","date_gmt":"2019-09-06T15:31:21","guid":{"rendered":"https:\/\/www.uqac.ca\/?p=37049"},"modified":"2019-09-06T11:31:21","modified_gmt":"2019-09-06T15:31:21","slug":"sebastien-gaboury-recoit-une-subvention-de-100-000-du-frqs","status":"publish","type":"post","link":"https:\/\/www.uqac.ca\/uqactualites\/2019\/09\/06\/sebastien-gaboury-recoit-une-subvention-de-100-000-du-frqs\/","title":{"rendered":"S\u00e9bastien Gaboury re\u00e7oit une subvention de 100\u00a0000 $ du FRQS"},"content":{"rendered":"<p>Professeur au D\u00e9partement d&rsquo;informatique et de math\u00e9matique, S\u00e9bastien Gaboury a r\u00e9cemment obtenu une importante subvention de la part du\u00a0Fonds de recherche du Qu\u00e9bec en sant\u00e9 (FRQS). Ce soutien de 100 000 $, octroy\u00e9 par le FRQS dans le cadre du programme AUDACE-Plateforme de financements de la recherche intersectorielle sur le vieillissement, vise \u00e0 soutenir le projet \u00ab Syndrome de n\u00e9gligence de soi : l\u2019habitat intelligent et l\u2019intelligence artificielle comme outil de maintien \u00e0 domicile \u00bb.<\/p>\n<p>&nbsp;<\/p>\n<h5>LE PROJET EN BREF<\/h5>\n<p>Plus de 70 % des personnes \u00e2g\u00e9es pr\u00e9sentent des incapacit\u00e9s limitant la r\u00e9alisation de leurs activit\u00e9s quotidiennes. Malgr\u00e9 ces incapacit\u00e9s, les a\u00een\u00e9s d\u00e9sirent rester \u00e0 domicile le plus longtemps possible et cet objectif est l\u2019une des grandes priorit\u00e9s du gouvernement du Qu\u00e9bec. La personne avec n\u00e9gligence de soi constitue une des populations \u00e2g\u00e9es qui n\u00e9cessite un grand soutien de la part des services de sant\u00e9. Notre \u00e9quipe de chercheurs travaille actuellement en collaboration avec le Centre int\u00e9gr\u00e9 universitaire de sant\u00e9 et de services sociaux (CIUSSS) du Centre-Sud-de-l\u2019\u00cele-de-Montr\u00e9al sur un projet o\u00f9 l\u2019objectif principal est d\u2019apporter un soutien particulier \u00e0 cette client\u00e8le qui est souvent institutionnalis\u00e9e pr\u00e9cocement. Nos travaux en cours sont grandement ax\u00e9s sur le soutien \u00e0 la prise de d\u00e9cision clinique des professionnels du soutien \u00e0 domicile \u00e0 partir du traitement des donn\u00e9es issues d\u2019une vaste de gamme de capteurs install\u00e9s au domicile du patient. Le pr\u00e9sent projet est compl\u00e9mentaire en misant, cette fois-ci, sur le soutien aux activit\u00e9s de la vie quotidienne par l\u2019entremise d\u2019interactions directes entre la personne avec n\u00e9gligence de soi et un robot humano\u00efde de type NAO \u00e9voluant en permanence dans le domicile de la personne. Le robot humano\u00efde sera utilis\u00e9, entre autres, pour la d\u00e9tection de l&#8217;embourbement du domicile et d&rsquo;obstacles potentiels pouvant amener \u00e0 une chute, la d\u00e9tection et l\u2019identification des personnes dans le domicile, le rappel de la prise de m\u00e9dicaments, l\u2019ex\u00e9cution d\u2019exercices cognitifs avec le r\u00e9sident, l\u2019interaction avec le r\u00e9sident de mani\u00e8re \u00e0 pr\u00e9venir les effets du syndrome de n\u00e9gligence de soi. Ce projet, en milieu r\u00e9el (laboratoire vivant), vise \u00e0 atteindre les trois objectifs suivants: 1) cod\u00e9velopper, en \u00e9quipe intersectorielle, avec les acteurs du maintien \u00e0 domicile et les a\u00een\u00e9s, un agent artificiel d\u2019assistance personnalisable; 2) d\u00e9ployer le syst\u00e8me (ensemble de capteurs et robot) dans un milieu de vie r\u00e9el; 3) documenter et \u00e9valuer l\u2019acceptabilit\u00e9 et l\u2019utilisabilit\u00e9 de l\u2019agent artificiel d\u2019assistance (capteurs et robot). Ce projet suivra une m\u00e9thodologie de design centr\u00e9 utilisateur, en utilisant \u00e0 la fois une approche participative avec les acteurs du milieu et une approche transdisciplinaire qui visera \u00e0 acc\u00e9der \u00e0 une vision collective d\u2019une solution innovante. Nous pr\u00e9voyons d\u00e9ployer et valider la technologie chez 10 personnes \u00e2g\u00e9es.<\/p>\n<p>Chercheurs : S\u00e9bastien Gaboury (UQAC), K\u00e9vin Bouchard (UQAC), Nathalie Bier (U. de Montr\u00e9al), M\u00e9lanie Couture (U. de Sherbrooke), Sylvain Giroux (U. de Sherbrooke), Carolina Bottari (U. de Montr\u00e9al)<\/p>\n<p>&nbsp;<\/p>\n","protected":false},"excerpt":{"rendered":"<p>Professeur au D\u00e9partement d&rsquo;informatique et de math\u00e9matique, S\u00e9bastien Gaboury a r\u00e9cemment obtenu une importante subvention de la part du\u00a0Fonds de recherche du Qu\u00e9bec en sant\u00e9 (FRQS). Ce soutien de 100 000 $, octroy\u00e9 par le FRQS dans le cadre du programme AUDACE-Plateforme de financements de la recherche intersectorielle sur le vieillissement, vise \u00e0 soutenir le [&hellip;]<\/p>\n","protected":false},"author":5,"featured_media":37050,"comment_status":"closed","ping_status":"closed","sticky":false,"template":"","format":"standard","meta":{"footnotes":""},"categories":[2,4],"tags":[20,16],"yoast_head":"<!-- This site is optimized with the Yoast SEO plugin v24.2 - https:\/\/yoast.com\/wordpress\/plugins\/seo\/ -->\r\n<title>S\u00e9bastien Gaboury re\u00e7oit une subvention de 100\u00a0000 $ du FRQS - UQACtualit\u00e9s<\/title>\r\n<meta name=\"robots\" content=\"index, follow, max-snippet:-1, max-image-preview:large, max-video-preview:-1\" \/>\r\n<link rel=\"canonical\" href=\"https:\/\/www.uqac.ca\/uqactualites\/2019\/09\/06\/sebastien-gaboury-recoit-une-subvention-de-100-000-du-frqs\/\" \/>\r\n<meta property=\"og:locale\" content=\"fr_CA\" \/>\r\n<meta property=\"og:type\" content=\"article\" \/>\r\n<meta property=\"og:title\" content=\"S\u00e9bastien Gaboury re\u00e7oit une subvention de 100\u00a0000 $ du FRQS - UQACtualit\u00e9s\" \/>\r\n<meta property=\"og:description\" content=\"Professeur au D\u00e9partement d&rsquo;informatique et de math\u00e9matique, S\u00e9bastien Gaboury a r\u00e9cemment obtenu une importante subvention de la part du\u00a0Fonds de recherche du Qu\u00e9bec en sant\u00e9 (FRQS). Ce soutien de 100 000 $, octroy\u00e9 par le FRQS dans le cadre du programme AUDACE-Plateforme de financements de la recherche intersectorielle sur le vieillissement, vise \u00e0 soutenir le [&hellip;]\" \/>\r\n<meta property=\"og:url\" content=\"https:\/\/www.uqac.ca\/uqactualites\/2019\/09\/06\/sebastien-gaboury-recoit-une-subvention-de-100-000-du-frqs\/\" \/>\r\n<meta property=\"og:site_name\" content=\"UQACtualit\u00e9s\" \/>\r\n<meta property=\"article:published_time\" content=\"2019-09-06T15:31:21+00:00\" \/>\r\n<meta property=\"og:image\" content=\"https:\/\/www.uqac.ca\/uqactualites\/wp-content\/uploads\/2019\/09\/S\u00e9bastien_Gaboury-scaled.jpg\" \/>\r\n\t<meta property=\"og:image:width\" content=\"2560\" \/>\r\n\t<meta property=\"og:image:height\" content=\"1701\" \/>\r\n\t<meta property=\"og:image:type\" content=\"image\/jpeg\" \/>\r\n<meta name=\"author\" content=\"Service des communications et des relations publiques\" \/>\r\n<meta name=\"twitter:card\" content=\"summary_large_image\" \/>\r\n<meta name=\"twitter:label1\" content=\"\u00c9crit par\" \/>\n\t<meta name=\"twitter:data1\" content=\"Service des communications et des relations publiques\" \/>\n\t<meta name=\"twitter:label2\" content=\"Estimation du temps de lecture\" \/>\n\t<meta name=\"twitter:data2\" content=\"3 minutes\" \/>\r\n<script type=\"application\/ld+json\" class=\"yoast-schema-graph\">{\"@context\":\"https:\/\/schema.org\",\"@graph\":[{\"@type\":\"WebPage\",\"@id\":\"https:\/\/www.uqac.ca\/uqactualites\/2019\/09\/06\/sebastien-gaboury-recoit-une-subvention-de-100-000-du-frqs\/\",\"url\":\"https:\/\/www.uqac.ca\/uqactualites\/2019\/09\/06\/sebastien-gaboury-recoit-une-subvention-de-100-000-du-frqs\/\",\"name\":\"S\u00e9bastien Gaboury re\u00e7oit une subvention de 100\u00a0000 $ du FRQS - UQACtualit\u00e9s\",\"isPartOf\":{\"@id\":\"https:\/\/www.uqac.ca\/uqactualites\/#website\"},\"primaryImageOfPage\":{\"@id\":\"https:\/\/www.uqac.ca\/uqactualites\/2019\/09\/06\/sebastien-gaboury-recoit-une-subvention-de-100-000-du-frqs\/#primaryimage\"},\"image\":{\"@id\":\"https:\/\/www.uqac.ca\/uqactualites\/2019\/09\/06\/sebastien-gaboury-recoit-une-subvention-de-100-000-du-frqs\/#primaryimage\"},\"thumbnailUrl\":\"https:\/\/www.uqac.ca\/uqactualites\/wp-content\/uploads\/2019\/09\/S\u00e9bastien_Gaboury-scaled.jpg\",\"datePublished\":\"2019-09-06T15:31:21+00:00\",\"dateModified\":\"2019-09-06T15:31:21+00:00\",\"author\":{\"@id\":\"https:\/\/www.uqac.ca\/uqactualites\/#\/schema\/person\/366c45a0c4f0e677b41b4af5886e2018\"},\"breadcrumb\":{\"@id\":\"https:\/\/www.uqac.ca\/uqactualites\/2019\/09\/06\/sebastien-gaboury-recoit-une-subvention-de-100-000-du-frqs\/#breadcrumb\"},\"inLanguage\":\"fr-CA\",\"potentialAction\":[{\"@type\":\"ReadAction\",\"target\":[\"https:\/\/www.uqac.ca\/uqactualites\/2019\/09\/06\/sebastien-gaboury-recoit-une-subvention-de-100-000-du-frqs\/\"]}]},{\"@type\":\"ImageObject\",\"inLanguage\":\"fr-CA\",\"@id\":\"https:\/\/www.uqac.ca\/uqactualites\/2019\/09\/06\/sebastien-gaboury-recoit-une-subvention-de-100-000-du-frqs\/#primaryimage\",\"url\":\"https:\/\/www.uqac.ca\/uqactualites\/wp-content\/uploads\/2019\/09\/S\u00e9bastien_Gaboury-scaled.jpg\",\"contentUrl\":\"https:\/\/www.uqac.ca\/uqactualites\/wp-content\/uploads\/2019\/09\/S\u00e9bastien_Gaboury-scaled.jpg\",\"width\":2560,\"height\":1701},{\"@type\":\"BreadcrumbList\",\"@id\":\"https:\/\/www.uqac.ca\/uqactualites\/2019\/09\/06\/sebastien-gaboury-recoit-une-subvention-de-100-000-du-frqs\/#breadcrumb\",\"itemListElement\":[{\"@type\":\"ListItem\",\"position\":1,\"name\":\"Home\",\"item\":\"https:\/\/www.uqac.ca\/uqactualites\/\"},{\"@type\":\"ListItem\",\"position\":2,\"name\":\"S\u00e9bastien Gaboury re\u00e7oit une subvention de 100\u00a0000 $ du FRQS\"}]},{\"@type\":\"WebSite\",\"@id\":\"https:\/\/www.uqac.ca\/uqactualites\/#website\",\"url\":\"https:\/\/www.uqac.ca\/uqactualites\/\",\"name\":\"UQACtualit\u00e9s\",\"description\":\"Le portail des nouvelles de l&#039;UQAC\",\"potentialAction\":[{\"@type\":\"SearchAction\",\"target\":{\"@type\":\"EntryPoint\",\"urlTemplate\":\"https:\/\/www.uqac.ca\/uqactualites\/?s={search_term_string}\"},\"query-input\":{\"@type\":\"PropertyValueSpecification\",\"valueRequired\":true,\"valueName\":\"search_term_string\"}}],\"inLanguage\":\"fr-CA\"},{\"@type\":\"Person\",\"@id\":\"https:\/\/www.uqac.ca\/uqactualites\/#\/schema\/person\/366c45a0c4f0e677b41b4af5886e2018\",\"name\":\"Service des communications et des relations publiques\",\"image\":{\"@type\":\"ImageObject\",\"inLanguage\":\"fr-CA\",\"@id\":\"https:\/\/www.uqac.ca\/uqactualites\/#\/schema\/person\/image\/\",\"url\":\"https:\/\/secure.gravatar.com\/avatar\/20fbbda8a292f59f2d3461a5b999c00b?s=96&d=mm&r=g\",\"contentUrl\":\"https:\/\/secure.gravatar.com\/avatar\/20fbbda8a292f59f2d3461a5b999c00b?s=96&d=mm&r=g\",\"caption\":\"Service des communications et des relations publiques\"},\"url\":\"https:\/\/www.uqac.ca\/uqactualites\/author\/bap\/\"}]}<\/script>\r\n<!-- \/ Yoast SEO plugin. -->","yoast_head_json":{"title":"S\u00e9bastien Gaboury re\u00e7oit une subvention de 100\u00a0000 $ du FRQS - UQACtualit\u00e9s","robots":{"index":"index","follow":"follow","max-snippet":"max-snippet:-1","max-image-preview":"max-image-preview:large","max-video-preview":"max-video-preview:-1"},"canonical":"https:\/\/www.uqac.ca\/uqactualites\/2019\/09\/06\/sebastien-gaboury-recoit-une-subvention-de-100-000-du-frqs\/","og_locale":"fr_CA","og_type":"article","og_title":"S\u00e9bastien Gaboury re\u00e7oit une subvention de 100\u00a0000 $ du FRQS - UQACtualit\u00e9s","og_description":"Professeur au D\u00e9partement d&rsquo;informatique et de math\u00e9matique, S\u00e9bastien Gaboury a r\u00e9cemment obtenu une importante subvention de la part du\u00a0Fonds de recherche du Qu\u00e9bec en sant\u00e9 (FRQS). Ce soutien de 100 000 $, octroy\u00e9 par le FRQS dans le cadre du programme AUDACE-Plateforme de financements de la recherche intersectorielle sur le vieillissement, vise \u00e0 soutenir le [&hellip;]","og_url":"https:\/\/www.uqac.ca\/uqactualites\/2019\/09\/06\/sebastien-gaboury-recoit-une-subvention-de-100-000-du-frqs\/","og_site_name":"UQACtualit\u00e9s","article_published_time":"2019-09-06T15:31:21+00:00","og_image":[{"width":2560,"height":1701,"url":"https:\/\/www.uqac.ca\/uqactualites\/wp-content\/uploads\/2019\/09\/S\u00e9bastien_Gaboury-scaled.jpg","type":"image\/jpeg"}],"author":"Service des communications et des relations publiques","twitter_card":"summary_large_image","twitter_misc":{"\u00c9crit par":"Service des communications et des relations publiques","Estimation du temps de lecture":"3 minutes"},"schema":{"@context":"https:\/\/schema.org","@graph":[{"@type":"WebPage","@id":"https:\/\/www.uqac.ca\/uqactualites\/2019\/09\/06\/sebastien-gaboury-recoit-une-subvention-de-100-000-du-frqs\/","url":"https:\/\/www.uqac.ca\/uqactualites\/2019\/09\/06\/sebastien-gaboury-recoit-une-subvention-de-100-000-du-frqs\/","name":"S\u00e9bastien Gaboury re\u00e7oit une subvention de 100\u00a0000 $ du FRQS - UQACtualit\u00e9s","isPartOf":{"@id":"https:\/\/www.uqac.ca\/uqactualites\/#website"},"primaryImageOfPage":{"@id":"https:\/\/www.uqac.ca\/uqactualites\/2019\/09\/06\/sebastien-gaboury-recoit-une-subvention-de-100-000-du-frqs\/#primaryimage"},"image":{"@id":"https:\/\/www.uqac.ca\/uqactualites\/2019\/09\/06\/sebastien-gaboury-recoit-une-subvention-de-100-000-du-frqs\/#primaryimage"},"thumbnailUrl":"https:\/\/www.uqac.ca\/uqactualites\/wp-content\/uploads\/2019\/09\/S\u00e9bastien_Gaboury-scaled.jpg","datePublished":"2019-09-06T15:31:21+00:00","dateModified":"2019-09-06T15:31:21+00:00","author":{"@id":"https:\/\/www.uqac.ca\/uqactualites\/#\/schema\/person\/366c45a0c4f0e677b41b4af5886e2018"},"breadcrumb":{"@id":"https:\/\/www.uqac.ca\/uqactualites\/2019\/09\/06\/sebastien-gaboury-recoit-une-subvention-de-100-000-du-frqs\/#breadcrumb"},"inLanguage":"fr-CA","potentialAction":[{"@type":"ReadAction","target":["https:\/\/www.uqac.ca\/uqactualites\/2019\/09\/06\/sebastien-gaboury-recoit-une-subvention-de-100-000-du-frqs\/"]}]},{"@type":"ImageObject","inLanguage":"fr-CA","@id":"https:\/\/www.uqac.ca\/uqactualites\/2019\/09\/06\/sebastien-gaboury-recoit-une-subvention-de-100-000-du-frqs\/#primaryimage","url":"https:\/\/www.uqac.ca\/uqactualites\/wp-content\/uploads\/2019\/09\/S\u00e9bastien_Gaboury-scaled.jpg","contentUrl":"https:\/\/www.uqac.ca\/uqactualites\/wp-content\/uploads\/2019\/09\/S\u00e9bastien_Gaboury-scaled.jpg","width":2560,"height":1701},{"@type":"BreadcrumbList","@id":"https:\/\/www.uqac.ca\/uqactualites\/2019\/09\/06\/sebastien-gaboury-recoit-une-subvention-de-100-000-du-frqs\/#breadcrumb","itemListElement":[{"@type":"ListItem","position":1,"name":"Home","item":"https:\/\/www.uqac.ca\/uqactualites\/"},{"@type":"ListItem","position":2,"name":"S\u00e9bastien Gaboury re\u00e7oit une subvention de 100\u00a0000 $ du FRQS"}]},{"@type":"WebSite","@id":"https:\/\/www.uqac.ca\/uqactualites\/#website","url":"https:\/\/www.uqac.ca\/uqactualites\/","name":"UQACtualit\u00e9s","description":"Le portail des nouvelles de l&#039;UQAC","potentialAction":[{"@type":"SearchAction","target":{"@type":"EntryPoint","urlTemplate":"https:\/\/www.uqac.ca\/uqactualites\/?s={search_term_string}"},"query-input":{"@type":"PropertyValueSpecification","valueRequired":true,"valueName":"search_term_string"}}],"inLanguage":"fr-CA"},{"@type":"Person","@id":"https:\/\/www.uqac.ca\/uqactualites\/#\/schema\/person\/366c45a0c4f0e677b41b4af5886e2018","name":"Service des communications et des relations publiques","image":{"@type":"ImageObject","inLanguage":"fr-CA","@id":"https:\/\/www.uqac.ca\/uqactualites\/#\/schema\/person\/image\/","url":"https:\/\/secure.gravatar.com\/avatar\/20fbbda8a292f59f2d3461a5b999c00b?s=96&d=mm&r=g","contentUrl":"https:\/\/secure.gravatar.com\/avatar\/20fbbda8a292f59f2d3461a5b999c00b?s=96&d=mm&r=g","caption":"Service des communications et des relations publiques"},"url":"https:\/\/www.uqac.ca\/uqactualites\/author\/bap\/"}]}},"_links":{"self":[{"href":"https:\/\/www.uqac.ca\/uqactualites\/wp-json\/wp\/v2\/posts\/37049"}],"collection":[{"href":"https:\/\/www.uqac.ca\/uqactualites\/wp-json\/wp\/v2\/posts"}],"about":[{"href":"https:\/\/www.uqac.ca\/uqactualites\/wp-json\/wp\/v2\/types\/post"}],"author":[{"embeddable":true,"href":"https:\/\/www.uqac.ca\/uqactualites\/wp-json\/wp\/v2\/users\/5"}],"replies":[{"embeddable":true,"href":"https:\/\/www.uqac.ca\/uqactualites\/wp-json\/wp\/v2\/comments?post=37049"}],"version-history":[{"count":0,"href":"https:\/\/www.uqac.ca\/uqactualites\/wp-json\/wp\/v2\/posts\/37049\/revisions"}],"wp:featuredmedia":[{"embeddable":true,"href":"https:\/\/www.uqac.ca\/uqactualites\/wp-json\/wp\/v2\/media\/37050"}],"wp:attachment":[{"href":"https:\/\/www.uqac.ca\/uqactualites\/wp-json\/wp\/v2\/media?parent=37049"}],"wp:term":[{"taxonomy":"category","embeddable":true,"href":"https:\/\/www.uqac.ca\/uqactualites\/wp-json\/wp\/v2\/categories?post=37049"},{"taxonomy":"post_tag","embeddable":true,"href":"https:\/\/www.uqac.ca\/uqactualites\/wp-json\/wp\/v2\/tags?post=37049"}],"curies":[{"name":"wp","href":"https:\/\/api.w.org\/{rel}","templated":true}]}}