{"id":37154,"date":"2019-10-02T13:58:10","date_gmt":"2019-10-02T17:58:10","guid":{"rendered":"https:\/\/www.uqac.ca\/?p=37154"},"modified":"2019-10-02T13:58:10","modified_gmt":"2019-10-02T17:58:10","slug":"la-semaine-sur-le-climat-2019-de-la-parole-au-geste","status":"publish","type":"post","link":"https:\/\/www.uqac.ca\/uqactualites\/2019\/10\/02\/la-semaine-sur-le-climat-2019-de-la-parole-au-geste\/","title":{"rendered":"La semaine sur le climat 2019 : de la parole au geste\u2009!"},"content":{"rendered":"<p>La semaine pour le climat\u00a02019 lanc\u00e9e par les Nations-Unies a donn\u00e9 \u00e0 plusieurs l\u2019\u00e9lan n\u00e9cessaire pour agir. Nombreux ont \u00e9cout\u00e9, discut\u00e9, march\u00e9 pour le climat et, ont compens\u00e9 des \u00e9missions de gaz \u00e0 effet de serre avec Carbone bor\u00e9al\u2009! Ainsi ce sont plus de 200 compensations d\u2019\u00e9missions qui ont \u00e9t\u00e9 r\u00e9alis\u00e9es dans la semaine du 23 au 29 septembre 2019\u2009! 8\u2009214 arbres de nos plantations de recherche retireront de l\u2019atmosph\u00e8re 1\u2009150 tonnes de CO<sub>2<\/sub> \u00e9q. (plus de 300 aller-retours Saguenay-Vancouver en grand VUS)\u2009!! Merci \u00e0 chacun et chacune pour ce beau geste\u2009! Carbone bor\u00e9al est fier de travailler avec vous et de lutter contre les changements climatiques.<\/p>\n<p>&nbsp;<\/p>\n<p>Carbone bor\u00e9al est une infrastructure de recherche de l\u2019UQAC qui permet aux organisations et individus de compenser les gaz \u00e0 effet de serre \u00e9mis par leur organisation, famille, activit\u00e9s, etc. On peut facilement calculer des \u00e9missions (transport terrestre, a\u00e9rien, croisi\u00e8re, consommation d\u2019\u00e9nergie, alimentation, etc.) gr\u00e2ce au <a href=\"http:\/\/carboneboreal.uqac.ca\/calculateur-ges-fr\/\">calculateur <\/a>et effectuer la compensation. Les arbres plant\u00e9s captent le gaz carbonique et servent \u00e9galement \u00e0 des projets de recherche scientifiques sur la contribution des for\u00eats \u00e0 la lutte et \u00e0 l\u2019adaptation aux changements climatiques.\u00a0 Les plantations Carbone bor\u00e9al se font sur des territoires naturellement d\u00e9nud\u00e9s de la for\u00eat bor\u00e9ale qu\u00e9b\u00e9coise, o\u00f9 la for\u00eat ne se r\u00e9g\u00e9n\u00e8re pas d\u2019elle-m\u00eame et sur des terrains agricoles en friche ou impropres \u00e0 l\u2019agriculture.<\/p>\n","protected":false},"excerpt":{"rendered":"<p>La semaine pour le climat\u00a02019 lanc\u00e9e par les Nations-Unies a donn\u00e9 \u00e0 plusieurs l\u2019\u00e9lan n\u00e9cessaire pour agir. Nombreux ont \u00e9cout\u00e9, discut\u00e9, march\u00e9 pour le climat et, ont compens\u00e9 des \u00e9missions de gaz \u00e0 effet de serre avec Carbone bor\u00e9al\u2009! Ainsi ce sont plus de 200 compensations d\u2019\u00e9missions qui ont \u00e9t\u00e9 r\u00e9alis\u00e9es dans la semaine du [&hellip;]<\/p>\n","protected":false},"author":5,"featured_media":35341,"comment_status":"open","ping_status":"open","sticky":false,"template":"","format":"standard","meta":{"footnotes":""},"categories":[2],"tags":[463,312,138],"yoast_head":"<!-- This site is optimized with the Yoast SEO plugin v24.2 - https:\/\/yoast.com\/wordpress\/plugins\/seo\/ -->\r\n<title>La semaine sur le climat 2019 : de la parole au geste\u2009! - UQACtualit\u00e9s<\/title>\r\n<meta name=\"robots\" content=\"index, follow, max-snippet:-1, max-image-preview:large, max-video-preview:-1\" \/>\r\n<link rel=\"canonical\" href=\"https:\/\/www.uqac.ca\/uqactualites\/2019\/10\/02\/la-semaine-sur-le-climat-2019-de-la-parole-au-geste\/\" \/>\r\n<meta property=\"og:locale\" content=\"fr_CA\" \/>\r\n<meta property=\"og:type\" content=\"article\" \/>\r\n<meta property=\"og:title\" content=\"La semaine sur le climat 2019 : de la parole au geste\u2009! - UQACtualit\u00e9s\" \/>\r\n<meta property=\"og:description\" content=\"La semaine pour le climat\u00a02019 lanc\u00e9e par les Nations-Unies a donn\u00e9 \u00e0 plusieurs l\u2019\u00e9lan n\u00e9cessaire pour agir. Nombreux ont \u00e9cout\u00e9, discut\u00e9, march\u00e9 pour le climat et, ont compens\u00e9 des \u00e9missions de gaz \u00e0 effet de serre avec Carbone bor\u00e9al\u2009! Ainsi ce sont plus de 200 compensations d\u2019\u00e9missions qui ont \u00e9t\u00e9 r\u00e9alis\u00e9es dans la semaine du [&hellip;]\" \/>\r\n<meta property=\"og:url\" content=\"https:\/\/www.uqac.ca\/uqactualites\/2019\/10\/02\/la-semaine-sur-le-climat-2019-de-la-parole-au-geste\/\" \/>\r\n<meta property=\"og:site_name\" content=\"UQACtualit\u00e9s\" \/>\r\n<meta property=\"article:published_time\" content=\"2019-10-02T17:58:10+00:00\" \/>\r\n<meta property=\"og:image\" content=\"https:\/\/www.uqac.ca\/uqactualites\/wp-content\/uploads\/2018\/11\/Chaire-eco-conseil-scaled.jpg\" \/>\r\n\t<meta property=\"og:image:width\" content=\"2560\" \/>\r\n\t<meta property=\"og:image:height\" content=\"1700\" \/>\r\n\t<meta property=\"og:image:type\" content=\"image\/jpeg\" \/>\r\n<meta name=\"author\" content=\"Service des communications et des relations publiques\" \/>\r\n<meta name=\"twitter:card\" content=\"summary_large_image\" \/>\r\n<meta name=\"twitter:label1\" content=\"\u00c9crit par\" \/>\n\t<meta name=\"twitter:data1\" content=\"Service des communications et des relations publiques\" \/>\n\t<meta name=\"twitter:label2\" content=\"Estimation du temps de lecture\" \/>\n\t<meta name=\"twitter:data2\" content=\"1 minute\" \/>\r\n<script type=\"application\/ld+json\" class=\"yoast-schema-graph\">{\"@context\":\"https:\/\/schema.org\",\"@graph\":[{\"@type\":\"WebPage\",\"@id\":\"https:\/\/www.uqac.ca\/uqactualites\/2019\/10\/02\/la-semaine-sur-le-climat-2019-de-la-parole-au-geste\/\",\"url\":\"https:\/\/www.uqac.ca\/uqactualites\/2019\/10\/02\/la-semaine-sur-le-climat-2019-de-la-parole-au-geste\/\",\"name\":\"La semaine sur le climat 2019 : de la parole au geste\u2009! - UQACtualit\u00e9s\",\"isPartOf\":{\"@id\":\"https:\/\/www.uqac.ca\/uqactualites\/#website\"},\"primaryImageOfPage\":{\"@id\":\"https:\/\/www.uqac.ca\/uqactualites\/2019\/10\/02\/la-semaine-sur-le-climat-2019-de-la-parole-au-geste\/#primaryimage\"},\"image\":{\"@id\":\"https:\/\/www.uqac.ca\/uqactualites\/2019\/10\/02\/la-semaine-sur-le-climat-2019-de-la-parole-au-geste\/#primaryimage\"},\"thumbnailUrl\":\"https:\/\/www.uqac.ca\/uqactualites\/wp-content\/uploads\/2018\/11\/Chaire-eco-conseil-scaled.jpg\",\"datePublished\":\"2019-10-02T17:58:10+00:00\",\"dateModified\":\"2019-10-02T17:58:10+00:00\",\"author\":{\"@id\":\"https:\/\/www.uqac.ca\/uqactualites\/#\/schema\/person\/366c45a0c4f0e677b41b4af5886e2018\"},\"breadcrumb\":{\"@id\":\"https:\/\/www.uqac.ca\/uqactualites\/2019\/10\/02\/la-semaine-sur-le-climat-2019-de-la-parole-au-geste\/#breadcrumb\"},\"inLanguage\":\"fr-CA\",\"potentialAction\":[{\"@type\":\"ReadAction\",\"target\":[\"https:\/\/www.uqac.ca\/uqactualites\/2019\/10\/02\/la-semaine-sur-le-climat-2019-de-la-parole-au-geste\/\"]}]},{\"@type\":\"ImageObject\",\"inLanguage\":\"fr-CA\",\"@id\":\"https:\/\/www.uqac.ca\/uqactualites\/2019\/10\/02\/la-semaine-sur-le-climat-2019-de-la-parole-au-geste\/#primaryimage\",\"url\":\"https:\/\/www.uqac.ca\/uqactualites\/wp-content\/uploads\/2018\/11\/Chaire-eco-conseil-scaled.jpg\",\"contentUrl\":\"https:\/\/www.uqac.ca\/uqactualites\/wp-content\/uploads\/2018\/11\/Chaire-eco-conseil-scaled.jpg\",\"width\":2560,\"height\":1700},{\"@type\":\"BreadcrumbList\",\"@id\":\"https:\/\/www.uqac.ca\/uqactualites\/2019\/10\/02\/la-semaine-sur-le-climat-2019-de-la-parole-au-geste\/#breadcrumb\",\"itemListElement\":[{\"@type\":\"ListItem\",\"position\":1,\"name\":\"Home\",\"item\":\"https:\/\/www.uqac.ca\/uqactualites\/\"},{\"@type\":\"ListItem\",\"position\":2,\"name\":\"La semaine sur le climat 2019 : de la parole au geste\u2009!\"}]},{\"@type\":\"WebSite\",\"@id\":\"https:\/\/www.uqac.ca\/uqactualites\/#website\",\"url\":\"https:\/\/www.uqac.ca\/uqactualites\/\",\"name\":\"UQACtualit\u00e9s\",\"description\":\"Le portail des nouvelles de l&#039;UQAC\",\"potentialAction\":[{\"@type\":\"SearchAction\",\"target\":{\"@type\":\"EntryPoint\",\"urlTemplate\":\"https:\/\/www.uqac.ca\/uqactualites\/?s={search_term_string}\"},\"query-input\":{\"@type\":\"PropertyValueSpecification\",\"valueRequired\":true,\"valueName\":\"search_term_string\"}}],\"inLanguage\":\"fr-CA\"},{\"@type\":\"Person\",\"@id\":\"https:\/\/www.uqac.ca\/uqactualites\/#\/schema\/person\/366c45a0c4f0e677b41b4af5886e2018\",\"name\":\"Service des communications et des relations publiques\",\"image\":{\"@type\":\"ImageObject\",\"inLanguage\":\"fr-CA\",\"@id\":\"https:\/\/www.uqac.ca\/uqactualites\/#\/schema\/person\/image\/\",\"url\":\"https:\/\/secure.gravatar.com\/avatar\/20fbbda8a292f59f2d3461a5b999c00b?s=96&d=mm&r=g\",\"contentUrl\":\"https:\/\/secure.gravatar.com\/avatar\/20fbbda8a292f59f2d3461a5b999c00b?s=96&d=mm&r=g\",\"caption\":\"Service des communications et des relations publiques\"},\"url\":\"https:\/\/www.uqac.ca\/uqactualites\/author\/bap\/\"}]}<\/script>\r\n<!-- \/ Yoast SEO plugin. -->","yoast_head_json":{"title":"La semaine sur le climat 2019 : de la parole au geste\u2009! - UQACtualit\u00e9s","robots":{"index":"index","follow":"follow","max-snippet":"max-snippet:-1","max-image-preview":"max-image-preview:large","max-video-preview":"max-video-preview:-1"},"canonical":"https:\/\/www.uqac.ca\/uqactualites\/2019\/10\/02\/la-semaine-sur-le-climat-2019-de-la-parole-au-geste\/","og_locale":"fr_CA","og_type":"article","og_title":"La semaine sur le climat 2019 : de la parole au geste\u2009! - UQACtualit\u00e9s","og_description":"La semaine pour le climat\u00a02019 lanc\u00e9e par les Nations-Unies a donn\u00e9 \u00e0 plusieurs l\u2019\u00e9lan n\u00e9cessaire pour agir. Nombreux ont \u00e9cout\u00e9, discut\u00e9, march\u00e9 pour le climat et, ont compens\u00e9 des \u00e9missions de gaz \u00e0 effet de serre avec Carbone bor\u00e9al\u2009! Ainsi ce sont plus de 200 compensations d\u2019\u00e9missions qui ont \u00e9t\u00e9 r\u00e9alis\u00e9es dans la semaine du [&hellip;]","og_url":"https:\/\/www.uqac.ca\/uqactualites\/2019\/10\/02\/la-semaine-sur-le-climat-2019-de-la-parole-au-geste\/","og_site_name":"UQACtualit\u00e9s","article_published_time":"2019-10-02T17:58:10+00:00","og_image":[{"width":2560,"height":1700,"url":"https:\/\/www.uqac.ca\/uqactualites\/wp-content\/uploads\/2018\/11\/Chaire-eco-conseil-scaled.jpg","type":"image\/jpeg"}],"author":"Service des communications et des relations publiques","twitter_card":"summary_large_image","twitter_misc":{"\u00c9crit par":"Service des communications et des relations publiques","Estimation du temps de lecture":"1 minute"},"schema":{"@context":"https:\/\/schema.org","@graph":[{"@type":"WebPage","@id":"https:\/\/www.uqac.ca\/uqactualites\/2019\/10\/02\/la-semaine-sur-le-climat-2019-de-la-parole-au-geste\/","url":"https:\/\/www.uqac.ca\/uqactualites\/2019\/10\/02\/la-semaine-sur-le-climat-2019-de-la-parole-au-geste\/","name":"La semaine sur le climat 2019 : de la parole au geste\u2009! - UQACtualit\u00e9s","isPartOf":{"@id":"https:\/\/www.uqac.ca\/uqactualites\/#website"},"primaryImageOfPage":{"@id":"https:\/\/www.uqac.ca\/uqactualites\/2019\/10\/02\/la-semaine-sur-le-climat-2019-de-la-parole-au-geste\/#primaryimage"},"image":{"@id":"https:\/\/www.uqac.ca\/uqactualites\/2019\/10\/02\/la-semaine-sur-le-climat-2019-de-la-parole-au-geste\/#primaryimage"},"thumbnailUrl":"https:\/\/www.uqac.ca\/uqactualites\/wp-content\/uploads\/2018\/11\/Chaire-eco-conseil-scaled.jpg","datePublished":"2019-10-02T17:58:10+00:00","dateModified":"2019-10-02T17:58:10+00:00","author":{"@id":"https:\/\/www.uqac.ca\/uqactualites\/#\/schema\/person\/366c45a0c4f0e677b41b4af5886e2018"},"breadcrumb":{"@id":"https:\/\/www.uqac.ca\/uqactualites\/2019\/10\/02\/la-semaine-sur-le-climat-2019-de-la-parole-au-geste\/#breadcrumb"},"inLanguage":"fr-CA","potentialAction":[{"@type":"ReadAction","target":["https:\/\/www.uqac.ca\/uqactualites\/2019\/10\/02\/la-semaine-sur-le-climat-2019-de-la-parole-au-geste\/"]}]},{"@type":"ImageObject","inLanguage":"fr-CA","@id":"https:\/\/www.uqac.ca\/uqactualites\/2019\/10\/02\/la-semaine-sur-le-climat-2019-de-la-parole-au-geste\/#primaryimage","url":"https:\/\/www.uqac.ca\/uqactualites\/wp-content\/uploads\/2018\/11\/Chaire-eco-conseil-scaled.jpg","contentUrl":"https:\/\/www.uqac.ca\/uqactualites\/wp-content\/uploads\/2018\/11\/Chaire-eco-conseil-scaled.jpg","width":2560,"height":1700},{"@type":"BreadcrumbList","@id":"https:\/\/www.uqac.ca\/uqactualites\/2019\/10\/02\/la-semaine-sur-le-climat-2019-de-la-parole-au-geste\/#breadcrumb","itemListElement":[{"@type":"ListItem","position":1,"name":"Home","item":"https:\/\/www.uqac.ca\/uqactualites\/"},{"@type":"ListItem","position":2,"name":"La semaine sur le climat 2019 : de la parole au geste\u2009!"}]},{"@type":"WebSite","@id":"https:\/\/www.uqac.ca\/uqactualites\/#website","url":"https:\/\/www.uqac.ca\/uqactualites\/","name":"UQACtualit\u00e9s","description":"Le portail des nouvelles de l&#039;UQAC","potentialAction":[{"@type":"SearchAction","target":{"@type":"EntryPoint","urlTemplate":"https:\/\/www.uqac.ca\/uqactualites\/?s={search_term_string}"},"query-input":{"@type":"PropertyValueSpecification","valueRequired":true,"valueName":"search_term_string"}}],"inLanguage":"fr-CA"},{"@type":"Person","@id":"https:\/\/www.uqac.ca\/uqactualites\/#\/schema\/person\/366c45a0c4f0e677b41b4af5886e2018","name":"Service des communications et des relations publiques","image":{"@type":"ImageObject","inLanguage":"fr-CA","@id":"https:\/\/www.uqac.ca\/uqactualites\/#\/schema\/person\/image\/","url":"https:\/\/secure.gravatar.com\/avatar\/20fbbda8a292f59f2d3461a5b999c00b?s=96&d=mm&r=g","contentUrl":"https:\/\/secure.gravatar.com\/avatar\/20fbbda8a292f59f2d3461a5b999c00b?s=96&d=mm&r=g","caption":"Service des communications et des relations publiques"},"url":"https:\/\/www.uqac.ca\/uqactualites\/author\/bap\/"}]}},"_links":{"self":[{"href":"https:\/\/www.uqac.ca\/uqactualites\/wp-json\/wp\/v2\/posts\/37154"}],"collection":[{"href":"https:\/\/www.uqac.ca\/uqactualites\/wp-json\/wp\/v2\/posts"}],"about":[{"href":"https:\/\/www.uqac.ca\/uqactualites\/wp-json\/wp\/v2\/types\/post"}],"author":[{"embeddable":true,"href":"https:\/\/www.uqac.ca\/uqactualites\/wp-json\/wp\/v2\/users\/5"}],"replies":[{"embeddable":true,"href":"https:\/\/www.uqac.ca\/uqactualites\/wp-json\/wp\/v2\/comments?post=37154"}],"version-history":[{"count":0,"href":"https:\/\/www.uqac.ca\/uqactualites\/wp-json\/wp\/v2\/posts\/37154\/revisions"}],"wp:featuredmedia":[{"embeddable":true,"href":"https:\/\/www.uqac.ca\/uqactualites\/wp-json\/wp\/v2\/media\/35341"}],"wp:attachment":[{"href":"https:\/\/www.uqac.ca\/uqactualites\/wp-json\/wp\/v2\/media?parent=37154"}],"wp:term":[{"taxonomy":"category","embeddable":true,"href":"https:\/\/www.uqac.ca\/uqactualites\/wp-json\/wp\/v2\/categories?post=37154"},{"taxonomy":"post_tag","embeddable":true,"href":"https:\/\/www.uqac.ca\/uqactualites\/wp-json\/wp\/v2\/tags?post=37154"}],"curies":[{"name":"wp","href":"https:\/\/api.w.org\/{rel}","templated":true}]}}