{"id":37162,"date":"2019-10-04T13:34:52","date_gmt":"2019-10-04T17:34:52","guid":{"rendered":"https:\/\/www.uqac.ca\/?p=37162"},"modified":"2019-10-04T13:34:52","modified_gmt":"2019-10-04T17:34:52","slug":"un-prix-de-reconnaissance-international-decerne-a-masoud-farzaneh","status":"publish","type":"post","link":"https:\/\/www.uqac.ca\/uqactualites\/2019\/10\/04\/un-prix-de-reconnaissance-international-decerne-a-masoud-farzaneh\/","title":{"rendered":"Un prix de reconnaissance international d\u00e9cern\u00e9 \u00e0 Masoud Farzaneh"},"content":{"rendered":"<p>La Conf\u00e9rence internationale sur le givrage de structures IWAIS 2019 a d\u00e9cern\u00e9 un prix \u00e0 Masoud Farzaneh, professeur \u00e9m\u00e9rite de l&rsquo;UQAC, en reconnaissance de son travail d\u00e9vou\u00e9 et de son engagement pour la recherche sur le givrage atmosph\u00e9rique par le biais des activit\u00e9s de l&rsquo;IWAIS et de ses contributions exceptionnelles dans le cadre du forum, notamment en faisant en sorte que l\u2019IWAIS augmente sa participation internationale. Ce prix s\u2019ajoute \u00e0 la trentaine d&rsquo;autres prix et distinctions prestigieuses re\u00e7us au cours de sa carri\u00e8re.<\/p>\n<p>Cette conf\u00e9rence internationale renomm\u00e9e sur le givrage a pour principale mission de r\u00e9unir des chercheurs et des repr\u00e9sentants de l\u2019industrie afin de faciliter les \u00e9changes et les interactions en vue de trouver des solutions pratiques et \u00e9conomiques aux effets perturbateurs du givrage atmosph\u00e9rique. La premi\u00e8re conf\u00e9rence IWAIS a eu lieu en 1982 \u00e0 Hanovre, aux \u00c9tats-Unis, et par la suite dans plusieurs autres pays \u00e0 travers le monde, notamment en R\u00e9publique tch\u00e8que, au Japon, en Chine, en France, en Su\u00e8de, en Norv\u00e8ge, au Royaume-Uni et au Canada.\u00a0 Le plus r\u00e9cent forum de l\u2019IWAIS s\u2019est tenu \u00e0 Reykjavik, en Islande, en ao\u00fbt dernier, au cours duquel ce prix a \u00e9t\u00e9 remis au Dr Farzaneh.<\/p>\n<p>Le professeur Farzaneh est membre du comit\u00e9 consultatif de l\u2019IWAIS depuis de nombreuses ann\u00e9es et a agi \u00e0 plusieurs reprises \u00e0 titre de pr\u00e9sident ou copr\u00e9sident de ces prestigieux congr\u00e8s internationaux. Entre autres, il a \u00e9t\u00e9 organisateur principal de l\u2019IWAIS \u00e0 deux reprises au Qu\u00e9bec dont une fois en 1996 au Saguenay, sous les auspices de l\u2019UQAC et d\u2019Hydro-Qu\u00e9bec, et une autre fois \u00e0 Montr\u00e9al en 2005, sous les auspices de l\u2019UQAC et Hydro One. La notori\u00e9t\u00e9 grandissante de l\u2019IWAIS a pouss\u00e9 l\u2019UQAC \u00e0 s\u2019associer avec cette conf\u00e9rence pour qu\u2019elle devienne le lieu privil\u00e9gi\u00e9 pour l&rsquo;attribution du prix Masoud Farzaneh, ce qui est le cas depuis 2011.<\/p>\n","protected":false},"excerpt":{"rendered":"<p>La Conf\u00e9rence internationale sur le givrage de structures IWAIS 2019 a d\u00e9cern\u00e9 un prix \u00e0 Masoud Farzaneh, professeur \u00e9m\u00e9rite de l&rsquo;UQAC, en reconnaissance de son travail d\u00e9vou\u00e9 et de son engagement pour la recherche sur le givrage atmosph\u00e9rique par le biais des activit\u00e9s de l&rsquo;IWAIS et de ses contributions exceptionnelles dans le cadre du forum, [&hellip;]<\/p>\n","protected":false},"author":5,"featured_media":37166,"comment_status":"open","ping_status":"open","sticky":false,"template":"","format":"standard","meta":{"footnotes":""},"categories":[2,2772,4],"tags":[21],"yoast_head":"<!-- This site is optimized with the Yoast SEO plugin v24.2 - https:\/\/yoast.com\/wordpress\/plugins\/seo\/ -->\r\n<title>Un prix de reconnaissance international d\u00e9cern\u00e9 \u00e0 Masoud Farzaneh - UQACtualit\u00e9s<\/title>\r\n<meta name=\"robots\" content=\"index, follow, max-snippet:-1, max-image-preview:large, max-video-preview:-1\" \/>\r\n<link rel=\"canonical\" href=\"https:\/\/www.uqac.ca\/uqactualites\/2019\/10\/04\/un-prix-de-reconnaissance-international-decerne-a-masoud-farzaneh\/\" \/>\r\n<meta property=\"og:locale\" content=\"fr_CA\" \/>\r\n<meta property=\"og:type\" content=\"article\" \/>\r\n<meta property=\"og:title\" content=\"Un prix de reconnaissance international d\u00e9cern\u00e9 \u00e0 Masoud Farzaneh - UQACtualit\u00e9s\" \/>\r\n<meta property=\"og:description\" content=\"La Conf\u00e9rence internationale sur le givrage de structures IWAIS 2019 a d\u00e9cern\u00e9 un prix \u00e0 Masoud Farzaneh, professeur \u00e9m\u00e9rite de l&rsquo;UQAC, en reconnaissance de son travail d\u00e9vou\u00e9 et de son engagement pour la recherche sur le givrage atmosph\u00e9rique par le biais des activit\u00e9s de l&rsquo;IWAIS et de ses contributions exceptionnelles dans le cadre du forum, [&hellip;]\" \/>\r\n<meta property=\"og:url\" content=\"https:\/\/www.uqac.ca\/uqactualites\/2019\/10\/04\/un-prix-de-reconnaissance-international-decerne-a-masoud-farzaneh\/\" \/>\r\n<meta property=\"og:site_name\" content=\"UQACtualit\u00e9s\" \/>\r\n<meta property=\"article:published_time\" content=\"2019-10-04T17:34:52+00:00\" \/>\r\n<meta property=\"og:image\" content=\"https:\/\/www.uqac.ca\/uqactualites\/wp-content\/uploads\/2019\/10\/MasoudFarzaneh_\u00a9PaulCimon.jpg\" \/>\r\n\t<meta property=\"og:image:width\" content=\"680\" \/>\r\n\t<meta property=\"og:image:height\" content=\"421\" \/>\r\n\t<meta property=\"og:image:type\" content=\"image\/jpeg\" \/>\r\n<meta name=\"author\" content=\"Service des communications et des relations publiques\" \/>\r\n<meta name=\"twitter:card\" content=\"summary_large_image\" \/>\r\n<meta name=\"twitter:label1\" content=\"\u00c9crit par\" \/>\n\t<meta name=\"twitter:data1\" content=\"Service des communications et des relations publiques\" \/>\n\t<meta name=\"twitter:label2\" content=\"Estimation du temps de lecture\" \/>\n\t<meta name=\"twitter:data2\" content=\"2 minutes\" \/>\r\n<script type=\"application\/ld+json\" class=\"yoast-schema-graph\">{\"@context\":\"https:\/\/schema.org\",\"@graph\":[{\"@type\":\"WebPage\",\"@id\":\"https:\/\/www.uqac.ca\/uqactualites\/2019\/10\/04\/un-prix-de-reconnaissance-international-decerne-a-masoud-farzaneh\/\",\"url\":\"https:\/\/www.uqac.ca\/uqactualites\/2019\/10\/04\/un-prix-de-reconnaissance-international-decerne-a-masoud-farzaneh\/\",\"name\":\"Un prix de reconnaissance international d\u00e9cern\u00e9 \u00e0 Masoud Farzaneh - UQACtualit\u00e9s\",\"isPartOf\":{\"@id\":\"https:\/\/www.uqac.ca\/uqactualites\/#website\"},\"primaryImageOfPage\":{\"@id\":\"https:\/\/www.uqac.ca\/uqactualites\/2019\/10\/04\/un-prix-de-reconnaissance-international-decerne-a-masoud-farzaneh\/#primaryimage\"},\"image\":{\"@id\":\"https:\/\/www.uqac.ca\/uqactualites\/2019\/10\/04\/un-prix-de-reconnaissance-international-decerne-a-masoud-farzaneh\/#primaryimage\"},\"thumbnailUrl\":\"https:\/\/www.uqac.ca\/uqactualites\/wp-content\/uploads\/2019\/10\/MasoudFarzaneh_\u00a9PaulCimon.jpg\",\"datePublished\":\"2019-10-04T17:34:52+00:00\",\"dateModified\":\"2019-10-04T17:34:52+00:00\",\"author\":{\"@id\":\"https:\/\/www.uqac.ca\/uqactualites\/#\/schema\/person\/366c45a0c4f0e677b41b4af5886e2018\"},\"breadcrumb\":{\"@id\":\"https:\/\/www.uqac.ca\/uqactualites\/2019\/10\/04\/un-prix-de-reconnaissance-international-decerne-a-masoud-farzaneh\/#breadcrumb\"},\"inLanguage\":\"fr-CA\",\"potentialAction\":[{\"@type\":\"ReadAction\",\"target\":[\"https:\/\/www.uqac.ca\/uqactualites\/2019\/10\/04\/un-prix-de-reconnaissance-international-decerne-a-masoud-farzaneh\/\"]}]},{\"@type\":\"ImageObject\",\"inLanguage\":\"fr-CA\",\"@id\":\"https:\/\/www.uqac.ca\/uqactualites\/2019\/10\/04\/un-prix-de-reconnaissance-international-decerne-a-masoud-farzaneh\/#primaryimage\",\"url\":\"https:\/\/www.uqac.ca\/uqactualites\/wp-content\/uploads\/2019\/10\/MasoudFarzaneh_\u00a9PaulCimon.jpg\",\"contentUrl\":\"https:\/\/www.uqac.ca\/uqactualites\/wp-content\/uploads\/2019\/10\/MasoudFarzaneh_\u00a9PaulCimon.jpg\",\"width\":680,\"height\":421},{\"@type\":\"BreadcrumbList\",\"@id\":\"https:\/\/www.uqac.ca\/uqactualites\/2019\/10\/04\/un-prix-de-reconnaissance-international-decerne-a-masoud-farzaneh\/#breadcrumb\",\"itemListElement\":[{\"@type\":\"ListItem\",\"position\":1,\"name\":\"Home\",\"item\":\"https:\/\/www.uqac.ca\/uqactualites\/\"},{\"@type\":\"ListItem\",\"position\":2,\"name\":\"Un prix de reconnaissance international d\u00e9cern\u00e9 \u00e0 Masoud Farzaneh\"}]},{\"@type\":\"WebSite\",\"@id\":\"https:\/\/www.uqac.ca\/uqactualites\/#website\",\"url\":\"https:\/\/www.uqac.ca\/uqactualites\/\",\"name\":\"UQACtualit\u00e9s\",\"description\":\"Le portail des nouvelles de l&#039;UQAC\",\"potentialAction\":[{\"@type\":\"SearchAction\",\"target\":{\"@type\":\"EntryPoint\",\"urlTemplate\":\"https:\/\/www.uqac.ca\/uqactualites\/?s={search_term_string}\"},\"query-input\":{\"@type\":\"PropertyValueSpecification\",\"valueRequired\":true,\"valueName\":\"search_term_string\"}}],\"inLanguage\":\"fr-CA\"},{\"@type\":\"Person\",\"@id\":\"https:\/\/www.uqac.ca\/uqactualites\/#\/schema\/person\/366c45a0c4f0e677b41b4af5886e2018\",\"name\":\"Service des communications et des relations publiques\",\"image\":{\"@type\":\"ImageObject\",\"inLanguage\":\"fr-CA\",\"@id\":\"https:\/\/www.uqac.ca\/uqactualites\/#\/schema\/person\/image\/\",\"url\":\"https:\/\/secure.gravatar.com\/avatar\/20fbbda8a292f59f2d3461a5b999c00b?s=96&d=mm&r=g\",\"contentUrl\":\"https:\/\/secure.gravatar.com\/avatar\/20fbbda8a292f59f2d3461a5b999c00b?s=96&d=mm&r=g\",\"caption\":\"Service des communications et des relations publiques\"},\"url\":\"https:\/\/www.uqac.ca\/uqactualites\/author\/bap\/\"}]}<\/script>\r\n<!-- \/ Yoast SEO plugin. -->","yoast_head_json":{"title":"Un prix de reconnaissance international d\u00e9cern\u00e9 \u00e0 Masoud Farzaneh - UQACtualit\u00e9s","robots":{"index":"index","follow":"follow","max-snippet":"max-snippet:-1","max-image-preview":"max-image-preview:large","max-video-preview":"max-video-preview:-1"},"canonical":"https:\/\/www.uqac.ca\/uqactualites\/2019\/10\/04\/un-prix-de-reconnaissance-international-decerne-a-masoud-farzaneh\/","og_locale":"fr_CA","og_type":"article","og_title":"Un prix de reconnaissance international d\u00e9cern\u00e9 \u00e0 Masoud Farzaneh - UQACtualit\u00e9s","og_description":"La Conf\u00e9rence internationale sur le givrage de structures IWAIS 2019 a d\u00e9cern\u00e9 un prix \u00e0 Masoud Farzaneh, professeur \u00e9m\u00e9rite de l&rsquo;UQAC, en reconnaissance de son travail d\u00e9vou\u00e9 et de son engagement pour la recherche sur le givrage atmosph\u00e9rique par le biais des activit\u00e9s de l&rsquo;IWAIS et de ses contributions exceptionnelles dans le cadre du forum, [&hellip;]","og_url":"https:\/\/www.uqac.ca\/uqactualites\/2019\/10\/04\/un-prix-de-reconnaissance-international-decerne-a-masoud-farzaneh\/","og_site_name":"UQACtualit\u00e9s","article_published_time":"2019-10-04T17:34:52+00:00","og_image":[{"width":680,"height":421,"url":"https:\/\/www.uqac.ca\/uqactualites\/wp-content\/uploads\/2019\/10\/MasoudFarzaneh_\u00a9PaulCimon.jpg","type":"image\/jpeg"}],"author":"Service des communications et des relations publiques","twitter_card":"summary_large_image","twitter_misc":{"\u00c9crit par":"Service des communications et des relations publiques","Estimation du temps de lecture":"2 minutes"},"schema":{"@context":"https:\/\/schema.org","@graph":[{"@type":"WebPage","@id":"https:\/\/www.uqac.ca\/uqactualites\/2019\/10\/04\/un-prix-de-reconnaissance-international-decerne-a-masoud-farzaneh\/","url":"https:\/\/www.uqac.ca\/uqactualites\/2019\/10\/04\/un-prix-de-reconnaissance-international-decerne-a-masoud-farzaneh\/","name":"Un prix de reconnaissance international d\u00e9cern\u00e9 \u00e0 Masoud Farzaneh - UQACtualit\u00e9s","isPartOf":{"@id":"https:\/\/www.uqac.ca\/uqactualites\/#website"},"primaryImageOfPage":{"@id":"https:\/\/www.uqac.ca\/uqactualites\/2019\/10\/04\/un-prix-de-reconnaissance-international-decerne-a-masoud-farzaneh\/#primaryimage"},"image":{"@id":"https:\/\/www.uqac.ca\/uqactualites\/2019\/10\/04\/un-prix-de-reconnaissance-international-decerne-a-masoud-farzaneh\/#primaryimage"},"thumbnailUrl":"https:\/\/www.uqac.ca\/uqactualites\/wp-content\/uploads\/2019\/10\/MasoudFarzaneh_\u00a9PaulCimon.jpg","datePublished":"2019-10-04T17:34:52+00:00","dateModified":"2019-10-04T17:34:52+00:00","author":{"@id":"https:\/\/www.uqac.ca\/uqactualites\/#\/schema\/person\/366c45a0c4f0e677b41b4af5886e2018"},"breadcrumb":{"@id":"https:\/\/www.uqac.ca\/uqactualites\/2019\/10\/04\/un-prix-de-reconnaissance-international-decerne-a-masoud-farzaneh\/#breadcrumb"},"inLanguage":"fr-CA","potentialAction":[{"@type":"ReadAction","target":["https:\/\/www.uqac.ca\/uqactualites\/2019\/10\/04\/un-prix-de-reconnaissance-international-decerne-a-masoud-farzaneh\/"]}]},{"@type":"ImageObject","inLanguage":"fr-CA","@id":"https:\/\/www.uqac.ca\/uqactualites\/2019\/10\/04\/un-prix-de-reconnaissance-international-decerne-a-masoud-farzaneh\/#primaryimage","url":"https:\/\/www.uqac.ca\/uqactualites\/wp-content\/uploads\/2019\/10\/MasoudFarzaneh_\u00a9PaulCimon.jpg","contentUrl":"https:\/\/www.uqac.ca\/uqactualites\/wp-content\/uploads\/2019\/10\/MasoudFarzaneh_\u00a9PaulCimon.jpg","width":680,"height":421},{"@type":"BreadcrumbList","@id":"https:\/\/www.uqac.ca\/uqactualites\/2019\/10\/04\/un-prix-de-reconnaissance-international-decerne-a-masoud-farzaneh\/#breadcrumb","itemListElement":[{"@type":"ListItem","position":1,"name":"Home","item":"https:\/\/www.uqac.ca\/uqactualites\/"},{"@type":"ListItem","position":2,"name":"Un prix de reconnaissance international d\u00e9cern\u00e9 \u00e0 Masoud Farzaneh"}]},{"@type":"WebSite","@id":"https:\/\/www.uqac.ca\/uqactualites\/#website","url":"https:\/\/www.uqac.ca\/uqactualites\/","name":"UQACtualit\u00e9s","description":"Le portail des nouvelles de l&#039;UQAC","potentialAction":[{"@type":"SearchAction","target":{"@type":"EntryPoint","urlTemplate":"https:\/\/www.uqac.ca\/uqactualites\/?s={search_term_string}"},"query-input":{"@type":"PropertyValueSpecification","valueRequired":true,"valueName":"search_term_string"}}],"inLanguage":"fr-CA"},{"@type":"Person","@id":"https:\/\/www.uqac.ca\/uqactualites\/#\/schema\/person\/366c45a0c4f0e677b41b4af5886e2018","name":"Service des communications et des relations publiques","image":{"@type":"ImageObject","inLanguage":"fr-CA","@id":"https:\/\/www.uqac.ca\/uqactualites\/#\/schema\/person\/image\/","url":"https:\/\/secure.gravatar.com\/avatar\/20fbbda8a292f59f2d3461a5b999c00b?s=96&d=mm&r=g","contentUrl":"https:\/\/secure.gravatar.com\/avatar\/20fbbda8a292f59f2d3461a5b999c00b?s=96&d=mm&r=g","caption":"Service des communications et des relations publiques"},"url":"https:\/\/www.uqac.ca\/uqactualites\/author\/bap\/"}]}},"_links":{"self":[{"href":"https:\/\/www.uqac.ca\/uqactualites\/wp-json\/wp\/v2\/posts\/37162"}],"collection":[{"href":"https:\/\/www.uqac.ca\/uqactualites\/wp-json\/wp\/v2\/posts"}],"about":[{"href":"https:\/\/www.uqac.ca\/uqactualites\/wp-json\/wp\/v2\/types\/post"}],"author":[{"embeddable":true,"href":"https:\/\/www.uqac.ca\/uqactualites\/wp-json\/wp\/v2\/users\/5"}],"replies":[{"embeddable":true,"href":"https:\/\/www.uqac.ca\/uqactualites\/wp-json\/wp\/v2\/comments?post=37162"}],"version-history":[{"count":0,"href":"https:\/\/www.uqac.ca\/uqactualites\/wp-json\/wp\/v2\/posts\/37162\/revisions"}],"wp:featuredmedia":[{"embeddable":true,"href":"https:\/\/www.uqac.ca\/uqactualites\/wp-json\/wp\/v2\/media\/37166"}],"wp:attachment":[{"href":"https:\/\/www.uqac.ca\/uqactualites\/wp-json\/wp\/v2\/media?parent=37162"}],"wp:term":[{"taxonomy":"category","embeddable":true,"href":"https:\/\/www.uqac.ca\/uqactualites\/wp-json\/wp\/v2\/categories?post=37162"},{"taxonomy":"post_tag","embeddable":true,"href":"https:\/\/www.uqac.ca\/uqactualites\/wp-json\/wp\/v2\/tags?post=37162"}],"curies":[{"name":"wp","href":"https:\/\/api.w.org\/{rel}","templated":true}]}}