{"id":37176,"date":"2019-10-04T14:23:45","date_gmt":"2019-10-04T18:23:45","guid":{"rendered":"https:\/\/www.uqac.ca\/?p=37176"},"modified":"2019-10-04T14:23:45","modified_gmt":"2019-10-04T18:23:45","slug":"cynthia-harvey-et-damien-hallegatte-finalistes-prix-litteraires-2019","status":"publish","type":"post","link":"https:\/\/www.uqac.ca\/uqactualites\/2019\/10\/04\/cynthia-harvey-et-damien-hallegatte-finalistes-prix-litteraires-2019\/","title":{"rendered":"Cynthia Harvey et Damien Hallegatte finalistes aux Prix litt\u00e9raires 2019 du Salon du livre"},"content":{"rendered":"<p>Cynthia Harvey, professeure au D\u00e9partement des arts et lettres, et Damien Hallegatte, professeur au D\u00e9partement des sciences \u00e9conomiques et administratives de l\u2019UQAC, ont tous deux figur\u00e9 parmi les finalistes des Prix litt\u00e9raires 2019 du Salon du livre du Saguenay\u2013Lac-Saint-Jean.<\/p>\n<p>L\u2019ouvrage de Cynthia Harvey, <a href=\"http:\/\/www.groupenotabene.com\/publication\/portrait-du-romancier-en-bouddha-balzac-flaubert-zola\"><em>Portrait du romancier en Bouddha<\/em><\/a>\u00a0publi\u00e9 aux \u00c9ditions Nota Bene se retrouvait dans la cat\u00e9gorie Int\u00e9r\u00eat g\u00e9n\u00e9ral alors que <a href=\"http:\/\/www.editionsliber.com\/catalogue.php?p=878\"><em>Le pi\u00e8ge de la soci\u00e9t\u00e9 de consommation<\/em><\/a>\u00a0de Damien Hallegatte publi\u00e9 aux \u00c9ditions Liber se retrouvait dans la cat\u00e9gorie D\u00e9couverte.<\/p>\n<p>Les Prix litt\u00e9raires du Salon du livre du Saguenay\u2013Lac-Saint-Jean r\u00e9compensent les auteurs de la r\u00e9gion. La 55<sup>e<\/sup>\u00a0\u00e9dition du\u00a0<a href=\"https:\/\/salondulivre.ca\/\">Salon du livre<\/a>\u00a0s&rsquo;est d\u00e9roul\u00e9 du 26 au 29 septembre 2019.<\/p>\n<p>Pour consulter la liste compl\u00e8te des finalistes:<a href=\"https:\/\/revue.leslibraires.ca\/actualites\/les-prix-litteraires\/les-finalistes-des-prix-litteraires-du-salon-du-livre-du-saguenay-lac-saint-jean-2019\">\u00a0revue.leslibraires.ca\/actualites\/les-prix-litteraires\/les-finalistes-des-prix-litteraires-du-salon-du-livre-du-saguenay-lac-saint-jean-2019<\/a><\/p>\n","protected":false},"excerpt":{"rendered":"<p>Cynthia Harvey, professeure au D\u00e9partement des arts et lettres, et Damien Hallegatte, professeur au D\u00e9partement des sciences \u00e9conomiques et administratives de l\u2019UQAC, ont tous deux figur\u00e9 parmi les finalistes des Prix litt\u00e9raires 2019 du Salon du livre du Saguenay\u2013Lac-Saint-Jean. L\u2019ouvrage de Cynthia Harvey, Portrait du romancier en Bouddha\u00a0publi\u00e9 aux \u00c9ditions Nota Bene se retrouvait dans [&hellip;]<\/p>\n","protected":false},"author":5,"featured_media":37177,"comment_status":"open","ping_status":"open","sticky":false,"template":"","format":"standard","meta":{"footnotes":""},"categories":[2,4],"tags":[152,8],"yoast_head":"<!-- This site is optimized with the Yoast SEO plugin v24.2 - https:\/\/yoast.com\/wordpress\/plugins\/seo\/ -->\r\n<title>Cynthia Harvey et Damien Hallegatte finalistes aux Prix litt\u00e9raires 2019 du Salon du livre - UQACtualit\u00e9s<\/title>\r\n<meta name=\"robots\" content=\"index, follow, max-snippet:-1, max-image-preview:large, max-video-preview:-1\" \/>\r\n<link rel=\"canonical\" href=\"https:\/\/www.uqac.ca\/uqactualites\/2019\/10\/04\/cynthia-harvey-et-damien-hallegatte-finalistes-prix-litteraires-2019\/\" \/>\r\n<meta property=\"og:locale\" content=\"fr_CA\" \/>\r\n<meta property=\"og:type\" content=\"article\" \/>\r\n<meta property=\"og:title\" content=\"Cynthia Harvey et Damien Hallegatte finalistes aux Prix litt\u00e9raires 2019 du Salon du livre - UQACtualit\u00e9s\" \/>\r\n<meta property=\"og:description\" content=\"Cynthia Harvey, professeure au D\u00e9partement des arts et lettres, et Damien Hallegatte, professeur au D\u00e9partement des sciences \u00e9conomiques et administratives de l\u2019UQAC, ont tous deux figur\u00e9 parmi les finalistes des Prix litt\u00e9raires 2019 du Salon du livre du Saguenay\u2013Lac-Saint-Jean. L\u2019ouvrage de Cynthia Harvey, Portrait du romancier en Bouddha\u00a0publi\u00e9 aux \u00c9ditions Nota Bene se retrouvait dans [&hellip;]\" \/>\r\n<meta property=\"og:url\" content=\"https:\/\/www.uqac.ca\/uqactualites\/2019\/10\/04\/cynthia-harvey-et-damien-hallegatte-finalistes-prix-litteraires-2019\/\" \/>\r\n<meta property=\"og:site_name\" content=\"UQACtualit\u00e9s\" \/>\r\n<meta property=\"article:published_time\" content=\"2019-10-04T18:23:45+00:00\" \/>\r\n<meta property=\"og:image\" content=\"https:\/\/www.uqac.ca\/uqactualites\/wp-content\/uploads\/2019\/10\/Finalistes_Prix-litterairesA19.jpg\" \/>\r\n\t<meta property=\"og:image:width\" content=\"680\" \/>\r\n\t<meta property=\"og:image:height\" content=\"420\" \/>\r\n\t<meta property=\"og:image:type\" content=\"image\/jpeg\" \/>\r\n<meta name=\"author\" content=\"Service des communications et des relations publiques\" \/>\r\n<meta name=\"twitter:card\" content=\"summary_large_image\" \/>\r\n<meta name=\"twitter:label1\" content=\"\u00c9crit par\" \/>\n\t<meta name=\"twitter:data1\" content=\"Service des communications et des relations publiques\" \/>\n\t<meta name=\"twitter:label2\" content=\"Estimation du temps de lecture\" \/>\n\t<meta name=\"twitter:data2\" content=\"1 minute\" \/>\r\n<script type=\"application\/ld+json\" class=\"yoast-schema-graph\">{\"@context\":\"https:\/\/schema.org\",\"@graph\":[{\"@type\":\"WebPage\",\"@id\":\"https:\/\/www.uqac.ca\/uqactualites\/2019\/10\/04\/cynthia-harvey-et-damien-hallegatte-finalistes-prix-litteraires-2019\/\",\"url\":\"https:\/\/www.uqac.ca\/uqactualites\/2019\/10\/04\/cynthia-harvey-et-damien-hallegatte-finalistes-prix-litteraires-2019\/\",\"name\":\"Cynthia Harvey et Damien Hallegatte finalistes aux Prix litt\u00e9raires 2019 du Salon du livre - UQACtualit\u00e9s\",\"isPartOf\":{\"@id\":\"https:\/\/www.uqac.ca\/uqactualites\/#website\"},\"primaryImageOfPage\":{\"@id\":\"https:\/\/www.uqac.ca\/uqactualites\/2019\/10\/04\/cynthia-harvey-et-damien-hallegatte-finalistes-prix-litteraires-2019\/#primaryimage\"},\"image\":{\"@id\":\"https:\/\/www.uqac.ca\/uqactualites\/2019\/10\/04\/cynthia-harvey-et-damien-hallegatte-finalistes-prix-litteraires-2019\/#primaryimage\"},\"thumbnailUrl\":\"https:\/\/www.uqac.ca\/uqactualites\/wp-content\/uploads\/2019\/10\/Finalistes_Prix-litterairesA19.jpg\",\"datePublished\":\"2019-10-04T18:23:45+00:00\",\"dateModified\":\"2019-10-04T18:23:45+00:00\",\"author\":{\"@id\":\"https:\/\/www.uqac.ca\/uqactualites\/#\/schema\/person\/366c45a0c4f0e677b41b4af5886e2018\"},\"breadcrumb\":{\"@id\":\"https:\/\/www.uqac.ca\/uqactualites\/2019\/10\/04\/cynthia-harvey-et-damien-hallegatte-finalistes-prix-litteraires-2019\/#breadcrumb\"},\"inLanguage\":\"fr-CA\",\"potentialAction\":[{\"@type\":\"ReadAction\",\"target\":[\"https:\/\/www.uqac.ca\/uqactualites\/2019\/10\/04\/cynthia-harvey-et-damien-hallegatte-finalistes-prix-litteraires-2019\/\"]}]},{\"@type\":\"ImageObject\",\"inLanguage\":\"fr-CA\",\"@id\":\"https:\/\/www.uqac.ca\/uqactualites\/2019\/10\/04\/cynthia-harvey-et-damien-hallegatte-finalistes-prix-litteraires-2019\/#primaryimage\",\"url\":\"https:\/\/www.uqac.ca\/uqactualites\/wp-content\/uploads\/2019\/10\/Finalistes_Prix-litterairesA19.jpg\",\"contentUrl\":\"https:\/\/www.uqac.ca\/uqactualites\/wp-content\/uploads\/2019\/10\/Finalistes_Prix-litterairesA19.jpg\",\"width\":680,\"height\":420},{\"@type\":\"BreadcrumbList\",\"@id\":\"https:\/\/www.uqac.ca\/uqactualites\/2019\/10\/04\/cynthia-harvey-et-damien-hallegatte-finalistes-prix-litteraires-2019\/#breadcrumb\",\"itemListElement\":[{\"@type\":\"ListItem\",\"position\":1,\"name\":\"Home\",\"item\":\"https:\/\/www.uqac.ca\/uqactualites\/\"},{\"@type\":\"ListItem\",\"position\":2,\"name\":\"Cynthia Harvey et Damien Hallegatte finalistes aux Prix litt\u00e9raires 2019 du Salon du livre\"}]},{\"@type\":\"WebSite\",\"@id\":\"https:\/\/www.uqac.ca\/uqactualites\/#website\",\"url\":\"https:\/\/www.uqac.ca\/uqactualites\/\",\"name\":\"UQACtualit\u00e9s\",\"description\":\"Le portail des nouvelles de l&#039;UQAC\",\"potentialAction\":[{\"@type\":\"SearchAction\",\"target\":{\"@type\":\"EntryPoint\",\"urlTemplate\":\"https:\/\/www.uqac.ca\/uqactualites\/?s={search_term_string}\"},\"query-input\":{\"@type\":\"PropertyValueSpecification\",\"valueRequired\":true,\"valueName\":\"search_term_string\"}}],\"inLanguage\":\"fr-CA\"},{\"@type\":\"Person\",\"@id\":\"https:\/\/www.uqac.ca\/uqactualites\/#\/schema\/person\/366c45a0c4f0e677b41b4af5886e2018\",\"name\":\"Service des communications et des relations publiques\",\"image\":{\"@type\":\"ImageObject\",\"inLanguage\":\"fr-CA\",\"@id\":\"https:\/\/www.uqac.ca\/uqactualites\/#\/schema\/person\/image\/\",\"url\":\"https:\/\/secure.gravatar.com\/avatar\/20fbbda8a292f59f2d3461a5b999c00b?s=96&d=mm&r=g\",\"contentUrl\":\"https:\/\/secure.gravatar.com\/avatar\/20fbbda8a292f59f2d3461a5b999c00b?s=96&d=mm&r=g\",\"caption\":\"Service des communications et des relations publiques\"},\"url\":\"https:\/\/www.uqac.ca\/uqactualites\/author\/bap\/\"}]}<\/script>\r\n<!-- \/ Yoast SEO plugin. -->","yoast_head_json":{"title":"Cynthia Harvey et Damien Hallegatte finalistes aux Prix litt\u00e9raires 2019 du Salon du livre - UQACtualit\u00e9s","robots":{"index":"index","follow":"follow","max-snippet":"max-snippet:-1","max-image-preview":"max-image-preview:large","max-video-preview":"max-video-preview:-1"},"canonical":"https:\/\/www.uqac.ca\/uqactualites\/2019\/10\/04\/cynthia-harvey-et-damien-hallegatte-finalistes-prix-litteraires-2019\/","og_locale":"fr_CA","og_type":"article","og_title":"Cynthia Harvey et Damien Hallegatte finalistes aux Prix litt\u00e9raires 2019 du Salon du livre - UQACtualit\u00e9s","og_description":"Cynthia Harvey, professeure au D\u00e9partement des arts et lettres, et Damien Hallegatte, professeur au D\u00e9partement des sciences \u00e9conomiques et administratives de l\u2019UQAC, ont tous deux figur\u00e9 parmi les finalistes des Prix litt\u00e9raires 2019 du Salon du livre du Saguenay\u2013Lac-Saint-Jean. L\u2019ouvrage de Cynthia Harvey, Portrait du romancier en Bouddha\u00a0publi\u00e9 aux \u00c9ditions Nota Bene se retrouvait dans [&hellip;]","og_url":"https:\/\/www.uqac.ca\/uqactualites\/2019\/10\/04\/cynthia-harvey-et-damien-hallegatte-finalistes-prix-litteraires-2019\/","og_site_name":"UQACtualit\u00e9s","article_published_time":"2019-10-04T18:23:45+00:00","og_image":[{"width":680,"height":420,"url":"https:\/\/www.uqac.ca\/uqactualites\/wp-content\/uploads\/2019\/10\/Finalistes_Prix-litterairesA19.jpg","type":"image\/jpeg"}],"author":"Service des communications et des relations publiques","twitter_card":"summary_large_image","twitter_misc":{"\u00c9crit par":"Service des communications et des relations publiques","Estimation du temps de lecture":"1 minute"},"schema":{"@context":"https:\/\/schema.org","@graph":[{"@type":"WebPage","@id":"https:\/\/www.uqac.ca\/uqactualites\/2019\/10\/04\/cynthia-harvey-et-damien-hallegatte-finalistes-prix-litteraires-2019\/","url":"https:\/\/www.uqac.ca\/uqactualites\/2019\/10\/04\/cynthia-harvey-et-damien-hallegatte-finalistes-prix-litteraires-2019\/","name":"Cynthia Harvey et Damien Hallegatte finalistes aux Prix litt\u00e9raires 2019 du Salon du livre - UQACtualit\u00e9s","isPartOf":{"@id":"https:\/\/www.uqac.ca\/uqactualites\/#website"},"primaryImageOfPage":{"@id":"https:\/\/www.uqac.ca\/uqactualites\/2019\/10\/04\/cynthia-harvey-et-damien-hallegatte-finalistes-prix-litteraires-2019\/#primaryimage"},"image":{"@id":"https:\/\/www.uqac.ca\/uqactualites\/2019\/10\/04\/cynthia-harvey-et-damien-hallegatte-finalistes-prix-litteraires-2019\/#primaryimage"},"thumbnailUrl":"https:\/\/www.uqac.ca\/uqactualites\/wp-content\/uploads\/2019\/10\/Finalistes_Prix-litterairesA19.jpg","datePublished":"2019-10-04T18:23:45+00:00","dateModified":"2019-10-04T18:23:45+00:00","author":{"@id":"https:\/\/www.uqac.ca\/uqactualites\/#\/schema\/person\/366c45a0c4f0e677b41b4af5886e2018"},"breadcrumb":{"@id":"https:\/\/www.uqac.ca\/uqactualites\/2019\/10\/04\/cynthia-harvey-et-damien-hallegatte-finalistes-prix-litteraires-2019\/#breadcrumb"},"inLanguage":"fr-CA","potentialAction":[{"@type":"ReadAction","target":["https:\/\/www.uqac.ca\/uqactualites\/2019\/10\/04\/cynthia-harvey-et-damien-hallegatte-finalistes-prix-litteraires-2019\/"]}]},{"@type":"ImageObject","inLanguage":"fr-CA","@id":"https:\/\/www.uqac.ca\/uqactualites\/2019\/10\/04\/cynthia-harvey-et-damien-hallegatte-finalistes-prix-litteraires-2019\/#primaryimage","url":"https:\/\/www.uqac.ca\/uqactualites\/wp-content\/uploads\/2019\/10\/Finalistes_Prix-litterairesA19.jpg","contentUrl":"https:\/\/www.uqac.ca\/uqactualites\/wp-content\/uploads\/2019\/10\/Finalistes_Prix-litterairesA19.jpg","width":680,"height":420},{"@type":"BreadcrumbList","@id":"https:\/\/www.uqac.ca\/uqactualites\/2019\/10\/04\/cynthia-harvey-et-damien-hallegatte-finalistes-prix-litteraires-2019\/#breadcrumb","itemListElement":[{"@type":"ListItem","position":1,"name":"Home","item":"https:\/\/www.uqac.ca\/uqactualites\/"},{"@type":"ListItem","position":2,"name":"Cynthia Harvey et Damien Hallegatte finalistes aux Prix litt\u00e9raires 2019 du Salon du livre"}]},{"@type":"WebSite","@id":"https:\/\/www.uqac.ca\/uqactualites\/#website","url":"https:\/\/www.uqac.ca\/uqactualites\/","name":"UQACtualit\u00e9s","description":"Le portail des nouvelles de l&#039;UQAC","potentialAction":[{"@type":"SearchAction","target":{"@type":"EntryPoint","urlTemplate":"https:\/\/www.uqac.ca\/uqactualites\/?s={search_term_string}"},"query-input":{"@type":"PropertyValueSpecification","valueRequired":true,"valueName":"search_term_string"}}],"inLanguage":"fr-CA"},{"@type":"Person","@id":"https:\/\/www.uqac.ca\/uqactualites\/#\/schema\/person\/366c45a0c4f0e677b41b4af5886e2018","name":"Service des communications et des relations publiques","image":{"@type":"ImageObject","inLanguage":"fr-CA","@id":"https:\/\/www.uqac.ca\/uqactualites\/#\/schema\/person\/image\/","url":"https:\/\/secure.gravatar.com\/avatar\/20fbbda8a292f59f2d3461a5b999c00b?s=96&d=mm&r=g","contentUrl":"https:\/\/secure.gravatar.com\/avatar\/20fbbda8a292f59f2d3461a5b999c00b?s=96&d=mm&r=g","caption":"Service des communications et des relations publiques"},"url":"https:\/\/www.uqac.ca\/uqactualites\/author\/bap\/"}]}},"_links":{"self":[{"href":"https:\/\/www.uqac.ca\/uqactualites\/wp-json\/wp\/v2\/posts\/37176"}],"collection":[{"href":"https:\/\/www.uqac.ca\/uqactualites\/wp-json\/wp\/v2\/posts"}],"about":[{"href":"https:\/\/www.uqac.ca\/uqactualites\/wp-json\/wp\/v2\/types\/post"}],"author":[{"embeddable":true,"href":"https:\/\/www.uqac.ca\/uqactualites\/wp-json\/wp\/v2\/users\/5"}],"replies":[{"embeddable":true,"href":"https:\/\/www.uqac.ca\/uqactualites\/wp-json\/wp\/v2\/comments?post=37176"}],"version-history":[{"count":0,"href":"https:\/\/www.uqac.ca\/uqactualites\/wp-json\/wp\/v2\/posts\/37176\/revisions"}],"wp:featuredmedia":[{"embeddable":true,"href":"https:\/\/www.uqac.ca\/uqactualites\/wp-json\/wp\/v2\/media\/37177"}],"wp:attachment":[{"href":"https:\/\/www.uqac.ca\/uqactualites\/wp-json\/wp\/v2\/media?parent=37176"}],"wp:term":[{"taxonomy":"category","embeddable":true,"href":"https:\/\/www.uqac.ca\/uqactualites\/wp-json\/wp\/v2\/categories?post=37176"},{"taxonomy":"post_tag","embeddable":true,"href":"https:\/\/www.uqac.ca\/uqactualites\/wp-json\/wp\/v2\/tags?post=37176"}],"curies":[{"name":"wp","href":"https:\/\/api.w.org\/{rel}","templated":true}]}}