{"id":37184,"date":"2019-10-04T15:21:17","date_gmt":"2019-10-04T19:21:17","guid":{"rendered":"https:\/\/www.uqac.ca\/?p=37184"},"modified":"2019-10-04T15:21:17","modified_gmt":"2019-10-04T19:21:17","slug":"virginie-gargano-participe-a-la-8e-edition-de-la-canadian-adventure-therapy-conference","status":"publish","type":"post","link":"https:\/\/www.uqac.ca\/uqactualites\/2019\/10\/04\/virginie-gargano-participe-a-la-8e-edition-de-la-canadian-adventure-therapy-conference\/","title":{"rendered":"Virginie Gargano participe \u00e0 la 8e \u00e9dition de la Canadian Adventure Therapy Conference"},"content":{"rendered":"<p>Du 18 au 20 septembre dernier, Virginie Gargano prenait part \u00e0 la 8<sup>e<\/sup> \u00e9dition de la\u00a0<em>Canadian Adventure Therapy Conference<\/em>. C\u2019est \u00e0 Whitehorse, au Yukon, que se d\u00e9roulait l\u2019\u00e9v\u00e9nement d\u2019envergure nationale. Charg\u00e9e de cours au D\u00e9partement des sciences humaines et sociales de l\u2019UQAC, madame Gargano agissait \u00e9galement pour l&rsquo;occasion \u00e0 titre de codirectrice du comit\u00e9 directeur de cette conf\u00e9rence qui met en lumi\u00e8re les pratiques actuelles au pays.<\/p>\n<p>Celle qui enseigne au sein de l&rsquo;Unit\u00e9 d\u2019enseignement en travail social de m\u00eame qu&rsquo;en intervention plein air s\u2019est vu octroyer par l\u2019UQAC\u00a0un perfectionnement court afin de participer \u00e0 ce symposium \u00e0 titre de conf\u00e9renci\u00e8re. Elle a ainsi pu y pr\u00e9senter des r\u00e9sultats de recherche portant sur la place qu\u2019occupe le groupe dans l\u2019obtention d\u2019effets au sein des programmes d\u2019intervention\u00a0r\u00e9alis\u00e9s en contexte de nature et d\u2019aventure.<\/p>\n<p>&nbsp;<\/p>\n<p><span style=\"font-family: Calibri, sans-serif; color: #808080;\"><strong>Photo :<\/strong> gracieuset\u00e9 de Paul-Henri Callens<\/span><\/p>\n","protected":false},"excerpt":{"rendered":"<p>Du 18 au 20 septembre dernier, Virginie Gargano prenait part \u00e0 la 8e \u00e9dition de la\u00a0Canadian Adventure Therapy Conference. C\u2019est \u00e0 Whitehorse, au Yukon, que se d\u00e9roulait l\u2019\u00e9v\u00e9nement d\u2019envergure nationale. Charg\u00e9e de cours au D\u00e9partement des sciences humaines et sociales de l\u2019UQAC, madame Gargano agissait \u00e9galement pour l&rsquo;occasion \u00e0 titre de codirectrice du comit\u00e9 directeur [&hellip;]<\/p>\n","protected":false},"author":5,"featured_media":37186,"comment_status":"open","ping_status":"open","sticky":false,"template":"","format":"standard","meta":{"footnotes":""},"categories":[2,4],"tags":[343,22,470,345,16,471],"yoast_head":"<!-- This site is optimized with the Yoast SEO plugin v24.2 - https:\/\/yoast.com\/wordpress\/plugins\/seo\/ -->\r\n<title>Virginie Gargano participe \u00e0 la 8e \u00e9dition de la Canadian Adventure Therapy Conference - UQACtualit\u00e9s<\/title>\r\n<meta name=\"robots\" content=\"index, follow, max-snippet:-1, max-image-preview:large, max-video-preview:-1\" \/>\r\n<link rel=\"canonical\" href=\"https:\/\/www.uqac.ca\/uqactualites\/2019\/10\/04\/virginie-gargano-participe-a-la-8e-edition-de-la-canadian-adventure-therapy-conference\/\" \/>\r\n<meta property=\"og:locale\" content=\"fr_CA\" \/>\r\n<meta property=\"og:type\" content=\"article\" \/>\r\n<meta property=\"og:title\" content=\"Virginie Gargano participe \u00e0 la 8e \u00e9dition de la Canadian Adventure Therapy Conference - UQACtualit\u00e9s\" \/>\r\n<meta property=\"og:description\" content=\"Du 18 au 20 septembre dernier, Virginie Gargano prenait part \u00e0 la 8e \u00e9dition de la\u00a0Canadian Adventure Therapy Conference. C\u2019est \u00e0 Whitehorse, au Yukon, que se d\u00e9roulait l\u2019\u00e9v\u00e9nement d\u2019envergure nationale. Charg\u00e9e de cours au D\u00e9partement des sciences humaines et sociales de l\u2019UQAC, madame Gargano agissait \u00e9galement pour l&rsquo;occasion \u00e0 titre de codirectrice du comit\u00e9 directeur [&hellip;]\" \/>\r\n<meta property=\"og:url\" content=\"https:\/\/www.uqac.ca\/uqactualites\/2019\/10\/04\/virginie-gargano-participe-a-la-8e-edition-de-la-canadian-adventure-therapy-conference\/\" \/>\r\n<meta property=\"og:site_name\" content=\"UQACtualit\u00e9s\" \/>\r\n<meta property=\"article:published_time\" content=\"2019-10-04T19:21:17+00:00\" \/>\r\n<meta property=\"og:image\" content=\"https:\/\/www.uqac.ca\/uqactualites\/wp-content\/uploads\/2019\/10\/Sans-titre-1.jpg\" \/>\r\n\t<meta property=\"og:image:width\" content=\"800\" \/>\r\n\t<meta property=\"og:image:height\" content=\"600\" \/>\r\n\t<meta property=\"og:image:type\" content=\"image\/jpeg\" \/>\r\n<meta name=\"author\" content=\"Service des communications et des relations publiques\" \/>\r\n<meta name=\"twitter:card\" content=\"summary_large_image\" \/>\r\n<meta name=\"twitter:label1\" content=\"\u00c9crit par\" \/>\n\t<meta name=\"twitter:data1\" content=\"Service des communications et des relations publiques\" \/>\n\t<meta name=\"twitter:label2\" content=\"Estimation du temps de lecture\" \/>\n\t<meta name=\"twitter:data2\" content=\"1 minute\" \/>\r\n<script type=\"application\/ld+json\" class=\"yoast-schema-graph\">{\"@context\":\"https:\/\/schema.org\",\"@graph\":[{\"@type\":\"WebPage\",\"@id\":\"https:\/\/www.uqac.ca\/uqactualites\/2019\/10\/04\/virginie-gargano-participe-a-la-8e-edition-de-la-canadian-adventure-therapy-conference\/\",\"url\":\"https:\/\/www.uqac.ca\/uqactualites\/2019\/10\/04\/virginie-gargano-participe-a-la-8e-edition-de-la-canadian-adventure-therapy-conference\/\",\"name\":\"Virginie Gargano participe \u00e0 la 8e \u00e9dition de la Canadian Adventure Therapy Conference - UQACtualit\u00e9s\",\"isPartOf\":{\"@id\":\"https:\/\/www.uqac.ca\/uqactualites\/#website\"},\"primaryImageOfPage\":{\"@id\":\"https:\/\/www.uqac.ca\/uqactualites\/2019\/10\/04\/virginie-gargano-participe-a-la-8e-edition-de-la-canadian-adventure-therapy-conference\/#primaryimage\"},\"image\":{\"@id\":\"https:\/\/www.uqac.ca\/uqactualites\/2019\/10\/04\/virginie-gargano-participe-a-la-8e-edition-de-la-canadian-adventure-therapy-conference\/#primaryimage\"},\"thumbnailUrl\":\"https:\/\/www.uqac.ca\/uqactualites\/wp-content\/uploads\/2019\/10\/Sans-titre-1.jpg\",\"datePublished\":\"2019-10-04T19:21:17+00:00\",\"dateModified\":\"2019-10-04T19:21:17+00:00\",\"author\":{\"@id\":\"https:\/\/www.uqac.ca\/uqactualites\/#\/schema\/person\/366c45a0c4f0e677b41b4af5886e2018\"},\"breadcrumb\":{\"@id\":\"https:\/\/www.uqac.ca\/uqactualites\/2019\/10\/04\/virginie-gargano-participe-a-la-8e-edition-de-la-canadian-adventure-therapy-conference\/#breadcrumb\"},\"inLanguage\":\"fr-CA\",\"potentialAction\":[{\"@type\":\"ReadAction\",\"target\":[\"https:\/\/www.uqac.ca\/uqactualites\/2019\/10\/04\/virginie-gargano-participe-a-la-8e-edition-de-la-canadian-adventure-therapy-conference\/\"]}]},{\"@type\":\"ImageObject\",\"inLanguage\":\"fr-CA\",\"@id\":\"https:\/\/www.uqac.ca\/uqactualites\/2019\/10\/04\/virginie-gargano-participe-a-la-8e-edition-de-la-canadian-adventure-therapy-conference\/#primaryimage\",\"url\":\"https:\/\/www.uqac.ca\/uqactualites\/wp-content\/uploads\/2019\/10\/Sans-titre-1.jpg\",\"contentUrl\":\"https:\/\/www.uqac.ca\/uqactualites\/wp-content\/uploads\/2019\/10\/Sans-titre-1.jpg\",\"width\":800,\"height\":600},{\"@type\":\"BreadcrumbList\",\"@id\":\"https:\/\/www.uqac.ca\/uqactualites\/2019\/10\/04\/virginie-gargano-participe-a-la-8e-edition-de-la-canadian-adventure-therapy-conference\/#breadcrumb\",\"itemListElement\":[{\"@type\":\"ListItem\",\"position\":1,\"name\":\"Home\",\"item\":\"https:\/\/www.uqac.ca\/uqactualites\/\"},{\"@type\":\"ListItem\",\"position\":2,\"name\":\"Virginie Gargano participe \u00e0 la 8e \u00e9dition de la Canadian Adventure Therapy Conference\"}]},{\"@type\":\"WebSite\",\"@id\":\"https:\/\/www.uqac.ca\/uqactualites\/#website\",\"url\":\"https:\/\/www.uqac.ca\/uqactualites\/\",\"name\":\"UQACtualit\u00e9s\",\"description\":\"Le portail des nouvelles de l&#039;UQAC\",\"potentialAction\":[{\"@type\":\"SearchAction\",\"target\":{\"@type\":\"EntryPoint\",\"urlTemplate\":\"https:\/\/www.uqac.ca\/uqactualites\/?s={search_term_string}\"},\"query-input\":{\"@type\":\"PropertyValueSpecification\",\"valueRequired\":true,\"valueName\":\"search_term_string\"}}],\"inLanguage\":\"fr-CA\"},{\"@type\":\"Person\",\"@id\":\"https:\/\/www.uqac.ca\/uqactualites\/#\/schema\/person\/366c45a0c4f0e677b41b4af5886e2018\",\"name\":\"Service des communications et des relations publiques\",\"image\":{\"@type\":\"ImageObject\",\"inLanguage\":\"fr-CA\",\"@id\":\"https:\/\/www.uqac.ca\/uqactualites\/#\/schema\/person\/image\/\",\"url\":\"https:\/\/secure.gravatar.com\/avatar\/20fbbda8a292f59f2d3461a5b999c00b?s=96&d=mm&r=g\",\"contentUrl\":\"https:\/\/secure.gravatar.com\/avatar\/20fbbda8a292f59f2d3461a5b999c00b?s=96&d=mm&r=g\",\"caption\":\"Service des communications et des relations publiques\"},\"url\":\"https:\/\/www.uqac.ca\/uqactualites\/author\/bap\/\"}]}<\/script>\r\n<!-- \/ Yoast SEO plugin. -->","yoast_head_json":{"title":"Virginie Gargano participe \u00e0 la 8e \u00e9dition de la Canadian Adventure Therapy Conference - UQACtualit\u00e9s","robots":{"index":"index","follow":"follow","max-snippet":"max-snippet:-1","max-image-preview":"max-image-preview:large","max-video-preview":"max-video-preview:-1"},"canonical":"https:\/\/www.uqac.ca\/uqactualites\/2019\/10\/04\/virginie-gargano-participe-a-la-8e-edition-de-la-canadian-adventure-therapy-conference\/","og_locale":"fr_CA","og_type":"article","og_title":"Virginie Gargano participe \u00e0 la 8e \u00e9dition de la Canadian Adventure Therapy Conference - UQACtualit\u00e9s","og_description":"Du 18 au 20 septembre dernier, Virginie Gargano prenait part \u00e0 la 8e \u00e9dition de la\u00a0Canadian Adventure Therapy Conference. C\u2019est \u00e0 Whitehorse, au Yukon, que se d\u00e9roulait l\u2019\u00e9v\u00e9nement d\u2019envergure nationale. Charg\u00e9e de cours au D\u00e9partement des sciences humaines et sociales de l\u2019UQAC, madame Gargano agissait \u00e9galement pour l&rsquo;occasion \u00e0 titre de codirectrice du comit\u00e9 directeur [&hellip;]","og_url":"https:\/\/www.uqac.ca\/uqactualites\/2019\/10\/04\/virginie-gargano-participe-a-la-8e-edition-de-la-canadian-adventure-therapy-conference\/","og_site_name":"UQACtualit\u00e9s","article_published_time":"2019-10-04T19:21:17+00:00","og_image":[{"width":800,"height":600,"url":"https:\/\/www.uqac.ca\/uqactualites\/wp-content\/uploads\/2019\/10\/Sans-titre-1.jpg","type":"image\/jpeg"}],"author":"Service des communications et des relations publiques","twitter_card":"summary_large_image","twitter_misc":{"\u00c9crit par":"Service des communications et des relations publiques","Estimation du temps de lecture":"1 minute"},"schema":{"@context":"https:\/\/schema.org","@graph":[{"@type":"WebPage","@id":"https:\/\/www.uqac.ca\/uqactualites\/2019\/10\/04\/virginie-gargano-participe-a-la-8e-edition-de-la-canadian-adventure-therapy-conference\/","url":"https:\/\/www.uqac.ca\/uqactualites\/2019\/10\/04\/virginie-gargano-participe-a-la-8e-edition-de-la-canadian-adventure-therapy-conference\/","name":"Virginie Gargano participe \u00e0 la 8e \u00e9dition de la Canadian Adventure Therapy Conference - UQACtualit\u00e9s","isPartOf":{"@id":"https:\/\/www.uqac.ca\/uqactualites\/#website"},"primaryImageOfPage":{"@id":"https:\/\/www.uqac.ca\/uqactualites\/2019\/10\/04\/virginie-gargano-participe-a-la-8e-edition-de-la-canadian-adventure-therapy-conference\/#primaryimage"},"image":{"@id":"https:\/\/www.uqac.ca\/uqactualites\/2019\/10\/04\/virginie-gargano-participe-a-la-8e-edition-de-la-canadian-adventure-therapy-conference\/#primaryimage"},"thumbnailUrl":"https:\/\/www.uqac.ca\/uqactualites\/wp-content\/uploads\/2019\/10\/Sans-titre-1.jpg","datePublished":"2019-10-04T19:21:17+00:00","dateModified":"2019-10-04T19:21:17+00:00","author":{"@id":"https:\/\/www.uqac.ca\/uqactualites\/#\/schema\/person\/366c45a0c4f0e677b41b4af5886e2018"},"breadcrumb":{"@id":"https:\/\/www.uqac.ca\/uqactualites\/2019\/10\/04\/virginie-gargano-participe-a-la-8e-edition-de-la-canadian-adventure-therapy-conference\/#breadcrumb"},"inLanguage":"fr-CA","potentialAction":[{"@type":"ReadAction","target":["https:\/\/www.uqac.ca\/uqactualites\/2019\/10\/04\/virginie-gargano-participe-a-la-8e-edition-de-la-canadian-adventure-therapy-conference\/"]}]},{"@type":"ImageObject","inLanguage":"fr-CA","@id":"https:\/\/www.uqac.ca\/uqactualites\/2019\/10\/04\/virginie-gargano-participe-a-la-8e-edition-de-la-canadian-adventure-therapy-conference\/#primaryimage","url":"https:\/\/www.uqac.ca\/uqactualites\/wp-content\/uploads\/2019\/10\/Sans-titre-1.jpg","contentUrl":"https:\/\/www.uqac.ca\/uqactualites\/wp-content\/uploads\/2019\/10\/Sans-titre-1.jpg","width":800,"height":600},{"@type":"BreadcrumbList","@id":"https:\/\/www.uqac.ca\/uqactualites\/2019\/10\/04\/virginie-gargano-participe-a-la-8e-edition-de-la-canadian-adventure-therapy-conference\/#breadcrumb","itemListElement":[{"@type":"ListItem","position":1,"name":"Home","item":"https:\/\/www.uqac.ca\/uqactualites\/"},{"@type":"ListItem","position":2,"name":"Virginie Gargano participe \u00e0 la 8e \u00e9dition de la Canadian Adventure Therapy Conference"}]},{"@type":"WebSite","@id":"https:\/\/www.uqac.ca\/uqactualites\/#website","url":"https:\/\/www.uqac.ca\/uqactualites\/","name":"UQACtualit\u00e9s","description":"Le portail des nouvelles de l&#039;UQAC","potentialAction":[{"@type":"SearchAction","target":{"@type":"EntryPoint","urlTemplate":"https:\/\/www.uqac.ca\/uqactualites\/?s={search_term_string}"},"query-input":{"@type":"PropertyValueSpecification","valueRequired":true,"valueName":"search_term_string"}}],"inLanguage":"fr-CA"},{"@type":"Person","@id":"https:\/\/www.uqac.ca\/uqactualites\/#\/schema\/person\/366c45a0c4f0e677b41b4af5886e2018","name":"Service des communications et des relations publiques","image":{"@type":"ImageObject","inLanguage":"fr-CA","@id":"https:\/\/www.uqac.ca\/uqactualites\/#\/schema\/person\/image\/","url":"https:\/\/secure.gravatar.com\/avatar\/20fbbda8a292f59f2d3461a5b999c00b?s=96&d=mm&r=g","contentUrl":"https:\/\/secure.gravatar.com\/avatar\/20fbbda8a292f59f2d3461a5b999c00b?s=96&d=mm&r=g","caption":"Service des communications et des relations publiques"},"url":"https:\/\/www.uqac.ca\/uqactualites\/author\/bap\/"}]}},"_links":{"self":[{"href":"https:\/\/www.uqac.ca\/uqactualites\/wp-json\/wp\/v2\/posts\/37184"}],"collection":[{"href":"https:\/\/www.uqac.ca\/uqactualites\/wp-json\/wp\/v2\/posts"}],"about":[{"href":"https:\/\/www.uqac.ca\/uqactualites\/wp-json\/wp\/v2\/types\/post"}],"author":[{"embeddable":true,"href":"https:\/\/www.uqac.ca\/uqactualites\/wp-json\/wp\/v2\/users\/5"}],"replies":[{"embeddable":true,"href":"https:\/\/www.uqac.ca\/uqactualites\/wp-json\/wp\/v2\/comments?post=37184"}],"version-history":[{"count":0,"href":"https:\/\/www.uqac.ca\/uqactualites\/wp-json\/wp\/v2\/posts\/37184\/revisions"}],"wp:featuredmedia":[{"embeddable":true,"href":"https:\/\/www.uqac.ca\/uqactualites\/wp-json\/wp\/v2\/media\/37186"}],"wp:attachment":[{"href":"https:\/\/www.uqac.ca\/uqactualites\/wp-json\/wp\/v2\/media?parent=37184"}],"wp:term":[{"taxonomy":"category","embeddable":true,"href":"https:\/\/www.uqac.ca\/uqactualites\/wp-json\/wp\/v2\/categories?post=37184"},{"taxonomy":"post_tag","embeddable":true,"href":"https:\/\/www.uqac.ca\/uqactualites\/wp-json\/wp\/v2\/tags?post=37184"}],"curies":[{"name":"wp","href":"https:\/\/api.w.org\/{rel}","templated":true}]}}