{"id":37200,"date":"2019-10-09T11:55:01","date_gmt":"2019-10-09T15:55:01","guid":{"rendered":"https:\/\/www.uqac.ca\/?p=37200"},"modified":"2019-10-09T11:55:01","modified_gmt":"2019-10-09T15:55:01","slug":"familles-recherchees-pour-participer-aux-activites-cliniques-des-etudiants-en-travail-social","status":"publish","type":"post","link":"https:\/\/www.uqac.ca\/uqactualites\/2019\/10\/09\/familles-recherchees-pour-participer-aux-activites-cliniques-des-etudiants-en-travail-social\/","title":{"rendered":"Familles recherch\u00e9es pour participer aux activit\u00e9s cliniques des \u00e9tudiants en travail social"},"content":{"rendered":"<p>L\u2019Unit\u00e9 d\u2019enseignement en travail social est \u00e0 la recherche de familles d\u2019enfants ou d\u2019adolescents qui \u00e9prouvent des difficult\u00e9s comportementales ou d\u2019encadrement (encadrement des devoirs, non-respect des r\u00e8gles familiales, fr\u00e9quentation d\u2019amis \u00e0 risque, conflits familiaux, anxi\u00e9t\u00e9, manque d\u2019estime de soi, etc.)<\/p>\n<p>Ces enfants ou adolescents et leur famille pourront recevoir des interventions cibl\u00e9es de la part d\u2019\u00e9tudiants en travail social sous la supervision de professionnels, membres de l\u2019Ordre des travailleurs sociaux et des th\u00e9rapeutes conjugaux et familiaux du Qu\u00e9bec.<\/p>\n<p>Les services offerts comprennent une dizaine de rencontres incluant une \u00e9valuation de la situation familiale et un suivi de courte dur\u00e9e durant les mois de septembre \u00e0 d\u00e9cembre 2019.<\/p>\n<ul>\n<li>Co\u00fbt par entrevue : 20 $<\/li>\n<li>Dur\u00e9e de chacune des rencontres : 60 \u00e0 90 minutes<\/li>\n<\/ul>\n<p><strong>Renseignements<\/strong><br \/>\nUnit\u00e9 d\u2019enseignement en travail social<br \/>\nD\u00e9partement des sciences humaines et sociales<br \/>\nUniversit\u00e9 du Qu\u00e9bec \u00e0 Chicoutimi<br \/>\n418 545-5011, poste 2698<\/p>\n","protected":false},"excerpt":{"rendered":"<p>L\u2019Unit\u00e9 d\u2019enseignement en travail social est \u00e0 la recherche de familles d\u2019enfants ou d\u2019adolescents qui \u00e9prouvent des difficult\u00e9s comportementales ou d\u2019encadrement (encadrement des devoirs, non-respect des r\u00e8gles familiales, fr\u00e9quentation d\u2019amis \u00e0 risque, conflits familiaux, anxi\u00e9t\u00e9, manque d\u2019estime de soi, etc.) Ces enfants ou adolescents et leur famille pourront recevoir des interventions cibl\u00e9es de la part [&hellip;]<\/p>\n","protected":false},"author":5,"featured_media":35157,"comment_status":"open","ping_status":"open","sticky":false,"template":"","format":"standard","meta":{"footnotes":""},"categories":[2],"tags":[22],"yoast_head":"<!-- This site is optimized with the Yoast SEO plugin v24.2 - https:\/\/yoast.com\/wordpress\/plugins\/seo\/ -->\r\n<title>Familles recherch\u00e9es pour participer aux activit\u00e9s cliniques des \u00e9tudiants en travail social - UQACtualit\u00e9s<\/title>\r\n<meta name=\"robots\" content=\"index, follow, max-snippet:-1, max-image-preview:large, max-video-preview:-1\" \/>\r\n<link rel=\"canonical\" href=\"https:\/\/www.uqac.ca\/uqactualites\/2019\/10\/09\/familles-recherchees-pour-participer-aux-activites-cliniques-des-etudiants-en-travail-social\/\" \/>\r\n<meta property=\"og:locale\" content=\"fr_CA\" \/>\r\n<meta property=\"og:type\" content=\"article\" \/>\r\n<meta property=\"og:title\" content=\"Familles recherch\u00e9es pour participer aux activit\u00e9s cliniques des \u00e9tudiants en travail social - UQACtualit\u00e9s\" \/>\r\n<meta property=\"og:description\" content=\"L\u2019Unit\u00e9 d\u2019enseignement en travail social est \u00e0 la recherche de familles d\u2019enfants ou d\u2019adolescents qui \u00e9prouvent des difficult\u00e9s comportementales ou d\u2019encadrement (encadrement des devoirs, non-respect des r\u00e8gles familiales, fr\u00e9quentation d\u2019amis \u00e0 risque, conflits familiaux, anxi\u00e9t\u00e9, manque d\u2019estime de soi, etc.) Ces enfants ou adolescents et leur famille pourront recevoir des interventions cibl\u00e9es de la part [&hellip;]\" \/>\r\n<meta property=\"og:url\" content=\"https:\/\/www.uqac.ca\/uqactualites\/2019\/10\/09\/familles-recherchees-pour-participer-aux-activites-cliniques-des-etudiants-en-travail-social\/\" \/>\r\n<meta property=\"og:site_name\" content=\"UQACtualit\u00e9s\" \/>\r\n<meta property=\"article:published_time\" content=\"2019-10-09T15:55:01+00:00\" \/>\r\n<meta property=\"og:image\" content=\"https:\/\/www.uqac.ca\/uqactualites\/wp-content\/uploads\/2018\/09\/GRAF_600X300UniteTS2.jpg\" \/>\r\n\t<meta property=\"og:image:width\" content=\"600\" \/>\r\n\t<meta property=\"og:image:height\" content=\"300\" \/>\r\n\t<meta property=\"og:image:type\" content=\"image\/jpeg\" \/>\r\n<meta name=\"author\" content=\"Service des communications et des relations publiques\" \/>\r\n<meta name=\"twitter:card\" content=\"summary_large_image\" \/>\r\n<meta name=\"twitter:label1\" content=\"\u00c9crit par\" \/>\n\t<meta name=\"twitter:data1\" content=\"Service des communications et des relations publiques\" \/>\n\t<meta name=\"twitter:label2\" content=\"Estimation du temps de lecture\" \/>\n\t<meta name=\"twitter:data2\" content=\"1 minute\" \/>\r\n<script type=\"application\/ld+json\" class=\"yoast-schema-graph\">{\"@context\":\"https:\/\/schema.org\",\"@graph\":[{\"@type\":\"WebPage\",\"@id\":\"https:\/\/www.uqac.ca\/uqactualites\/2019\/10\/09\/familles-recherchees-pour-participer-aux-activites-cliniques-des-etudiants-en-travail-social\/\",\"url\":\"https:\/\/www.uqac.ca\/uqactualites\/2019\/10\/09\/familles-recherchees-pour-participer-aux-activites-cliniques-des-etudiants-en-travail-social\/\",\"name\":\"Familles recherch\u00e9es pour participer aux activit\u00e9s cliniques des \u00e9tudiants en travail social - UQACtualit\u00e9s\",\"isPartOf\":{\"@id\":\"https:\/\/www.uqac.ca\/uqactualites\/#website\"},\"primaryImageOfPage\":{\"@id\":\"https:\/\/www.uqac.ca\/uqactualites\/2019\/10\/09\/familles-recherchees-pour-participer-aux-activites-cliniques-des-etudiants-en-travail-social\/#primaryimage\"},\"image\":{\"@id\":\"https:\/\/www.uqac.ca\/uqactualites\/2019\/10\/09\/familles-recherchees-pour-participer-aux-activites-cliniques-des-etudiants-en-travail-social\/#primaryimage\"},\"thumbnailUrl\":\"https:\/\/www.uqac.ca\/uqactualites\/wp-content\/uploads\/2018\/09\/GRAF_600X300UniteTS2.jpg\",\"datePublished\":\"2019-10-09T15:55:01+00:00\",\"dateModified\":\"2019-10-09T15:55:01+00:00\",\"author\":{\"@id\":\"https:\/\/www.uqac.ca\/uqactualites\/#\/schema\/person\/366c45a0c4f0e677b41b4af5886e2018\"},\"breadcrumb\":{\"@id\":\"https:\/\/www.uqac.ca\/uqactualites\/2019\/10\/09\/familles-recherchees-pour-participer-aux-activites-cliniques-des-etudiants-en-travail-social\/#breadcrumb\"},\"inLanguage\":\"fr-CA\",\"potentialAction\":[{\"@type\":\"ReadAction\",\"target\":[\"https:\/\/www.uqac.ca\/uqactualites\/2019\/10\/09\/familles-recherchees-pour-participer-aux-activites-cliniques-des-etudiants-en-travail-social\/\"]}]},{\"@type\":\"ImageObject\",\"inLanguage\":\"fr-CA\",\"@id\":\"https:\/\/www.uqac.ca\/uqactualites\/2019\/10\/09\/familles-recherchees-pour-participer-aux-activites-cliniques-des-etudiants-en-travail-social\/#primaryimage\",\"url\":\"https:\/\/www.uqac.ca\/uqactualites\/wp-content\/uploads\/2018\/09\/GRAF_600X300UniteTS2.jpg\",\"contentUrl\":\"https:\/\/www.uqac.ca\/uqactualites\/wp-content\/uploads\/2018\/09\/GRAF_600X300UniteTS2.jpg\",\"width\":600,\"height\":300},{\"@type\":\"BreadcrumbList\",\"@id\":\"https:\/\/www.uqac.ca\/uqactualites\/2019\/10\/09\/familles-recherchees-pour-participer-aux-activites-cliniques-des-etudiants-en-travail-social\/#breadcrumb\",\"itemListElement\":[{\"@type\":\"ListItem\",\"position\":1,\"name\":\"Home\",\"item\":\"https:\/\/www.uqac.ca\/uqactualites\/\"},{\"@type\":\"ListItem\",\"position\":2,\"name\":\"Familles recherch\u00e9es pour participer aux activit\u00e9s cliniques des \u00e9tudiants en travail social\"}]},{\"@type\":\"WebSite\",\"@id\":\"https:\/\/www.uqac.ca\/uqactualites\/#website\",\"url\":\"https:\/\/www.uqac.ca\/uqactualites\/\",\"name\":\"UQACtualit\u00e9s\",\"description\":\"Le portail des nouvelles de l&#039;UQAC\",\"potentialAction\":[{\"@type\":\"SearchAction\",\"target\":{\"@type\":\"EntryPoint\",\"urlTemplate\":\"https:\/\/www.uqac.ca\/uqactualites\/?s={search_term_string}\"},\"query-input\":{\"@type\":\"PropertyValueSpecification\",\"valueRequired\":true,\"valueName\":\"search_term_string\"}}],\"inLanguage\":\"fr-CA\"},{\"@type\":\"Person\",\"@id\":\"https:\/\/www.uqac.ca\/uqactualites\/#\/schema\/person\/366c45a0c4f0e677b41b4af5886e2018\",\"name\":\"Service des communications et des relations publiques\",\"image\":{\"@type\":\"ImageObject\",\"inLanguage\":\"fr-CA\",\"@id\":\"https:\/\/www.uqac.ca\/uqactualites\/#\/schema\/person\/image\/\",\"url\":\"https:\/\/secure.gravatar.com\/avatar\/20fbbda8a292f59f2d3461a5b999c00b?s=96&d=mm&r=g\",\"contentUrl\":\"https:\/\/secure.gravatar.com\/avatar\/20fbbda8a292f59f2d3461a5b999c00b?s=96&d=mm&r=g\",\"caption\":\"Service des communications et des relations publiques\"},\"url\":\"https:\/\/www.uqac.ca\/uqactualites\/author\/bap\/\"}]}<\/script>\r\n<!-- \/ Yoast SEO plugin. -->","yoast_head_json":{"title":"Familles recherch\u00e9es pour participer aux activit\u00e9s cliniques des \u00e9tudiants en travail social - UQACtualit\u00e9s","robots":{"index":"index","follow":"follow","max-snippet":"max-snippet:-1","max-image-preview":"max-image-preview:large","max-video-preview":"max-video-preview:-1"},"canonical":"https:\/\/www.uqac.ca\/uqactualites\/2019\/10\/09\/familles-recherchees-pour-participer-aux-activites-cliniques-des-etudiants-en-travail-social\/","og_locale":"fr_CA","og_type":"article","og_title":"Familles recherch\u00e9es pour participer aux activit\u00e9s cliniques des \u00e9tudiants en travail social - UQACtualit\u00e9s","og_description":"L\u2019Unit\u00e9 d\u2019enseignement en travail social est \u00e0 la recherche de familles d\u2019enfants ou d\u2019adolescents qui \u00e9prouvent des difficult\u00e9s comportementales ou d\u2019encadrement (encadrement des devoirs, non-respect des r\u00e8gles familiales, fr\u00e9quentation d\u2019amis \u00e0 risque, conflits familiaux, anxi\u00e9t\u00e9, manque d\u2019estime de soi, etc.) Ces enfants ou adolescents et leur famille pourront recevoir des interventions cibl\u00e9es de la part [&hellip;]","og_url":"https:\/\/www.uqac.ca\/uqactualites\/2019\/10\/09\/familles-recherchees-pour-participer-aux-activites-cliniques-des-etudiants-en-travail-social\/","og_site_name":"UQACtualit\u00e9s","article_published_time":"2019-10-09T15:55:01+00:00","og_image":[{"width":600,"height":300,"url":"https:\/\/www.uqac.ca\/uqactualites\/wp-content\/uploads\/2018\/09\/GRAF_600X300UniteTS2.jpg","type":"image\/jpeg"}],"author":"Service des communications et des relations publiques","twitter_card":"summary_large_image","twitter_misc":{"\u00c9crit par":"Service des communications et des relations publiques","Estimation du temps de lecture":"1 minute"},"schema":{"@context":"https:\/\/schema.org","@graph":[{"@type":"WebPage","@id":"https:\/\/www.uqac.ca\/uqactualites\/2019\/10\/09\/familles-recherchees-pour-participer-aux-activites-cliniques-des-etudiants-en-travail-social\/","url":"https:\/\/www.uqac.ca\/uqactualites\/2019\/10\/09\/familles-recherchees-pour-participer-aux-activites-cliniques-des-etudiants-en-travail-social\/","name":"Familles recherch\u00e9es pour participer aux activit\u00e9s cliniques des \u00e9tudiants en travail social - UQACtualit\u00e9s","isPartOf":{"@id":"https:\/\/www.uqac.ca\/uqactualites\/#website"},"primaryImageOfPage":{"@id":"https:\/\/www.uqac.ca\/uqactualites\/2019\/10\/09\/familles-recherchees-pour-participer-aux-activites-cliniques-des-etudiants-en-travail-social\/#primaryimage"},"image":{"@id":"https:\/\/www.uqac.ca\/uqactualites\/2019\/10\/09\/familles-recherchees-pour-participer-aux-activites-cliniques-des-etudiants-en-travail-social\/#primaryimage"},"thumbnailUrl":"https:\/\/www.uqac.ca\/uqactualites\/wp-content\/uploads\/2018\/09\/GRAF_600X300UniteTS2.jpg","datePublished":"2019-10-09T15:55:01+00:00","dateModified":"2019-10-09T15:55:01+00:00","author":{"@id":"https:\/\/www.uqac.ca\/uqactualites\/#\/schema\/person\/366c45a0c4f0e677b41b4af5886e2018"},"breadcrumb":{"@id":"https:\/\/www.uqac.ca\/uqactualites\/2019\/10\/09\/familles-recherchees-pour-participer-aux-activites-cliniques-des-etudiants-en-travail-social\/#breadcrumb"},"inLanguage":"fr-CA","potentialAction":[{"@type":"ReadAction","target":["https:\/\/www.uqac.ca\/uqactualites\/2019\/10\/09\/familles-recherchees-pour-participer-aux-activites-cliniques-des-etudiants-en-travail-social\/"]}]},{"@type":"ImageObject","inLanguage":"fr-CA","@id":"https:\/\/www.uqac.ca\/uqactualites\/2019\/10\/09\/familles-recherchees-pour-participer-aux-activites-cliniques-des-etudiants-en-travail-social\/#primaryimage","url":"https:\/\/www.uqac.ca\/uqactualites\/wp-content\/uploads\/2018\/09\/GRAF_600X300UniteTS2.jpg","contentUrl":"https:\/\/www.uqac.ca\/uqactualites\/wp-content\/uploads\/2018\/09\/GRAF_600X300UniteTS2.jpg","width":600,"height":300},{"@type":"BreadcrumbList","@id":"https:\/\/www.uqac.ca\/uqactualites\/2019\/10\/09\/familles-recherchees-pour-participer-aux-activites-cliniques-des-etudiants-en-travail-social\/#breadcrumb","itemListElement":[{"@type":"ListItem","position":1,"name":"Home","item":"https:\/\/www.uqac.ca\/uqactualites\/"},{"@type":"ListItem","position":2,"name":"Familles recherch\u00e9es pour participer aux activit\u00e9s cliniques des \u00e9tudiants en travail social"}]},{"@type":"WebSite","@id":"https:\/\/www.uqac.ca\/uqactualites\/#website","url":"https:\/\/www.uqac.ca\/uqactualites\/","name":"UQACtualit\u00e9s","description":"Le portail des nouvelles de l&#039;UQAC","potentialAction":[{"@type":"SearchAction","target":{"@type":"EntryPoint","urlTemplate":"https:\/\/www.uqac.ca\/uqactualites\/?s={search_term_string}"},"query-input":{"@type":"PropertyValueSpecification","valueRequired":true,"valueName":"search_term_string"}}],"inLanguage":"fr-CA"},{"@type":"Person","@id":"https:\/\/www.uqac.ca\/uqactualites\/#\/schema\/person\/366c45a0c4f0e677b41b4af5886e2018","name":"Service des communications et des relations publiques","image":{"@type":"ImageObject","inLanguage":"fr-CA","@id":"https:\/\/www.uqac.ca\/uqactualites\/#\/schema\/person\/image\/","url":"https:\/\/secure.gravatar.com\/avatar\/20fbbda8a292f59f2d3461a5b999c00b?s=96&d=mm&r=g","contentUrl":"https:\/\/secure.gravatar.com\/avatar\/20fbbda8a292f59f2d3461a5b999c00b?s=96&d=mm&r=g","caption":"Service des communications et des relations publiques"},"url":"https:\/\/www.uqac.ca\/uqactualites\/author\/bap\/"}]}},"_links":{"self":[{"href":"https:\/\/www.uqac.ca\/uqactualites\/wp-json\/wp\/v2\/posts\/37200"}],"collection":[{"href":"https:\/\/www.uqac.ca\/uqactualites\/wp-json\/wp\/v2\/posts"}],"about":[{"href":"https:\/\/www.uqac.ca\/uqactualites\/wp-json\/wp\/v2\/types\/post"}],"author":[{"embeddable":true,"href":"https:\/\/www.uqac.ca\/uqactualites\/wp-json\/wp\/v2\/users\/5"}],"replies":[{"embeddable":true,"href":"https:\/\/www.uqac.ca\/uqactualites\/wp-json\/wp\/v2\/comments?post=37200"}],"version-history":[{"count":0,"href":"https:\/\/www.uqac.ca\/uqactualites\/wp-json\/wp\/v2\/posts\/37200\/revisions"}],"wp:featuredmedia":[{"embeddable":true,"href":"https:\/\/www.uqac.ca\/uqactualites\/wp-json\/wp\/v2\/media\/35157"}],"wp:attachment":[{"href":"https:\/\/www.uqac.ca\/uqactualites\/wp-json\/wp\/v2\/media?parent=37200"}],"wp:term":[{"taxonomy":"category","embeddable":true,"href":"https:\/\/www.uqac.ca\/uqactualites\/wp-json\/wp\/v2\/categories?post=37200"},{"taxonomy":"post_tag","embeddable":true,"href":"https:\/\/www.uqac.ca\/uqactualites\/wp-json\/wp\/v2\/tags?post=37200"}],"curies":[{"name":"wp","href":"https:\/\/api.w.org\/{rel}","templated":true}]}}