{"id":37218,"date":"2019-10-15T09:29:31","date_gmt":"2019-10-15T13:29:31","guid":{"rendered":"https:\/\/www.uqac.ca\/?p=37218"},"modified":"2019-10-15T09:29:31","modified_gmt":"2019-10-15T13:29:31","slug":"uqac-en-publications-septembre-2019-arts-et-lettres","status":"publish","type":"post","link":"https:\/\/www.uqac.ca\/uqactualites\/2019\/10\/15\/uqac-en-publications-septembre-2019-arts-et-lettres\/","title":{"rendered":"[UQAC en publications] Septembre 2019 \u2013 Arts et lettres"},"content":{"rendered":"<p class=\"thumbnail\">La liste ci-dessous recense les \u00e9crits et les collaborations \u00e0 de la documentation scientifique ou acad\u00e9mique dans le domaine des arts et lettres r\u00e9alis\u00e9s par des membres de la communaut\u00e9 universitaire de l\u2019UQAC au cours du mois de septembre 2019.<\/p>\n<article id=\"post-37024\" class=\"post-37024 post type-post status-publish format-standard has-post-thumbnail hentry category-actualites category-enseignement-recherche-creation category-publications tag-biblio tag-dss tag-peb tag-publication tag-recherche-2\">\n<div class=\"entry-content\">\n<p>Votre ouvrage a \u00e9t\u00e9 publi\u00e9 au cours du dernier mois, mais ne se retrouve pas dans la liste?\u00a0\u00a0Partagez-le avec nous par courriel \u00e0\u00a0<a href=\"mailto:publications@uqac.ca\"><strong>publications@uqac.ca<\/strong><\/a>.<\/p>\n<h5>LIVRE ET CHAPITRE DE LIVRE<\/h5>\n<ul>\n<li>Chaire de recherche du Canada en dramaturgie sonore au th\u00e9\u00e2tre, <strong>Qu\u00e9innec, J.-P.<\/strong>, &amp; Gigu\u00e8re, A.-A. (2019). <a href=\"http:\/\/decouverte.uquebec.ca\/UQAC:UQAC:aleph_udq032274873\"><em>Les phonographies maritimes<\/em><\/a>. Chicoutimi : La Clignotante: Chaire de recherche du Canada en dramatrugie sonore au th\u00e9\u00e2tre.<\/li>\n<li><strong>La Chance, M.<\/strong> (2019). <a href=\"http:\/\/decouverte.uquebec.ca\/UQAC:UQAC:aleph_udq032273441\"><em>Une \u00e9pine empourpr\u00e9e<\/em><\/a>. Montr\u00e9al (Qu\u00e9bec): Triptyque.<\/li>\n<li><strong>Tremblay, D.<\/strong> (2019). <a href=\"http:\/\/decouverte.uquebec.ca\/UQAC:UQAC:aleph_udq032274922\"><em>Une autre histoire de l&rsquo;art : un manifeste du refus local = Another art history : the local refusal manifesto<\/em><\/a>. Canada: \u00e9diteur non identifi\u00e9.<\/li>\n<\/ul>\n<\/div>\n<\/article>\n","protected":false},"excerpt":{"rendered":"<p>La liste ci-dessous recense les \u00e9crits et les collaborations \u00e0 de la documentation scientifique ou acad\u00e9mique dans le domaine des arts et lettres r\u00e9alis\u00e9s par des membres de la communaut\u00e9 universitaire de l\u2019UQAC au cours du mois de septembre 2019. Votre ouvrage a \u00e9t\u00e9 publi\u00e9 au cours du dernier mois, mais ne se retrouve pas [&hellip;]<\/p>\n","protected":false},"author":5,"featured_media":35626,"comment_status":"open","ping_status":"open","sticky":false,"template":"","format":"standard","meta":{"footnotes":""},"categories":[2,25,4],"tags":[152,16],"yoast_head":"<!-- This site is optimized with the Yoast SEO plugin v24.2 - https:\/\/yoast.com\/wordpress\/plugins\/seo\/ -->\r\n<title>[UQAC en publications] Septembre 2019 \u2013 Arts et lettres - UQACtualit\u00e9s<\/title>\r\n<meta name=\"robots\" content=\"index, follow, max-snippet:-1, max-image-preview:large, max-video-preview:-1\" \/>\r\n<link rel=\"canonical\" href=\"https:\/\/www.uqac.ca\/uqactualites\/2019\/10\/15\/uqac-en-publications-septembre-2019-arts-et-lettres\/\" \/>\r\n<meta property=\"og:locale\" content=\"fr_CA\" \/>\r\n<meta property=\"og:type\" content=\"article\" \/>\r\n<meta property=\"og:title\" content=\"[UQAC en publications] Septembre 2019 \u2013 Arts et lettres - UQACtualit\u00e9s\" \/>\r\n<meta property=\"og:description\" content=\"La liste ci-dessous recense les \u00e9crits et les collaborations \u00e0 de la documentation scientifique ou acad\u00e9mique dans le domaine des arts et lettres r\u00e9alis\u00e9s par des membres de la communaut\u00e9 universitaire de l\u2019UQAC au cours du mois de septembre 2019. Votre ouvrage a \u00e9t\u00e9 publi\u00e9 au cours du dernier mois, mais ne se retrouve pas [&hellip;]\" \/>\r\n<meta property=\"og:url\" content=\"https:\/\/www.uqac.ca\/uqactualites\/2019\/10\/15\/uqac-en-publications-septembre-2019-arts-et-lettres\/\" \/>\r\n<meta property=\"og:site_name\" content=\"UQACtualit\u00e9s\" \/>\r\n<meta property=\"article:published_time\" content=\"2019-10-15T13:29:31+00:00\" \/>\r\n<meta property=\"og:image\" content=\"https:\/\/www.uqac.ca\/uqactualites\/wp-content\/uploads\/2019\/02\/uqacEnPublication4X6-DAL.jpg\" \/>\r\n\t<meta property=\"og:image:width\" content=\"433\" \/>\r\n\t<meta property=\"og:image:height\" content=\"289\" \/>\r\n\t<meta property=\"og:image:type\" content=\"image\/jpeg\" \/>\r\n<meta name=\"author\" content=\"Service des communications et des relations publiques\" \/>\r\n<meta name=\"twitter:card\" content=\"summary_large_image\" \/>\r\n<meta name=\"twitter:label1\" content=\"\u00c9crit par\" \/>\n\t<meta name=\"twitter:data1\" content=\"Service des communications et des relations publiques\" \/>\n\t<meta name=\"twitter:label2\" content=\"Estimation du temps de lecture\" \/>\n\t<meta name=\"twitter:data2\" content=\"1 minute\" \/>\r\n<script type=\"application\/ld+json\" class=\"yoast-schema-graph\">{\"@context\":\"https:\/\/schema.org\",\"@graph\":[{\"@type\":\"WebPage\",\"@id\":\"https:\/\/www.uqac.ca\/uqactualites\/2019\/10\/15\/uqac-en-publications-septembre-2019-arts-et-lettres\/\",\"url\":\"https:\/\/www.uqac.ca\/uqactualites\/2019\/10\/15\/uqac-en-publications-septembre-2019-arts-et-lettres\/\",\"name\":\"[UQAC en publications] Septembre 2019 \u2013 Arts et lettres - UQACtualit\u00e9s\",\"isPartOf\":{\"@id\":\"https:\/\/www.uqac.ca\/uqactualites\/#website\"},\"primaryImageOfPage\":{\"@id\":\"https:\/\/www.uqac.ca\/uqactualites\/2019\/10\/15\/uqac-en-publications-septembre-2019-arts-et-lettres\/#primaryimage\"},\"image\":{\"@id\":\"https:\/\/www.uqac.ca\/uqactualites\/2019\/10\/15\/uqac-en-publications-septembre-2019-arts-et-lettres\/#primaryimage\"},\"thumbnailUrl\":\"https:\/\/www.uqac.ca\/uqactualites\/wp-content\/uploads\/2019\/02\/uqacEnPublication4X6-DAL.jpg\",\"datePublished\":\"2019-10-15T13:29:31+00:00\",\"dateModified\":\"2019-10-15T13:29:31+00:00\",\"author\":{\"@id\":\"https:\/\/www.uqac.ca\/uqactualites\/#\/schema\/person\/366c45a0c4f0e677b41b4af5886e2018\"},\"breadcrumb\":{\"@id\":\"https:\/\/www.uqac.ca\/uqactualites\/2019\/10\/15\/uqac-en-publications-septembre-2019-arts-et-lettres\/#breadcrumb\"},\"inLanguage\":\"fr-CA\",\"potentialAction\":[{\"@type\":\"ReadAction\",\"target\":[\"https:\/\/www.uqac.ca\/uqactualites\/2019\/10\/15\/uqac-en-publications-septembre-2019-arts-et-lettres\/\"]}]},{\"@type\":\"ImageObject\",\"inLanguage\":\"fr-CA\",\"@id\":\"https:\/\/www.uqac.ca\/uqactualites\/2019\/10\/15\/uqac-en-publications-septembre-2019-arts-et-lettres\/#primaryimage\",\"url\":\"https:\/\/www.uqac.ca\/uqactualites\/wp-content\/uploads\/2019\/02\/uqacEnPublication4X6-DAL.jpg\",\"contentUrl\":\"https:\/\/www.uqac.ca\/uqactualites\/wp-content\/uploads\/2019\/02\/uqacEnPublication4X6-DAL.jpg\",\"width\":433,\"height\":289},{\"@type\":\"BreadcrumbList\",\"@id\":\"https:\/\/www.uqac.ca\/uqactualites\/2019\/10\/15\/uqac-en-publications-septembre-2019-arts-et-lettres\/#breadcrumb\",\"itemListElement\":[{\"@type\":\"ListItem\",\"position\":1,\"name\":\"Home\",\"item\":\"https:\/\/www.uqac.ca\/uqactualites\/\"},{\"@type\":\"ListItem\",\"position\":2,\"name\":\"[UQAC en publications] Septembre 2019 \u2013 Arts et lettres\"}]},{\"@type\":\"WebSite\",\"@id\":\"https:\/\/www.uqac.ca\/uqactualites\/#website\",\"url\":\"https:\/\/www.uqac.ca\/uqactualites\/\",\"name\":\"UQACtualit\u00e9s\",\"description\":\"Le portail des nouvelles de l&#039;UQAC\",\"potentialAction\":[{\"@type\":\"SearchAction\",\"target\":{\"@type\":\"EntryPoint\",\"urlTemplate\":\"https:\/\/www.uqac.ca\/uqactualites\/?s={search_term_string}\"},\"query-input\":{\"@type\":\"PropertyValueSpecification\",\"valueRequired\":true,\"valueName\":\"search_term_string\"}}],\"inLanguage\":\"fr-CA\"},{\"@type\":\"Person\",\"@id\":\"https:\/\/www.uqac.ca\/uqactualites\/#\/schema\/person\/366c45a0c4f0e677b41b4af5886e2018\",\"name\":\"Service des communications et des relations publiques\",\"image\":{\"@type\":\"ImageObject\",\"inLanguage\":\"fr-CA\",\"@id\":\"https:\/\/www.uqac.ca\/uqactualites\/#\/schema\/person\/image\/\",\"url\":\"https:\/\/secure.gravatar.com\/avatar\/20fbbda8a292f59f2d3461a5b999c00b?s=96&d=mm&r=g\",\"contentUrl\":\"https:\/\/secure.gravatar.com\/avatar\/20fbbda8a292f59f2d3461a5b999c00b?s=96&d=mm&r=g\",\"caption\":\"Service des communications et des relations publiques\"},\"url\":\"https:\/\/www.uqac.ca\/uqactualites\/author\/bap\/\"}]}<\/script>\r\n<!-- \/ Yoast SEO plugin. -->","yoast_head_json":{"title":"[UQAC en publications] Septembre 2019 \u2013 Arts et lettres - UQACtualit\u00e9s","robots":{"index":"index","follow":"follow","max-snippet":"max-snippet:-1","max-image-preview":"max-image-preview:large","max-video-preview":"max-video-preview:-1"},"canonical":"https:\/\/www.uqac.ca\/uqactualites\/2019\/10\/15\/uqac-en-publications-septembre-2019-arts-et-lettres\/","og_locale":"fr_CA","og_type":"article","og_title":"[UQAC en publications] Septembre 2019 \u2013 Arts et lettres - UQACtualit\u00e9s","og_description":"La liste ci-dessous recense les \u00e9crits et les collaborations \u00e0 de la documentation scientifique ou acad\u00e9mique dans le domaine des arts et lettres r\u00e9alis\u00e9s par des membres de la communaut\u00e9 universitaire de l\u2019UQAC au cours du mois de septembre 2019. Votre ouvrage a \u00e9t\u00e9 publi\u00e9 au cours du dernier mois, mais ne se retrouve pas [&hellip;]","og_url":"https:\/\/www.uqac.ca\/uqactualites\/2019\/10\/15\/uqac-en-publications-septembre-2019-arts-et-lettres\/","og_site_name":"UQACtualit\u00e9s","article_published_time":"2019-10-15T13:29:31+00:00","og_image":[{"width":433,"height":289,"url":"https:\/\/www.uqac.ca\/uqactualites\/wp-content\/uploads\/2019\/02\/uqacEnPublication4X6-DAL.jpg","type":"image\/jpeg"}],"author":"Service des communications et des relations publiques","twitter_card":"summary_large_image","twitter_misc":{"\u00c9crit par":"Service des communications et des relations publiques","Estimation du temps de lecture":"1 minute"},"schema":{"@context":"https:\/\/schema.org","@graph":[{"@type":"WebPage","@id":"https:\/\/www.uqac.ca\/uqactualites\/2019\/10\/15\/uqac-en-publications-septembre-2019-arts-et-lettres\/","url":"https:\/\/www.uqac.ca\/uqactualites\/2019\/10\/15\/uqac-en-publications-septembre-2019-arts-et-lettres\/","name":"[UQAC en publications] Septembre 2019 \u2013 Arts et lettres - UQACtualit\u00e9s","isPartOf":{"@id":"https:\/\/www.uqac.ca\/uqactualites\/#website"},"primaryImageOfPage":{"@id":"https:\/\/www.uqac.ca\/uqactualites\/2019\/10\/15\/uqac-en-publications-septembre-2019-arts-et-lettres\/#primaryimage"},"image":{"@id":"https:\/\/www.uqac.ca\/uqactualites\/2019\/10\/15\/uqac-en-publications-septembre-2019-arts-et-lettres\/#primaryimage"},"thumbnailUrl":"https:\/\/www.uqac.ca\/uqactualites\/wp-content\/uploads\/2019\/02\/uqacEnPublication4X6-DAL.jpg","datePublished":"2019-10-15T13:29:31+00:00","dateModified":"2019-10-15T13:29:31+00:00","author":{"@id":"https:\/\/www.uqac.ca\/uqactualites\/#\/schema\/person\/366c45a0c4f0e677b41b4af5886e2018"},"breadcrumb":{"@id":"https:\/\/www.uqac.ca\/uqactualites\/2019\/10\/15\/uqac-en-publications-septembre-2019-arts-et-lettres\/#breadcrumb"},"inLanguage":"fr-CA","potentialAction":[{"@type":"ReadAction","target":["https:\/\/www.uqac.ca\/uqactualites\/2019\/10\/15\/uqac-en-publications-septembre-2019-arts-et-lettres\/"]}]},{"@type":"ImageObject","inLanguage":"fr-CA","@id":"https:\/\/www.uqac.ca\/uqactualites\/2019\/10\/15\/uqac-en-publications-septembre-2019-arts-et-lettres\/#primaryimage","url":"https:\/\/www.uqac.ca\/uqactualites\/wp-content\/uploads\/2019\/02\/uqacEnPublication4X6-DAL.jpg","contentUrl":"https:\/\/www.uqac.ca\/uqactualites\/wp-content\/uploads\/2019\/02\/uqacEnPublication4X6-DAL.jpg","width":433,"height":289},{"@type":"BreadcrumbList","@id":"https:\/\/www.uqac.ca\/uqactualites\/2019\/10\/15\/uqac-en-publications-septembre-2019-arts-et-lettres\/#breadcrumb","itemListElement":[{"@type":"ListItem","position":1,"name":"Home","item":"https:\/\/www.uqac.ca\/uqactualites\/"},{"@type":"ListItem","position":2,"name":"[UQAC en publications] Septembre 2019 \u2013 Arts et lettres"}]},{"@type":"WebSite","@id":"https:\/\/www.uqac.ca\/uqactualites\/#website","url":"https:\/\/www.uqac.ca\/uqactualites\/","name":"UQACtualit\u00e9s","description":"Le portail des nouvelles de l&#039;UQAC","potentialAction":[{"@type":"SearchAction","target":{"@type":"EntryPoint","urlTemplate":"https:\/\/www.uqac.ca\/uqactualites\/?s={search_term_string}"},"query-input":{"@type":"PropertyValueSpecification","valueRequired":true,"valueName":"search_term_string"}}],"inLanguage":"fr-CA"},{"@type":"Person","@id":"https:\/\/www.uqac.ca\/uqactualites\/#\/schema\/person\/366c45a0c4f0e677b41b4af5886e2018","name":"Service des communications et des relations publiques","image":{"@type":"ImageObject","inLanguage":"fr-CA","@id":"https:\/\/www.uqac.ca\/uqactualites\/#\/schema\/person\/image\/","url":"https:\/\/secure.gravatar.com\/avatar\/20fbbda8a292f59f2d3461a5b999c00b?s=96&d=mm&r=g","contentUrl":"https:\/\/secure.gravatar.com\/avatar\/20fbbda8a292f59f2d3461a5b999c00b?s=96&d=mm&r=g","caption":"Service des communications et des relations publiques"},"url":"https:\/\/www.uqac.ca\/uqactualites\/author\/bap\/"}]}},"_links":{"self":[{"href":"https:\/\/www.uqac.ca\/uqactualites\/wp-json\/wp\/v2\/posts\/37218"}],"collection":[{"href":"https:\/\/www.uqac.ca\/uqactualites\/wp-json\/wp\/v2\/posts"}],"about":[{"href":"https:\/\/www.uqac.ca\/uqactualites\/wp-json\/wp\/v2\/types\/post"}],"author":[{"embeddable":true,"href":"https:\/\/www.uqac.ca\/uqactualites\/wp-json\/wp\/v2\/users\/5"}],"replies":[{"embeddable":true,"href":"https:\/\/www.uqac.ca\/uqactualites\/wp-json\/wp\/v2\/comments?post=37218"}],"version-history":[{"count":0,"href":"https:\/\/www.uqac.ca\/uqactualites\/wp-json\/wp\/v2\/posts\/37218\/revisions"}],"wp:featuredmedia":[{"embeddable":true,"href":"https:\/\/www.uqac.ca\/uqactualites\/wp-json\/wp\/v2\/media\/35626"}],"wp:attachment":[{"href":"https:\/\/www.uqac.ca\/uqactualites\/wp-json\/wp\/v2\/media?parent=37218"}],"wp:term":[{"taxonomy":"category","embeddable":true,"href":"https:\/\/www.uqac.ca\/uqactualites\/wp-json\/wp\/v2\/categories?post=37218"},{"taxonomy":"post_tag","embeddable":true,"href":"https:\/\/www.uqac.ca\/uqactualites\/wp-json\/wp\/v2\/tags?post=37218"}],"curies":[{"name":"wp","href":"https:\/\/api.w.org\/{rel}","templated":true}]}}