{"id":37265,"date":"2019-10-16T09:40:37","date_gmt":"2019-10-16T13:40:37","guid":{"rendered":"https:\/\/www.uqac.ca\/?p=37265"},"modified":"2019-10-16T09:40:37","modified_gmt":"2019-10-16T13:40:37","slug":"maxence-martin-remporte-le-prix-art-lettres-et-culture-du-gala-forces-avenir-2019","status":"publish","type":"post","link":"https:\/\/www.uqac.ca\/uqactualites\/2019\/10\/16\/maxence-martin-remporte-le-prix-art-lettres-et-culture-du-gala-forces-avenir-2019\/","title":{"rendered":"Maxence Martin remporte le prix Art, lettres et culture du gala Forces avenir 2019"},"content":{"rendered":"<p>\u00c9tudiant au doctorant en biologie de l\u2019UQAC, Maxence Martin s&rsquo;est d\u00e9marqu\u00e9 lors du plus r\u00e9cent gala Forces avenir en remportant le prix Art, lettres et culture. C&rsquo;est gr\u00e2ce \u00e0 son oeuvre intitul\u00e9e <em>Symphonies bor\u00e9ales<\/em>\u00a0qu&rsquo;il a pu se joindre aux 12 autres laur\u00e9ats universitaires de l&rsquo;\u00e9dition 2019 de l&rsquo;\u00e9v\u00e9nement, tenue le 9 octobre dernier au Capitole de Qu\u00e9bec.<\/p>\n<p>Toutes nos f\u00e9licitations!<\/p>\n<p><strong>Le projet en d\u00e9tails<br \/>\n<\/strong>Un doctorant en biologie de l\u2019Universit\u00e9 du Qu\u00e9bec \u00e0 Chicoutimi a cr\u00e9\u00e9 une \u0153uvre unique \u00e0 partir d\u2019arbres issus de vieilles for\u00eats bor\u00e9ales. Les m\u00e9lodies tir\u00e9es de Symphonies bor\u00e9ales r\u00e9sultent de plus de 100\u2009000 cernes de croissance mesur\u00e9s sur 755 arbres. Chacune de ces empreintes, minutieusement r\u00e9colt\u00e9es dans 21 for\u00eats, a \u00e9t\u00e9 transform\u00e9e en note de musique \u00e0 l\u2019aide d\u2019un logiciel pour constituer la base de donn\u00e9es \u00e0 l\u2019origine de ces pi\u00e8ces musicales. Par cette transposition de la croissance des arbres en musique, l\u2019histoire et les caract\u00e9ristiques uniques de chacune des for\u00eats analys\u00e9es deviennent plus concr\u00e8tes et permettent de sensibiliser le public aux cons\u00e9quences de l\u2019exploitation foresti\u00e8re \u00e0 \u00e9chelle industrielle. Une mani\u00e8re innovante et originale pour l\u2019investigateur du projet de mettre \u00e0 l\u2019avant-sc\u00e8ne les enjeux propres \u00e0 la biodiversit\u00e9 pour qu\u2019ils aient une place dans le d\u00e9bat public.<\/p>\n<p>Source : Forces avenir (<a href=\"https:\/\/www.forcesavenir.qc.ca\/2019SymphoniesBor\u00e9ales.html\">https:\/\/www.forcesavenir.qc.ca\/2019SymphoniesBor\u00e9ales.html<\/a>)<\/p>\n","protected":false},"excerpt":{"rendered":"<p>\u00c9tudiant au doctorant en biologie de l\u2019UQAC, Maxence Martin s&rsquo;est d\u00e9marqu\u00e9 lors du plus r\u00e9cent gala Forces avenir en remportant le prix Art, lettres et culture. C&rsquo;est gr\u00e2ce \u00e0 son oeuvre intitul\u00e9e Symphonies bor\u00e9ales\u00a0qu&rsquo;il a pu se joindre aux 12 autres laur\u00e9ats universitaires de l&rsquo;\u00e9dition 2019 de l&rsquo;\u00e9v\u00e9nement, tenue le 9 octobre dernier au Capitole [&hellip;]<\/p>\n","protected":false},"author":5,"featured_media":37266,"comment_status":"open","ping_status":"open","sticky":false,"template":"","format":"standard","meta":{"footnotes":""},"categories":[2,9,4],"tags":[472,3,473,474],"yoast_head":"<!-- This site is optimized with the Yoast SEO plugin v24.2 - https:\/\/yoast.com\/wordpress\/plugins\/seo\/ -->\r\n<title>Maxence Martin remporte le prix Art, lettres et culture du gala Forces avenir 2019 - UQACtualit\u00e9s<\/title>\r\n<meta name=\"robots\" content=\"index, follow, max-snippet:-1, max-image-preview:large, max-video-preview:-1\" \/>\r\n<link rel=\"canonical\" href=\"https:\/\/www.uqac.ca\/uqactualites\/2019\/10\/16\/maxence-martin-remporte-le-prix-art-lettres-et-culture-du-gala-forces-avenir-2019\/\" \/>\r\n<meta property=\"og:locale\" content=\"fr_CA\" \/>\r\n<meta property=\"og:type\" content=\"article\" \/>\r\n<meta property=\"og:title\" content=\"Maxence Martin remporte le prix Art, lettres et culture du gala Forces avenir 2019 - UQACtualit\u00e9s\" \/>\r\n<meta property=\"og:description\" content=\"\u00c9tudiant au doctorant en biologie de l\u2019UQAC, Maxence Martin s&rsquo;est d\u00e9marqu\u00e9 lors du plus r\u00e9cent gala Forces avenir en remportant le prix Art, lettres et culture. C&rsquo;est gr\u00e2ce \u00e0 son oeuvre intitul\u00e9e Symphonies bor\u00e9ales\u00a0qu&rsquo;il a pu se joindre aux 12 autres laur\u00e9ats universitaires de l&rsquo;\u00e9dition 2019 de l&rsquo;\u00e9v\u00e9nement, tenue le 9 octobre dernier au Capitole [&hellip;]\" \/>\r\n<meta property=\"og:url\" content=\"https:\/\/www.uqac.ca\/uqactualites\/2019\/10\/16\/maxence-martin-remporte-le-prix-art-lettres-et-culture-du-gala-forces-avenir-2019\/\" \/>\r\n<meta property=\"og:site_name\" content=\"UQACtualit\u00e9s\" \/>\r\n<meta property=\"article:published_time\" content=\"2019-10-16T13:40:37+00:00\" \/>\r\n<meta property=\"og:image\" content=\"https:\/\/www.uqac.ca\/uqactualites\/wp-content\/uploads\/2019\/10\/Symphonies-bor\u00e9ales.png\" \/>\r\n\t<meta property=\"og:image:width\" content=\"732\" \/>\r\n\t<meta property=\"og:image:height\" content=\"412\" \/>\r\n\t<meta property=\"og:image:type\" content=\"image\/png\" \/>\r\n<meta name=\"author\" content=\"Service des communications et des relations publiques\" \/>\r\n<meta name=\"twitter:card\" content=\"summary_large_image\" \/>\r\n<meta name=\"twitter:label1\" content=\"\u00c9crit par\" \/>\n\t<meta name=\"twitter:data1\" content=\"Service des communications et des relations publiques\" \/>\n\t<meta name=\"twitter:label2\" content=\"Estimation du temps de lecture\" \/>\n\t<meta name=\"twitter:data2\" content=\"1 minute\" \/>\r\n<script type=\"application\/ld+json\" class=\"yoast-schema-graph\">{\"@context\":\"https:\/\/schema.org\",\"@graph\":[{\"@type\":\"WebPage\",\"@id\":\"https:\/\/www.uqac.ca\/uqactualites\/2019\/10\/16\/maxence-martin-remporte-le-prix-art-lettres-et-culture-du-gala-forces-avenir-2019\/\",\"url\":\"https:\/\/www.uqac.ca\/uqactualites\/2019\/10\/16\/maxence-martin-remporte-le-prix-art-lettres-et-culture-du-gala-forces-avenir-2019\/\",\"name\":\"Maxence Martin remporte le prix Art, lettres et culture du gala Forces avenir 2019 - UQACtualit\u00e9s\",\"isPartOf\":{\"@id\":\"https:\/\/www.uqac.ca\/uqactualites\/#website\"},\"primaryImageOfPage\":{\"@id\":\"https:\/\/www.uqac.ca\/uqactualites\/2019\/10\/16\/maxence-martin-remporte-le-prix-art-lettres-et-culture-du-gala-forces-avenir-2019\/#primaryimage\"},\"image\":{\"@id\":\"https:\/\/www.uqac.ca\/uqactualites\/2019\/10\/16\/maxence-martin-remporte-le-prix-art-lettres-et-culture-du-gala-forces-avenir-2019\/#primaryimage\"},\"thumbnailUrl\":\"https:\/\/www.uqac.ca\/uqactualites\/wp-content\/uploads\/2019\/10\/Symphonies-bor\u00e9ales.png\",\"datePublished\":\"2019-10-16T13:40:37+00:00\",\"dateModified\":\"2019-10-16T13:40:37+00:00\",\"author\":{\"@id\":\"https:\/\/www.uqac.ca\/uqactualites\/#\/schema\/person\/366c45a0c4f0e677b41b4af5886e2018\"},\"breadcrumb\":{\"@id\":\"https:\/\/www.uqac.ca\/uqactualites\/2019\/10\/16\/maxence-martin-remporte-le-prix-art-lettres-et-culture-du-gala-forces-avenir-2019\/#breadcrumb\"},\"inLanguage\":\"fr-CA\",\"potentialAction\":[{\"@type\":\"ReadAction\",\"target\":[\"https:\/\/www.uqac.ca\/uqactualites\/2019\/10\/16\/maxence-martin-remporte-le-prix-art-lettres-et-culture-du-gala-forces-avenir-2019\/\"]}]},{\"@type\":\"ImageObject\",\"inLanguage\":\"fr-CA\",\"@id\":\"https:\/\/www.uqac.ca\/uqactualites\/2019\/10\/16\/maxence-martin-remporte-le-prix-art-lettres-et-culture-du-gala-forces-avenir-2019\/#primaryimage\",\"url\":\"https:\/\/www.uqac.ca\/uqactualites\/wp-content\/uploads\/2019\/10\/Symphonies-bor\u00e9ales.png\",\"contentUrl\":\"https:\/\/www.uqac.ca\/uqactualites\/wp-content\/uploads\/2019\/10\/Symphonies-bor\u00e9ales.png\",\"width\":732,\"height\":412},{\"@type\":\"BreadcrumbList\",\"@id\":\"https:\/\/www.uqac.ca\/uqactualites\/2019\/10\/16\/maxence-martin-remporte-le-prix-art-lettres-et-culture-du-gala-forces-avenir-2019\/#breadcrumb\",\"itemListElement\":[{\"@type\":\"ListItem\",\"position\":1,\"name\":\"Home\",\"item\":\"https:\/\/www.uqac.ca\/uqactualites\/\"},{\"@type\":\"ListItem\",\"position\":2,\"name\":\"Maxence Martin remporte le prix Art, lettres et culture du gala Forces avenir 2019\"}]},{\"@type\":\"WebSite\",\"@id\":\"https:\/\/www.uqac.ca\/uqactualites\/#website\",\"url\":\"https:\/\/www.uqac.ca\/uqactualites\/\",\"name\":\"UQACtualit\u00e9s\",\"description\":\"Le portail des nouvelles de l&#039;UQAC\",\"potentialAction\":[{\"@type\":\"SearchAction\",\"target\":{\"@type\":\"EntryPoint\",\"urlTemplate\":\"https:\/\/www.uqac.ca\/uqactualites\/?s={search_term_string}\"},\"query-input\":{\"@type\":\"PropertyValueSpecification\",\"valueRequired\":true,\"valueName\":\"search_term_string\"}}],\"inLanguage\":\"fr-CA\"},{\"@type\":\"Person\",\"@id\":\"https:\/\/www.uqac.ca\/uqactualites\/#\/schema\/person\/366c45a0c4f0e677b41b4af5886e2018\",\"name\":\"Service des communications et des relations publiques\",\"image\":{\"@type\":\"ImageObject\",\"inLanguage\":\"fr-CA\",\"@id\":\"https:\/\/www.uqac.ca\/uqactualites\/#\/schema\/person\/image\/\",\"url\":\"https:\/\/secure.gravatar.com\/avatar\/20fbbda8a292f59f2d3461a5b999c00b?s=96&d=mm&r=g\",\"contentUrl\":\"https:\/\/secure.gravatar.com\/avatar\/20fbbda8a292f59f2d3461a5b999c00b?s=96&d=mm&r=g\",\"caption\":\"Service des communications et des relations publiques\"},\"url\":\"https:\/\/www.uqac.ca\/uqactualites\/author\/bap\/\"}]}<\/script>\r\n<!-- \/ Yoast SEO plugin. -->","yoast_head_json":{"title":"Maxence Martin remporte le prix Art, lettres et culture du gala Forces avenir 2019 - UQACtualit\u00e9s","robots":{"index":"index","follow":"follow","max-snippet":"max-snippet:-1","max-image-preview":"max-image-preview:large","max-video-preview":"max-video-preview:-1"},"canonical":"https:\/\/www.uqac.ca\/uqactualites\/2019\/10\/16\/maxence-martin-remporte-le-prix-art-lettres-et-culture-du-gala-forces-avenir-2019\/","og_locale":"fr_CA","og_type":"article","og_title":"Maxence Martin remporte le prix Art, lettres et culture du gala Forces avenir 2019 - UQACtualit\u00e9s","og_description":"\u00c9tudiant au doctorant en biologie de l\u2019UQAC, Maxence Martin s&rsquo;est d\u00e9marqu\u00e9 lors du plus r\u00e9cent gala Forces avenir en remportant le prix Art, lettres et culture. C&rsquo;est gr\u00e2ce \u00e0 son oeuvre intitul\u00e9e Symphonies bor\u00e9ales\u00a0qu&rsquo;il a pu se joindre aux 12 autres laur\u00e9ats universitaires de l&rsquo;\u00e9dition 2019 de l&rsquo;\u00e9v\u00e9nement, tenue le 9 octobre dernier au Capitole [&hellip;]","og_url":"https:\/\/www.uqac.ca\/uqactualites\/2019\/10\/16\/maxence-martin-remporte-le-prix-art-lettres-et-culture-du-gala-forces-avenir-2019\/","og_site_name":"UQACtualit\u00e9s","article_published_time":"2019-10-16T13:40:37+00:00","og_image":[{"width":732,"height":412,"url":"https:\/\/www.uqac.ca\/uqactualites\/wp-content\/uploads\/2019\/10\/Symphonies-bor\u00e9ales.png","type":"image\/png"}],"author":"Service des communications et des relations publiques","twitter_card":"summary_large_image","twitter_misc":{"\u00c9crit par":"Service des communications et des relations publiques","Estimation du temps de lecture":"1 minute"},"schema":{"@context":"https:\/\/schema.org","@graph":[{"@type":"WebPage","@id":"https:\/\/www.uqac.ca\/uqactualites\/2019\/10\/16\/maxence-martin-remporte-le-prix-art-lettres-et-culture-du-gala-forces-avenir-2019\/","url":"https:\/\/www.uqac.ca\/uqactualites\/2019\/10\/16\/maxence-martin-remporte-le-prix-art-lettres-et-culture-du-gala-forces-avenir-2019\/","name":"Maxence Martin remporte le prix Art, lettres et culture du gala Forces avenir 2019 - UQACtualit\u00e9s","isPartOf":{"@id":"https:\/\/www.uqac.ca\/uqactualites\/#website"},"primaryImageOfPage":{"@id":"https:\/\/www.uqac.ca\/uqactualites\/2019\/10\/16\/maxence-martin-remporte-le-prix-art-lettres-et-culture-du-gala-forces-avenir-2019\/#primaryimage"},"image":{"@id":"https:\/\/www.uqac.ca\/uqactualites\/2019\/10\/16\/maxence-martin-remporte-le-prix-art-lettres-et-culture-du-gala-forces-avenir-2019\/#primaryimage"},"thumbnailUrl":"https:\/\/www.uqac.ca\/uqactualites\/wp-content\/uploads\/2019\/10\/Symphonies-bor\u00e9ales.png","datePublished":"2019-10-16T13:40:37+00:00","dateModified":"2019-10-16T13:40:37+00:00","author":{"@id":"https:\/\/www.uqac.ca\/uqactualites\/#\/schema\/person\/366c45a0c4f0e677b41b4af5886e2018"},"breadcrumb":{"@id":"https:\/\/www.uqac.ca\/uqactualites\/2019\/10\/16\/maxence-martin-remporte-le-prix-art-lettres-et-culture-du-gala-forces-avenir-2019\/#breadcrumb"},"inLanguage":"fr-CA","potentialAction":[{"@type":"ReadAction","target":["https:\/\/www.uqac.ca\/uqactualites\/2019\/10\/16\/maxence-martin-remporte-le-prix-art-lettres-et-culture-du-gala-forces-avenir-2019\/"]}]},{"@type":"ImageObject","inLanguage":"fr-CA","@id":"https:\/\/www.uqac.ca\/uqactualites\/2019\/10\/16\/maxence-martin-remporte-le-prix-art-lettres-et-culture-du-gala-forces-avenir-2019\/#primaryimage","url":"https:\/\/www.uqac.ca\/uqactualites\/wp-content\/uploads\/2019\/10\/Symphonies-bor\u00e9ales.png","contentUrl":"https:\/\/www.uqac.ca\/uqactualites\/wp-content\/uploads\/2019\/10\/Symphonies-bor\u00e9ales.png","width":732,"height":412},{"@type":"BreadcrumbList","@id":"https:\/\/www.uqac.ca\/uqactualites\/2019\/10\/16\/maxence-martin-remporte-le-prix-art-lettres-et-culture-du-gala-forces-avenir-2019\/#breadcrumb","itemListElement":[{"@type":"ListItem","position":1,"name":"Home","item":"https:\/\/www.uqac.ca\/uqactualites\/"},{"@type":"ListItem","position":2,"name":"Maxence Martin remporte le prix Art, lettres et culture du gala Forces avenir 2019"}]},{"@type":"WebSite","@id":"https:\/\/www.uqac.ca\/uqactualites\/#website","url":"https:\/\/www.uqac.ca\/uqactualites\/","name":"UQACtualit\u00e9s","description":"Le portail des nouvelles de l&#039;UQAC","potentialAction":[{"@type":"SearchAction","target":{"@type":"EntryPoint","urlTemplate":"https:\/\/www.uqac.ca\/uqactualites\/?s={search_term_string}"},"query-input":{"@type":"PropertyValueSpecification","valueRequired":true,"valueName":"search_term_string"}}],"inLanguage":"fr-CA"},{"@type":"Person","@id":"https:\/\/www.uqac.ca\/uqactualites\/#\/schema\/person\/366c45a0c4f0e677b41b4af5886e2018","name":"Service des communications et des relations publiques","image":{"@type":"ImageObject","inLanguage":"fr-CA","@id":"https:\/\/www.uqac.ca\/uqactualites\/#\/schema\/person\/image\/","url":"https:\/\/secure.gravatar.com\/avatar\/20fbbda8a292f59f2d3461a5b999c00b?s=96&d=mm&r=g","contentUrl":"https:\/\/secure.gravatar.com\/avatar\/20fbbda8a292f59f2d3461a5b999c00b?s=96&d=mm&r=g","caption":"Service des communications et des relations publiques"},"url":"https:\/\/www.uqac.ca\/uqactualites\/author\/bap\/"}]}},"_links":{"self":[{"href":"https:\/\/www.uqac.ca\/uqactualites\/wp-json\/wp\/v2\/posts\/37265"}],"collection":[{"href":"https:\/\/www.uqac.ca\/uqactualites\/wp-json\/wp\/v2\/posts"}],"about":[{"href":"https:\/\/www.uqac.ca\/uqactualites\/wp-json\/wp\/v2\/types\/post"}],"author":[{"embeddable":true,"href":"https:\/\/www.uqac.ca\/uqactualites\/wp-json\/wp\/v2\/users\/5"}],"replies":[{"embeddable":true,"href":"https:\/\/www.uqac.ca\/uqactualites\/wp-json\/wp\/v2\/comments?post=37265"}],"version-history":[{"count":0,"href":"https:\/\/www.uqac.ca\/uqactualites\/wp-json\/wp\/v2\/posts\/37265\/revisions"}],"wp:featuredmedia":[{"embeddable":true,"href":"https:\/\/www.uqac.ca\/uqactualites\/wp-json\/wp\/v2\/media\/37266"}],"wp:attachment":[{"href":"https:\/\/www.uqac.ca\/uqactualites\/wp-json\/wp\/v2\/media?parent=37265"}],"wp:term":[{"taxonomy":"category","embeddable":true,"href":"https:\/\/www.uqac.ca\/uqactualites\/wp-json\/wp\/v2\/categories?post=37265"},{"taxonomy":"post_tag","embeddable":true,"href":"https:\/\/www.uqac.ca\/uqactualites\/wp-json\/wp\/v2\/tags?post=37265"}],"curies":[{"name":"wp","href":"https:\/\/api.w.org\/{rel}","templated":true}]}}