{"id":37268,"date":"2019-10-17T09:19:39","date_gmt":"2019-10-17T13:19:39","guid":{"rendered":"https:\/\/www.uqac.ca\/?p=37268"},"modified":"2019-10-17T09:19:39","modified_gmt":"2019-10-17T13:19:39","slug":"quatrieme-edition-du-colloque-sur-la-perseverance-et-la-reussite-scolaires-chez-les-premiers-peuples-une-premiere-fois-a-montreal","status":"publish","type":"post","link":"https:\/\/www.uqac.ca\/uqactualites\/2019\/10\/17\/quatrieme-edition-du-colloque-sur-la-perseverance-et-la-reussite-scolaires-chez-les-premiers-peuples-une-premiere-fois-a-montreal\/","title":{"rendered":"Quatri\u00e8me \u00e9dition du Colloque sur la pers\u00e9v\u00e9rance et la r\u00e9ussite scolaires chez les Premiers Peuples\u00a0: une premi\u00e8re fois \u00e0 Montr\u00e9al"},"content":{"rendered":"<p>Le Centre des Premi\u00e8res Nations Nikanite (CPNN) de l\u2019Universit\u00e9 du Qu\u00e9bec \u00e0 Chicoutimi (UQAC) en collaboration avec le minist\u00e8re de l\u2019\u00c9ducation et de l\u2019Enseignement sup\u00e9rieur (MEES), Rio Tinto, le Secr\u00e9tariat aux affaires autochtones (SAA), Services aux Autochtones Canada (SAC) et le Canadien National (CN) sont fiers de pr\u00e9senter la 4<sup>e<\/sup>\u00a0\u00e9dition du Colloque sur la pers\u00e9v\u00e9rance et la r\u00e9ussite scolaires chez les Premiers Peuples qui se d\u00e9roule du 16 au 18 octobre 2019 au Palais des congr\u00e8s de Montr\u00e9al, en territoire traditionnel non c\u00e9d\u00e9 des Kanien\u2019keha:ka (Mohawks), sous la pr\u00e9sidence d\u2019honneur de monsieur Joseph Tokwiro Norton, Grand Chef de Kahnaw\u00e0:ke. La Commission canadienne pour l\u2019UNESCO (CCUNESCO) a annonc\u00e9 son appui \u00e0 l\u2019\u00e9v\u00e8nement; le CPNN et ses partenaires l\u2019en remercient.<\/p>\n<p>\u00c0 l\u2019occasion de la c\u00e9r\u00e9monie d\u2019ouverture de l\u2019\u00e9v\u00e8nement, plusieurs personnalit\u00e9s se sont adress\u00e9es aux congressistes, dont monsieur Ghislain Picard, Chef de l\u2019Assembl\u00e9e des Premi\u00e8res Nations du Qu\u00e9bec et du Labrador (APNQL); monsieur Joseph Tokwiro Norton, Grand Chef de Kahnaw\u00e0:ke et pr\u00e9sident d\u2019honneur de cette 4<sup>e<\/sup>\u00a0\u00e9dition; madame Nicole Bouchard, rectrice de l\u2019UQAC; et madame Genevi\u00e8ve Latour, directrice g\u00e9n\u00e9rale, communaut\u00e9s et communications, aluminium chez Rio Tinto. Madame Sylvie D\u2019Amours, ministre responsable des affaires autochtones, prendra, pour sa part, la parole lors de la c\u00e9r\u00e9monie de cl\u00f4ture du 18 octobre.<\/p>\n<p>L\u2019esprit de collaboration et de partage \u00e9tant ressorti des trois \u00e9ditions pr\u00e9c\u00e9dentes du colloque a inspir\u00e9 le choix de la th\u00e9matique de cette \u00e9dition,\u00a0<em>Cheminer ensemble pour aller plus loin<\/em>, qui invite \u00e0 penser et \u00e0 agir collectivement. Par cette th\u00e9matique, on aspire \u00e0 aller plus loin dans les discussions pour approfondir la compr\u00e9hension de la pers\u00e9v\u00e9rance et de la r\u00e9ussite scolaires chez les Premiers Peuples pour mieux \u00e9tablir les objectifs d\u2019intervention aupr\u00e8s des \u00e9l\u00e8ves et des \u00e9tudiants autochtones; \u00e0 aller plus loin dans le partage de pratiques en favorisant les retomb\u00e9es dans les r\u00e9alit\u00e9s multiples qui les concernent, de fa\u00e7on \u00e0 ce que chacun, Autochtone et non-Autochtone, r\u00e9fl\u00e9chisse \u00e0 son r\u00f4le dans ce mouvement collectif pour am\u00e9liorer le cheminement scolaire des apprenants des Premiers Peuples en communaut\u00e9s ou en milieux urbains.<\/p>\n<p>D\u2019ailleurs, pour Nicole Bouchard, rectrice de l\u2019UQAC, le colloque permet la rencontre de \u00ab\u00a0ceux et celles qui souhaitent participer \u00e0 un effort collectif pour mieux comprendre le parcours scolaire des jeunes et des moins jeunes apprenants autochtones et d\u2019y agir positivement. En misant sur le dialogue, nul doute que nous pouvons faire la diff\u00e9rence en mati\u00e8re de pers\u00e9v\u00e9rance et de r\u00e9ussite scolaires chez les Premiers Peuples.\u00a0\u00bb<\/p>\n<p>Cette r\u00e9ussite est l\u2019affaire de tous, les apprenants autochtones fr\u00e9quentant les institutions scolaires dans les communaut\u00e9s, mais aussi celles dans les milieux urbains. Comme l\u2019indique Marco Bacon, Chef des relations avec les Premi\u00e8res Nations de l\u2019UQAC\u00a0: \u00ab\u00a0La rencontre de tous les acteurs, autochtones et non autochtones, travaillant dans les communaut\u00e9s ou non, est essentielle pour favoriser la pers\u00e9v\u00e9rance et la r\u00e9ussite scolaires des apprenants autochtones. La mobilisation, l\u2019entraide, la collaboration et le partage de pratiques gagnantes entre les acteurs du monde de l\u2019\u00e9ducation concern\u00e9s de pr\u00e8s ou de loin par l\u2019\u00e9ducation des Premiers Peuples sont indispensables dans ce contexte et ce colloque est un espace d\u2019\u00e9changes unique pour y parvenir. \u00bb<\/p>\n<p>Au cours de ces journ\u00e9es de colloque, qui seront anim\u00e9es par Charles Bender, acteur, animateur et metteur en sc\u00e8ne de la communaut\u00e9 huronne-wendate, les participants seront servis gr\u00e2ce \u00e0 plus de 65 ateliers, en fran\u00e7ais et en anglais, \u00e0 des conf\u00e9rences inspirantes et \u00e0 des tables rondes r\u00e9unissant des intervenants autochtones et non autochtones de divers niveaux d\u2019enseignement. Des conf\u00e9renci\u00e8res de choix s\u2019adresseront aux participants\u00a0: Odile Joannette, directrice g\u00e9n\u00e9rale du Wapikoni mobile; et Tanya Sirois, directrice g\u00e9n\u00e9rale du Regroupement des centres d\u2019amiti\u00e9 autochtones du Qu\u00e9bec (RCAAQ). Notons par ailleurs que le Dr Stanley Vollant, initiateur de la marche Innu Meshkenu et fondateur de l\u2019organisme Puamun Meshkenu, sera pr\u00e9sent lors du cocktail du 17 octobre, cocktail au cours duquel les convives auront aussi l\u2019occasion d\u2019entendre les rythmes du chanteur innu Florent Vollant. Tous, issus de milieux diff\u00e9rents, permettront de dresser un portrait complet de la pers\u00e9v\u00e9rance et de la r\u00e9ussite scolaires chez les apprenants des Premiers Peuples.<u><\/u><\/p>\n<p>&nbsp;<\/p>\n<p><span style=\"color: #808080;\"><strong>Sur la photo (de gauche \u00e0 droite) :\u00a0<\/strong>Ghislain Picard,\u00a0Chef de l\u2019Assembl\u00e9e des Premi\u00e8res Nations du Qu\u00e9bec et du Labrador,\u00a0Joseph Tokwiro Norton<strong>,\u00a0<\/strong>Grand Chef de la nation mohawk de Kahnaw\u00e0:ke et pr\u00e9sident d\u2019honneur de la 4<sup>e<\/sup> \u00e9dition,\u00a0Genevi\u00e8ve Latour, directrice g\u00e9n\u00e9rale, communaut\u00e9s et communications, aluminium chez Rio Tinto,\u00a0Kevin Deer, a\u00een\u00e9 de la communaut\u00e9 mohawk de Kahnaw\u00e0:ke et Marco Bacon, Chef des relations avec les Premi\u00e8res Nations de l&rsquo;Universit\u00e9 du Qu\u00e9bec \u00e0 Chicoutimi<br \/>\n<strong>Gracieuset\u00e9<\/strong><\/span><\/p>\n<p>&nbsp;<\/p>\n","protected":false},"excerpt":{"rendered":"<p>Le Centre des Premi\u00e8res Nations Nikanite (CPNN) de l\u2019Universit\u00e9 du Qu\u00e9bec \u00e0 Chicoutimi (UQAC) en collaboration avec le minist\u00e8re de l\u2019\u00c9ducation et de l\u2019Enseignement sup\u00e9rieur (MEES), Rio Tinto, le Secr\u00e9tariat aux affaires autochtones (SAA), Services aux Autochtones Canada (SAC) et le Canadien National (CN) sont fiers de pr\u00e9senter la 4e\u00a0\u00e9dition du Colloque sur la pers\u00e9v\u00e9rance [&hellip;]<\/p>\n","protected":false},"author":5,"featured_media":37269,"comment_status":"open","ping_status":"open","sticky":false,"template":"","format":"standard","meta":{"footnotes":""},"categories":[2,61],"tags":[105],"yoast_head":"<!-- This site is optimized with the Yoast SEO plugin v24.2 - https:\/\/yoast.com\/wordpress\/plugins\/seo\/ -->\r\n<title>Quatri\u00e8me \u00e9dition du Colloque sur la pers\u00e9v\u00e9rance et la r\u00e9ussite scolaires chez les Premiers Peuples\u00a0: une premi\u00e8re fois \u00e0 Montr\u00e9al - UQACtualit\u00e9s<\/title>\r\n<meta name=\"robots\" content=\"index, follow, max-snippet:-1, max-image-preview:large, max-video-preview:-1\" \/>\r\n<link rel=\"canonical\" href=\"https:\/\/www.uqac.ca\/uqactualites\/2019\/10\/17\/quatrieme-edition-du-colloque-sur-la-perseverance-et-la-reussite-scolaires-chez-les-premiers-peuples-une-premiere-fois-a-montreal\/\" \/>\r\n<meta property=\"og:locale\" content=\"fr_CA\" \/>\r\n<meta property=\"og:type\" content=\"article\" \/>\r\n<meta property=\"og:title\" content=\"Quatri\u00e8me \u00e9dition du Colloque sur la pers\u00e9v\u00e9rance et la r\u00e9ussite scolaires chez les Premiers Peuples\u00a0: une premi\u00e8re fois \u00e0 Montr\u00e9al - UQACtualit\u00e9s\" \/>\r\n<meta property=\"og:description\" content=\"Le Centre des Premi\u00e8res Nations Nikanite (CPNN) de l\u2019Universit\u00e9 du Qu\u00e9bec \u00e0 Chicoutimi (UQAC) en collaboration avec le minist\u00e8re de l\u2019\u00c9ducation et de l\u2019Enseignement sup\u00e9rieur (MEES), Rio Tinto, le Secr\u00e9tariat aux affaires autochtones (SAA), Services aux Autochtones Canada (SAC) et le Canadien National (CN) sont fiers de pr\u00e9senter la 4e\u00a0\u00e9dition du Colloque sur la pers\u00e9v\u00e9rance [&hellip;]\" \/>\r\n<meta property=\"og:url\" content=\"https:\/\/www.uqac.ca\/uqactualites\/2019\/10\/17\/quatrieme-edition-du-colloque-sur-la-perseverance-et-la-reussite-scolaires-chez-les-premiers-peuples-une-premiere-fois-a-montreal\/\" \/>\r\n<meta property=\"og:site_name\" content=\"UQACtualit\u00e9s\" \/>\r\n<meta property=\"article:published_time\" content=\"2019-10-17T13:19:39+00:00\" \/>\r\n<meta property=\"og:image\" content=\"https:\/\/www.uqac.ca\/uqactualites\/wp-content\/uploads\/2019\/10\/Groupe_mercredi16Oct-8991.jpg\" \/>\r\n\t<meta property=\"og:image:width\" content=\"1200\" \/>\r\n\t<meta property=\"og:image:height\" content=\"800\" \/>\r\n\t<meta property=\"og:image:type\" content=\"image\/jpeg\" \/>\r\n<meta name=\"author\" content=\"Service des communications et des relations publiques\" \/>\r\n<meta name=\"twitter:card\" content=\"summary_large_image\" \/>\r\n<meta name=\"twitter:label1\" content=\"\u00c9crit par\" \/>\n\t<meta name=\"twitter:data1\" content=\"Service des communications et des relations publiques\" \/>\n\t<meta name=\"twitter:label2\" content=\"Estimation du temps de lecture\" \/>\n\t<meta name=\"twitter:data2\" content=\"4 minutes\" \/>\r\n<script type=\"application\/ld+json\" class=\"yoast-schema-graph\">{\"@context\":\"https:\/\/schema.org\",\"@graph\":[{\"@type\":\"WebPage\",\"@id\":\"https:\/\/www.uqac.ca\/uqactualites\/2019\/10\/17\/quatrieme-edition-du-colloque-sur-la-perseverance-et-la-reussite-scolaires-chez-les-premiers-peuples-une-premiere-fois-a-montreal\/\",\"url\":\"https:\/\/www.uqac.ca\/uqactualites\/2019\/10\/17\/quatrieme-edition-du-colloque-sur-la-perseverance-et-la-reussite-scolaires-chez-les-premiers-peuples-une-premiere-fois-a-montreal\/\",\"name\":\"Quatri\u00e8me \u00e9dition du Colloque sur la pers\u00e9v\u00e9rance et la r\u00e9ussite scolaires chez les Premiers Peuples\u00a0: une premi\u00e8re fois \u00e0 Montr\u00e9al - UQACtualit\u00e9s\",\"isPartOf\":{\"@id\":\"https:\/\/www.uqac.ca\/uqactualites\/#website\"},\"primaryImageOfPage\":{\"@id\":\"https:\/\/www.uqac.ca\/uqactualites\/2019\/10\/17\/quatrieme-edition-du-colloque-sur-la-perseverance-et-la-reussite-scolaires-chez-les-premiers-peuples-une-premiere-fois-a-montreal\/#primaryimage\"},\"image\":{\"@id\":\"https:\/\/www.uqac.ca\/uqactualites\/2019\/10\/17\/quatrieme-edition-du-colloque-sur-la-perseverance-et-la-reussite-scolaires-chez-les-premiers-peuples-une-premiere-fois-a-montreal\/#primaryimage\"},\"thumbnailUrl\":\"https:\/\/www.uqac.ca\/uqactualites\/wp-content\/uploads\/2019\/10\/Groupe_mercredi16Oct-8991.jpg\",\"datePublished\":\"2019-10-17T13:19:39+00:00\",\"dateModified\":\"2019-10-17T13:19:39+00:00\",\"author\":{\"@id\":\"https:\/\/www.uqac.ca\/uqactualites\/#\/schema\/person\/366c45a0c4f0e677b41b4af5886e2018\"},\"breadcrumb\":{\"@id\":\"https:\/\/www.uqac.ca\/uqactualites\/2019\/10\/17\/quatrieme-edition-du-colloque-sur-la-perseverance-et-la-reussite-scolaires-chez-les-premiers-peuples-une-premiere-fois-a-montreal\/#breadcrumb\"},\"inLanguage\":\"fr-CA\",\"potentialAction\":[{\"@type\":\"ReadAction\",\"target\":[\"https:\/\/www.uqac.ca\/uqactualites\/2019\/10\/17\/quatrieme-edition-du-colloque-sur-la-perseverance-et-la-reussite-scolaires-chez-les-premiers-peuples-une-premiere-fois-a-montreal\/\"]}]},{\"@type\":\"ImageObject\",\"inLanguage\":\"fr-CA\",\"@id\":\"https:\/\/www.uqac.ca\/uqactualites\/2019\/10\/17\/quatrieme-edition-du-colloque-sur-la-perseverance-et-la-reussite-scolaires-chez-les-premiers-peuples-une-premiere-fois-a-montreal\/#primaryimage\",\"url\":\"https:\/\/www.uqac.ca\/uqactualites\/wp-content\/uploads\/2019\/10\/Groupe_mercredi16Oct-8991.jpg\",\"contentUrl\":\"https:\/\/www.uqac.ca\/uqactualites\/wp-content\/uploads\/2019\/10\/Groupe_mercredi16Oct-8991.jpg\",\"width\":1200,\"height\":800},{\"@type\":\"BreadcrumbList\",\"@id\":\"https:\/\/www.uqac.ca\/uqactualites\/2019\/10\/17\/quatrieme-edition-du-colloque-sur-la-perseverance-et-la-reussite-scolaires-chez-les-premiers-peuples-une-premiere-fois-a-montreal\/#breadcrumb\",\"itemListElement\":[{\"@type\":\"ListItem\",\"position\":1,\"name\":\"Home\",\"item\":\"https:\/\/www.uqac.ca\/uqactualites\/\"},{\"@type\":\"ListItem\",\"position\":2,\"name\":\"Quatri\u00e8me \u00e9dition du Colloque sur la pers\u00e9v\u00e9rance et la r\u00e9ussite scolaires chez les Premiers Peuples\u00a0: une premi\u00e8re fois \u00e0 Montr\u00e9al\"}]},{\"@type\":\"WebSite\",\"@id\":\"https:\/\/www.uqac.ca\/uqactualites\/#website\",\"url\":\"https:\/\/www.uqac.ca\/uqactualites\/\",\"name\":\"UQACtualit\u00e9s\",\"description\":\"Le portail des nouvelles de l&#039;UQAC\",\"potentialAction\":[{\"@type\":\"SearchAction\",\"target\":{\"@type\":\"EntryPoint\",\"urlTemplate\":\"https:\/\/www.uqac.ca\/uqactualites\/?s={search_term_string}\"},\"query-input\":{\"@type\":\"PropertyValueSpecification\",\"valueRequired\":true,\"valueName\":\"search_term_string\"}}],\"inLanguage\":\"fr-CA\"},{\"@type\":\"Person\",\"@id\":\"https:\/\/www.uqac.ca\/uqactualites\/#\/schema\/person\/366c45a0c4f0e677b41b4af5886e2018\",\"name\":\"Service des communications et des relations publiques\",\"image\":{\"@type\":\"ImageObject\",\"inLanguage\":\"fr-CA\",\"@id\":\"https:\/\/www.uqac.ca\/uqactualites\/#\/schema\/person\/image\/\",\"url\":\"https:\/\/secure.gravatar.com\/avatar\/20fbbda8a292f59f2d3461a5b999c00b?s=96&d=mm&r=g\",\"contentUrl\":\"https:\/\/secure.gravatar.com\/avatar\/20fbbda8a292f59f2d3461a5b999c00b?s=96&d=mm&r=g\",\"caption\":\"Service des communications et des relations publiques\"},\"url\":\"https:\/\/www.uqac.ca\/uqactualites\/author\/bap\/\"}]}<\/script>\r\n<!-- \/ Yoast SEO plugin. -->","yoast_head_json":{"title":"Quatri\u00e8me \u00e9dition du Colloque sur la pers\u00e9v\u00e9rance et la r\u00e9ussite scolaires chez les Premiers Peuples\u00a0: une premi\u00e8re fois \u00e0 Montr\u00e9al - UQACtualit\u00e9s","robots":{"index":"index","follow":"follow","max-snippet":"max-snippet:-1","max-image-preview":"max-image-preview:large","max-video-preview":"max-video-preview:-1"},"canonical":"https:\/\/www.uqac.ca\/uqactualites\/2019\/10\/17\/quatrieme-edition-du-colloque-sur-la-perseverance-et-la-reussite-scolaires-chez-les-premiers-peuples-une-premiere-fois-a-montreal\/","og_locale":"fr_CA","og_type":"article","og_title":"Quatri\u00e8me \u00e9dition du Colloque sur la pers\u00e9v\u00e9rance et la r\u00e9ussite scolaires chez les Premiers Peuples\u00a0: une premi\u00e8re fois \u00e0 Montr\u00e9al - UQACtualit\u00e9s","og_description":"Le Centre des Premi\u00e8res Nations Nikanite (CPNN) de l\u2019Universit\u00e9 du Qu\u00e9bec \u00e0 Chicoutimi (UQAC) en collaboration avec le minist\u00e8re de l\u2019\u00c9ducation et de l\u2019Enseignement sup\u00e9rieur (MEES), Rio Tinto, le Secr\u00e9tariat aux affaires autochtones (SAA), Services aux Autochtones Canada (SAC) et le Canadien National (CN) sont fiers de pr\u00e9senter la 4e\u00a0\u00e9dition du Colloque sur la pers\u00e9v\u00e9rance [&hellip;]","og_url":"https:\/\/www.uqac.ca\/uqactualites\/2019\/10\/17\/quatrieme-edition-du-colloque-sur-la-perseverance-et-la-reussite-scolaires-chez-les-premiers-peuples-une-premiere-fois-a-montreal\/","og_site_name":"UQACtualit\u00e9s","article_published_time":"2019-10-17T13:19:39+00:00","og_image":[{"width":1200,"height":800,"url":"https:\/\/www.uqac.ca\/uqactualites\/wp-content\/uploads\/2019\/10\/Groupe_mercredi16Oct-8991.jpg","type":"image\/jpeg"}],"author":"Service des communications et des relations publiques","twitter_card":"summary_large_image","twitter_misc":{"\u00c9crit par":"Service des communications et des relations publiques","Estimation du temps de lecture":"4 minutes"},"schema":{"@context":"https:\/\/schema.org","@graph":[{"@type":"WebPage","@id":"https:\/\/www.uqac.ca\/uqactualites\/2019\/10\/17\/quatrieme-edition-du-colloque-sur-la-perseverance-et-la-reussite-scolaires-chez-les-premiers-peuples-une-premiere-fois-a-montreal\/","url":"https:\/\/www.uqac.ca\/uqactualites\/2019\/10\/17\/quatrieme-edition-du-colloque-sur-la-perseverance-et-la-reussite-scolaires-chez-les-premiers-peuples-une-premiere-fois-a-montreal\/","name":"Quatri\u00e8me \u00e9dition du Colloque sur la pers\u00e9v\u00e9rance et la r\u00e9ussite scolaires chez les Premiers Peuples\u00a0: une premi\u00e8re fois \u00e0 Montr\u00e9al - UQACtualit\u00e9s","isPartOf":{"@id":"https:\/\/www.uqac.ca\/uqactualites\/#website"},"primaryImageOfPage":{"@id":"https:\/\/www.uqac.ca\/uqactualites\/2019\/10\/17\/quatrieme-edition-du-colloque-sur-la-perseverance-et-la-reussite-scolaires-chez-les-premiers-peuples-une-premiere-fois-a-montreal\/#primaryimage"},"image":{"@id":"https:\/\/www.uqac.ca\/uqactualites\/2019\/10\/17\/quatrieme-edition-du-colloque-sur-la-perseverance-et-la-reussite-scolaires-chez-les-premiers-peuples-une-premiere-fois-a-montreal\/#primaryimage"},"thumbnailUrl":"https:\/\/www.uqac.ca\/uqactualites\/wp-content\/uploads\/2019\/10\/Groupe_mercredi16Oct-8991.jpg","datePublished":"2019-10-17T13:19:39+00:00","dateModified":"2019-10-17T13:19:39+00:00","author":{"@id":"https:\/\/www.uqac.ca\/uqactualites\/#\/schema\/person\/366c45a0c4f0e677b41b4af5886e2018"},"breadcrumb":{"@id":"https:\/\/www.uqac.ca\/uqactualites\/2019\/10\/17\/quatrieme-edition-du-colloque-sur-la-perseverance-et-la-reussite-scolaires-chez-les-premiers-peuples-une-premiere-fois-a-montreal\/#breadcrumb"},"inLanguage":"fr-CA","potentialAction":[{"@type":"ReadAction","target":["https:\/\/www.uqac.ca\/uqactualites\/2019\/10\/17\/quatrieme-edition-du-colloque-sur-la-perseverance-et-la-reussite-scolaires-chez-les-premiers-peuples-une-premiere-fois-a-montreal\/"]}]},{"@type":"ImageObject","inLanguage":"fr-CA","@id":"https:\/\/www.uqac.ca\/uqactualites\/2019\/10\/17\/quatrieme-edition-du-colloque-sur-la-perseverance-et-la-reussite-scolaires-chez-les-premiers-peuples-une-premiere-fois-a-montreal\/#primaryimage","url":"https:\/\/www.uqac.ca\/uqactualites\/wp-content\/uploads\/2019\/10\/Groupe_mercredi16Oct-8991.jpg","contentUrl":"https:\/\/www.uqac.ca\/uqactualites\/wp-content\/uploads\/2019\/10\/Groupe_mercredi16Oct-8991.jpg","width":1200,"height":800},{"@type":"BreadcrumbList","@id":"https:\/\/www.uqac.ca\/uqactualites\/2019\/10\/17\/quatrieme-edition-du-colloque-sur-la-perseverance-et-la-reussite-scolaires-chez-les-premiers-peuples-une-premiere-fois-a-montreal\/#breadcrumb","itemListElement":[{"@type":"ListItem","position":1,"name":"Home","item":"https:\/\/www.uqac.ca\/uqactualites\/"},{"@type":"ListItem","position":2,"name":"Quatri\u00e8me \u00e9dition du Colloque sur la pers\u00e9v\u00e9rance et la r\u00e9ussite scolaires chez les Premiers Peuples\u00a0: une premi\u00e8re fois \u00e0 Montr\u00e9al"}]},{"@type":"WebSite","@id":"https:\/\/www.uqac.ca\/uqactualites\/#website","url":"https:\/\/www.uqac.ca\/uqactualites\/","name":"UQACtualit\u00e9s","description":"Le portail des nouvelles de l&#039;UQAC","potentialAction":[{"@type":"SearchAction","target":{"@type":"EntryPoint","urlTemplate":"https:\/\/www.uqac.ca\/uqactualites\/?s={search_term_string}"},"query-input":{"@type":"PropertyValueSpecification","valueRequired":true,"valueName":"search_term_string"}}],"inLanguage":"fr-CA"},{"@type":"Person","@id":"https:\/\/www.uqac.ca\/uqactualites\/#\/schema\/person\/366c45a0c4f0e677b41b4af5886e2018","name":"Service des communications et des relations publiques","image":{"@type":"ImageObject","inLanguage":"fr-CA","@id":"https:\/\/www.uqac.ca\/uqactualites\/#\/schema\/person\/image\/","url":"https:\/\/secure.gravatar.com\/avatar\/20fbbda8a292f59f2d3461a5b999c00b?s=96&d=mm&r=g","contentUrl":"https:\/\/secure.gravatar.com\/avatar\/20fbbda8a292f59f2d3461a5b999c00b?s=96&d=mm&r=g","caption":"Service des communications et des relations publiques"},"url":"https:\/\/www.uqac.ca\/uqactualites\/author\/bap\/"}]}},"_links":{"self":[{"href":"https:\/\/www.uqac.ca\/uqactualites\/wp-json\/wp\/v2\/posts\/37268"}],"collection":[{"href":"https:\/\/www.uqac.ca\/uqactualites\/wp-json\/wp\/v2\/posts"}],"about":[{"href":"https:\/\/www.uqac.ca\/uqactualites\/wp-json\/wp\/v2\/types\/post"}],"author":[{"embeddable":true,"href":"https:\/\/www.uqac.ca\/uqactualites\/wp-json\/wp\/v2\/users\/5"}],"replies":[{"embeddable":true,"href":"https:\/\/www.uqac.ca\/uqactualites\/wp-json\/wp\/v2\/comments?post=37268"}],"version-history":[{"count":0,"href":"https:\/\/www.uqac.ca\/uqactualites\/wp-json\/wp\/v2\/posts\/37268\/revisions"}],"wp:featuredmedia":[{"embeddable":true,"href":"https:\/\/www.uqac.ca\/uqactualites\/wp-json\/wp\/v2\/media\/37269"}],"wp:attachment":[{"href":"https:\/\/www.uqac.ca\/uqactualites\/wp-json\/wp\/v2\/media?parent=37268"}],"wp:term":[{"taxonomy":"category","embeddable":true,"href":"https:\/\/www.uqac.ca\/uqactualites\/wp-json\/wp\/v2\/categories?post=37268"},{"taxonomy":"post_tag","embeddable":true,"href":"https:\/\/www.uqac.ca\/uqactualites\/wp-json\/wp\/v2\/tags?post=37268"}],"curies":[{"name":"wp","href":"https:\/\/api.w.org\/{rel}","templated":true}]}}