{"id":37347,"date":"2019-11-05T15:16:34","date_gmt":"2019-11-05T20:16:34","guid":{"rendered":"https:\/\/www.uqac.ca\/?p=37347"},"modified":"2019-11-05T15:16:34","modified_gmt":"2019-11-05T20:16:34","slug":"lancement-du-livre-la-pratique-du-travail-social-en-sante-mentale-apprendre-comprendre-sengager-codirige-par-la-professeure-christiane-bergeron-leclerc","status":"publish","type":"post","link":"https:\/\/www.uqac.ca\/uqactualites\/2019\/11\/05\/lancement-du-livre-la-pratique-du-travail-social-en-sante-mentale-apprendre-comprendre-sengager-codirige-par-la-professeure-christiane-bergeron-leclerc\/","title":{"rendered":"La professeure Christiane Bergeron-Leclerc codirige l&rsquo;ouvrage \u00ab\u00a0La pratique du travail social en sant\u00e9 mentale\u00a0: apprendre, comprendre, s\u2019engager\u00a0\u00bb"},"content":{"rendered":"<p>Le 10 octobre dernier, a eu lieu, au Tam Tam Caf\u00e9 (Qu\u00e9bec), le lancement du livre \u00ab\u00a0La pratique du travail social en sant\u00e9 mentale\u00a0: apprendre, comprendre, s\u2019engager\u00a0\u00bb.<\/p>\n<p>Le lancement de cet ouvrage dirig\u00e9 par Christiane Bergeron-Leclerc, professeure au D\u00e9partement des sciences humaines et sociales de l&rsquo;UQAC, en collaboration avec Marie-H\u00e9l\u00e8ne Morin (UQAR), Bernadette Dallaire (Universit\u00e9 Laval) et C\u00e9cile Cormier (UQAR) a r\u00e9uni plus de 70 personnes.<\/p>\n<p>Au total, 24 personnes ont collabor\u00e9 \u00e0 cette \u0153uvre collective, dont plusieurs se retrouvent sur la photo.<\/p>\n<p>Vous pouvez vous procurer cet ouvrage en cliquant sur le lien suivant\u00a0: <a href=\"https:\/\/www.puq.ca\/catalogue\/livres\/pratique-travail-social-sante-mentale-3166.html\">https:\/\/www.puq.ca\/catalogue\/livres\/pratique-travail-social-sante-mentale-3166.html<\/a>.<\/p>\n<p>&nbsp;<\/p>\n","protected":false},"excerpt":{"rendered":"<p>Le 10 octobre dernier, a eu lieu, au Tam Tam Caf\u00e9 (Qu\u00e9bec), le lancement du livre \u00ab\u00a0La pratique du travail social en sant\u00e9 mentale\u00a0: apprendre, comprendre, s\u2019engager\u00a0\u00bb. Le lancement de cet ouvrage dirig\u00e9 par Christiane Bergeron-Leclerc, professeure au D\u00e9partement des sciences humaines et sociales de l&rsquo;UQAC, en collaboration avec Marie-H\u00e9l\u00e8ne Morin (UQAR), Bernadette Dallaire (Universit\u00e9 [&hellip;]<\/p>\n","protected":false},"author":5,"featured_media":37348,"comment_status":"open","ping_status":"open","sticky":false,"template":"","format":"standard","meta":{"footnotes":""},"categories":[2,4],"tags":[22],"yoast_head":"<!-- This site is optimized with the Yoast SEO plugin v24.2 - https:\/\/yoast.com\/wordpress\/plugins\/seo\/ -->\r\n<title>La professeure Christiane Bergeron-Leclerc codirige l&#039;ouvrage \u00ab\u00a0La pratique du travail social en sant\u00e9 mentale\u00a0: apprendre, comprendre, s\u2019engager\u00a0\u00bb - UQACtualit\u00e9s<\/title>\r\n<meta name=\"robots\" content=\"index, follow, max-snippet:-1, max-image-preview:large, max-video-preview:-1\" \/>\r\n<link rel=\"canonical\" href=\"https:\/\/www.uqac.ca\/uqactualites\/2019\/11\/05\/lancement-du-livre-la-pratique-du-travail-social-en-sante-mentale-apprendre-comprendre-sengager-codirige-par-la-professeure-christiane-bergeron-leclerc\/\" \/>\r\n<meta property=\"og:locale\" content=\"fr_CA\" \/>\r\n<meta property=\"og:type\" content=\"article\" \/>\r\n<meta property=\"og:title\" content=\"La professeure Christiane Bergeron-Leclerc codirige l&#039;ouvrage \u00ab\u00a0La pratique du travail social en sant\u00e9 mentale\u00a0: apprendre, comprendre, s\u2019engager\u00a0\u00bb - UQACtualit\u00e9s\" \/>\r\n<meta property=\"og:description\" content=\"Le 10 octobre dernier, a eu lieu, au Tam Tam Caf\u00e9 (Qu\u00e9bec), le lancement du livre \u00ab\u00a0La pratique du travail social en sant\u00e9 mentale\u00a0: apprendre, comprendre, s\u2019engager\u00a0\u00bb. Le lancement de cet ouvrage dirig\u00e9 par Christiane Bergeron-Leclerc, professeure au D\u00e9partement des sciences humaines et sociales de l&rsquo;UQAC, en collaboration avec Marie-H\u00e9l\u00e8ne Morin (UQAR), Bernadette Dallaire (Universit\u00e9 [&hellip;]\" \/>\r\n<meta property=\"og:url\" content=\"https:\/\/www.uqac.ca\/uqactualites\/2019\/11\/05\/lancement-du-livre-la-pratique-du-travail-social-en-sante-mentale-apprendre-comprendre-sengager-codirige-par-la-professeure-christiane-bergeron-leclerc\/\" \/>\r\n<meta property=\"og:site_name\" content=\"UQACtualit\u00e9s\" \/>\r\n<meta property=\"article:published_time\" content=\"2019-11-05T20:16:34+00:00\" \/>\r\n<meta property=\"og:image\" content=\"https:\/\/www.uqac.ca\/uqactualites\/wp-content\/uploads\/2019\/11\/ChristianeBergeronLeclerc-lancement-10octobre2019-scaled.jpg\" \/>\r\n\t<meta property=\"og:image:width\" content=\"2560\" \/>\r\n\t<meta property=\"og:image:height\" content=\"1707\" \/>\r\n\t<meta property=\"og:image:type\" content=\"image\/jpeg\" \/>\r\n<meta name=\"author\" content=\"Service des communications et des relations publiques\" \/>\r\n<meta name=\"twitter:card\" content=\"summary_large_image\" \/>\r\n<meta name=\"twitter:label1\" content=\"\u00c9crit par\" \/>\n\t<meta name=\"twitter:data1\" content=\"Service des communications et des relations publiques\" \/>\n\t<meta name=\"twitter:label2\" content=\"Estimation du temps de lecture\" \/>\n\t<meta name=\"twitter:data2\" content=\"1 minute\" \/>\r\n<script type=\"application\/ld+json\" class=\"yoast-schema-graph\">{\"@context\":\"https:\/\/schema.org\",\"@graph\":[{\"@type\":\"WebPage\",\"@id\":\"https:\/\/www.uqac.ca\/uqactualites\/2019\/11\/05\/lancement-du-livre-la-pratique-du-travail-social-en-sante-mentale-apprendre-comprendre-sengager-codirige-par-la-professeure-christiane-bergeron-leclerc\/\",\"url\":\"https:\/\/www.uqac.ca\/uqactualites\/2019\/11\/05\/lancement-du-livre-la-pratique-du-travail-social-en-sante-mentale-apprendre-comprendre-sengager-codirige-par-la-professeure-christiane-bergeron-leclerc\/\",\"name\":\"La professeure Christiane Bergeron-Leclerc codirige l'ouvrage \u00ab\u00a0La pratique du travail social en sant\u00e9 mentale\u00a0: apprendre, comprendre, s\u2019engager\u00a0\u00bb - UQACtualit\u00e9s\",\"isPartOf\":{\"@id\":\"https:\/\/www.uqac.ca\/uqactualites\/#website\"},\"primaryImageOfPage\":{\"@id\":\"https:\/\/www.uqac.ca\/uqactualites\/2019\/11\/05\/lancement-du-livre-la-pratique-du-travail-social-en-sante-mentale-apprendre-comprendre-sengager-codirige-par-la-professeure-christiane-bergeron-leclerc\/#primaryimage\"},\"image\":{\"@id\":\"https:\/\/www.uqac.ca\/uqactualites\/2019\/11\/05\/lancement-du-livre-la-pratique-du-travail-social-en-sante-mentale-apprendre-comprendre-sengager-codirige-par-la-professeure-christiane-bergeron-leclerc\/#primaryimage\"},\"thumbnailUrl\":\"https:\/\/www.uqac.ca\/uqactualites\/wp-content\/uploads\/2019\/11\/ChristianeBergeronLeclerc-lancement-10octobre2019-scaled.jpg\",\"datePublished\":\"2019-11-05T20:16:34+00:00\",\"dateModified\":\"2019-11-05T20:16:34+00:00\",\"author\":{\"@id\":\"https:\/\/www.uqac.ca\/uqactualites\/#\/schema\/person\/366c45a0c4f0e677b41b4af5886e2018\"},\"breadcrumb\":{\"@id\":\"https:\/\/www.uqac.ca\/uqactualites\/2019\/11\/05\/lancement-du-livre-la-pratique-du-travail-social-en-sante-mentale-apprendre-comprendre-sengager-codirige-par-la-professeure-christiane-bergeron-leclerc\/#breadcrumb\"},\"inLanguage\":\"fr-CA\",\"potentialAction\":[{\"@type\":\"ReadAction\",\"target\":[\"https:\/\/www.uqac.ca\/uqactualites\/2019\/11\/05\/lancement-du-livre-la-pratique-du-travail-social-en-sante-mentale-apprendre-comprendre-sengager-codirige-par-la-professeure-christiane-bergeron-leclerc\/\"]}]},{\"@type\":\"ImageObject\",\"inLanguage\":\"fr-CA\",\"@id\":\"https:\/\/www.uqac.ca\/uqactualites\/2019\/11\/05\/lancement-du-livre-la-pratique-du-travail-social-en-sante-mentale-apprendre-comprendre-sengager-codirige-par-la-professeure-christiane-bergeron-leclerc\/#primaryimage\",\"url\":\"https:\/\/www.uqac.ca\/uqactualites\/wp-content\/uploads\/2019\/11\/ChristianeBergeronLeclerc-lancement-10octobre2019-scaled.jpg\",\"contentUrl\":\"https:\/\/www.uqac.ca\/uqactualites\/wp-content\/uploads\/2019\/11\/ChristianeBergeronLeclerc-lancement-10octobre2019-scaled.jpg\",\"width\":2560,\"height\":1707},{\"@type\":\"BreadcrumbList\",\"@id\":\"https:\/\/www.uqac.ca\/uqactualites\/2019\/11\/05\/lancement-du-livre-la-pratique-du-travail-social-en-sante-mentale-apprendre-comprendre-sengager-codirige-par-la-professeure-christiane-bergeron-leclerc\/#breadcrumb\",\"itemListElement\":[{\"@type\":\"ListItem\",\"position\":1,\"name\":\"Home\",\"item\":\"https:\/\/www.uqac.ca\/uqactualites\/\"},{\"@type\":\"ListItem\",\"position\":2,\"name\":\"La professeure Christiane Bergeron-Leclerc codirige l&rsquo;ouvrage \u00ab\u00a0La pratique du travail social en sant\u00e9 mentale\u00a0: apprendre, comprendre, s\u2019engager\u00a0\u00bb\"}]},{\"@type\":\"WebSite\",\"@id\":\"https:\/\/www.uqac.ca\/uqactualites\/#website\",\"url\":\"https:\/\/www.uqac.ca\/uqactualites\/\",\"name\":\"UQACtualit\u00e9s\",\"description\":\"Le portail des nouvelles de l&#039;UQAC\",\"potentialAction\":[{\"@type\":\"SearchAction\",\"target\":{\"@type\":\"EntryPoint\",\"urlTemplate\":\"https:\/\/www.uqac.ca\/uqactualites\/?s={search_term_string}\"},\"query-input\":{\"@type\":\"PropertyValueSpecification\",\"valueRequired\":true,\"valueName\":\"search_term_string\"}}],\"inLanguage\":\"fr-CA\"},{\"@type\":\"Person\",\"@id\":\"https:\/\/www.uqac.ca\/uqactualites\/#\/schema\/person\/366c45a0c4f0e677b41b4af5886e2018\",\"name\":\"Service des communications et des relations publiques\",\"image\":{\"@type\":\"ImageObject\",\"inLanguage\":\"fr-CA\",\"@id\":\"https:\/\/www.uqac.ca\/uqactualites\/#\/schema\/person\/image\/\",\"url\":\"https:\/\/secure.gravatar.com\/avatar\/20fbbda8a292f59f2d3461a5b999c00b?s=96&d=mm&r=g\",\"contentUrl\":\"https:\/\/secure.gravatar.com\/avatar\/20fbbda8a292f59f2d3461a5b999c00b?s=96&d=mm&r=g\",\"caption\":\"Service des communications et des relations publiques\"},\"url\":\"https:\/\/www.uqac.ca\/uqactualites\/author\/bap\/\"}]}<\/script>\r\n<!-- \/ Yoast SEO plugin. -->","yoast_head_json":{"title":"La professeure Christiane Bergeron-Leclerc codirige l'ouvrage \u00ab\u00a0La pratique du travail social en sant\u00e9 mentale\u00a0: apprendre, comprendre, s\u2019engager\u00a0\u00bb - UQACtualit\u00e9s","robots":{"index":"index","follow":"follow","max-snippet":"max-snippet:-1","max-image-preview":"max-image-preview:large","max-video-preview":"max-video-preview:-1"},"canonical":"https:\/\/www.uqac.ca\/uqactualites\/2019\/11\/05\/lancement-du-livre-la-pratique-du-travail-social-en-sante-mentale-apprendre-comprendre-sengager-codirige-par-la-professeure-christiane-bergeron-leclerc\/","og_locale":"fr_CA","og_type":"article","og_title":"La professeure Christiane Bergeron-Leclerc codirige l'ouvrage \u00ab\u00a0La pratique du travail social en sant\u00e9 mentale\u00a0: apprendre, comprendre, s\u2019engager\u00a0\u00bb - UQACtualit\u00e9s","og_description":"Le 10 octobre dernier, a eu lieu, au Tam Tam Caf\u00e9 (Qu\u00e9bec), le lancement du livre \u00ab\u00a0La pratique du travail social en sant\u00e9 mentale\u00a0: apprendre, comprendre, s\u2019engager\u00a0\u00bb. Le lancement de cet ouvrage dirig\u00e9 par Christiane Bergeron-Leclerc, professeure au D\u00e9partement des sciences humaines et sociales de l&rsquo;UQAC, en collaboration avec Marie-H\u00e9l\u00e8ne Morin (UQAR), Bernadette Dallaire (Universit\u00e9 [&hellip;]","og_url":"https:\/\/www.uqac.ca\/uqactualites\/2019\/11\/05\/lancement-du-livre-la-pratique-du-travail-social-en-sante-mentale-apprendre-comprendre-sengager-codirige-par-la-professeure-christiane-bergeron-leclerc\/","og_site_name":"UQACtualit\u00e9s","article_published_time":"2019-11-05T20:16:34+00:00","og_image":[{"width":2560,"height":1707,"url":"https:\/\/www.uqac.ca\/uqactualites\/wp-content\/uploads\/2019\/11\/ChristianeBergeronLeclerc-lancement-10octobre2019-scaled.jpg","type":"image\/jpeg"}],"author":"Service des communications et des relations publiques","twitter_card":"summary_large_image","twitter_misc":{"\u00c9crit par":"Service des communications et des relations publiques","Estimation du temps de lecture":"1 minute"},"schema":{"@context":"https:\/\/schema.org","@graph":[{"@type":"WebPage","@id":"https:\/\/www.uqac.ca\/uqactualites\/2019\/11\/05\/lancement-du-livre-la-pratique-du-travail-social-en-sante-mentale-apprendre-comprendre-sengager-codirige-par-la-professeure-christiane-bergeron-leclerc\/","url":"https:\/\/www.uqac.ca\/uqactualites\/2019\/11\/05\/lancement-du-livre-la-pratique-du-travail-social-en-sante-mentale-apprendre-comprendre-sengager-codirige-par-la-professeure-christiane-bergeron-leclerc\/","name":"La professeure Christiane Bergeron-Leclerc codirige l'ouvrage \u00ab\u00a0La pratique du travail social en sant\u00e9 mentale\u00a0: apprendre, comprendre, s\u2019engager\u00a0\u00bb - UQACtualit\u00e9s","isPartOf":{"@id":"https:\/\/www.uqac.ca\/uqactualites\/#website"},"primaryImageOfPage":{"@id":"https:\/\/www.uqac.ca\/uqactualites\/2019\/11\/05\/lancement-du-livre-la-pratique-du-travail-social-en-sante-mentale-apprendre-comprendre-sengager-codirige-par-la-professeure-christiane-bergeron-leclerc\/#primaryimage"},"image":{"@id":"https:\/\/www.uqac.ca\/uqactualites\/2019\/11\/05\/lancement-du-livre-la-pratique-du-travail-social-en-sante-mentale-apprendre-comprendre-sengager-codirige-par-la-professeure-christiane-bergeron-leclerc\/#primaryimage"},"thumbnailUrl":"https:\/\/www.uqac.ca\/uqactualites\/wp-content\/uploads\/2019\/11\/ChristianeBergeronLeclerc-lancement-10octobre2019-scaled.jpg","datePublished":"2019-11-05T20:16:34+00:00","dateModified":"2019-11-05T20:16:34+00:00","author":{"@id":"https:\/\/www.uqac.ca\/uqactualites\/#\/schema\/person\/366c45a0c4f0e677b41b4af5886e2018"},"breadcrumb":{"@id":"https:\/\/www.uqac.ca\/uqactualites\/2019\/11\/05\/lancement-du-livre-la-pratique-du-travail-social-en-sante-mentale-apprendre-comprendre-sengager-codirige-par-la-professeure-christiane-bergeron-leclerc\/#breadcrumb"},"inLanguage":"fr-CA","potentialAction":[{"@type":"ReadAction","target":["https:\/\/www.uqac.ca\/uqactualites\/2019\/11\/05\/lancement-du-livre-la-pratique-du-travail-social-en-sante-mentale-apprendre-comprendre-sengager-codirige-par-la-professeure-christiane-bergeron-leclerc\/"]}]},{"@type":"ImageObject","inLanguage":"fr-CA","@id":"https:\/\/www.uqac.ca\/uqactualites\/2019\/11\/05\/lancement-du-livre-la-pratique-du-travail-social-en-sante-mentale-apprendre-comprendre-sengager-codirige-par-la-professeure-christiane-bergeron-leclerc\/#primaryimage","url":"https:\/\/www.uqac.ca\/uqactualites\/wp-content\/uploads\/2019\/11\/ChristianeBergeronLeclerc-lancement-10octobre2019-scaled.jpg","contentUrl":"https:\/\/www.uqac.ca\/uqactualites\/wp-content\/uploads\/2019\/11\/ChristianeBergeronLeclerc-lancement-10octobre2019-scaled.jpg","width":2560,"height":1707},{"@type":"BreadcrumbList","@id":"https:\/\/www.uqac.ca\/uqactualites\/2019\/11\/05\/lancement-du-livre-la-pratique-du-travail-social-en-sante-mentale-apprendre-comprendre-sengager-codirige-par-la-professeure-christiane-bergeron-leclerc\/#breadcrumb","itemListElement":[{"@type":"ListItem","position":1,"name":"Home","item":"https:\/\/www.uqac.ca\/uqactualites\/"},{"@type":"ListItem","position":2,"name":"La professeure Christiane Bergeron-Leclerc codirige l&rsquo;ouvrage \u00ab\u00a0La pratique du travail social en sant\u00e9 mentale\u00a0: apprendre, comprendre, s\u2019engager\u00a0\u00bb"}]},{"@type":"WebSite","@id":"https:\/\/www.uqac.ca\/uqactualites\/#website","url":"https:\/\/www.uqac.ca\/uqactualites\/","name":"UQACtualit\u00e9s","description":"Le portail des nouvelles de l&#039;UQAC","potentialAction":[{"@type":"SearchAction","target":{"@type":"EntryPoint","urlTemplate":"https:\/\/www.uqac.ca\/uqactualites\/?s={search_term_string}"},"query-input":{"@type":"PropertyValueSpecification","valueRequired":true,"valueName":"search_term_string"}}],"inLanguage":"fr-CA"},{"@type":"Person","@id":"https:\/\/www.uqac.ca\/uqactualites\/#\/schema\/person\/366c45a0c4f0e677b41b4af5886e2018","name":"Service des communications et des relations publiques","image":{"@type":"ImageObject","inLanguage":"fr-CA","@id":"https:\/\/www.uqac.ca\/uqactualites\/#\/schema\/person\/image\/","url":"https:\/\/secure.gravatar.com\/avatar\/20fbbda8a292f59f2d3461a5b999c00b?s=96&d=mm&r=g","contentUrl":"https:\/\/secure.gravatar.com\/avatar\/20fbbda8a292f59f2d3461a5b999c00b?s=96&d=mm&r=g","caption":"Service des communications et des relations publiques"},"url":"https:\/\/www.uqac.ca\/uqactualites\/author\/bap\/"}]}},"_links":{"self":[{"href":"https:\/\/www.uqac.ca\/uqactualites\/wp-json\/wp\/v2\/posts\/37347"}],"collection":[{"href":"https:\/\/www.uqac.ca\/uqactualites\/wp-json\/wp\/v2\/posts"}],"about":[{"href":"https:\/\/www.uqac.ca\/uqactualites\/wp-json\/wp\/v2\/types\/post"}],"author":[{"embeddable":true,"href":"https:\/\/www.uqac.ca\/uqactualites\/wp-json\/wp\/v2\/users\/5"}],"replies":[{"embeddable":true,"href":"https:\/\/www.uqac.ca\/uqactualites\/wp-json\/wp\/v2\/comments?post=37347"}],"version-history":[{"count":0,"href":"https:\/\/www.uqac.ca\/uqactualites\/wp-json\/wp\/v2\/posts\/37347\/revisions"}],"wp:featuredmedia":[{"embeddable":true,"href":"https:\/\/www.uqac.ca\/uqactualites\/wp-json\/wp\/v2\/media\/37348"}],"wp:attachment":[{"href":"https:\/\/www.uqac.ca\/uqactualites\/wp-json\/wp\/v2\/media?parent=37347"}],"wp:term":[{"taxonomy":"category","embeddable":true,"href":"https:\/\/www.uqac.ca\/uqactualites\/wp-json\/wp\/v2\/categories?post=37347"},{"taxonomy":"post_tag","embeddable":true,"href":"https:\/\/www.uqac.ca\/uqactualites\/wp-json\/wp\/v2\/tags?post=37347"}],"curies":[{"name":"wp","href":"https:\/\/api.w.org\/{rel}","templated":true}]}}