{"id":37364,"date":"2019-11-11T10:51:08","date_gmt":"2019-11-11T15:51:08","guid":{"rendered":"https:\/\/www.uqac.ca\/?p=37364"},"modified":"2019-11-11T10:51:08","modified_gmt":"2019-11-11T15:51:08","slug":"nomination-du-wilson-institute-pour-camil-girard-et-carl-brisson","status":"publish","type":"post","link":"https:\/\/www.uqac.ca\/uqactualites\/2019\/11\/11\/nomination-du-wilson-institute-pour-camil-girard-et-carl-brisson\/","title":{"rendered":"Nomination du Wilson Institute pour Camil Girard et Carl Brisson"},"content":{"rendered":"<p>Le Wilson Institute\u00a0for Canadian HIstory (Universit\u00e9 Mc Master, Ontario) a\u00a0retenu parmi les finalistes du prix Wilson Book Prize,\u00a0l\u2019ouvrage de Camil Girard et de Carl Brisson, Reconnaissance et exclusion des peuples autochtones au Qu\u00e9bec. Du Trait\u00e9 d\u2019Alliance de 1603 \u00e0 nos jours, Les Presses de l\u2019Universit\u00e9 Laval, 2018, 265 pages (en r\u00e9impression aux PUL, 25 octobre 2019). Cette nomination a pour but de reconna\u00eetre les principales contributions \u00e0 l\u2019histoire pour l\u2019ann\u00e9e\u00a02018<\/p>\n<p>\u00ab\u00a0Dans Reconnaissance et exclusion des peuples autochtones au Qu\u00e9bec, Carl Brisson et Camil Girard examinent la longue histoire (de 1603 \u00e0 aujourd\u2019hui) des trait\u00e9s concernant les peuples autochtones colonisateurs au Qu\u00e9bec. Comme le titre l\u2019indique, une fois reconnus comme alli\u00e9s et partenaires commerciaux, les populations autochtones (depuis la Proclamation royale de 1763) ont \u00e9t\u00e9 de plus en plus exclues du processus politique et judiciaire. Ce livre fournit un aper\u00e7u tr\u00e8s accessible de ce processus d\u2019exclusion qui int\u00e9ressera sans aucun doute plus que les historiens.\u200b\u00a0\u00bb<\/p>\n<p>&nbsp;<\/p>\n<p>Camil Girard est charg\u00e9 de cours retrait\u00e9 et professeur associ\u00e9.<\/p>\n<p>Carl Brisson est charg\u00e9 de cours et professionnel de recherche au D\u00e9partement des sciences humaines et sociales de l&rsquo;UQAC.<\/p>\n<p>pour en savoir plus:<a href=\"https:\/\/www.pulaval.com\/produit\/reconnaissance-et-exclusion-des-peuples-autochtones-au-quebec-du-traite-d-alliance-de-1603-a-nos-jours\">https:\/\/www.pulaval.com\/produit\/reconnaissance-et-exclusion-des-peuples-autochtones-au-quebec-du-traite-d-alliance-de-1603-a-nos-jours<\/a><\/p>\n<p>&nbsp;<\/p>\n<p>&nbsp;<\/p>\n<p>&nbsp;<\/p>\n","protected":false},"excerpt":{"rendered":"<p>Le Wilson Institute\u00a0for Canadian HIstory (Universit\u00e9 Mc Master, Ontario) a\u00a0retenu parmi les finalistes du prix Wilson Book Prize,\u00a0l\u2019ouvrage de Camil Girard et de Carl Brisson, Reconnaissance et exclusion des peuples autochtones au Qu\u00e9bec. Du Trait\u00e9 d\u2019Alliance de 1603 \u00e0 nos jours, Les Presses de l\u2019Universit\u00e9 Laval, 2018, 265 pages (en r\u00e9impression aux PUL, 25 octobre [&hellip;]<\/p>\n","protected":false},"author":5,"featured_media":37365,"comment_status":"open","ping_status":"open","sticky":false,"template":"","format":"standard","meta":{"footnotes":""},"categories":[2,9],"tags":[190,38,482],"yoast_head":"<!-- This site is optimized with the Yoast SEO plugin v24.2 - https:\/\/yoast.com\/wordpress\/plugins\/seo\/ -->\r\n<title>Nomination du Wilson Institute pour Camil Girard et Carl Brisson - UQACtualit\u00e9s<\/title>\r\n<meta name=\"robots\" content=\"index, follow, max-snippet:-1, max-image-preview:large, max-video-preview:-1\" \/>\r\n<link rel=\"canonical\" href=\"https:\/\/www.uqac.ca\/uqactualites\/2019\/11\/11\/nomination-du-wilson-institute-pour-camil-girard-et-carl-brisson\/\" \/>\r\n<meta property=\"og:locale\" content=\"fr_CA\" \/>\r\n<meta property=\"og:type\" content=\"article\" \/>\r\n<meta property=\"og:title\" content=\"Nomination du Wilson Institute pour Camil Girard et Carl Brisson - UQACtualit\u00e9s\" \/>\r\n<meta property=\"og:description\" content=\"Le Wilson Institute\u00a0for Canadian HIstory (Universit\u00e9 Mc Master, Ontario) a\u00a0retenu parmi les finalistes du prix Wilson Book Prize,\u00a0l\u2019ouvrage de Camil Girard et de Carl Brisson, Reconnaissance et exclusion des peuples autochtones au Qu\u00e9bec. Du Trait\u00e9 d\u2019Alliance de 1603 \u00e0 nos jours, Les Presses de l\u2019Universit\u00e9 Laval, 2018, 265 pages (en r\u00e9impression aux PUL, 25 octobre [&hellip;]\" \/>\r\n<meta property=\"og:url\" content=\"https:\/\/www.uqac.ca\/uqactualites\/2019\/11\/11\/nomination-du-wilson-institute-pour-camil-girard-et-carl-brisson\/\" \/>\r\n<meta property=\"og:site_name\" content=\"UQACtualit\u00e9s\" \/>\r\n<meta property=\"article:published_time\" content=\"2019-11-11T15:51:08+00:00\" \/>\r\n<meta property=\"og:image\" content=\"https:\/\/www.uqac.ca\/uqactualites\/wp-content\/uploads\/2019\/11\/details_L97827637336921.jpg\" \/>\r\n\t<meta property=\"og:image:width\" content=\"600\" \/>\r\n\t<meta property=\"og:image:height\" content=\"901\" \/>\r\n\t<meta property=\"og:image:type\" content=\"image\/jpeg\" \/>\r\n<meta name=\"author\" content=\"Service des communications et des relations publiques\" \/>\r\n<meta name=\"twitter:card\" content=\"summary_large_image\" \/>\r\n<meta name=\"twitter:label1\" content=\"\u00c9crit par\" \/>\n\t<meta name=\"twitter:data1\" content=\"Service des communications et des relations publiques\" \/>\n\t<meta name=\"twitter:label2\" content=\"Estimation du temps de lecture\" \/>\n\t<meta name=\"twitter:data2\" content=\"1 minute\" \/>\r\n<script type=\"application\/ld+json\" class=\"yoast-schema-graph\">{\"@context\":\"https:\/\/schema.org\",\"@graph\":[{\"@type\":\"WebPage\",\"@id\":\"https:\/\/www.uqac.ca\/uqactualites\/2019\/11\/11\/nomination-du-wilson-institute-pour-camil-girard-et-carl-brisson\/\",\"url\":\"https:\/\/www.uqac.ca\/uqactualites\/2019\/11\/11\/nomination-du-wilson-institute-pour-camil-girard-et-carl-brisson\/\",\"name\":\"Nomination du Wilson Institute pour Camil Girard et Carl Brisson - UQACtualit\u00e9s\",\"isPartOf\":{\"@id\":\"https:\/\/www.uqac.ca\/uqactualites\/#website\"},\"primaryImageOfPage\":{\"@id\":\"https:\/\/www.uqac.ca\/uqactualites\/2019\/11\/11\/nomination-du-wilson-institute-pour-camil-girard-et-carl-brisson\/#primaryimage\"},\"image\":{\"@id\":\"https:\/\/www.uqac.ca\/uqactualites\/2019\/11\/11\/nomination-du-wilson-institute-pour-camil-girard-et-carl-brisson\/#primaryimage\"},\"thumbnailUrl\":\"https:\/\/www.uqac.ca\/uqactualites\/wp-content\/uploads\/2019\/11\/details_L97827637336921.jpg\",\"datePublished\":\"2019-11-11T15:51:08+00:00\",\"dateModified\":\"2019-11-11T15:51:08+00:00\",\"author\":{\"@id\":\"https:\/\/www.uqac.ca\/uqactualites\/#\/schema\/person\/366c45a0c4f0e677b41b4af5886e2018\"},\"breadcrumb\":{\"@id\":\"https:\/\/www.uqac.ca\/uqactualites\/2019\/11\/11\/nomination-du-wilson-institute-pour-camil-girard-et-carl-brisson\/#breadcrumb\"},\"inLanguage\":\"fr-CA\",\"potentialAction\":[{\"@type\":\"ReadAction\",\"target\":[\"https:\/\/www.uqac.ca\/uqactualites\/2019\/11\/11\/nomination-du-wilson-institute-pour-camil-girard-et-carl-brisson\/\"]}]},{\"@type\":\"ImageObject\",\"inLanguage\":\"fr-CA\",\"@id\":\"https:\/\/www.uqac.ca\/uqactualites\/2019\/11\/11\/nomination-du-wilson-institute-pour-camil-girard-et-carl-brisson\/#primaryimage\",\"url\":\"https:\/\/www.uqac.ca\/uqactualites\/wp-content\/uploads\/2019\/11\/details_L97827637336921.jpg\",\"contentUrl\":\"https:\/\/www.uqac.ca\/uqactualites\/wp-content\/uploads\/2019\/11\/details_L97827637336921.jpg\",\"width\":600,\"height\":901},{\"@type\":\"BreadcrumbList\",\"@id\":\"https:\/\/www.uqac.ca\/uqactualites\/2019\/11\/11\/nomination-du-wilson-institute-pour-camil-girard-et-carl-brisson\/#breadcrumb\",\"itemListElement\":[{\"@type\":\"ListItem\",\"position\":1,\"name\":\"Home\",\"item\":\"https:\/\/www.uqac.ca\/uqactualites\/\"},{\"@type\":\"ListItem\",\"position\":2,\"name\":\"Nomination du Wilson Institute pour Camil Girard et Carl Brisson\"}]},{\"@type\":\"WebSite\",\"@id\":\"https:\/\/www.uqac.ca\/uqactualites\/#website\",\"url\":\"https:\/\/www.uqac.ca\/uqactualites\/\",\"name\":\"UQACtualit\u00e9s\",\"description\":\"Le portail des nouvelles de l&#039;UQAC\",\"potentialAction\":[{\"@type\":\"SearchAction\",\"target\":{\"@type\":\"EntryPoint\",\"urlTemplate\":\"https:\/\/www.uqac.ca\/uqactualites\/?s={search_term_string}\"},\"query-input\":{\"@type\":\"PropertyValueSpecification\",\"valueRequired\":true,\"valueName\":\"search_term_string\"}}],\"inLanguage\":\"fr-CA\"},{\"@type\":\"Person\",\"@id\":\"https:\/\/www.uqac.ca\/uqactualites\/#\/schema\/person\/366c45a0c4f0e677b41b4af5886e2018\",\"name\":\"Service des communications et des relations publiques\",\"image\":{\"@type\":\"ImageObject\",\"inLanguage\":\"fr-CA\",\"@id\":\"https:\/\/www.uqac.ca\/uqactualites\/#\/schema\/person\/image\/\",\"url\":\"https:\/\/secure.gravatar.com\/avatar\/20fbbda8a292f59f2d3461a5b999c00b?s=96&d=mm&r=g\",\"contentUrl\":\"https:\/\/secure.gravatar.com\/avatar\/20fbbda8a292f59f2d3461a5b999c00b?s=96&d=mm&r=g\",\"caption\":\"Service des communications et des relations publiques\"},\"url\":\"https:\/\/www.uqac.ca\/uqactualites\/author\/bap\/\"}]}<\/script>\r\n<!-- \/ Yoast SEO plugin. -->","yoast_head_json":{"title":"Nomination du Wilson Institute pour Camil Girard et Carl Brisson - UQACtualit\u00e9s","robots":{"index":"index","follow":"follow","max-snippet":"max-snippet:-1","max-image-preview":"max-image-preview:large","max-video-preview":"max-video-preview:-1"},"canonical":"https:\/\/www.uqac.ca\/uqactualites\/2019\/11\/11\/nomination-du-wilson-institute-pour-camil-girard-et-carl-brisson\/","og_locale":"fr_CA","og_type":"article","og_title":"Nomination du Wilson Institute pour Camil Girard et Carl Brisson - UQACtualit\u00e9s","og_description":"Le Wilson Institute\u00a0for Canadian HIstory (Universit\u00e9 Mc Master, Ontario) a\u00a0retenu parmi les finalistes du prix Wilson Book Prize,\u00a0l\u2019ouvrage de Camil Girard et de Carl Brisson, Reconnaissance et exclusion des peuples autochtones au Qu\u00e9bec. Du Trait\u00e9 d\u2019Alliance de 1603 \u00e0 nos jours, Les Presses de l\u2019Universit\u00e9 Laval, 2018, 265 pages (en r\u00e9impression aux PUL, 25 octobre [&hellip;]","og_url":"https:\/\/www.uqac.ca\/uqactualites\/2019\/11\/11\/nomination-du-wilson-institute-pour-camil-girard-et-carl-brisson\/","og_site_name":"UQACtualit\u00e9s","article_published_time":"2019-11-11T15:51:08+00:00","og_image":[{"width":600,"height":901,"url":"https:\/\/www.uqac.ca\/uqactualites\/wp-content\/uploads\/2019\/11\/details_L97827637336921.jpg","type":"image\/jpeg"}],"author":"Service des communications et des relations publiques","twitter_card":"summary_large_image","twitter_misc":{"\u00c9crit par":"Service des communications et des relations publiques","Estimation du temps de lecture":"1 minute"},"schema":{"@context":"https:\/\/schema.org","@graph":[{"@type":"WebPage","@id":"https:\/\/www.uqac.ca\/uqactualites\/2019\/11\/11\/nomination-du-wilson-institute-pour-camil-girard-et-carl-brisson\/","url":"https:\/\/www.uqac.ca\/uqactualites\/2019\/11\/11\/nomination-du-wilson-institute-pour-camil-girard-et-carl-brisson\/","name":"Nomination du Wilson Institute pour Camil Girard et Carl Brisson - UQACtualit\u00e9s","isPartOf":{"@id":"https:\/\/www.uqac.ca\/uqactualites\/#website"},"primaryImageOfPage":{"@id":"https:\/\/www.uqac.ca\/uqactualites\/2019\/11\/11\/nomination-du-wilson-institute-pour-camil-girard-et-carl-brisson\/#primaryimage"},"image":{"@id":"https:\/\/www.uqac.ca\/uqactualites\/2019\/11\/11\/nomination-du-wilson-institute-pour-camil-girard-et-carl-brisson\/#primaryimage"},"thumbnailUrl":"https:\/\/www.uqac.ca\/uqactualites\/wp-content\/uploads\/2019\/11\/details_L97827637336921.jpg","datePublished":"2019-11-11T15:51:08+00:00","dateModified":"2019-11-11T15:51:08+00:00","author":{"@id":"https:\/\/www.uqac.ca\/uqactualites\/#\/schema\/person\/366c45a0c4f0e677b41b4af5886e2018"},"breadcrumb":{"@id":"https:\/\/www.uqac.ca\/uqactualites\/2019\/11\/11\/nomination-du-wilson-institute-pour-camil-girard-et-carl-brisson\/#breadcrumb"},"inLanguage":"fr-CA","potentialAction":[{"@type":"ReadAction","target":["https:\/\/www.uqac.ca\/uqactualites\/2019\/11\/11\/nomination-du-wilson-institute-pour-camil-girard-et-carl-brisson\/"]}]},{"@type":"ImageObject","inLanguage":"fr-CA","@id":"https:\/\/www.uqac.ca\/uqactualites\/2019\/11\/11\/nomination-du-wilson-institute-pour-camil-girard-et-carl-brisson\/#primaryimage","url":"https:\/\/www.uqac.ca\/uqactualites\/wp-content\/uploads\/2019\/11\/details_L97827637336921.jpg","contentUrl":"https:\/\/www.uqac.ca\/uqactualites\/wp-content\/uploads\/2019\/11\/details_L97827637336921.jpg","width":600,"height":901},{"@type":"BreadcrumbList","@id":"https:\/\/www.uqac.ca\/uqactualites\/2019\/11\/11\/nomination-du-wilson-institute-pour-camil-girard-et-carl-brisson\/#breadcrumb","itemListElement":[{"@type":"ListItem","position":1,"name":"Home","item":"https:\/\/www.uqac.ca\/uqactualites\/"},{"@type":"ListItem","position":2,"name":"Nomination du Wilson Institute pour Camil Girard et Carl Brisson"}]},{"@type":"WebSite","@id":"https:\/\/www.uqac.ca\/uqactualites\/#website","url":"https:\/\/www.uqac.ca\/uqactualites\/","name":"UQACtualit\u00e9s","description":"Le portail des nouvelles de l&#039;UQAC","potentialAction":[{"@type":"SearchAction","target":{"@type":"EntryPoint","urlTemplate":"https:\/\/www.uqac.ca\/uqactualites\/?s={search_term_string}"},"query-input":{"@type":"PropertyValueSpecification","valueRequired":true,"valueName":"search_term_string"}}],"inLanguage":"fr-CA"},{"@type":"Person","@id":"https:\/\/www.uqac.ca\/uqactualites\/#\/schema\/person\/366c45a0c4f0e677b41b4af5886e2018","name":"Service des communications et des relations publiques","image":{"@type":"ImageObject","inLanguage":"fr-CA","@id":"https:\/\/www.uqac.ca\/uqactualites\/#\/schema\/person\/image\/","url":"https:\/\/secure.gravatar.com\/avatar\/20fbbda8a292f59f2d3461a5b999c00b?s=96&d=mm&r=g","contentUrl":"https:\/\/secure.gravatar.com\/avatar\/20fbbda8a292f59f2d3461a5b999c00b?s=96&d=mm&r=g","caption":"Service des communications et des relations publiques"},"url":"https:\/\/www.uqac.ca\/uqactualites\/author\/bap\/"}]}},"_links":{"self":[{"href":"https:\/\/www.uqac.ca\/uqactualites\/wp-json\/wp\/v2\/posts\/37364"}],"collection":[{"href":"https:\/\/www.uqac.ca\/uqactualites\/wp-json\/wp\/v2\/posts"}],"about":[{"href":"https:\/\/www.uqac.ca\/uqactualites\/wp-json\/wp\/v2\/types\/post"}],"author":[{"embeddable":true,"href":"https:\/\/www.uqac.ca\/uqactualites\/wp-json\/wp\/v2\/users\/5"}],"replies":[{"embeddable":true,"href":"https:\/\/www.uqac.ca\/uqactualites\/wp-json\/wp\/v2\/comments?post=37364"}],"version-history":[{"count":0,"href":"https:\/\/www.uqac.ca\/uqactualites\/wp-json\/wp\/v2\/posts\/37364\/revisions"}],"wp:featuredmedia":[{"embeddable":true,"href":"https:\/\/www.uqac.ca\/uqactualites\/wp-json\/wp\/v2\/media\/37365"}],"wp:attachment":[{"href":"https:\/\/www.uqac.ca\/uqactualites\/wp-json\/wp\/v2\/media?parent=37364"}],"wp:term":[{"taxonomy":"category","embeddable":true,"href":"https:\/\/www.uqac.ca\/uqactualites\/wp-json\/wp\/v2\/categories?post=37364"},{"taxonomy":"post_tag","embeddable":true,"href":"https:\/\/www.uqac.ca\/uqactualites\/wp-json\/wp\/v2\/tags?post=37364"}],"curies":[{"name":"wp","href":"https:\/\/api.w.org\/{rel}","templated":true}]}}