{"id":37375,"date":"2019-11-13T12:39:24","date_gmt":"2019-11-13T17:39:24","guid":{"rendered":"https:\/\/www.uqac.ca\/?p=37375"},"modified":"2019-11-13T12:39:24","modified_gmt":"2019-11-13T17:39:24","slug":"le-symposium-linterdisciplinarite-en-enseignement-des-arts-se-deroule-du-11-au-20-novembre-a-luqac","status":"publish","type":"post","link":"https:\/\/www.uqac.ca\/uqactualites\/2019\/11\/13\/le-symposium-linterdisciplinarite-en-enseignement-des-arts-se-deroule-du-11-au-20-novembre-a-luqac\/","title":{"rendered":"Le Symposium L\u2019interdisciplinarit\u00e9 en enseignement des arts se d\u00e9roule du 11 au 20 novembre \u00e0 l\u2019UQAC"},"content":{"rendered":"<p>Du 11 au 20 novembre 2019, le Collectif de recherche en enseignement des arts (CREA) accueille \u00e0 la <a href=\"http:\/\/www.uqac.ca\/galerie\/\">Galerie L\u2019\u0152uvre de l\u2019Autre<\/a> de l\u2019UQAC son 2<sup>e<\/sup> Symposium qui prend pour th\u00e8me\u00a0L\u2019interdisciplinarit\u00e9 en enseignement des arts, vers une p\u00e9dagogie \u00e9nactive. Une occasion pour initier une collaboration de recherche universit\u00e9-milieux artistique, \u00e9ducatif et culturel de la r\u00e9gion Saguenay\u2013Lac-Saint-Jean.<\/p>\n<p>Sous la pr\u00e9sidence d\u2019honneur de madame Genevi\u00e8ve C\u00f4t\u00e9, repr\u00e9sentante du domaine des arts au minist\u00e8re de l\u2019\u00c9ducation et de l\u2019Enseignement sup\u00e9rieur, et de monsieur Pascal Terrien, de l\u2019Universit\u00e9 Aix-Marseille et professeur au Conservatoire national sup\u00e9rieur de musique et de danse de Paris, le Symposium veut amorcer un projet de recherche participative o\u00f9 l\u2019art, la neurop\u00e9dagogie et l\u2019\u00e9ducation participent au d\u00e9veloppement d\u2019une p\u00e9dagogie innovante qui met en lien interdisciplinaire les 4 arts (musique, danse, dramatique, plastique) ainsi qu\u2019en relation transdisciplinaire, l\u2019art avec d\u2019autres champs de savoirs.<\/p>\n<ul>\n<li>Les journ\u00e9es d\u2019\u00e9tude du 12 et 13 novembre r\u00e9unissent une \u00e9quipe de chercheurs et de praticiens en art et en \u00e9ducation, int\u00e9ress\u00e9s par le renouvellement du programme d\u2019enseignement des arts (PFEQ).<\/li>\n<li>La journ\u00e9e des enseignants des arts du 14 novembre sera l\u2019occasion pour l\u2019ensemble des enseignants des arts du primaire et du secondaire des 4 commissions scolaires de la r\u00e9gion Saguenay\u2013Lac-Saint-Jean de se sensibiliser \u00e0 l\u2019interdisciplinarit\u00e9 et \u00e0 la p\u00e9dagogie qu\u2019elle sugg\u00e8re.<\/li>\n<li>L\u2019exposition <em>Faire corps La lumi\u00e8re fait corps avec les ombres <\/em>des finissants du <a href=\"https:\/\/www.uqac.ca\/programme\/7209-baccalaureat-en-enseignement-des-arts\/\">baccalaur\u00e9at en enseignement des arts<\/a> sera \u00e0 l\u2019affiche \u00c0 la Galerie l\u2019\u0153uvre de l\u2019Autre du 11 au 20 novembre. Le vernissage a lieu le 13 novembre 17h.<\/li>\n<\/ul>\n<p><a href=\"https:\/\/www.uqac.ca\/wp-content\/uploads\/2019\/11\/PROGRAMME-SYMPOSIUM.pdf\">Consultez la programmation en ligne.<\/a><\/p>\n<p>Sur la photo: Sylvie Morais, professeure au D\u00e9partement des arts et lettres lors de l&rsquo;ouverture du Symposium.<\/p>\n","protected":false},"excerpt":{"rendered":"<p>Du 11 au 20 novembre 2019, le Collectif de recherche en enseignement des arts (CREA) accueille \u00e0 la Galerie L\u2019\u0152uvre de l\u2019Autre de l\u2019UQAC son 2e Symposium qui prend pour th\u00e8me\u00a0L\u2019interdisciplinarit\u00e9 en enseignement des arts, vers une p\u00e9dagogie \u00e9nactive. Une occasion pour initier une collaboration de recherche universit\u00e9-milieux artistique, \u00e9ducatif et culturel de la r\u00e9gion [&hellip;]<\/p>\n","protected":false},"author":5,"featured_media":37376,"comment_status":"open","ping_status":"open","sticky":false,"template":"","format":"standard","meta":{"footnotes":""},"categories":[2,4],"tags":[152],"yoast_head":"<!-- This site is optimized with the Yoast SEO plugin v24.2 - https:\/\/yoast.com\/wordpress\/plugins\/seo\/ -->\r\n<title>Le Symposium L\u2019interdisciplinarit\u00e9 en enseignement des arts se d\u00e9roule du 11 au 20 novembre \u00e0 l\u2019UQAC - UQACtualit\u00e9s<\/title>\r\n<meta name=\"robots\" content=\"index, follow, max-snippet:-1, max-image-preview:large, max-video-preview:-1\" \/>\r\n<link rel=\"canonical\" href=\"https:\/\/www.uqac.ca\/uqactualites\/2019\/11\/13\/le-symposium-linterdisciplinarite-en-enseignement-des-arts-se-deroule-du-11-au-20-novembre-a-luqac\/\" \/>\r\n<meta property=\"og:locale\" content=\"fr_CA\" \/>\r\n<meta property=\"og:type\" content=\"article\" \/>\r\n<meta property=\"og:title\" content=\"Le Symposium L\u2019interdisciplinarit\u00e9 en enseignement des arts se d\u00e9roule du 11 au 20 novembre \u00e0 l\u2019UQAC - UQACtualit\u00e9s\" \/>\r\n<meta property=\"og:description\" content=\"Du 11 au 20 novembre 2019, le Collectif de recherche en enseignement des arts (CREA) accueille \u00e0 la Galerie L\u2019\u0152uvre de l\u2019Autre de l\u2019UQAC son 2e Symposium qui prend pour th\u00e8me\u00a0L\u2019interdisciplinarit\u00e9 en enseignement des arts, vers une p\u00e9dagogie \u00e9nactive. Une occasion pour initier une collaboration de recherche universit\u00e9-milieux artistique, \u00e9ducatif et culturel de la r\u00e9gion [&hellip;]\" \/>\r\n<meta property=\"og:url\" content=\"https:\/\/www.uqac.ca\/uqactualites\/2019\/11\/13\/le-symposium-linterdisciplinarite-en-enseignement-des-arts-se-deroule-du-11-au-20-novembre-a-luqac\/\" \/>\r\n<meta property=\"og:site_name\" content=\"UQACtualit\u00e9s\" \/>\r\n<meta property=\"article:published_time\" content=\"2019-11-13T17:39:24+00:00\" \/>\r\n<meta property=\"og:image\" content=\"https:\/\/www.uqac.ca\/uqactualites\/wp-content\/uploads\/2019\/11\/DSC_9845-copie-scaled.jpg\" \/>\r\n\t<meta property=\"og:image:width\" content=\"2560\" \/>\r\n\t<meta property=\"og:image:height\" content=\"1359\" \/>\r\n\t<meta property=\"og:image:type\" content=\"image\/jpeg\" \/>\r\n<meta name=\"author\" content=\"Service des communications et des relations publiques\" \/>\r\n<meta name=\"twitter:card\" content=\"summary_large_image\" \/>\r\n<meta name=\"twitter:label1\" content=\"\u00c9crit par\" \/>\n\t<meta name=\"twitter:data1\" content=\"Service des communications et des relations publiques\" \/>\n\t<meta name=\"twitter:label2\" content=\"Estimation du temps de lecture\" \/>\n\t<meta name=\"twitter:data2\" content=\"2 minutes\" \/>\r\n<script type=\"application\/ld+json\" class=\"yoast-schema-graph\">{\"@context\":\"https:\/\/schema.org\",\"@graph\":[{\"@type\":\"WebPage\",\"@id\":\"https:\/\/www.uqac.ca\/uqactualites\/2019\/11\/13\/le-symposium-linterdisciplinarite-en-enseignement-des-arts-se-deroule-du-11-au-20-novembre-a-luqac\/\",\"url\":\"https:\/\/www.uqac.ca\/uqactualites\/2019\/11\/13\/le-symposium-linterdisciplinarite-en-enseignement-des-arts-se-deroule-du-11-au-20-novembre-a-luqac\/\",\"name\":\"Le Symposium L\u2019interdisciplinarit\u00e9 en enseignement des arts se d\u00e9roule du 11 au 20 novembre \u00e0 l\u2019UQAC - UQACtualit\u00e9s\",\"isPartOf\":{\"@id\":\"https:\/\/www.uqac.ca\/uqactualites\/#website\"},\"primaryImageOfPage\":{\"@id\":\"https:\/\/www.uqac.ca\/uqactualites\/2019\/11\/13\/le-symposium-linterdisciplinarite-en-enseignement-des-arts-se-deroule-du-11-au-20-novembre-a-luqac\/#primaryimage\"},\"image\":{\"@id\":\"https:\/\/www.uqac.ca\/uqactualites\/2019\/11\/13\/le-symposium-linterdisciplinarite-en-enseignement-des-arts-se-deroule-du-11-au-20-novembre-a-luqac\/#primaryimage\"},\"thumbnailUrl\":\"https:\/\/www.uqac.ca\/uqactualites\/wp-content\/uploads\/2019\/11\/DSC_9845-copie-scaled.jpg\",\"datePublished\":\"2019-11-13T17:39:24+00:00\",\"dateModified\":\"2019-11-13T17:39:24+00:00\",\"author\":{\"@id\":\"https:\/\/www.uqac.ca\/uqactualites\/#\/schema\/person\/366c45a0c4f0e677b41b4af5886e2018\"},\"breadcrumb\":{\"@id\":\"https:\/\/www.uqac.ca\/uqactualites\/2019\/11\/13\/le-symposium-linterdisciplinarite-en-enseignement-des-arts-se-deroule-du-11-au-20-novembre-a-luqac\/#breadcrumb\"},\"inLanguage\":\"fr-CA\",\"potentialAction\":[{\"@type\":\"ReadAction\",\"target\":[\"https:\/\/www.uqac.ca\/uqactualites\/2019\/11\/13\/le-symposium-linterdisciplinarite-en-enseignement-des-arts-se-deroule-du-11-au-20-novembre-a-luqac\/\"]}]},{\"@type\":\"ImageObject\",\"inLanguage\":\"fr-CA\",\"@id\":\"https:\/\/www.uqac.ca\/uqactualites\/2019\/11\/13\/le-symposium-linterdisciplinarite-en-enseignement-des-arts-se-deroule-du-11-au-20-novembre-a-luqac\/#primaryimage\",\"url\":\"https:\/\/www.uqac.ca\/uqactualites\/wp-content\/uploads\/2019\/11\/DSC_9845-copie-scaled.jpg\",\"contentUrl\":\"https:\/\/www.uqac.ca\/uqactualites\/wp-content\/uploads\/2019\/11\/DSC_9845-copie-scaled.jpg\",\"width\":2560,\"height\":1359},{\"@type\":\"BreadcrumbList\",\"@id\":\"https:\/\/www.uqac.ca\/uqactualites\/2019\/11\/13\/le-symposium-linterdisciplinarite-en-enseignement-des-arts-se-deroule-du-11-au-20-novembre-a-luqac\/#breadcrumb\",\"itemListElement\":[{\"@type\":\"ListItem\",\"position\":1,\"name\":\"Home\",\"item\":\"https:\/\/www.uqac.ca\/uqactualites\/\"},{\"@type\":\"ListItem\",\"position\":2,\"name\":\"Le Symposium L\u2019interdisciplinarit\u00e9 en enseignement des arts se d\u00e9roule du 11 au 20 novembre \u00e0 l\u2019UQAC\"}]},{\"@type\":\"WebSite\",\"@id\":\"https:\/\/www.uqac.ca\/uqactualites\/#website\",\"url\":\"https:\/\/www.uqac.ca\/uqactualites\/\",\"name\":\"UQACtualit\u00e9s\",\"description\":\"Le portail des nouvelles de l&#039;UQAC\",\"potentialAction\":[{\"@type\":\"SearchAction\",\"target\":{\"@type\":\"EntryPoint\",\"urlTemplate\":\"https:\/\/www.uqac.ca\/uqactualites\/?s={search_term_string}\"},\"query-input\":{\"@type\":\"PropertyValueSpecification\",\"valueRequired\":true,\"valueName\":\"search_term_string\"}}],\"inLanguage\":\"fr-CA\"},{\"@type\":\"Person\",\"@id\":\"https:\/\/www.uqac.ca\/uqactualites\/#\/schema\/person\/366c45a0c4f0e677b41b4af5886e2018\",\"name\":\"Service des communications et des relations publiques\",\"image\":{\"@type\":\"ImageObject\",\"inLanguage\":\"fr-CA\",\"@id\":\"https:\/\/www.uqac.ca\/uqactualites\/#\/schema\/person\/image\/\",\"url\":\"https:\/\/secure.gravatar.com\/avatar\/20fbbda8a292f59f2d3461a5b999c00b?s=96&d=mm&r=g\",\"contentUrl\":\"https:\/\/secure.gravatar.com\/avatar\/20fbbda8a292f59f2d3461a5b999c00b?s=96&d=mm&r=g\",\"caption\":\"Service des communications et des relations publiques\"},\"url\":\"https:\/\/www.uqac.ca\/uqactualites\/author\/bap\/\"}]}<\/script>\r\n<!-- \/ Yoast SEO plugin. -->","yoast_head_json":{"title":"Le Symposium L\u2019interdisciplinarit\u00e9 en enseignement des arts se d\u00e9roule du 11 au 20 novembre \u00e0 l\u2019UQAC - UQACtualit\u00e9s","robots":{"index":"index","follow":"follow","max-snippet":"max-snippet:-1","max-image-preview":"max-image-preview:large","max-video-preview":"max-video-preview:-1"},"canonical":"https:\/\/www.uqac.ca\/uqactualites\/2019\/11\/13\/le-symposium-linterdisciplinarite-en-enseignement-des-arts-se-deroule-du-11-au-20-novembre-a-luqac\/","og_locale":"fr_CA","og_type":"article","og_title":"Le Symposium L\u2019interdisciplinarit\u00e9 en enseignement des arts se d\u00e9roule du 11 au 20 novembre \u00e0 l\u2019UQAC - UQACtualit\u00e9s","og_description":"Du 11 au 20 novembre 2019, le Collectif de recherche en enseignement des arts (CREA) accueille \u00e0 la Galerie L\u2019\u0152uvre de l\u2019Autre de l\u2019UQAC son 2e Symposium qui prend pour th\u00e8me\u00a0L\u2019interdisciplinarit\u00e9 en enseignement des arts, vers une p\u00e9dagogie \u00e9nactive. Une occasion pour initier une collaboration de recherche universit\u00e9-milieux artistique, \u00e9ducatif et culturel de la r\u00e9gion [&hellip;]","og_url":"https:\/\/www.uqac.ca\/uqactualites\/2019\/11\/13\/le-symposium-linterdisciplinarite-en-enseignement-des-arts-se-deroule-du-11-au-20-novembre-a-luqac\/","og_site_name":"UQACtualit\u00e9s","article_published_time":"2019-11-13T17:39:24+00:00","og_image":[{"width":2560,"height":1359,"url":"https:\/\/www.uqac.ca\/uqactualites\/wp-content\/uploads\/2019\/11\/DSC_9845-copie-scaled.jpg","type":"image\/jpeg"}],"author":"Service des communications et des relations publiques","twitter_card":"summary_large_image","twitter_misc":{"\u00c9crit par":"Service des communications et des relations publiques","Estimation du temps de lecture":"2 minutes"},"schema":{"@context":"https:\/\/schema.org","@graph":[{"@type":"WebPage","@id":"https:\/\/www.uqac.ca\/uqactualites\/2019\/11\/13\/le-symposium-linterdisciplinarite-en-enseignement-des-arts-se-deroule-du-11-au-20-novembre-a-luqac\/","url":"https:\/\/www.uqac.ca\/uqactualites\/2019\/11\/13\/le-symposium-linterdisciplinarite-en-enseignement-des-arts-se-deroule-du-11-au-20-novembre-a-luqac\/","name":"Le Symposium L\u2019interdisciplinarit\u00e9 en enseignement des arts se d\u00e9roule du 11 au 20 novembre \u00e0 l\u2019UQAC - UQACtualit\u00e9s","isPartOf":{"@id":"https:\/\/www.uqac.ca\/uqactualites\/#website"},"primaryImageOfPage":{"@id":"https:\/\/www.uqac.ca\/uqactualites\/2019\/11\/13\/le-symposium-linterdisciplinarite-en-enseignement-des-arts-se-deroule-du-11-au-20-novembre-a-luqac\/#primaryimage"},"image":{"@id":"https:\/\/www.uqac.ca\/uqactualites\/2019\/11\/13\/le-symposium-linterdisciplinarite-en-enseignement-des-arts-se-deroule-du-11-au-20-novembre-a-luqac\/#primaryimage"},"thumbnailUrl":"https:\/\/www.uqac.ca\/uqactualites\/wp-content\/uploads\/2019\/11\/DSC_9845-copie-scaled.jpg","datePublished":"2019-11-13T17:39:24+00:00","dateModified":"2019-11-13T17:39:24+00:00","author":{"@id":"https:\/\/www.uqac.ca\/uqactualites\/#\/schema\/person\/366c45a0c4f0e677b41b4af5886e2018"},"breadcrumb":{"@id":"https:\/\/www.uqac.ca\/uqactualites\/2019\/11\/13\/le-symposium-linterdisciplinarite-en-enseignement-des-arts-se-deroule-du-11-au-20-novembre-a-luqac\/#breadcrumb"},"inLanguage":"fr-CA","potentialAction":[{"@type":"ReadAction","target":["https:\/\/www.uqac.ca\/uqactualites\/2019\/11\/13\/le-symposium-linterdisciplinarite-en-enseignement-des-arts-se-deroule-du-11-au-20-novembre-a-luqac\/"]}]},{"@type":"ImageObject","inLanguage":"fr-CA","@id":"https:\/\/www.uqac.ca\/uqactualites\/2019\/11\/13\/le-symposium-linterdisciplinarite-en-enseignement-des-arts-se-deroule-du-11-au-20-novembre-a-luqac\/#primaryimage","url":"https:\/\/www.uqac.ca\/uqactualites\/wp-content\/uploads\/2019\/11\/DSC_9845-copie-scaled.jpg","contentUrl":"https:\/\/www.uqac.ca\/uqactualites\/wp-content\/uploads\/2019\/11\/DSC_9845-copie-scaled.jpg","width":2560,"height":1359},{"@type":"BreadcrumbList","@id":"https:\/\/www.uqac.ca\/uqactualites\/2019\/11\/13\/le-symposium-linterdisciplinarite-en-enseignement-des-arts-se-deroule-du-11-au-20-novembre-a-luqac\/#breadcrumb","itemListElement":[{"@type":"ListItem","position":1,"name":"Home","item":"https:\/\/www.uqac.ca\/uqactualites\/"},{"@type":"ListItem","position":2,"name":"Le Symposium L\u2019interdisciplinarit\u00e9 en enseignement des arts se d\u00e9roule du 11 au 20 novembre \u00e0 l\u2019UQAC"}]},{"@type":"WebSite","@id":"https:\/\/www.uqac.ca\/uqactualites\/#website","url":"https:\/\/www.uqac.ca\/uqactualites\/","name":"UQACtualit\u00e9s","description":"Le portail des nouvelles de l&#039;UQAC","potentialAction":[{"@type":"SearchAction","target":{"@type":"EntryPoint","urlTemplate":"https:\/\/www.uqac.ca\/uqactualites\/?s={search_term_string}"},"query-input":{"@type":"PropertyValueSpecification","valueRequired":true,"valueName":"search_term_string"}}],"inLanguage":"fr-CA"},{"@type":"Person","@id":"https:\/\/www.uqac.ca\/uqactualites\/#\/schema\/person\/366c45a0c4f0e677b41b4af5886e2018","name":"Service des communications et des relations publiques","image":{"@type":"ImageObject","inLanguage":"fr-CA","@id":"https:\/\/www.uqac.ca\/uqactualites\/#\/schema\/person\/image\/","url":"https:\/\/secure.gravatar.com\/avatar\/20fbbda8a292f59f2d3461a5b999c00b?s=96&d=mm&r=g","contentUrl":"https:\/\/secure.gravatar.com\/avatar\/20fbbda8a292f59f2d3461a5b999c00b?s=96&d=mm&r=g","caption":"Service des communications et des relations publiques"},"url":"https:\/\/www.uqac.ca\/uqactualites\/author\/bap\/"}]}},"_links":{"self":[{"href":"https:\/\/www.uqac.ca\/uqactualites\/wp-json\/wp\/v2\/posts\/37375"}],"collection":[{"href":"https:\/\/www.uqac.ca\/uqactualites\/wp-json\/wp\/v2\/posts"}],"about":[{"href":"https:\/\/www.uqac.ca\/uqactualites\/wp-json\/wp\/v2\/types\/post"}],"author":[{"embeddable":true,"href":"https:\/\/www.uqac.ca\/uqactualites\/wp-json\/wp\/v2\/users\/5"}],"replies":[{"embeddable":true,"href":"https:\/\/www.uqac.ca\/uqactualites\/wp-json\/wp\/v2\/comments?post=37375"}],"version-history":[{"count":0,"href":"https:\/\/www.uqac.ca\/uqactualites\/wp-json\/wp\/v2\/posts\/37375\/revisions"}],"wp:featuredmedia":[{"embeddable":true,"href":"https:\/\/www.uqac.ca\/uqactualites\/wp-json\/wp\/v2\/media\/37376"}],"wp:attachment":[{"href":"https:\/\/www.uqac.ca\/uqactualites\/wp-json\/wp\/v2\/media?parent=37375"}],"wp:term":[{"taxonomy":"category","embeddable":true,"href":"https:\/\/www.uqac.ca\/uqactualites\/wp-json\/wp\/v2\/categories?post=37375"},{"taxonomy":"post_tag","embeddable":true,"href":"https:\/\/www.uqac.ca\/uqactualites\/wp-json\/wp\/v2\/tags?post=37375"}],"curies":[{"name":"wp","href":"https:\/\/api.w.org\/{rel}","templated":true}]}}