{"id":37395,"date":"2019-11-21T10:28:29","date_gmt":"2019-11-21T15:28:29","guid":{"rendered":"https:\/\/www.uqac.ca\/?p=37395"},"modified":"2019-11-21T10:28:29","modified_gmt":"2019-11-21T15:28:29","slug":"le-comite-uqac-souligne-la-journee-du-souvenir-trans","status":"publish","type":"post","link":"https:\/\/www.uqac.ca\/uqactualites\/2019\/11\/21\/le-comite-uqac-souligne-la-journee-du-souvenir-trans\/","title":{"rendered":"Le Comit\u00e9 UQAC+ souligne la Journ\u00e9e du souvenir trans"},"content":{"rendered":"<p>Ce mercredi 20 novembre, certains membres du\u00a0nouveau Comit\u00e9 UQAC+ (LGBTQIA2S+)\u00a0\u00e9taient pr\u00e9sents au Centre social afin de souligner la Journ\u00e9e du souvenir trans ou le Transgender Day of Remembrance (nom aux \u00c9tats-Unis d&rsquo;o\u00f9 l&rsquo;initiative est originaire).<\/p>\n<p>Comme\u00a0le Comit\u00e9 UQAC+ s&rsquo;engage \u00e0 pr\u00e9venir et \u00e0\u00a0lutter contre toutes formes de discriminations envers la diversit\u00e9 sexuelle et de genre ainsi qu&rsquo;\u00e0 r\u00e9voquer toutes autres formes de discriminations, il \u00e9tait logique pour tous ses membres d&rsquo;\u00eatre pr\u00e9sents physiquement pour comm\u00e9morer toutes les personnes tu\u00e9es \u00e0 cause de la transphobie.<\/p>\n<p>Ce comit\u00e9 posera \u00e9galement\u00a0dans les prochaines semaines diff\u00e9rentes actions pour la communaut\u00e9 LGBTQIA2S+ de l&rsquo;Universit\u00e9, et ce, autant pour les \u00e9tudiantes et \u00e9tudiants, les employ\u00e9es et les employ\u00e9s, les dipl\u00f4m\u00e9es et dipl\u00f4m\u00e9s, les professeures et professeurs, les charg\u00e9es de cours et charg\u00e9s de cours ainsi que les retrait\u00e9es et retrait\u00e9s de l&rsquo;UQAC.<\/p>\n<p>&nbsp;<\/p>\n","protected":false},"excerpt":{"rendered":"<p>Ce mercredi 20 novembre, certains membres du\u00a0nouveau Comit\u00e9 UQAC+ (LGBTQIA2S+)\u00a0\u00e9taient pr\u00e9sents au Centre social afin de souligner la Journ\u00e9e du souvenir trans ou le Transgender Day of Remembrance (nom aux \u00c9tats-Unis d&rsquo;o\u00f9 l&rsquo;initiative est originaire). Comme\u00a0le Comit\u00e9 UQAC+ s&rsquo;engage \u00e0 pr\u00e9venir et \u00e0\u00a0lutter contre toutes formes de discriminations envers la diversit\u00e9 sexuelle et de genre [&hellip;]<\/p>\n","protected":false},"author":5,"featured_media":37396,"comment_status":"open","ping_status":"open","sticky":false,"template":"","format":"standard","meta":{"footnotes":""},"categories":[2],"tags":[],"yoast_head":"<!-- This site is optimized with the Yoast SEO plugin v24.2 - https:\/\/yoast.com\/wordpress\/plugins\/seo\/ -->\r\n<title>Le Comit\u00e9 UQAC+ souligne la Journ\u00e9e du souvenir trans - UQACtualit\u00e9s<\/title>\r\n<meta name=\"robots\" content=\"index, follow, max-snippet:-1, max-image-preview:large, max-video-preview:-1\" \/>\r\n<link rel=\"canonical\" href=\"https:\/\/www.uqac.ca\/uqactualites\/2019\/11\/21\/le-comite-uqac-souligne-la-journee-du-souvenir-trans\/\" \/>\r\n<meta property=\"og:locale\" content=\"fr_CA\" \/>\r\n<meta property=\"og:type\" content=\"article\" \/>\r\n<meta property=\"og:title\" content=\"Le Comit\u00e9 UQAC+ souligne la Journ\u00e9e du souvenir trans - UQACtualit\u00e9s\" \/>\r\n<meta property=\"og:description\" content=\"Ce mercredi 20 novembre, certains membres du\u00a0nouveau Comit\u00e9 UQAC+ (LGBTQIA2S+)\u00a0\u00e9taient pr\u00e9sents au Centre social afin de souligner la Journ\u00e9e du souvenir trans ou le Transgender Day of Remembrance (nom aux \u00c9tats-Unis d&rsquo;o\u00f9 l&rsquo;initiative est originaire). Comme\u00a0le Comit\u00e9 UQAC+ s&rsquo;engage \u00e0 pr\u00e9venir et \u00e0\u00a0lutter contre toutes formes de discriminations envers la diversit\u00e9 sexuelle et de genre [&hellip;]\" \/>\r\n<meta property=\"og:url\" content=\"https:\/\/www.uqac.ca\/uqactualites\/2019\/11\/21\/le-comite-uqac-souligne-la-journee-du-souvenir-trans\/\" \/>\r\n<meta property=\"og:site_name\" content=\"UQACtualit\u00e9s\" \/>\r\n<meta property=\"article:published_time\" content=\"2019-11-21T15:28:29+00:00\" \/>\r\n<meta property=\"og:image\" content=\"https:\/\/www.uqac.ca\/uqactualites\/wp-content\/uploads\/2019\/11\/Comite_UQAC_21112019-scaled.jpg\" \/>\r\n\t<meta property=\"og:image:width\" content=\"2560\" \/>\r\n\t<meta property=\"og:image:height\" content=\"2560\" \/>\r\n\t<meta property=\"og:image:type\" content=\"image\/jpeg\" \/>\r\n<meta name=\"author\" content=\"Service des communications et des relations publiques\" \/>\r\n<meta name=\"twitter:card\" content=\"summary_large_image\" \/>\r\n<meta name=\"twitter:label1\" content=\"\u00c9crit par\" \/>\n\t<meta name=\"twitter:data1\" content=\"Service des communications et des relations publiques\" \/>\n\t<meta name=\"twitter:label2\" content=\"Estimation du temps de lecture\" \/>\n\t<meta name=\"twitter:data2\" content=\"1 minute\" \/>\r\n<script type=\"application\/ld+json\" class=\"yoast-schema-graph\">{\"@context\":\"https:\/\/schema.org\",\"@graph\":[{\"@type\":\"WebPage\",\"@id\":\"https:\/\/www.uqac.ca\/uqactualites\/2019\/11\/21\/le-comite-uqac-souligne-la-journee-du-souvenir-trans\/\",\"url\":\"https:\/\/www.uqac.ca\/uqactualites\/2019\/11\/21\/le-comite-uqac-souligne-la-journee-du-souvenir-trans\/\",\"name\":\"Le Comit\u00e9 UQAC+ souligne la Journ\u00e9e du souvenir trans - UQACtualit\u00e9s\",\"isPartOf\":{\"@id\":\"https:\/\/www.uqac.ca\/uqactualites\/#website\"},\"primaryImageOfPage\":{\"@id\":\"https:\/\/www.uqac.ca\/uqactualites\/2019\/11\/21\/le-comite-uqac-souligne-la-journee-du-souvenir-trans\/#primaryimage\"},\"image\":{\"@id\":\"https:\/\/www.uqac.ca\/uqactualites\/2019\/11\/21\/le-comite-uqac-souligne-la-journee-du-souvenir-trans\/#primaryimage\"},\"thumbnailUrl\":\"https:\/\/www.uqac.ca\/uqactualites\/wp-content\/uploads\/2019\/11\/Comite_UQAC_21112019-scaled.jpg\",\"datePublished\":\"2019-11-21T15:28:29+00:00\",\"dateModified\":\"2019-11-21T15:28:29+00:00\",\"author\":{\"@id\":\"https:\/\/www.uqac.ca\/uqactualites\/#\/schema\/person\/366c45a0c4f0e677b41b4af5886e2018\"},\"breadcrumb\":{\"@id\":\"https:\/\/www.uqac.ca\/uqactualites\/2019\/11\/21\/le-comite-uqac-souligne-la-journee-du-souvenir-trans\/#breadcrumb\"},\"inLanguage\":\"fr-CA\",\"potentialAction\":[{\"@type\":\"ReadAction\",\"target\":[\"https:\/\/www.uqac.ca\/uqactualites\/2019\/11\/21\/le-comite-uqac-souligne-la-journee-du-souvenir-trans\/\"]}]},{\"@type\":\"ImageObject\",\"inLanguage\":\"fr-CA\",\"@id\":\"https:\/\/www.uqac.ca\/uqactualites\/2019\/11\/21\/le-comite-uqac-souligne-la-journee-du-souvenir-trans\/#primaryimage\",\"url\":\"https:\/\/www.uqac.ca\/uqactualites\/wp-content\/uploads\/2019\/11\/Comite_UQAC_21112019-scaled.jpg\",\"contentUrl\":\"https:\/\/www.uqac.ca\/uqactualites\/wp-content\/uploads\/2019\/11\/Comite_UQAC_21112019-scaled.jpg\",\"width\":2560,\"height\":2560},{\"@type\":\"BreadcrumbList\",\"@id\":\"https:\/\/www.uqac.ca\/uqactualites\/2019\/11\/21\/le-comite-uqac-souligne-la-journee-du-souvenir-trans\/#breadcrumb\",\"itemListElement\":[{\"@type\":\"ListItem\",\"position\":1,\"name\":\"Home\",\"item\":\"https:\/\/www.uqac.ca\/uqactualites\/\"},{\"@type\":\"ListItem\",\"position\":2,\"name\":\"Le Comit\u00e9 UQAC+ souligne la Journ\u00e9e du souvenir trans\"}]},{\"@type\":\"WebSite\",\"@id\":\"https:\/\/www.uqac.ca\/uqactualites\/#website\",\"url\":\"https:\/\/www.uqac.ca\/uqactualites\/\",\"name\":\"UQACtualit\u00e9s\",\"description\":\"Le portail des nouvelles de l&#039;UQAC\",\"potentialAction\":[{\"@type\":\"SearchAction\",\"target\":{\"@type\":\"EntryPoint\",\"urlTemplate\":\"https:\/\/www.uqac.ca\/uqactualites\/?s={search_term_string}\"},\"query-input\":{\"@type\":\"PropertyValueSpecification\",\"valueRequired\":true,\"valueName\":\"search_term_string\"}}],\"inLanguage\":\"fr-CA\"},{\"@type\":\"Person\",\"@id\":\"https:\/\/www.uqac.ca\/uqactualites\/#\/schema\/person\/366c45a0c4f0e677b41b4af5886e2018\",\"name\":\"Service des communications et des relations publiques\",\"image\":{\"@type\":\"ImageObject\",\"inLanguage\":\"fr-CA\",\"@id\":\"https:\/\/www.uqac.ca\/uqactualites\/#\/schema\/person\/image\/\",\"url\":\"https:\/\/secure.gravatar.com\/avatar\/20fbbda8a292f59f2d3461a5b999c00b?s=96&d=mm&r=g\",\"contentUrl\":\"https:\/\/secure.gravatar.com\/avatar\/20fbbda8a292f59f2d3461a5b999c00b?s=96&d=mm&r=g\",\"caption\":\"Service des communications et des relations publiques\"},\"url\":\"https:\/\/www.uqac.ca\/uqactualites\/author\/bap\/\"}]}<\/script>\r\n<!-- \/ Yoast SEO plugin. -->","yoast_head_json":{"title":"Le Comit\u00e9 UQAC+ souligne la Journ\u00e9e du souvenir trans - UQACtualit\u00e9s","robots":{"index":"index","follow":"follow","max-snippet":"max-snippet:-1","max-image-preview":"max-image-preview:large","max-video-preview":"max-video-preview:-1"},"canonical":"https:\/\/www.uqac.ca\/uqactualites\/2019\/11\/21\/le-comite-uqac-souligne-la-journee-du-souvenir-trans\/","og_locale":"fr_CA","og_type":"article","og_title":"Le Comit\u00e9 UQAC+ souligne la Journ\u00e9e du souvenir trans - UQACtualit\u00e9s","og_description":"Ce mercredi 20 novembre, certains membres du\u00a0nouveau Comit\u00e9 UQAC+ (LGBTQIA2S+)\u00a0\u00e9taient pr\u00e9sents au Centre social afin de souligner la Journ\u00e9e du souvenir trans ou le Transgender Day of Remembrance (nom aux \u00c9tats-Unis d&rsquo;o\u00f9 l&rsquo;initiative est originaire). Comme\u00a0le Comit\u00e9 UQAC+ s&rsquo;engage \u00e0 pr\u00e9venir et \u00e0\u00a0lutter contre toutes formes de discriminations envers la diversit\u00e9 sexuelle et de genre [&hellip;]","og_url":"https:\/\/www.uqac.ca\/uqactualites\/2019\/11\/21\/le-comite-uqac-souligne-la-journee-du-souvenir-trans\/","og_site_name":"UQACtualit\u00e9s","article_published_time":"2019-11-21T15:28:29+00:00","og_image":[{"width":2560,"height":2560,"url":"https:\/\/www.uqac.ca\/uqactualites\/wp-content\/uploads\/2019\/11\/Comite_UQAC_21112019-scaled.jpg","type":"image\/jpeg"}],"author":"Service des communications et des relations publiques","twitter_card":"summary_large_image","twitter_misc":{"\u00c9crit par":"Service des communications et des relations publiques","Estimation du temps de lecture":"1 minute"},"schema":{"@context":"https:\/\/schema.org","@graph":[{"@type":"WebPage","@id":"https:\/\/www.uqac.ca\/uqactualites\/2019\/11\/21\/le-comite-uqac-souligne-la-journee-du-souvenir-trans\/","url":"https:\/\/www.uqac.ca\/uqactualites\/2019\/11\/21\/le-comite-uqac-souligne-la-journee-du-souvenir-trans\/","name":"Le Comit\u00e9 UQAC+ souligne la Journ\u00e9e du souvenir trans - UQACtualit\u00e9s","isPartOf":{"@id":"https:\/\/www.uqac.ca\/uqactualites\/#website"},"primaryImageOfPage":{"@id":"https:\/\/www.uqac.ca\/uqactualites\/2019\/11\/21\/le-comite-uqac-souligne-la-journee-du-souvenir-trans\/#primaryimage"},"image":{"@id":"https:\/\/www.uqac.ca\/uqactualites\/2019\/11\/21\/le-comite-uqac-souligne-la-journee-du-souvenir-trans\/#primaryimage"},"thumbnailUrl":"https:\/\/www.uqac.ca\/uqactualites\/wp-content\/uploads\/2019\/11\/Comite_UQAC_21112019-scaled.jpg","datePublished":"2019-11-21T15:28:29+00:00","dateModified":"2019-11-21T15:28:29+00:00","author":{"@id":"https:\/\/www.uqac.ca\/uqactualites\/#\/schema\/person\/366c45a0c4f0e677b41b4af5886e2018"},"breadcrumb":{"@id":"https:\/\/www.uqac.ca\/uqactualites\/2019\/11\/21\/le-comite-uqac-souligne-la-journee-du-souvenir-trans\/#breadcrumb"},"inLanguage":"fr-CA","potentialAction":[{"@type":"ReadAction","target":["https:\/\/www.uqac.ca\/uqactualites\/2019\/11\/21\/le-comite-uqac-souligne-la-journee-du-souvenir-trans\/"]}]},{"@type":"ImageObject","inLanguage":"fr-CA","@id":"https:\/\/www.uqac.ca\/uqactualites\/2019\/11\/21\/le-comite-uqac-souligne-la-journee-du-souvenir-trans\/#primaryimage","url":"https:\/\/www.uqac.ca\/uqactualites\/wp-content\/uploads\/2019\/11\/Comite_UQAC_21112019-scaled.jpg","contentUrl":"https:\/\/www.uqac.ca\/uqactualites\/wp-content\/uploads\/2019\/11\/Comite_UQAC_21112019-scaled.jpg","width":2560,"height":2560},{"@type":"BreadcrumbList","@id":"https:\/\/www.uqac.ca\/uqactualites\/2019\/11\/21\/le-comite-uqac-souligne-la-journee-du-souvenir-trans\/#breadcrumb","itemListElement":[{"@type":"ListItem","position":1,"name":"Home","item":"https:\/\/www.uqac.ca\/uqactualites\/"},{"@type":"ListItem","position":2,"name":"Le Comit\u00e9 UQAC+ souligne la Journ\u00e9e du souvenir trans"}]},{"@type":"WebSite","@id":"https:\/\/www.uqac.ca\/uqactualites\/#website","url":"https:\/\/www.uqac.ca\/uqactualites\/","name":"UQACtualit\u00e9s","description":"Le portail des nouvelles de l&#039;UQAC","potentialAction":[{"@type":"SearchAction","target":{"@type":"EntryPoint","urlTemplate":"https:\/\/www.uqac.ca\/uqactualites\/?s={search_term_string}"},"query-input":{"@type":"PropertyValueSpecification","valueRequired":true,"valueName":"search_term_string"}}],"inLanguage":"fr-CA"},{"@type":"Person","@id":"https:\/\/www.uqac.ca\/uqactualites\/#\/schema\/person\/366c45a0c4f0e677b41b4af5886e2018","name":"Service des communications et des relations publiques","image":{"@type":"ImageObject","inLanguage":"fr-CA","@id":"https:\/\/www.uqac.ca\/uqactualites\/#\/schema\/person\/image\/","url":"https:\/\/secure.gravatar.com\/avatar\/20fbbda8a292f59f2d3461a5b999c00b?s=96&d=mm&r=g","contentUrl":"https:\/\/secure.gravatar.com\/avatar\/20fbbda8a292f59f2d3461a5b999c00b?s=96&d=mm&r=g","caption":"Service des communications et des relations publiques"},"url":"https:\/\/www.uqac.ca\/uqactualites\/author\/bap\/"}]}},"_links":{"self":[{"href":"https:\/\/www.uqac.ca\/uqactualites\/wp-json\/wp\/v2\/posts\/37395"}],"collection":[{"href":"https:\/\/www.uqac.ca\/uqactualites\/wp-json\/wp\/v2\/posts"}],"about":[{"href":"https:\/\/www.uqac.ca\/uqactualites\/wp-json\/wp\/v2\/types\/post"}],"author":[{"embeddable":true,"href":"https:\/\/www.uqac.ca\/uqactualites\/wp-json\/wp\/v2\/users\/5"}],"replies":[{"embeddable":true,"href":"https:\/\/www.uqac.ca\/uqactualites\/wp-json\/wp\/v2\/comments?post=37395"}],"version-history":[{"count":0,"href":"https:\/\/www.uqac.ca\/uqactualites\/wp-json\/wp\/v2\/posts\/37395\/revisions"}],"wp:featuredmedia":[{"embeddable":true,"href":"https:\/\/www.uqac.ca\/uqactualites\/wp-json\/wp\/v2\/media\/37396"}],"wp:attachment":[{"href":"https:\/\/www.uqac.ca\/uqactualites\/wp-json\/wp\/v2\/media?parent=37395"}],"wp:term":[{"taxonomy":"category","embeddable":true,"href":"https:\/\/www.uqac.ca\/uqactualites\/wp-json\/wp\/v2\/categories?post=37395"},{"taxonomy":"post_tag","embeddable":true,"href":"https:\/\/www.uqac.ca\/uqactualites\/wp-json\/wp\/v2\/tags?post=37395"}],"curies":[{"name":"wp","href":"https:\/\/api.w.org\/{rel}","templated":true}]}}