{"id":37570,"date":"2020-01-27T14:29:42","date_gmt":"2020-01-27T19:29:42","guid":{"rendered":"https:\/\/www.uqac.ca\/?p=37570"},"modified":"2020-01-27T14:29:42","modified_gmt":"2020-01-27T19:29:42","slug":"37570-2","status":"publish","type":"post","link":"https:\/\/www.uqac.ca\/uqactualites\/2020\/01\/27\/37570-2\/","title":{"rendered":"Bourses offertes \u00e0 sept \u00e9tudiants en enseignement"},"content":{"rendered":"<p>Le 24 janvier dernier se tenait la 10<sup>e<\/sup> \u00e9dition de la remise des prix aux stagiaires en enseignement. Depuis les cinq derni\u00e8res ann\u00e9es, le D\u00e9partement des sciences de l\u2019\u00e9ducation et le D\u00e9partement des arts et lettres remettent des bourses d\u2019une valeur de 350 $ chacune \u00e0 des \u00e9tudiants s\u2019\u00e9tant d\u00e9marqu\u00e9s de fa\u00e7on exceptionnelle lors d\u2019un de leur stage en enseignement. De plus, lors du concours de la session d\u2019automne le Syndicat des charg\u00e9es et des charg\u00e9s de cours de L\u2019UQAC, a offert deux bourses suppl\u00e9mentaires d\u2019une valeur de 350 $ chacune\u00a0 2019.<\/p>\n<p>&nbsp;<\/p>\n<p>Voici les candidats qui ont \u00e9t\u00e9 s\u00e9lectionn\u00e9s pour la session d\u2019automne 2019 :<\/p>\n<p>\u200b<strong>Josyanne Rousseau,<\/strong> \u00e9tudiante de 2<sup>e<\/sup> ann\u00e9e en enseignement au secondaire, profil fran\u00e7ais<\/p>\n<p><strong>M\u00e9kissa Duciaume,<\/strong> \u00e9tudiante de 3<sup>e<\/sup> ann\u00e9e en enseignement au pr\u00e9scolaire et primaire<\/p>\n<p><strong>Mariane Dallaire Lamontagne,<\/strong> \u00e9tudiante de 3<sup>e<\/sup> ann\u00e9e en enseignement au pr\u00e9scolaire et au primaire<\/p>\n<p><strong>Laurie Lavoie Boudreault,<\/strong> \u00e9tudiante de 1r<sup>e<\/sup> ann\u00e9e en enseignement au secondaire, profil fran\u00e7ais<\/p>\n<p><strong>Carolanne Vollant,<\/strong> \u00e9tudiante de 3<sup>e<\/sup> ann\u00e9e en enseignement en adaptation scolaire<\/p>\n<p><strong>Vincent Gauthier,<\/strong> \u00e9tudiant de 3<sup>e<\/sup> ann\u00e9e en enseignement en adaptation scolaire<\/p>\n<p><strong>(Absent sur la photo) Jordan Bazinet,<\/strong> \u00e9tudiant de 3<sup>e<\/sup> ann\u00e9e en enseignement en \u00e9ducation physique et \u00e0 la sant\u00e9<\/p>\n<p>&nbsp;<\/p>\n<p>\u00c0 ce jour, nous avons remis 59 bourses de 350 $ chacune, pour un total de 20 650 $. L\u2019organisation et la remise de ces prix se font en collaboration avec le Bureau de la formation pratique en enseignement.<\/p>\n<p>Merci \u00e0 nos partenaires scolaires et universitaires qui nous permettent de reconna\u00eetre l\u2019excellence parmi nos \u00e9tudiants en enseignement.<\/p>\n","protected":false},"excerpt":{"rendered":"<p>Le 24 janvier dernier se tenait la 10e \u00e9dition de la remise des prix aux stagiaires en enseignement. Depuis les cinq derni\u00e8res ann\u00e9es, le D\u00e9partement des sciences de l\u2019\u00e9ducation et le D\u00e9partement des arts et lettres remettent des bourses d\u2019une valeur de 350 $ chacune \u00e0 des \u00e9tudiants s\u2019\u00e9tant d\u00e9marqu\u00e9s de fa\u00e7on exceptionnelle lors d\u2019un [&hellip;]<\/p>\n","protected":false},"author":5,"featured_media":37571,"comment_status":"open","ping_status":"open","sticky":false,"template":"","format":"standard","meta":{"footnotes":""},"categories":[2],"tags":[152,5],"yoast_head":"<!-- This site is optimized with the Yoast SEO plugin v24.2 - https:\/\/yoast.com\/wordpress\/plugins\/seo\/ -->\r\n<title>Bourses offertes \u00e0 sept \u00e9tudiants en enseignement - UQACtualit\u00e9s<\/title>\r\n<meta name=\"robots\" content=\"index, follow, max-snippet:-1, max-image-preview:large, max-video-preview:-1\" \/>\r\n<link rel=\"canonical\" href=\"https:\/\/www.uqac.ca\/uqactualites\/2020\/01\/27\/37570-2\/\" \/>\r\n<meta property=\"og:locale\" content=\"fr_CA\" \/>\r\n<meta property=\"og:type\" content=\"article\" \/>\r\n<meta property=\"og:title\" content=\"Bourses offertes \u00e0 sept \u00e9tudiants en enseignement - UQACtualit\u00e9s\" \/>\r\n<meta property=\"og:description\" content=\"Le 24 janvier dernier se tenait la 10e \u00e9dition de la remise des prix aux stagiaires en enseignement. Depuis les cinq derni\u00e8res ann\u00e9es, le D\u00e9partement des sciences de l\u2019\u00e9ducation et le D\u00e9partement des arts et lettres remettent des bourses d\u2019une valeur de 350 $ chacune \u00e0 des \u00e9tudiants s\u2019\u00e9tant d\u00e9marqu\u00e9s de fa\u00e7on exceptionnelle lors d\u2019un [&hellip;]\" \/>\r\n<meta property=\"og:url\" content=\"https:\/\/www.uqac.ca\/uqactualites\/2020\/01\/27\/37570-2\/\" \/>\r\n<meta property=\"og:site_name\" content=\"UQACtualit\u00e9s\" \/>\r\n<meta property=\"article:published_time\" content=\"2020-01-27T19:29:42+00:00\" \/>\r\n<meta property=\"og:image\" content=\"https:\/\/www.uqac.ca\/uqactualites\/wp-content\/uploads\/2020\/01\/IMG_3282.jpg\" \/>\r\n\t<meta property=\"og:image:width\" content=\"1800\" \/>\r\n\t<meta property=\"og:image:height\" content=\"1200\" \/>\r\n\t<meta property=\"og:image:type\" content=\"image\/jpeg\" \/>\r\n<meta name=\"author\" content=\"Service des communications et des relations publiques\" \/>\r\n<meta name=\"twitter:card\" content=\"summary_large_image\" \/>\r\n<meta name=\"twitter:label1\" content=\"\u00c9crit par\" \/>\n\t<meta name=\"twitter:data1\" content=\"Service des communications et des relations publiques\" \/>\n\t<meta name=\"twitter:label2\" content=\"Estimation du temps de lecture\" \/>\n\t<meta name=\"twitter:data2\" content=\"1 minute\" \/>\r\n<script type=\"application\/ld+json\" class=\"yoast-schema-graph\">{\"@context\":\"https:\/\/schema.org\",\"@graph\":[{\"@type\":\"WebPage\",\"@id\":\"https:\/\/www.uqac.ca\/uqactualites\/2020\/01\/27\/37570-2\/\",\"url\":\"https:\/\/www.uqac.ca\/uqactualites\/2020\/01\/27\/37570-2\/\",\"name\":\"Bourses offertes \u00e0 sept \u00e9tudiants en enseignement - UQACtualit\u00e9s\",\"isPartOf\":{\"@id\":\"https:\/\/www.uqac.ca\/uqactualites\/#website\"},\"primaryImageOfPage\":{\"@id\":\"https:\/\/www.uqac.ca\/uqactualites\/2020\/01\/27\/37570-2\/#primaryimage\"},\"image\":{\"@id\":\"https:\/\/www.uqac.ca\/uqactualites\/2020\/01\/27\/37570-2\/#primaryimage\"},\"thumbnailUrl\":\"https:\/\/www.uqac.ca\/uqactualites\/wp-content\/uploads\/2020\/01\/IMG_3282.jpg\",\"datePublished\":\"2020-01-27T19:29:42+00:00\",\"dateModified\":\"2020-01-27T19:29:42+00:00\",\"author\":{\"@id\":\"https:\/\/www.uqac.ca\/uqactualites\/#\/schema\/person\/366c45a0c4f0e677b41b4af5886e2018\"},\"breadcrumb\":{\"@id\":\"https:\/\/www.uqac.ca\/uqactualites\/2020\/01\/27\/37570-2\/#breadcrumb\"},\"inLanguage\":\"fr-CA\",\"potentialAction\":[{\"@type\":\"ReadAction\",\"target\":[\"https:\/\/www.uqac.ca\/uqactualites\/2020\/01\/27\/37570-2\/\"]}]},{\"@type\":\"ImageObject\",\"inLanguage\":\"fr-CA\",\"@id\":\"https:\/\/www.uqac.ca\/uqactualites\/2020\/01\/27\/37570-2\/#primaryimage\",\"url\":\"https:\/\/www.uqac.ca\/uqactualites\/wp-content\/uploads\/2020\/01\/IMG_3282.jpg\",\"contentUrl\":\"https:\/\/www.uqac.ca\/uqactualites\/wp-content\/uploads\/2020\/01\/IMG_3282.jpg\",\"width\":1800,\"height\":1200,\"caption\":\"Les candidats ayant obtenu une bourse\"},{\"@type\":\"BreadcrumbList\",\"@id\":\"https:\/\/www.uqac.ca\/uqactualites\/2020\/01\/27\/37570-2\/#breadcrumb\",\"itemListElement\":[{\"@type\":\"ListItem\",\"position\":1,\"name\":\"Home\",\"item\":\"https:\/\/www.uqac.ca\/uqactualites\/\"},{\"@type\":\"ListItem\",\"position\":2,\"name\":\"Bourses offertes \u00e0 sept \u00e9tudiants en enseignement\"}]},{\"@type\":\"WebSite\",\"@id\":\"https:\/\/www.uqac.ca\/uqactualites\/#website\",\"url\":\"https:\/\/www.uqac.ca\/uqactualites\/\",\"name\":\"UQACtualit\u00e9s\",\"description\":\"Le portail des nouvelles de l&#039;UQAC\",\"potentialAction\":[{\"@type\":\"SearchAction\",\"target\":{\"@type\":\"EntryPoint\",\"urlTemplate\":\"https:\/\/www.uqac.ca\/uqactualites\/?s={search_term_string}\"},\"query-input\":{\"@type\":\"PropertyValueSpecification\",\"valueRequired\":true,\"valueName\":\"search_term_string\"}}],\"inLanguage\":\"fr-CA\"},{\"@type\":\"Person\",\"@id\":\"https:\/\/www.uqac.ca\/uqactualites\/#\/schema\/person\/366c45a0c4f0e677b41b4af5886e2018\",\"name\":\"Service des communications et des relations publiques\",\"image\":{\"@type\":\"ImageObject\",\"inLanguage\":\"fr-CA\",\"@id\":\"https:\/\/www.uqac.ca\/uqactualites\/#\/schema\/person\/image\/\",\"url\":\"https:\/\/secure.gravatar.com\/avatar\/20fbbda8a292f59f2d3461a5b999c00b?s=96&d=mm&r=g\",\"contentUrl\":\"https:\/\/secure.gravatar.com\/avatar\/20fbbda8a292f59f2d3461a5b999c00b?s=96&d=mm&r=g\",\"caption\":\"Service des communications et des relations publiques\"},\"url\":\"https:\/\/www.uqac.ca\/uqactualites\/author\/bap\/\"}]}<\/script>\r\n<!-- \/ Yoast SEO plugin. -->","yoast_head_json":{"title":"Bourses offertes \u00e0 sept \u00e9tudiants en enseignement - UQACtualit\u00e9s","robots":{"index":"index","follow":"follow","max-snippet":"max-snippet:-1","max-image-preview":"max-image-preview:large","max-video-preview":"max-video-preview:-1"},"canonical":"https:\/\/www.uqac.ca\/uqactualites\/2020\/01\/27\/37570-2\/","og_locale":"fr_CA","og_type":"article","og_title":"Bourses offertes \u00e0 sept \u00e9tudiants en enseignement - UQACtualit\u00e9s","og_description":"Le 24 janvier dernier se tenait la 10e \u00e9dition de la remise des prix aux stagiaires en enseignement. Depuis les cinq derni\u00e8res ann\u00e9es, le D\u00e9partement des sciences de l\u2019\u00e9ducation et le D\u00e9partement des arts et lettres remettent des bourses d\u2019une valeur de 350 $ chacune \u00e0 des \u00e9tudiants s\u2019\u00e9tant d\u00e9marqu\u00e9s de fa\u00e7on exceptionnelle lors d\u2019un [&hellip;]","og_url":"https:\/\/www.uqac.ca\/uqactualites\/2020\/01\/27\/37570-2\/","og_site_name":"UQACtualit\u00e9s","article_published_time":"2020-01-27T19:29:42+00:00","og_image":[{"width":1800,"height":1200,"url":"https:\/\/www.uqac.ca\/uqactualites\/wp-content\/uploads\/2020\/01\/IMG_3282.jpg","type":"image\/jpeg"}],"author":"Service des communications et des relations publiques","twitter_card":"summary_large_image","twitter_misc":{"\u00c9crit par":"Service des communications et des relations publiques","Estimation du temps de lecture":"1 minute"},"schema":{"@context":"https:\/\/schema.org","@graph":[{"@type":"WebPage","@id":"https:\/\/www.uqac.ca\/uqactualites\/2020\/01\/27\/37570-2\/","url":"https:\/\/www.uqac.ca\/uqactualites\/2020\/01\/27\/37570-2\/","name":"Bourses offertes \u00e0 sept \u00e9tudiants en enseignement - UQACtualit\u00e9s","isPartOf":{"@id":"https:\/\/www.uqac.ca\/uqactualites\/#website"},"primaryImageOfPage":{"@id":"https:\/\/www.uqac.ca\/uqactualites\/2020\/01\/27\/37570-2\/#primaryimage"},"image":{"@id":"https:\/\/www.uqac.ca\/uqactualites\/2020\/01\/27\/37570-2\/#primaryimage"},"thumbnailUrl":"https:\/\/www.uqac.ca\/uqactualites\/wp-content\/uploads\/2020\/01\/IMG_3282.jpg","datePublished":"2020-01-27T19:29:42+00:00","dateModified":"2020-01-27T19:29:42+00:00","author":{"@id":"https:\/\/www.uqac.ca\/uqactualites\/#\/schema\/person\/366c45a0c4f0e677b41b4af5886e2018"},"breadcrumb":{"@id":"https:\/\/www.uqac.ca\/uqactualites\/2020\/01\/27\/37570-2\/#breadcrumb"},"inLanguage":"fr-CA","potentialAction":[{"@type":"ReadAction","target":["https:\/\/www.uqac.ca\/uqactualites\/2020\/01\/27\/37570-2\/"]}]},{"@type":"ImageObject","inLanguage":"fr-CA","@id":"https:\/\/www.uqac.ca\/uqactualites\/2020\/01\/27\/37570-2\/#primaryimage","url":"https:\/\/www.uqac.ca\/uqactualites\/wp-content\/uploads\/2020\/01\/IMG_3282.jpg","contentUrl":"https:\/\/www.uqac.ca\/uqactualites\/wp-content\/uploads\/2020\/01\/IMG_3282.jpg","width":1800,"height":1200,"caption":"Les candidats ayant obtenu une bourse"},{"@type":"BreadcrumbList","@id":"https:\/\/www.uqac.ca\/uqactualites\/2020\/01\/27\/37570-2\/#breadcrumb","itemListElement":[{"@type":"ListItem","position":1,"name":"Home","item":"https:\/\/www.uqac.ca\/uqactualites\/"},{"@type":"ListItem","position":2,"name":"Bourses offertes \u00e0 sept \u00e9tudiants en enseignement"}]},{"@type":"WebSite","@id":"https:\/\/www.uqac.ca\/uqactualites\/#website","url":"https:\/\/www.uqac.ca\/uqactualites\/","name":"UQACtualit\u00e9s","description":"Le portail des nouvelles de l&#039;UQAC","potentialAction":[{"@type":"SearchAction","target":{"@type":"EntryPoint","urlTemplate":"https:\/\/www.uqac.ca\/uqactualites\/?s={search_term_string}"},"query-input":{"@type":"PropertyValueSpecification","valueRequired":true,"valueName":"search_term_string"}}],"inLanguage":"fr-CA"},{"@type":"Person","@id":"https:\/\/www.uqac.ca\/uqactualites\/#\/schema\/person\/366c45a0c4f0e677b41b4af5886e2018","name":"Service des communications et des relations publiques","image":{"@type":"ImageObject","inLanguage":"fr-CA","@id":"https:\/\/www.uqac.ca\/uqactualites\/#\/schema\/person\/image\/","url":"https:\/\/secure.gravatar.com\/avatar\/20fbbda8a292f59f2d3461a5b999c00b?s=96&d=mm&r=g","contentUrl":"https:\/\/secure.gravatar.com\/avatar\/20fbbda8a292f59f2d3461a5b999c00b?s=96&d=mm&r=g","caption":"Service des communications et des relations publiques"},"url":"https:\/\/www.uqac.ca\/uqactualites\/author\/bap\/"}]}},"_links":{"self":[{"href":"https:\/\/www.uqac.ca\/uqactualites\/wp-json\/wp\/v2\/posts\/37570"}],"collection":[{"href":"https:\/\/www.uqac.ca\/uqactualites\/wp-json\/wp\/v2\/posts"}],"about":[{"href":"https:\/\/www.uqac.ca\/uqactualites\/wp-json\/wp\/v2\/types\/post"}],"author":[{"embeddable":true,"href":"https:\/\/www.uqac.ca\/uqactualites\/wp-json\/wp\/v2\/users\/5"}],"replies":[{"embeddable":true,"href":"https:\/\/www.uqac.ca\/uqactualites\/wp-json\/wp\/v2\/comments?post=37570"}],"version-history":[{"count":0,"href":"https:\/\/www.uqac.ca\/uqactualites\/wp-json\/wp\/v2\/posts\/37570\/revisions"}],"wp:featuredmedia":[{"embeddable":true,"href":"https:\/\/www.uqac.ca\/uqactualites\/wp-json\/wp\/v2\/media\/37571"}],"wp:attachment":[{"href":"https:\/\/www.uqac.ca\/uqactualites\/wp-json\/wp\/v2\/media?parent=37570"}],"wp:term":[{"taxonomy":"category","embeddable":true,"href":"https:\/\/www.uqac.ca\/uqactualites\/wp-json\/wp\/v2\/categories?post=37570"},{"taxonomy":"post_tag","embeddable":true,"href":"https:\/\/www.uqac.ca\/uqactualites\/wp-json\/wp\/v2\/tags?post=37570"}],"curies":[{"name":"wp","href":"https:\/\/api.w.org\/{rel}","templated":true}]}}