{"id":37677,"date":"2020-02-15T08:23:07","date_gmt":"2020-02-15T13:23:07","guid":{"rendered":"https:\/\/www.uqac.ca\/?p=37677"},"modified":"2020-02-15T08:23:07","modified_gmt":"2020-02-15T13:23:07","slug":"mission-reussie-en-afrique","status":"publish","type":"post","link":"https:\/\/www.uqac.ca\/uqactualites\/2020\/02\/15\/mission-reussie-en-afrique\/","title":{"rendered":"Mission r\u00e9ussie en Afrique"},"content":{"rendered":"<p>Du 18 au 28 janvier dernier, des repr\u00e9sentants de l\u2019UQAC se sont rendus en C\u00f4te d\u2019Ivoire et au S\u00e9n\u00e9gal en mission de recrutement et de d\u00e9veloppement de partenariats. Pilot\u00e9e par le Bureau de l\u2019international, la d\u00e9l\u00e9gation de l\u2019UQAC a profit\u00e9 de son passage en sol africain pour renouer des liens avec les peuples d\u2019Abidjan et de Dakar le temps de participer non seulement \u00e0 plusieurs activit\u00e9s de recrutement, mais aussi de rencontrer de nouveaux partenaires et de souligner la diplomation des \u00e9tudiants issus des programmes d\u00e9localis\u00e9s avec l\u2019Institut africain de management (IAM).<\/p>\n<p>La participation des professeurs Salmata Ouedraogo, directrice de la ma\u00eetrise en gestion de projet et responsable acad\u00e9mique des programmes d\u00e9localis\u00e9s au S\u00e9n\u00e9gal, et Khadiyatoulah Fall, responsable de la Chaire d&rsquo;enseignement et de recherche interethniques et interculturels, chercheur senior au Centre interuniversitaire CELAT et professeur honoraire \u00e0 l\u2019Institut africain de management( IAM), a contribu\u00e9 \u00e0 ouvrir la voie \u00e0 plusieurs opportunit\u00e9s pour l\u2019UQAC au cours de cette mission. La r\u00e9putation de ces deux chercheurs sp\u00e9cialistes de divers enjeux sociaux, \u00e9conomiques et politiques de l\u2019Afrique a tr\u00e8s certainement permis \u00e0 l\u2019UQAC de jouir d\u2019un accueil plus que favorable sur ce territoire.<\/p>\n<p>Une <a href=\"http:\/\/www.uqac.ca\/bienvenue\/etudiants-ambassadeurs-recrutement-afrique-2020\/?fbclid=IwAR2KS49QXnpvX7RtG60CM8hAFzUbuRJQV-JKpiZ-81mAlZxk4z7fMD0N83M\">\u00e9quipe d\u2019\u00e9tudiants ambassadeurs de l\u2019UQAC au S\u00e9n\u00e9gal et en C\u00f4te d\u2019Ivoire<\/a> a aussi \u00e9t\u00e9 constitu\u00e9e. Charg\u00e9s entre autres de promouvoir les activit\u00e9s de recrutement organis\u00e9es au cours de la mission, ces 15 \u00e9tudiants africains inscrits dans divers programmes de l\u2019UQAC ont pu partager leur exp\u00e9rience et ainsi susciter l\u2019int\u00e9r\u00eat de plusieurs centaines d\u2019autres jeunes \u00e0 poursuivre des \u00e9tudes universitaires au Qu\u00e9bec.<\/p>\n<p>Outre les professeurs Salmata Ouedraogo et Khadiyatoulah Fall, la d\u00e9l\u00e9gation de l\u2019UQAC pour cette mission en Afrique \u00e9tait constitu\u00e9e du vice-recteur aux partenariats, Alexandre Cloutier, de la directrice du Bureau de l\u2019international, Guylaine Boivin, et de Patricia Martin, charg\u00e9e de gestion en d\u00e9veloppement international.<\/p>\n<p>Au cours de cette mission, en plus d\u2019une pr\u00e9sence dans les Salons \u00c9duCanada organis\u00e9s par l\u2019Ambassade du Canada \u00e0 Abidjan et \u00e0 Dakar, des \u00e9v\u00e9nements sp\u00e9cifiques \u00e0 l\u2019UQAC o\u00f9 on pr\u00e9sentait l\u2019\u00e9tablissement et ses programmes, \u00e9taient aussi \u00e0 l\u2019horaire. Au total, plus de 1\u00a0000 futurs \u00e9tudiants int\u00e9ress\u00e9s par des \u00e9tudes \u00e0 l\u2019UQAC ont \u00e9t\u00e9 rencontr\u00e9s.<\/p>\n<p>La mission a aussi \u00e9t\u00e9 l\u2019occasion de c\u00e9l\u00e9brer, lors d\u2019une collation des grades, la r\u00e9ussite de 30 nouveaux dipl\u00f4m\u00e9s des programmes conjoints de l\u2019UQAC et de l\u2019Institut africain de management (IAM) soit le baccalaur\u00e9at en administration et la ma\u00eetrise en gestion des organisations. Quelque 200 invit\u00e9s, dont plusieurs de prestige, tel que la d\u00e9l\u00e9gu\u00e9e du Qu\u00e9bec \u00e0 Dakar, Fatima Houda-P\u00e9pin, ont assist\u00e9 \u00e0 l\u2019\u00e9v\u00e9nement d\u2019envergure tenu sur le campus de l\u2019IAM \u00e0 Dakar.<\/p>\n<p>Enfin, d\u2019importants acteurs du milieu politique africain ont aussi \u00e9t\u00e9 rencontr\u00e9s lors de cette mission\u00a0: le pr\u00e9sident de la R\u00e9publique du S\u00e9n\u00e9gal, Macky Sall, le ministre de l\u2019Enseignement sup\u00e9rieur, de la recherche et de l\u2019Innovation, Cheikh Oumar Hann, le ministre des Collectivit\u00e9s Territoriales, du D\u00e9veloppement et de l\u2019Am\u00e9nagement des Territoires, Oumar Gueye, ainsi que le ministre de l\u2019\u00c9conomie, du Plan et de la Coop\u00e9ration, Amadou Hott.<\/p>\n<p>L\u2019UQAC compte actuellement 61 \u00e9tudiants s\u00e9n\u00e9galais et 57 \u00e9tudiants ivoiriens. Au trimestre d\u2019hiver 2020, 389 \u00e9tudiants africains sont inscrits \u00e0 l\u2019UQAC.<\/p>\n<p><strong>Photo \u00e0 la une<br \/>\n<\/strong>Khadiyatoulah Fall, Guylaine Boivin, la d\u00e9l\u00e9gu\u00e9e du Qu\u00e9bec \u00e0 Dakar, Fatima Houda-P\u00e9pin, Alexandre Cloutier, Salmata Ouedraogo et Patricia Martin<\/p>\n<p>&nbsp;<\/p>\n<div id='gallery-1' class='gallery galleryid-37677 gallery-columns-3 gallery-size-medium'><figure class='gallery-item'>\n\t\t\t<div class='gallery-icon landscape'>\n\t\t\t\t<a href='https:\/\/www.uqac.ca\/uqactualites\/wp-content\/uploads\/2020\/02\/CDG-dipl\u00f4m\u00e9s.jpeg'><img loading=\"lazy\" decoding=\"async\" width=\"300\" height=\"225\" src=\"https:\/\/www.uqac.ca\/uqactualites\/wp-content\/uploads\/2020\/02\/CDG-dipl\u00f4m\u00e9s-300x225.jpeg\" class=\"attachment-medium size-medium\" alt=\"\" aria-describedby=\"gallery-1-37680\" srcset=\"https:\/\/www.uqac.ca\/uqactualites\/wp-content\/uploads\/2020\/02\/CDG-dipl\u00f4m\u00e9s-300x225.jpeg 300w, https:\/\/www.uqac.ca\/uqactualites\/wp-content\/uploads\/2020\/02\/CDG-dipl\u00f4m\u00e9s-1024x768.jpeg 1024w, https:\/\/www.uqac.ca\/uqactualites\/wp-content\/uploads\/2020\/02\/CDG-dipl\u00f4m\u00e9s-768x576.jpeg 768w, https:\/\/www.uqac.ca\/uqactualites\/wp-content\/uploads\/2020\/02\/CDG-dipl\u00f4m\u00e9s-1536x1152.jpeg 1536w, https:\/\/www.uqac.ca\/uqactualites\/wp-content\/uploads\/2020\/02\/CDG-dipl\u00f4m\u00e9s.jpeg 2048w\" sizes=\"(max-width: 300px) 100vw, 300px\" \/><\/a>\n\t\t\t<\/div>\n\t\t\t\t<figcaption class='wp-caption-text gallery-caption' id='gallery-1-37680'>\n\t\t\t\tLors de la collation des grades des dipl\u00f4m\u00e9s issus des programmes d\u00e9localis\u00e9s avec l\u2019Institut africain de management (IAM)\n\t\t\t\t<\/figcaption><\/figure><figure class='gallery-item'>\n\t\t\t<div class='gallery-icon landscape'>\n\t\t\t\t<a href='https:\/\/www.uqac.ca\/uqactualites\/wp-content\/uploads\/2020\/02\/Salon-Abidjan.jpeg'><img loading=\"lazy\" decoding=\"async\" width=\"300\" height=\"225\" src=\"https:\/\/www.uqac.ca\/uqactualites\/wp-content\/uploads\/2020\/02\/Salon-Abidjan-300x225.jpeg\" class=\"attachment-medium size-medium\" alt=\"\" aria-describedby=\"gallery-1-37683\" srcset=\"https:\/\/www.uqac.ca\/uqactualites\/wp-content\/uploads\/2020\/02\/Salon-Abidjan-300x225.jpeg 300w, https:\/\/www.uqac.ca\/uqactualites\/wp-content\/uploads\/2020\/02\/Salon-Abidjan-1024x768.jpeg 1024w, https:\/\/www.uqac.ca\/uqactualites\/wp-content\/uploads\/2020\/02\/Salon-Abidjan-768x576.jpeg 768w, https:\/\/www.uqac.ca\/uqactualites\/wp-content\/uploads\/2020\/02\/Salon-Abidjan-1536x1152.jpeg 1536w, https:\/\/www.uqac.ca\/uqactualites\/wp-content\/uploads\/2020\/02\/Salon-Abidjan.jpeg 2048w\" sizes=\"(max-width: 300px) 100vw, 300px\" \/><\/a>\n\t\t\t<\/div>\n\t\t\t\t<figcaption class='wp-caption-text gallery-caption' id='gallery-1-37683'>\n\t\t\t\tSalon \u00c9duCanada \u00e0 Abidjan\n\t\t\t\t<\/figcaption><\/figure><figure class='gallery-item'>\n\t\t\t<div class='gallery-icon landscape'>\n\t\t\t\t<a href='https:\/\/www.uqac.ca\/uqactualites\/wp-content\/uploads\/2020\/02\/Ministre-enseignement-superieur.jpg'><img loading=\"lazy\" decoding=\"async\" width=\"300\" height=\"225\" src=\"https:\/\/www.uqac.ca\/uqactualites\/wp-content\/uploads\/2020\/02\/Ministre-enseignement-superieur-300x225.jpg\" class=\"attachment-medium size-medium\" alt=\"\" aria-describedby=\"gallery-1-37681\" srcset=\"https:\/\/www.uqac.ca\/uqactualites\/wp-content\/uploads\/2020\/02\/Ministre-enseignement-superieur-300x225.jpg 300w, https:\/\/www.uqac.ca\/uqactualites\/wp-content\/uploads\/2020\/02\/Ministre-enseignement-superieur-768x576.jpg 768w, https:\/\/www.uqac.ca\/uqactualites\/wp-content\/uploads\/2020\/02\/Ministre-enseignement-superieur.jpg 1024w\" sizes=\"(max-width: 300px) 100vw, 300px\" \/><\/a>\n\t\t\t<\/div>\n\t\t\t\t<figcaption class='wp-caption-text gallery-caption' id='gallery-1-37681'>\n\t\t\t\tGuylaine Boivin, le ministre de l\u2019Enseignement sup\u00e9rieur, de la recherche et de l\u2019Innovation, Cheikh Oumar Hann, Khadiyatoulah Fall et Alexandre Cloutier\n\t\t\t\t<\/figcaption><\/figure><figure class='gallery-item'>\n\t\t\t<div class='gallery-icon landscape'>\n\t\t\t\t<a href='https:\/\/www.uqac.ca\/uqactualites\/wp-content\/uploads\/2020\/02\/Ambassadrice-UQAC-Salon-Abidjan.jpg'><img loading=\"lazy\" decoding=\"async\" width=\"300\" height=\"225\" src=\"https:\/\/www.uqac.ca\/uqactualites\/wp-content\/uploads\/2020\/02\/Ambassadrice-UQAC-Salon-Abidjan-300x225.jpg\" class=\"attachment-medium size-medium\" alt=\"\" aria-describedby=\"gallery-1-37679\" srcset=\"https:\/\/www.uqac.ca\/uqactualites\/wp-content\/uploads\/2020\/02\/Ambassadrice-UQAC-Salon-Abidjan-300x225.jpg 300w, https:\/\/www.uqac.ca\/uqactualites\/wp-content\/uploads\/2020\/02\/Ambassadrice-UQAC-Salon-Abidjan-1024x768.jpg 1024w, https:\/\/www.uqac.ca\/uqactualites\/wp-content\/uploads\/2020\/02\/Ambassadrice-UQAC-Salon-Abidjan-768x576.jpg 768w, https:\/\/www.uqac.ca\/uqactualites\/wp-content\/uploads\/2020\/02\/Ambassadrice-UQAC-Salon-Abidjan-1536x1153.jpg 1536w, https:\/\/www.uqac.ca\/uqactualites\/wp-content\/uploads\/2020\/02\/Ambassadrice-UQAC-Salon-Abidjan.jpg 1599w\" sizes=\"(max-width: 300px) 100vw, 300px\" \/><\/a>\n\t\t\t<\/div>\n\t\t\t\t<figcaption class='wp-caption-text gallery-caption' id='gallery-1-37679'>\n\t\t\t\tL&rsquo;une des ambassadrices de l&rsquo;UQAC au Salon \u00c9duCanada \u00e0 Abidjan\n\t\t\t\t<\/figcaption><\/figure><figure class='gallery-item'>\n\t\t\t<div class='gallery-icon portrait'>\n\t\t\t\t<a href='https:\/\/www.uqac.ca\/uqactualites\/wp-content\/uploads\/2020\/02\/Pr\u00e9sident-S\u00e9n\u00e9gal.jpg'><img loading=\"lazy\" decoding=\"async\" width=\"225\" height=\"300\" src=\"https:\/\/www.uqac.ca\/uqactualites\/wp-content\/uploads\/2020\/02\/Pr\u00e9sident-S\u00e9n\u00e9gal-225x300.jpg\" class=\"attachment-medium size-medium\" alt=\"\" aria-describedby=\"gallery-1-37682\" srcset=\"https:\/\/www.uqac.ca\/uqactualites\/wp-content\/uploads\/2020\/02\/Pr\u00e9sident-S\u00e9n\u00e9gal-225x300.jpg 225w, https:\/\/www.uqac.ca\/uqactualites\/wp-content\/uploads\/2020\/02\/Pr\u00e9sident-S\u00e9n\u00e9gal.jpg 768w\" sizes=\"(max-width: 225px) 100vw, 225px\" \/><\/a>\n\t\t\t<\/div>\n\t\t\t\t<figcaption class='wp-caption-text gallery-caption' id='gallery-1-37682'>\n\t\t\t\tAlexandre Cloutier, le pr\u00e9sident de la R\u00e9publique du S\u00e9n\u00e9gal, Macky Sall, et Guylaine Boivin\n\t\t\t\t<\/figcaption><\/figure><figure class='gallery-item'>\n\t\t\t<div class='gallery-icon landscape'>\n\t\t\t\t<a href='https:\/\/www.uqac.ca\/uqactualites\/wp-content\/uploads\/2020\/02\/Salon-\u00c9duCanada-Dakar3.jpeg'><img loading=\"lazy\" decoding=\"async\" width=\"300\" height=\"225\" src=\"https:\/\/www.uqac.ca\/uqactualites\/wp-content\/uploads\/2020\/02\/Salon-\u00c9duCanada-Dakar3-300x225.jpeg\" class=\"attachment-medium size-medium\" alt=\"\" aria-describedby=\"gallery-1-37684\" srcset=\"https:\/\/www.uqac.ca\/uqactualites\/wp-content\/uploads\/2020\/02\/Salon-\u00c9duCanada-Dakar3-300x225.jpeg 300w, https:\/\/www.uqac.ca\/uqactualites\/wp-content\/uploads\/2020\/02\/Salon-\u00c9duCanada-Dakar3-1024x768.jpeg 1024w, https:\/\/www.uqac.ca\/uqactualites\/wp-content\/uploads\/2020\/02\/Salon-\u00c9duCanada-Dakar3-768x576.jpeg 768w, https:\/\/www.uqac.ca\/uqactualites\/wp-content\/uploads\/2020\/02\/Salon-\u00c9duCanada-Dakar3-1536x1152.jpeg 1536w, https:\/\/www.uqac.ca\/uqactualites\/wp-content\/uploads\/2020\/02\/Salon-\u00c9duCanada-Dakar3.jpeg 2048w\" sizes=\"(max-width: 300px) 100vw, 300px\" \/><\/a>\n\t\t\t<\/div>\n\t\t\t\t<figcaption class='wp-caption-text gallery-caption' id='gallery-1-37684'>\n\t\t\t\tPatricia Martin et Salmata Ouedraogo au Salon \u00c9duCanada  \u00e0 Dakar\n\t\t\t\t<\/figcaption><\/figure>\n\t\t<\/div>\n\n","protected":false},"excerpt":{"rendered":"<p>Du 18 au 28 janvier dernier, des repr\u00e9sentants de l\u2019UQAC se sont rendus en C\u00f4te d\u2019Ivoire et au S\u00e9n\u00e9gal en mission de recrutement et de d\u00e9veloppement de partenariats. Pilot\u00e9e par le Bureau de l\u2019international, la d\u00e9l\u00e9gation de l\u2019UQAC a profit\u00e9 de son passage en sol africain pour renouer des liens avec les peuples d\u2019Abidjan et [&hellip;]<\/p>\n","protected":false},"author":5,"featured_media":37678,"comment_status":"open","ping_status":"open","sticky":false,"template":"","format":"standard","meta":{"footnotes":""},"categories":[2],"tags":[51,8,22],"yoast_head":"<!-- This site is optimized with the Yoast SEO plugin v24.2 - https:\/\/yoast.com\/wordpress\/plugins\/seo\/ -->\r\n<title>Mission r\u00e9ussie en Afrique - UQACtualit\u00e9s<\/title>\r\n<meta name=\"robots\" content=\"index, follow, max-snippet:-1, max-image-preview:large, max-video-preview:-1\" \/>\r\n<link rel=\"canonical\" href=\"https:\/\/www.uqac.ca\/uqactualites\/2020\/02\/15\/mission-reussie-en-afrique\/\" \/>\r\n<meta property=\"og:locale\" content=\"fr_CA\" \/>\r\n<meta property=\"og:type\" content=\"article\" \/>\r\n<meta property=\"og:title\" content=\"Mission r\u00e9ussie en Afrique - UQACtualit\u00e9s\" \/>\r\n<meta property=\"og:description\" content=\"Du 18 au 28 janvier dernier, des repr\u00e9sentants de l\u2019UQAC se sont rendus en C\u00f4te d\u2019Ivoire et au S\u00e9n\u00e9gal en mission de recrutement et de d\u00e9veloppement de partenariats. Pilot\u00e9e par le Bureau de l\u2019international, la d\u00e9l\u00e9gation de l\u2019UQAC a profit\u00e9 de son passage en sol africain pour renouer des liens avec les peuples d\u2019Abidjan et [&hellip;]\" \/>\r\n<meta property=\"og:url\" content=\"https:\/\/www.uqac.ca\/uqactualites\/2020\/02\/15\/mission-reussie-en-afrique\/\" \/>\r\n<meta property=\"og:site_name\" content=\"UQACtualit\u00e9s\" \/>\r\n<meta property=\"article:published_time\" content=\"2020-02-15T13:23:07+00:00\" \/>\r\n<meta property=\"og:image\" content=\"https:\/\/www.uqac.ca\/uqactualites\/wp-content\/uploads\/2020\/02\/D\u00e9l\u00e9gu\u00e9e-du-Qu\u00e9bec-\u00e0-Dakar-Fatima-Houda-P\u00e9pin.jpeg\" \/>\r\n\t<meta property=\"og:image:width\" content=\"2048\" \/>\r\n\t<meta property=\"og:image:height\" content=\"1536\" \/>\r\n\t<meta property=\"og:image:type\" content=\"image\/jpeg\" \/>\r\n<meta name=\"author\" content=\"Service des communications et des relations publiques\" \/>\r\n<meta name=\"twitter:card\" content=\"summary_large_image\" \/>\r\n<meta name=\"twitter:label1\" content=\"\u00c9crit par\" \/>\n\t<meta name=\"twitter:data1\" content=\"Service des communications et des relations publiques\" \/>\n\t<meta name=\"twitter:label2\" content=\"Estimation du temps de lecture\" \/>\n\t<meta name=\"twitter:data2\" content=\"3 minutes\" \/>\r\n<script type=\"application\/ld+json\" class=\"yoast-schema-graph\">{\"@context\":\"https:\/\/schema.org\",\"@graph\":[{\"@type\":\"WebPage\",\"@id\":\"https:\/\/www.uqac.ca\/uqactualites\/2020\/02\/15\/mission-reussie-en-afrique\/\",\"url\":\"https:\/\/www.uqac.ca\/uqactualites\/2020\/02\/15\/mission-reussie-en-afrique\/\",\"name\":\"Mission r\u00e9ussie en Afrique - UQACtualit\u00e9s\",\"isPartOf\":{\"@id\":\"https:\/\/www.uqac.ca\/uqactualites\/#website\"},\"primaryImageOfPage\":{\"@id\":\"https:\/\/www.uqac.ca\/uqactualites\/2020\/02\/15\/mission-reussie-en-afrique\/#primaryimage\"},\"image\":{\"@id\":\"https:\/\/www.uqac.ca\/uqactualites\/2020\/02\/15\/mission-reussie-en-afrique\/#primaryimage\"},\"thumbnailUrl\":\"https:\/\/www.uqac.ca\/uqactualites\/wp-content\/uploads\/2020\/02\/D\u00e9l\u00e9gu\u00e9e-du-Qu\u00e9bec-\u00e0-Dakar-Fatima-Houda-P\u00e9pin.jpeg\",\"datePublished\":\"2020-02-15T13:23:07+00:00\",\"dateModified\":\"2020-02-15T13:23:07+00:00\",\"author\":{\"@id\":\"https:\/\/www.uqac.ca\/uqactualites\/#\/schema\/person\/366c45a0c4f0e677b41b4af5886e2018\"},\"breadcrumb\":{\"@id\":\"https:\/\/www.uqac.ca\/uqactualites\/2020\/02\/15\/mission-reussie-en-afrique\/#breadcrumb\"},\"inLanguage\":\"fr-CA\",\"potentialAction\":[{\"@type\":\"ReadAction\",\"target\":[\"https:\/\/www.uqac.ca\/uqactualites\/2020\/02\/15\/mission-reussie-en-afrique\/\"]}]},{\"@type\":\"ImageObject\",\"inLanguage\":\"fr-CA\",\"@id\":\"https:\/\/www.uqac.ca\/uqactualites\/2020\/02\/15\/mission-reussie-en-afrique\/#primaryimage\",\"url\":\"https:\/\/www.uqac.ca\/uqactualites\/wp-content\/uploads\/2020\/02\/D\u00e9l\u00e9gu\u00e9e-du-Qu\u00e9bec-\u00e0-Dakar-Fatima-Houda-P\u00e9pin.jpeg\",\"contentUrl\":\"https:\/\/www.uqac.ca\/uqactualites\/wp-content\/uploads\/2020\/02\/D\u00e9l\u00e9gu\u00e9e-du-Qu\u00e9bec-\u00e0-Dakar-Fatima-Houda-P\u00e9pin.jpeg\",\"width\":2048,\"height\":1536},{\"@type\":\"BreadcrumbList\",\"@id\":\"https:\/\/www.uqac.ca\/uqactualites\/2020\/02\/15\/mission-reussie-en-afrique\/#breadcrumb\",\"itemListElement\":[{\"@type\":\"ListItem\",\"position\":1,\"name\":\"Home\",\"item\":\"https:\/\/www.uqac.ca\/uqactualites\/\"},{\"@type\":\"ListItem\",\"position\":2,\"name\":\"Mission r\u00e9ussie en Afrique\"}]},{\"@type\":\"WebSite\",\"@id\":\"https:\/\/www.uqac.ca\/uqactualites\/#website\",\"url\":\"https:\/\/www.uqac.ca\/uqactualites\/\",\"name\":\"UQACtualit\u00e9s\",\"description\":\"Le portail des nouvelles de l&#039;UQAC\",\"potentialAction\":[{\"@type\":\"SearchAction\",\"target\":{\"@type\":\"EntryPoint\",\"urlTemplate\":\"https:\/\/www.uqac.ca\/uqactualites\/?s={search_term_string}\"},\"query-input\":{\"@type\":\"PropertyValueSpecification\",\"valueRequired\":true,\"valueName\":\"search_term_string\"}}],\"inLanguage\":\"fr-CA\"},{\"@type\":\"Person\",\"@id\":\"https:\/\/www.uqac.ca\/uqactualites\/#\/schema\/person\/366c45a0c4f0e677b41b4af5886e2018\",\"name\":\"Service des communications et des relations publiques\",\"image\":{\"@type\":\"ImageObject\",\"inLanguage\":\"fr-CA\",\"@id\":\"https:\/\/www.uqac.ca\/uqactualites\/#\/schema\/person\/image\/\",\"url\":\"https:\/\/secure.gravatar.com\/avatar\/20fbbda8a292f59f2d3461a5b999c00b?s=96&d=mm&r=g\",\"contentUrl\":\"https:\/\/secure.gravatar.com\/avatar\/20fbbda8a292f59f2d3461a5b999c00b?s=96&d=mm&r=g\",\"caption\":\"Service des communications et des relations publiques\"},\"url\":\"https:\/\/www.uqac.ca\/uqactualites\/author\/bap\/\"}]}<\/script>\r\n<!-- \/ Yoast SEO plugin. -->","yoast_head_json":{"title":"Mission r\u00e9ussie en Afrique - UQACtualit\u00e9s","robots":{"index":"index","follow":"follow","max-snippet":"max-snippet:-1","max-image-preview":"max-image-preview:large","max-video-preview":"max-video-preview:-1"},"canonical":"https:\/\/www.uqac.ca\/uqactualites\/2020\/02\/15\/mission-reussie-en-afrique\/","og_locale":"fr_CA","og_type":"article","og_title":"Mission r\u00e9ussie en Afrique - UQACtualit\u00e9s","og_description":"Du 18 au 28 janvier dernier, des repr\u00e9sentants de l\u2019UQAC se sont rendus en C\u00f4te d\u2019Ivoire et au S\u00e9n\u00e9gal en mission de recrutement et de d\u00e9veloppement de partenariats. Pilot\u00e9e par le Bureau de l\u2019international, la d\u00e9l\u00e9gation de l\u2019UQAC a profit\u00e9 de son passage en sol africain pour renouer des liens avec les peuples d\u2019Abidjan et [&hellip;]","og_url":"https:\/\/www.uqac.ca\/uqactualites\/2020\/02\/15\/mission-reussie-en-afrique\/","og_site_name":"UQACtualit\u00e9s","article_published_time":"2020-02-15T13:23:07+00:00","og_image":[{"width":2048,"height":1536,"url":"https:\/\/www.uqac.ca\/uqactualites\/wp-content\/uploads\/2020\/02\/D\u00e9l\u00e9gu\u00e9e-du-Qu\u00e9bec-\u00e0-Dakar-Fatima-Houda-P\u00e9pin.jpeg","type":"image\/jpeg"}],"author":"Service des communications et des relations publiques","twitter_card":"summary_large_image","twitter_misc":{"\u00c9crit par":"Service des communications et des relations publiques","Estimation du temps de lecture":"3 minutes"},"schema":{"@context":"https:\/\/schema.org","@graph":[{"@type":"WebPage","@id":"https:\/\/www.uqac.ca\/uqactualites\/2020\/02\/15\/mission-reussie-en-afrique\/","url":"https:\/\/www.uqac.ca\/uqactualites\/2020\/02\/15\/mission-reussie-en-afrique\/","name":"Mission r\u00e9ussie en Afrique - UQACtualit\u00e9s","isPartOf":{"@id":"https:\/\/www.uqac.ca\/uqactualites\/#website"},"primaryImageOfPage":{"@id":"https:\/\/www.uqac.ca\/uqactualites\/2020\/02\/15\/mission-reussie-en-afrique\/#primaryimage"},"image":{"@id":"https:\/\/www.uqac.ca\/uqactualites\/2020\/02\/15\/mission-reussie-en-afrique\/#primaryimage"},"thumbnailUrl":"https:\/\/www.uqac.ca\/uqactualites\/wp-content\/uploads\/2020\/02\/D\u00e9l\u00e9gu\u00e9e-du-Qu\u00e9bec-\u00e0-Dakar-Fatima-Houda-P\u00e9pin.jpeg","datePublished":"2020-02-15T13:23:07+00:00","dateModified":"2020-02-15T13:23:07+00:00","author":{"@id":"https:\/\/www.uqac.ca\/uqactualites\/#\/schema\/person\/366c45a0c4f0e677b41b4af5886e2018"},"breadcrumb":{"@id":"https:\/\/www.uqac.ca\/uqactualites\/2020\/02\/15\/mission-reussie-en-afrique\/#breadcrumb"},"inLanguage":"fr-CA","potentialAction":[{"@type":"ReadAction","target":["https:\/\/www.uqac.ca\/uqactualites\/2020\/02\/15\/mission-reussie-en-afrique\/"]}]},{"@type":"ImageObject","inLanguage":"fr-CA","@id":"https:\/\/www.uqac.ca\/uqactualites\/2020\/02\/15\/mission-reussie-en-afrique\/#primaryimage","url":"https:\/\/www.uqac.ca\/uqactualites\/wp-content\/uploads\/2020\/02\/D\u00e9l\u00e9gu\u00e9e-du-Qu\u00e9bec-\u00e0-Dakar-Fatima-Houda-P\u00e9pin.jpeg","contentUrl":"https:\/\/www.uqac.ca\/uqactualites\/wp-content\/uploads\/2020\/02\/D\u00e9l\u00e9gu\u00e9e-du-Qu\u00e9bec-\u00e0-Dakar-Fatima-Houda-P\u00e9pin.jpeg","width":2048,"height":1536},{"@type":"BreadcrumbList","@id":"https:\/\/www.uqac.ca\/uqactualites\/2020\/02\/15\/mission-reussie-en-afrique\/#breadcrumb","itemListElement":[{"@type":"ListItem","position":1,"name":"Home","item":"https:\/\/www.uqac.ca\/uqactualites\/"},{"@type":"ListItem","position":2,"name":"Mission r\u00e9ussie en Afrique"}]},{"@type":"WebSite","@id":"https:\/\/www.uqac.ca\/uqactualites\/#website","url":"https:\/\/www.uqac.ca\/uqactualites\/","name":"UQACtualit\u00e9s","description":"Le portail des nouvelles de l&#039;UQAC","potentialAction":[{"@type":"SearchAction","target":{"@type":"EntryPoint","urlTemplate":"https:\/\/www.uqac.ca\/uqactualites\/?s={search_term_string}"},"query-input":{"@type":"PropertyValueSpecification","valueRequired":true,"valueName":"search_term_string"}}],"inLanguage":"fr-CA"},{"@type":"Person","@id":"https:\/\/www.uqac.ca\/uqactualites\/#\/schema\/person\/366c45a0c4f0e677b41b4af5886e2018","name":"Service des communications et des relations publiques","image":{"@type":"ImageObject","inLanguage":"fr-CA","@id":"https:\/\/www.uqac.ca\/uqactualites\/#\/schema\/person\/image\/","url":"https:\/\/secure.gravatar.com\/avatar\/20fbbda8a292f59f2d3461a5b999c00b?s=96&d=mm&r=g","contentUrl":"https:\/\/secure.gravatar.com\/avatar\/20fbbda8a292f59f2d3461a5b999c00b?s=96&d=mm&r=g","caption":"Service des communications et des relations publiques"},"url":"https:\/\/www.uqac.ca\/uqactualites\/author\/bap\/"}]}},"_links":{"self":[{"href":"https:\/\/www.uqac.ca\/uqactualites\/wp-json\/wp\/v2\/posts\/37677"}],"collection":[{"href":"https:\/\/www.uqac.ca\/uqactualites\/wp-json\/wp\/v2\/posts"}],"about":[{"href":"https:\/\/www.uqac.ca\/uqactualites\/wp-json\/wp\/v2\/types\/post"}],"author":[{"embeddable":true,"href":"https:\/\/www.uqac.ca\/uqactualites\/wp-json\/wp\/v2\/users\/5"}],"replies":[{"embeddable":true,"href":"https:\/\/www.uqac.ca\/uqactualites\/wp-json\/wp\/v2\/comments?post=37677"}],"version-history":[{"count":0,"href":"https:\/\/www.uqac.ca\/uqactualites\/wp-json\/wp\/v2\/posts\/37677\/revisions"}],"wp:featuredmedia":[{"embeddable":true,"href":"https:\/\/www.uqac.ca\/uqactualites\/wp-json\/wp\/v2\/media\/37678"}],"wp:attachment":[{"href":"https:\/\/www.uqac.ca\/uqactualites\/wp-json\/wp\/v2\/media?parent=37677"}],"wp:term":[{"taxonomy":"category","embeddable":true,"href":"https:\/\/www.uqac.ca\/uqactualites\/wp-json\/wp\/v2\/categories?post=37677"},{"taxonomy":"post_tag","embeddable":true,"href":"https:\/\/www.uqac.ca\/uqactualites\/wp-json\/wp\/v2\/tags?post=37677"}],"curies":[{"name":"wp","href":"https:\/\/api.w.org\/{rel}","templated":true}]}}