{"id":37702,"date":"2020-02-17T14:33:45","date_gmt":"2020-02-17T19:33:45","guid":{"rendered":"https:\/\/www.uqac.ca\/?p=37702"},"modified":"2020-02-17T14:33:45","modified_gmt":"2020-02-17T19:33:45","slug":"labo-dataviz-le-systeme-alimentaire-du-champ-a-lestomac","status":"publish","type":"post","link":"https:\/\/www.uqac.ca\/uqactualites\/2020\/02\/17\/labo-dataviz-le-systeme-alimentaire-du-champ-a-lestomac\/","title":{"rendered":"Labo Dataviz : le syst\u00e8me alimentaire, du champ \u00e0 l&rsquo;estomac"},"content":{"rendered":"<p>Le Labo Dataviz prend tranquillement sa place dans l\u2019entr\u00e9e Est de l\u2019UQAC. Ce dispositif, alliant chiffres et design, permet d\u2019entamer le dialogue sur une foule d\u2019enjeux actuel. D\u2019ailleurs, depuis la derni\u00e8re rentr\u00e9e, le sujet \u00e0 l\u2019honneur est l\u2019alimentation et ses diff\u00e9rents enjeux li\u00e9s \u00e0 l\u2019ensemble de la chaine alimentaire\u00a0: du champ \u00e0 l\u2019estomac.<\/p>\n<p>L\u2019objectif \u00e9tant de sensibiliser, informer et donner \u00e0 chacun d\u2019entre nous le pouvoir d\u2019\u00eatre un acteur face \u00e0 ces enjeux, ce projet s&rsquo;inscrit dans une d\u00e9marche structurante qui vise \u00e0 mobiliser les acteurs du syst\u00e8me alimentaire du Saguenay\u2013Lac-Saint-Jean pour tendre vers un syst\u00e8me alimentaire durable. Dans notre contexte actuel global de surconsommation, des denr\u00e9es alimentaires sont constamment gaspill\u00e9es alors que de nombreuses personnes souffrent ou ont d\u00e9j\u00e0 souffert d\u2019ins\u00e9curit\u00e9 alimentaire. Pr\u00e8s de 40 % de la communaut\u00e9 universitaire de l\u2019UQAC ayant r\u00e9pondu au sondage propos\u00e9 par le Labo Dataviz, serait dans cette situation.<\/p>\n<p>Faites un d\u00e9tour vers le Labo Dataviz. Que ce soit pour d\u00e9couvrir un potager exp\u00e9rimental, pour \u00e9changer des recettes et trucs pratiques sur le babillard ou pour contribuer \u00e0 une collecte de donn\u00e9es sur les habitudes en alimentation. Un frigo et un garde-manger solidaire sont \u00e9galement en service et fonctionnent bien. Le principe est simple\u00a0: tout le monde peut y d\u00e9poser quelque chose et tout le monde peut se servir. La seule r\u00e8gle est d\u2019\u00eatre \u00e9quitable, respectueux et de faire appel \u00e0 son bon sens. Niveau hygi\u00e8ne, l\u2019UQAC effectue un entretien hebdomadaire rigoureux et suit de tr\u00e8s pr\u00e8s les flux d\u2019aliments qui y passent.<\/p>\n<p>Pour tout suggestion, id\u00e9es ou questions, n\u2019h\u00e9sitez pas \u00e0 contacter l\u2019\u00e9quipe au dataviz@uqac.ca ou \u00e0 suivre la page Facebook de LUM design.<\/p>\n","protected":false},"excerpt":{"rendered":"<p>Le Labo Dataviz prend tranquillement sa place dans l\u2019entr\u00e9e Est de l\u2019UQAC. Ce dispositif, alliant chiffres et design, permet d\u2019entamer le dialogue sur une foule d\u2019enjeux actuel. D\u2019ailleurs, depuis la derni\u00e8re rentr\u00e9e, le sujet \u00e0 l\u2019honneur est l\u2019alimentation et ses diff\u00e9rents enjeux li\u00e9s \u00e0 l\u2019ensemble de la chaine alimentaire\u00a0: du champ \u00e0 l\u2019estomac. L\u2019objectif \u00e9tant [&hellip;]<\/p>\n","protected":false},"author":5,"featured_media":37707,"comment_status":"open","ping_status":"open","sticky":false,"template":"","format":"standard","meta":{"footnotes":""},"categories":[2,2772,4],"tags":[138,286,16,163],"yoast_head":"<!-- This site is optimized with the Yoast SEO plugin v24.2 - https:\/\/yoast.com\/wordpress\/plugins\/seo\/ -->\r\n<title>Labo Dataviz : le syst\u00e8me alimentaire, du champ \u00e0 l&#039;estomac - UQACtualit\u00e9s<\/title>\r\n<meta name=\"robots\" content=\"index, follow, max-snippet:-1, max-image-preview:large, max-video-preview:-1\" \/>\r\n<link rel=\"canonical\" href=\"https:\/\/www.uqac.ca\/uqactualites\/2020\/02\/17\/labo-dataviz-le-systeme-alimentaire-du-champ-a-lestomac\/\" \/>\r\n<meta property=\"og:locale\" content=\"fr_CA\" \/>\r\n<meta property=\"og:type\" content=\"article\" \/>\r\n<meta property=\"og:title\" content=\"Labo Dataviz : le syst\u00e8me alimentaire, du champ \u00e0 l&#039;estomac - UQACtualit\u00e9s\" \/>\r\n<meta property=\"og:description\" content=\"Le Labo Dataviz prend tranquillement sa place dans l\u2019entr\u00e9e Est de l\u2019UQAC. Ce dispositif, alliant chiffres et design, permet d\u2019entamer le dialogue sur une foule d\u2019enjeux actuel. D\u2019ailleurs, depuis la derni\u00e8re rentr\u00e9e, le sujet \u00e0 l\u2019honneur est l\u2019alimentation et ses diff\u00e9rents enjeux li\u00e9s \u00e0 l\u2019ensemble de la chaine alimentaire\u00a0: du champ \u00e0 l\u2019estomac. L\u2019objectif \u00e9tant [&hellip;]\" \/>\r\n<meta property=\"og:url\" content=\"https:\/\/www.uqac.ca\/uqactualites\/2020\/02\/17\/labo-dataviz-le-systeme-alimentaire-du-champ-a-lestomac\/\" \/>\r\n<meta property=\"og:site_name\" content=\"UQACtualit\u00e9s\" \/>\r\n<meta property=\"article:published_time\" content=\"2020-02-17T19:33:45+00:00\" \/>\r\n<meta property=\"og:image\" content=\"https:\/\/www.uqac.ca\/uqactualites\/wp-content\/uploads\/2020\/02\/IMG_2970-e1581968577869-scaled.jpg\" \/>\r\n\t<meta property=\"og:image:width\" content=\"2560\" \/>\r\n\t<meta property=\"og:image:height\" content=\"2101\" \/>\r\n\t<meta property=\"og:image:type\" content=\"image\/jpeg\" \/>\r\n<meta name=\"author\" content=\"Service des communications et des relations publiques\" \/>\r\n<meta name=\"twitter:card\" content=\"summary_large_image\" \/>\r\n<meta name=\"twitter:label1\" content=\"\u00c9crit par\" \/>\n\t<meta name=\"twitter:data1\" content=\"Service des communications et des relations publiques\" \/>\n\t<meta name=\"twitter:label2\" content=\"Estimation du temps de lecture\" \/>\n\t<meta name=\"twitter:data2\" content=\"2 minutes\" \/>\r\n<script type=\"application\/ld+json\" class=\"yoast-schema-graph\">{\"@context\":\"https:\/\/schema.org\",\"@graph\":[{\"@type\":\"WebPage\",\"@id\":\"https:\/\/www.uqac.ca\/uqactualites\/2020\/02\/17\/labo-dataviz-le-systeme-alimentaire-du-champ-a-lestomac\/\",\"url\":\"https:\/\/www.uqac.ca\/uqactualites\/2020\/02\/17\/labo-dataviz-le-systeme-alimentaire-du-champ-a-lestomac\/\",\"name\":\"Labo Dataviz : le syst\u00e8me alimentaire, du champ \u00e0 l'estomac - UQACtualit\u00e9s\",\"isPartOf\":{\"@id\":\"https:\/\/www.uqac.ca\/uqactualites\/#website\"},\"primaryImageOfPage\":{\"@id\":\"https:\/\/www.uqac.ca\/uqactualites\/2020\/02\/17\/labo-dataviz-le-systeme-alimentaire-du-champ-a-lestomac\/#primaryimage\"},\"image\":{\"@id\":\"https:\/\/www.uqac.ca\/uqactualites\/2020\/02\/17\/labo-dataviz-le-systeme-alimentaire-du-champ-a-lestomac\/#primaryimage\"},\"thumbnailUrl\":\"https:\/\/www.uqac.ca\/uqactualites\/wp-content\/uploads\/2020\/02\/IMG_2970-e1581968577869-scaled.jpg\",\"datePublished\":\"2020-02-17T19:33:45+00:00\",\"dateModified\":\"2020-02-17T19:33:45+00:00\",\"author\":{\"@id\":\"https:\/\/www.uqac.ca\/uqactualites\/#\/schema\/person\/366c45a0c4f0e677b41b4af5886e2018\"},\"breadcrumb\":{\"@id\":\"https:\/\/www.uqac.ca\/uqactualites\/2020\/02\/17\/labo-dataviz-le-systeme-alimentaire-du-champ-a-lestomac\/#breadcrumb\"},\"inLanguage\":\"fr-CA\",\"potentialAction\":[{\"@type\":\"ReadAction\",\"target\":[\"https:\/\/www.uqac.ca\/uqactualites\/2020\/02\/17\/labo-dataviz-le-systeme-alimentaire-du-champ-a-lestomac\/\"]}]},{\"@type\":\"ImageObject\",\"inLanguage\":\"fr-CA\",\"@id\":\"https:\/\/www.uqac.ca\/uqactualites\/2020\/02\/17\/labo-dataviz-le-systeme-alimentaire-du-champ-a-lestomac\/#primaryimage\",\"url\":\"https:\/\/www.uqac.ca\/uqactualites\/wp-content\/uploads\/2020\/02\/IMG_2970-e1581968577869-scaled.jpg\",\"contentUrl\":\"https:\/\/www.uqac.ca\/uqactualites\/wp-content\/uploads\/2020\/02\/IMG_2970-e1581968577869-scaled.jpg\",\"width\":2560,\"height\":2101},{\"@type\":\"BreadcrumbList\",\"@id\":\"https:\/\/www.uqac.ca\/uqactualites\/2020\/02\/17\/labo-dataviz-le-systeme-alimentaire-du-champ-a-lestomac\/#breadcrumb\",\"itemListElement\":[{\"@type\":\"ListItem\",\"position\":1,\"name\":\"Home\",\"item\":\"https:\/\/www.uqac.ca\/uqactualites\/\"},{\"@type\":\"ListItem\",\"position\":2,\"name\":\"Labo Dataviz : le syst\u00e8me alimentaire, du champ \u00e0 l&rsquo;estomac\"}]},{\"@type\":\"WebSite\",\"@id\":\"https:\/\/www.uqac.ca\/uqactualites\/#website\",\"url\":\"https:\/\/www.uqac.ca\/uqactualites\/\",\"name\":\"UQACtualit\u00e9s\",\"description\":\"Le portail des nouvelles de l&#039;UQAC\",\"potentialAction\":[{\"@type\":\"SearchAction\",\"target\":{\"@type\":\"EntryPoint\",\"urlTemplate\":\"https:\/\/www.uqac.ca\/uqactualites\/?s={search_term_string}\"},\"query-input\":{\"@type\":\"PropertyValueSpecification\",\"valueRequired\":true,\"valueName\":\"search_term_string\"}}],\"inLanguage\":\"fr-CA\"},{\"@type\":\"Person\",\"@id\":\"https:\/\/www.uqac.ca\/uqactualites\/#\/schema\/person\/366c45a0c4f0e677b41b4af5886e2018\",\"name\":\"Service des communications et des relations publiques\",\"image\":{\"@type\":\"ImageObject\",\"inLanguage\":\"fr-CA\",\"@id\":\"https:\/\/www.uqac.ca\/uqactualites\/#\/schema\/person\/image\/\",\"url\":\"https:\/\/secure.gravatar.com\/avatar\/20fbbda8a292f59f2d3461a5b999c00b?s=96&d=mm&r=g\",\"contentUrl\":\"https:\/\/secure.gravatar.com\/avatar\/20fbbda8a292f59f2d3461a5b999c00b?s=96&d=mm&r=g\",\"caption\":\"Service des communications et des relations publiques\"},\"url\":\"https:\/\/www.uqac.ca\/uqactualites\/author\/bap\/\"}]}<\/script>\r\n<!-- \/ Yoast SEO plugin. -->","yoast_head_json":{"title":"Labo Dataviz : le syst\u00e8me alimentaire, du champ \u00e0 l'estomac - UQACtualit\u00e9s","robots":{"index":"index","follow":"follow","max-snippet":"max-snippet:-1","max-image-preview":"max-image-preview:large","max-video-preview":"max-video-preview:-1"},"canonical":"https:\/\/www.uqac.ca\/uqactualites\/2020\/02\/17\/labo-dataviz-le-systeme-alimentaire-du-champ-a-lestomac\/","og_locale":"fr_CA","og_type":"article","og_title":"Labo Dataviz : le syst\u00e8me alimentaire, du champ \u00e0 l'estomac - UQACtualit\u00e9s","og_description":"Le Labo Dataviz prend tranquillement sa place dans l\u2019entr\u00e9e Est de l\u2019UQAC. Ce dispositif, alliant chiffres et design, permet d\u2019entamer le dialogue sur une foule d\u2019enjeux actuel. D\u2019ailleurs, depuis la derni\u00e8re rentr\u00e9e, le sujet \u00e0 l\u2019honneur est l\u2019alimentation et ses diff\u00e9rents enjeux li\u00e9s \u00e0 l\u2019ensemble de la chaine alimentaire\u00a0: du champ \u00e0 l\u2019estomac. L\u2019objectif \u00e9tant [&hellip;]","og_url":"https:\/\/www.uqac.ca\/uqactualites\/2020\/02\/17\/labo-dataviz-le-systeme-alimentaire-du-champ-a-lestomac\/","og_site_name":"UQACtualit\u00e9s","article_published_time":"2020-02-17T19:33:45+00:00","og_image":[{"width":2560,"height":2101,"url":"https:\/\/www.uqac.ca\/uqactualites\/wp-content\/uploads\/2020\/02\/IMG_2970-e1581968577869-scaled.jpg","type":"image\/jpeg"}],"author":"Service des communications et des relations publiques","twitter_card":"summary_large_image","twitter_misc":{"\u00c9crit par":"Service des communications et des relations publiques","Estimation du temps de lecture":"2 minutes"},"schema":{"@context":"https:\/\/schema.org","@graph":[{"@type":"WebPage","@id":"https:\/\/www.uqac.ca\/uqactualites\/2020\/02\/17\/labo-dataviz-le-systeme-alimentaire-du-champ-a-lestomac\/","url":"https:\/\/www.uqac.ca\/uqactualites\/2020\/02\/17\/labo-dataviz-le-systeme-alimentaire-du-champ-a-lestomac\/","name":"Labo Dataviz : le syst\u00e8me alimentaire, du champ \u00e0 l'estomac - UQACtualit\u00e9s","isPartOf":{"@id":"https:\/\/www.uqac.ca\/uqactualites\/#website"},"primaryImageOfPage":{"@id":"https:\/\/www.uqac.ca\/uqactualites\/2020\/02\/17\/labo-dataviz-le-systeme-alimentaire-du-champ-a-lestomac\/#primaryimage"},"image":{"@id":"https:\/\/www.uqac.ca\/uqactualites\/2020\/02\/17\/labo-dataviz-le-systeme-alimentaire-du-champ-a-lestomac\/#primaryimage"},"thumbnailUrl":"https:\/\/www.uqac.ca\/uqactualites\/wp-content\/uploads\/2020\/02\/IMG_2970-e1581968577869-scaled.jpg","datePublished":"2020-02-17T19:33:45+00:00","dateModified":"2020-02-17T19:33:45+00:00","author":{"@id":"https:\/\/www.uqac.ca\/uqactualites\/#\/schema\/person\/366c45a0c4f0e677b41b4af5886e2018"},"breadcrumb":{"@id":"https:\/\/www.uqac.ca\/uqactualites\/2020\/02\/17\/labo-dataviz-le-systeme-alimentaire-du-champ-a-lestomac\/#breadcrumb"},"inLanguage":"fr-CA","potentialAction":[{"@type":"ReadAction","target":["https:\/\/www.uqac.ca\/uqactualites\/2020\/02\/17\/labo-dataviz-le-systeme-alimentaire-du-champ-a-lestomac\/"]}]},{"@type":"ImageObject","inLanguage":"fr-CA","@id":"https:\/\/www.uqac.ca\/uqactualites\/2020\/02\/17\/labo-dataviz-le-systeme-alimentaire-du-champ-a-lestomac\/#primaryimage","url":"https:\/\/www.uqac.ca\/uqactualites\/wp-content\/uploads\/2020\/02\/IMG_2970-e1581968577869-scaled.jpg","contentUrl":"https:\/\/www.uqac.ca\/uqactualites\/wp-content\/uploads\/2020\/02\/IMG_2970-e1581968577869-scaled.jpg","width":2560,"height":2101},{"@type":"BreadcrumbList","@id":"https:\/\/www.uqac.ca\/uqactualites\/2020\/02\/17\/labo-dataviz-le-systeme-alimentaire-du-champ-a-lestomac\/#breadcrumb","itemListElement":[{"@type":"ListItem","position":1,"name":"Home","item":"https:\/\/www.uqac.ca\/uqactualites\/"},{"@type":"ListItem","position":2,"name":"Labo Dataviz : le syst\u00e8me alimentaire, du champ \u00e0 l&rsquo;estomac"}]},{"@type":"WebSite","@id":"https:\/\/www.uqac.ca\/uqactualites\/#website","url":"https:\/\/www.uqac.ca\/uqactualites\/","name":"UQACtualit\u00e9s","description":"Le portail des nouvelles de l&#039;UQAC","potentialAction":[{"@type":"SearchAction","target":{"@type":"EntryPoint","urlTemplate":"https:\/\/www.uqac.ca\/uqactualites\/?s={search_term_string}"},"query-input":{"@type":"PropertyValueSpecification","valueRequired":true,"valueName":"search_term_string"}}],"inLanguage":"fr-CA"},{"@type":"Person","@id":"https:\/\/www.uqac.ca\/uqactualites\/#\/schema\/person\/366c45a0c4f0e677b41b4af5886e2018","name":"Service des communications et des relations publiques","image":{"@type":"ImageObject","inLanguage":"fr-CA","@id":"https:\/\/www.uqac.ca\/uqactualites\/#\/schema\/person\/image\/","url":"https:\/\/secure.gravatar.com\/avatar\/20fbbda8a292f59f2d3461a5b999c00b?s=96&d=mm&r=g","contentUrl":"https:\/\/secure.gravatar.com\/avatar\/20fbbda8a292f59f2d3461a5b999c00b?s=96&d=mm&r=g","caption":"Service des communications et des relations publiques"},"url":"https:\/\/www.uqac.ca\/uqactualites\/author\/bap\/"}]}},"_links":{"self":[{"href":"https:\/\/www.uqac.ca\/uqactualites\/wp-json\/wp\/v2\/posts\/37702"}],"collection":[{"href":"https:\/\/www.uqac.ca\/uqactualites\/wp-json\/wp\/v2\/posts"}],"about":[{"href":"https:\/\/www.uqac.ca\/uqactualites\/wp-json\/wp\/v2\/types\/post"}],"author":[{"embeddable":true,"href":"https:\/\/www.uqac.ca\/uqactualites\/wp-json\/wp\/v2\/users\/5"}],"replies":[{"embeddable":true,"href":"https:\/\/www.uqac.ca\/uqactualites\/wp-json\/wp\/v2\/comments?post=37702"}],"version-history":[{"count":0,"href":"https:\/\/www.uqac.ca\/uqactualites\/wp-json\/wp\/v2\/posts\/37702\/revisions"}],"wp:featuredmedia":[{"embeddable":true,"href":"https:\/\/www.uqac.ca\/uqactualites\/wp-json\/wp\/v2\/media\/37707"}],"wp:attachment":[{"href":"https:\/\/www.uqac.ca\/uqactualites\/wp-json\/wp\/v2\/media?parent=37702"}],"wp:term":[{"taxonomy":"category","embeddable":true,"href":"https:\/\/www.uqac.ca\/uqactualites\/wp-json\/wp\/v2\/categories?post=37702"},{"taxonomy":"post_tag","embeddable":true,"href":"https:\/\/www.uqac.ca\/uqactualites\/wp-json\/wp\/v2\/tags?post=37702"}],"curies":[{"name":"wp","href":"https:\/\/api.w.org\/{rel}","templated":true}]}}