{"id":37816,"date":"2020-03-09T11:49:00","date_gmt":"2020-03-09T15:49:00","guid":{"rendered":"https:\/\/www.uqac.ca\/?p=37816"},"modified":"2020-03-09T11:49:00","modified_gmt":"2020-03-09T15:49:00","slug":"une-equipe-de-femmes-scientifiques-de-luqac-excelle-dans-la-recherche-sur-larctique","status":"publish","type":"post","link":"https:\/\/www.uqac.ca\/uqactualites\/2020\/03\/09\/une-equipe-de-femmes-scientifiques-de-luqac-excelle-dans-la-recherche-sur-larctique\/","title":{"rendered":"Une \u00e9quipe de femmes scientifiques de l\u2019UQAC excelle dans la recherche sur l&rsquo;Arctique"},"content":{"rendered":"<p>En cette semaine de la Journ\u00e9e internationale des femmes, on souligne avec int\u00e9r\u00eat l\u2019apport important de femmes en science arctique. La professeure Milla Rautio, titulaire de la <a href=\"http:\/\/recherche.uqac.ca\/chaire-de-recherche-du-canada-en-ecologie-aquatique-boreale\/\">Chaire de recherche du Canada en \u00e9cologie aquatique bor\u00e9ale et polaire<\/a> du D\u00e9partement des sciences fondamentales, et toute son \u00e9quipe \u00e9tudiante, qui effectuent des recherches au Nunavut dans l&rsquo;Arctique, sont une rare exception parmi les \u00e9quipes de recherche de cet \u00e9cosyst\u00e8me. Selon un document de recherche r\u00e9cemment publi\u00e9 (<a href=\"https:\/\/www.nature.com\/articles\/s41599-020-0407-6\">Natcher et al. 2020<\/a>), il existe un d\u00e9s\u00e9quilibre frappant des genres dans la science du climat arctique canadien alors qu\u2019on retrouve seulement 21% de femmes dans le domaine. En effet, dans le r\u00e9seau de centres d\u2019excellence du Canada ArcticNet, dont la professeure Rautio fait partie, 195 chercheurs sont des hommes pour seulement 51 femmes.<\/p>\n<p>En tant que chercheuse principale dans les projets ArcticNet et Savoir Polaire Canada, et en tant que directrice adjointe du Centre d\u2019\u00c9tudes Nordiques (CEN), la professeure Rautio a un int\u00e9r\u00eat particulier \u00e0 promouvoir des r\u00e9seaux solides pour les \u00e9tudiants dipl\u00f4m\u00e9s, hommes et femmes\u00a0: \u00ab\u00a0En ce moment, nous sommes une \u00e9quipe exclusivement f\u00e9minine \u00e0 l&rsquo;UQAC\u00a0: mes 3 \u00e9tudiantes dipl\u00f4m\u00e9es (Elise Imbeau, Paola Ayala Borda, P\u00e9n\u00e9lope Blackburn-Desbiens) et moi-m\u00eame effectuons des recherches sur la sant\u00e9 des \u00e9cosyst\u00e8mes aquatiques dans l&rsquo;Arctique. Nous \u00e9chantillonnons \u00e0 -35C, conduisons des motoneiges, \u00e9chantillonnons \u00e0 partir d&rsquo;un h\u00e9licopt\u00e8re et communiquons avec les ain\u00e9s de la communaut\u00e9 inuite. Je suis tr\u00e8s fi\u00e8re de mon \u00e9quipe f\u00e9minine, mais je d\u00e9sire encourager la diversit\u00e9 \u00e0 l\u2019int\u00e9rieur de mes \u00e9quipes. Ceci afin promouvoir des dividendes de recherche innovants o\u00f9 de nouvelles questions, interpr\u00e9tations et d\u00e9couvertes peuvent \u00eatre faites. En fait, notre \u00e9quipe de l&rsquo;Arctique de l&rsquo;UQAC sera d\u00e9j\u00e0 plus diversifi\u00e9e ce printemps lorsque deux chercheurs postdoctoraux et un nouvel \u00e9tudiant \u00e0 la ma\u00eetrise se joindront \u00e0 nous, deux d&rsquo;entre eux \u00e9tant des hommes.\u00a0\u00bb<\/p>\n<p>Gr\u00e2ce \u00e0 ses recherches dans l&rsquo;Arctique, la chercheuse Rautio travaille \u00e9galement \u00e0 ouvrir des opportunit\u00e9s pour les autochtones\u00a0: \u00ab\u00a0Travailler dans l&rsquo;Arctique signifie naturellement travailler avec les communaut\u00e9s autochtones et notre travail \u00e0 Cambridge Bay (Nunavut) s&rsquo;appuie sur les bases solides du respect, de la coop\u00e9ration et de l&rsquo;\u00e9change de connaissances que nous avons b\u00e2ties apr\u00e8s de nombreuses ann\u00e9es de travail avec la communaut\u00e9 Ekaluktutiak. En mai 2018, j&rsquo;ai invit\u00e9 deux jeunes femmes inuites dans mon laboratoire de l&rsquo;UQAC. Jasmine Tiktalek et Aili Pedersen m&rsquo;avaient pr\u00e9c\u00e9demment aid\u00e9 pour de l&rsquo;\u00e9chantillonnage \u00e0 Cambridge Bay et sont venues pour un court stage dans les murs de l&rsquo;UQAC et sur le terrain \u00e0 Simoncouche.\u00a0\u00bb<\/p>\n<p>Pour que les progr\u00e8s r\u00e9alis\u00e9s par les femmes dans les sciences de l&rsquo;Arctique se poursuivent, elles auront besoin du soutien de toutes les institutions n\u00e9cessaires pour faire avancer leur carri\u00e8re en recherche. Compte tenu de la complexit\u00e9 des effets des changements climatiques, en particulier dans l&rsquo;Arctique o\u00f9 les impacts devraient \u00eatre les plus extr\u00eames, l&rsquo;inclusion de femmes scientifiques et d&rsquo;autres groupes sous-repr\u00e9sent\u00e9s est cruciale pour trouver des solutions des approches diversifi\u00e9es et innovantes.<\/p>\n<p>&nbsp;<\/p>\n<p>Natcher, D, Bogdan AM, Lieverse A &amp; Spiers, K. 2020. Gender and Arctic climate change science in Canada. Palgrave Communications\u00a0: <a href=\"https:\/\/www.nature.com\/articles\/s41599-020-0407-6\">https:\/\/www.nature.com\/articles\/s41599-020-0407-6<\/a><\/p>\n","protected":false},"excerpt":{"rendered":"<p>En cette semaine de la Journ\u00e9e internationale des femmes, on souligne avec int\u00e9r\u00eat l\u2019apport important de femmes en science arctique. La professeure Milla Rautio, titulaire de la Chaire de recherche du Canada en \u00e9cologie aquatique bor\u00e9ale et polaire du D\u00e9partement des sciences fondamentales, et toute son \u00e9quipe \u00e9tudiante, qui effectuent des recherches au Nunavut dans [&hellip;]<\/p>\n","protected":false},"author":5,"featured_media":37817,"comment_status":"open","ping_status":"open","sticky":false,"template":"","format":"standard","meta":{"footnotes":""},"categories":[2,4],"tags":[3],"yoast_head":"<!-- This site is optimized with the Yoast SEO plugin v24.2 - https:\/\/yoast.com\/wordpress\/plugins\/seo\/ -->\r\n<title>Une \u00e9quipe de femmes scientifiques de l\u2019UQAC excelle dans la recherche sur l&#039;Arctique - UQACtualit\u00e9s<\/title>\r\n<meta name=\"robots\" content=\"index, follow, max-snippet:-1, max-image-preview:large, max-video-preview:-1\" \/>\r\n<link rel=\"canonical\" href=\"https:\/\/www.uqac.ca\/uqactualites\/2020\/03\/09\/une-equipe-de-femmes-scientifiques-de-luqac-excelle-dans-la-recherche-sur-larctique\/\" \/>\r\n<meta property=\"og:locale\" content=\"fr_CA\" \/>\r\n<meta property=\"og:type\" content=\"article\" \/>\r\n<meta property=\"og:title\" content=\"Une \u00e9quipe de femmes scientifiques de l\u2019UQAC excelle dans la recherche sur l&#039;Arctique - UQACtualit\u00e9s\" \/>\r\n<meta property=\"og:description\" content=\"En cette semaine de la Journ\u00e9e internationale des femmes, on souligne avec int\u00e9r\u00eat l\u2019apport important de femmes en science arctique. La professeure Milla Rautio, titulaire de la Chaire de recherche du Canada en \u00e9cologie aquatique bor\u00e9ale et polaire du D\u00e9partement des sciences fondamentales, et toute son \u00e9quipe \u00e9tudiante, qui effectuent des recherches au Nunavut dans [&hellip;]\" \/>\r\n<meta property=\"og:url\" content=\"https:\/\/www.uqac.ca\/uqactualites\/2020\/03\/09\/une-equipe-de-femmes-scientifiques-de-luqac-excelle-dans-la-recherche-sur-larctique\/\" \/>\r\n<meta property=\"og:site_name\" content=\"UQACtualit\u00e9s\" \/>\r\n<meta property=\"article:published_time\" content=\"2020-03-09T15:49:00+00:00\" \/>\r\n<meta property=\"og:image\" content=\"https:\/\/www.uqac.ca\/uqactualites\/wp-content\/uploads\/2020\/03\/recherche_arctique-scaled.jpg\" \/>\r\n\t<meta property=\"og:image:width\" content=\"2560\" \/>\r\n\t<meta property=\"og:image:height\" content=\"1707\" \/>\r\n\t<meta property=\"og:image:type\" content=\"image\/jpeg\" \/>\r\n<meta name=\"author\" content=\"Service des communications et des relations publiques\" \/>\r\n<meta name=\"twitter:card\" content=\"summary_large_image\" \/>\r\n<meta name=\"twitter:label1\" content=\"\u00c9crit par\" \/>\n\t<meta name=\"twitter:data1\" content=\"Service des communications et des relations publiques\" \/>\n\t<meta name=\"twitter:label2\" content=\"Estimation du temps de lecture\" \/>\n\t<meta name=\"twitter:data2\" content=\"3 minutes\" \/>\r\n<script type=\"application\/ld+json\" class=\"yoast-schema-graph\">{\"@context\":\"https:\/\/schema.org\",\"@graph\":[{\"@type\":\"WebPage\",\"@id\":\"https:\/\/www.uqac.ca\/uqactualites\/2020\/03\/09\/une-equipe-de-femmes-scientifiques-de-luqac-excelle-dans-la-recherche-sur-larctique\/\",\"url\":\"https:\/\/www.uqac.ca\/uqactualites\/2020\/03\/09\/une-equipe-de-femmes-scientifiques-de-luqac-excelle-dans-la-recherche-sur-larctique\/\",\"name\":\"Une \u00e9quipe de femmes scientifiques de l\u2019UQAC excelle dans la recherche sur l'Arctique - UQACtualit\u00e9s\",\"isPartOf\":{\"@id\":\"https:\/\/www.uqac.ca\/uqactualites\/#website\"},\"primaryImageOfPage\":{\"@id\":\"https:\/\/www.uqac.ca\/uqactualites\/2020\/03\/09\/une-equipe-de-femmes-scientifiques-de-luqac-excelle-dans-la-recherche-sur-larctique\/#primaryimage\"},\"image\":{\"@id\":\"https:\/\/www.uqac.ca\/uqactualites\/2020\/03\/09\/une-equipe-de-femmes-scientifiques-de-luqac-excelle-dans-la-recherche-sur-larctique\/#primaryimage\"},\"thumbnailUrl\":\"https:\/\/www.uqac.ca\/uqactualites\/wp-content\/uploads\/2020\/03\/recherche_arctique-scaled.jpg\",\"datePublished\":\"2020-03-09T15:49:00+00:00\",\"dateModified\":\"2020-03-09T15:49:00+00:00\",\"author\":{\"@id\":\"https:\/\/www.uqac.ca\/uqactualites\/#\/schema\/person\/366c45a0c4f0e677b41b4af5886e2018\"},\"breadcrumb\":{\"@id\":\"https:\/\/www.uqac.ca\/uqactualites\/2020\/03\/09\/une-equipe-de-femmes-scientifiques-de-luqac-excelle-dans-la-recherche-sur-larctique\/#breadcrumb\"},\"inLanguage\":\"fr-CA\",\"potentialAction\":[{\"@type\":\"ReadAction\",\"target\":[\"https:\/\/www.uqac.ca\/uqactualites\/2020\/03\/09\/une-equipe-de-femmes-scientifiques-de-luqac-excelle-dans-la-recherche-sur-larctique\/\"]}]},{\"@type\":\"ImageObject\",\"inLanguage\":\"fr-CA\",\"@id\":\"https:\/\/www.uqac.ca\/uqactualites\/2020\/03\/09\/une-equipe-de-femmes-scientifiques-de-luqac-excelle-dans-la-recherche-sur-larctique\/#primaryimage\",\"url\":\"https:\/\/www.uqac.ca\/uqactualites\/wp-content\/uploads\/2020\/03\/recherche_arctique-scaled.jpg\",\"contentUrl\":\"https:\/\/www.uqac.ca\/uqactualites\/wp-content\/uploads\/2020\/03\/recherche_arctique-scaled.jpg\",\"width\":2560,\"height\":1707},{\"@type\":\"BreadcrumbList\",\"@id\":\"https:\/\/www.uqac.ca\/uqactualites\/2020\/03\/09\/une-equipe-de-femmes-scientifiques-de-luqac-excelle-dans-la-recherche-sur-larctique\/#breadcrumb\",\"itemListElement\":[{\"@type\":\"ListItem\",\"position\":1,\"name\":\"Home\",\"item\":\"https:\/\/www.uqac.ca\/uqactualites\/\"},{\"@type\":\"ListItem\",\"position\":2,\"name\":\"Une \u00e9quipe de femmes scientifiques de l\u2019UQAC excelle dans la recherche sur l&rsquo;Arctique\"}]},{\"@type\":\"WebSite\",\"@id\":\"https:\/\/www.uqac.ca\/uqactualites\/#website\",\"url\":\"https:\/\/www.uqac.ca\/uqactualites\/\",\"name\":\"UQACtualit\u00e9s\",\"description\":\"Le portail des nouvelles de l&#039;UQAC\",\"potentialAction\":[{\"@type\":\"SearchAction\",\"target\":{\"@type\":\"EntryPoint\",\"urlTemplate\":\"https:\/\/www.uqac.ca\/uqactualites\/?s={search_term_string}\"},\"query-input\":{\"@type\":\"PropertyValueSpecification\",\"valueRequired\":true,\"valueName\":\"search_term_string\"}}],\"inLanguage\":\"fr-CA\"},{\"@type\":\"Person\",\"@id\":\"https:\/\/www.uqac.ca\/uqactualites\/#\/schema\/person\/366c45a0c4f0e677b41b4af5886e2018\",\"name\":\"Service des communications et des relations publiques\",\"image\":{\"@type\":\"ImageObject\",\"inLanguage\":\"fr-CA\",\"@id\":\"https:\/\/www.uqac.ca\/uqactualites\/#\/schema\/person\/image\/\",\"url\":\"https:\/\/secure.gravatar.com\/avatar\/20fbbda8a292f59f2d3461a5b999c00b?s=96&d=mm&r=g\",\"contentUrl\":\"https:\/\/secure.gravatar.com\/avatar\/20fbbda8a292f59f2d3461a5b999c00b?s=96&d=mm&r=g\",\"caption\":\"Service des communications et des relations publiques\"},\"url\":\"https:\/\/www.uqac.ca\/uqactualites\/author\/bap\/\"}]}<\/script>\r\n<!-- \/ Yoast SEO plugin. -->","yoast_head_json":{"title":"Une \u00e9quipe de femmes scientifiques de l\u2019UQAC excelle dans la recherche sur l'Arctique - UQACtualit\u00e9s","robots":{"index":"index","follow":"follow","max-snippet":"max-snippet:-1","max-image-preview":"max-image-preview:large","max-video-preview":"max-video-preview:-1"},"canonical":"https:\/\/www.uqac.ca\/uqactualites\/2020\/03\/09\/une-equipe-de-femmes-scientifiques-de-luqac-excelle-dans-la-recherche-sur-larctique\/","og_locale":"fr_CA","og_type":"article","og_title":"Une \u00e9quipe de femmes scientifiques de l\u2019UQAC excelle dans la recherche sur l'Arctique - UQACtualit\u00e9s","og_description":"En cette semaine de la Journ\u00e9e internationale des femmes, on souligne avec int\u00e9r\u00eat l\u2019apport important de femmes en science arctique. La professeure Milla Rautio, titulaire de la Chaire de recherche du Canada en \u00e9cologie aquatique bor\u00e9ale et polaire du D\u00e9partement des sciences fondamentales, et toute son \u00e9quipe \u00e9tudiante, qui effectuent des recherches au Nunavut dans [&hellip;]","og_url":"https:\/\/www.uqac.ca\/uqactualites\/2020\/03\/09\/une-equipe-de-femmes-scientifiques-de-luqac-excelle-dans-la-recherche-sur-larctique\/","og_site_name":"UQACtualit\u00e9s","article_published_time":"2020-03-09T15:49:00+00:00","og_image":[{"width":2560,"height":1707,"url":"https:\/\/www.uqac.ca\/uqactualites\/wp-content\/uploads\/2020\/03\/recherche_arctique-scaled.jpg","type":"image\/jpeg"}],"author":"Service des communications et des relations publiques","twitter_card":"summary_large_image","twitter_misc":{"\u00c9crit par":"Service des communications et des relations publiques","Estimation du temps de lecture":"3 minutes"},"schema":{"@context":"https:\/\/schema.org","@graph":[{"@type":"WebPage","@id":"https:\/\/www.uqac.ca\/uqactualites\/2020\/03\/09\/une-equipe-de-femmes-scientifiques-de-luqac-excelle-dans-la-recherche-sur-larctique\/","url":"https:\/\/www.uqac.ca\/uqactualites\/2020\/03\/09\/une-equipe-de-femmes-scientifiques-de-luqac-excelle-dans-la-recherche-sur-larctique\/","name":"Une \u00e9quipe de femmes scientifiques de l\u2019UQAC excelle dans la recherche sur l'Arctique - UQACtualit\u00e9s","isPartOf":{"@id":"https:\/\/www.uqac.ca\/uqactualites\/#website"},"primaryImageOfPage":{"@id":"https:\/\/www.uqac.ca\/uqactualites\/2020\/03\/09\/une-equipe-de-femmes-scientifiques-de-luqac-excelle-dans-la-recherche-sur-larctique\/#primaryimage"},"image":{"@id":"https:\/\/www.uqac.ca\/uqactualites\/2020\/03\/09\/une-equipe-de-femmes-scientifiques-de-luqac-excelle-dans-la-recherche-sur-larctique\/#primaryimage"},"thumbnailUrl":"https:\/\/www.uqac.ca\/uqactualites\/wp-content\/uploads\/2020\/03\/recherche_arctique-scaled.jpg","datePublished":"2020-03-09T15:49:00+00:00","dateModified":"2020-03-09T15:49:00+00:00","author":{"@id":"https:\/\/www.uqac.ca\/uqactualites\/#\/schema\/person\/366c45a0c4f0e677b41b4af5886e2018"},"breadcrumb":{"@id":"https:\/\/www.uqac.ca\/uqactualites\/2020\/03\/09\/une-equipe-de-femmes-scientifiques-de-luqac-excelle-dans-la-recherche-sur-larctique\/#breadcrumb"},"inLanguage":"fr-CA","potentialAction":[{"@type":"ReadAction","target":["https:\/\/www.uqac.ca\/uqactualites\/2020\/03\/09\/une-equipe-de-femmes-scientifiques-de-luqac-excelle-dans-la-recherche-sur-larctique\/"]}]},{"@type":"ImageObject","inLanguage":"fr-CA","@id":"https:\/\/www.uqac.ca\/uqactualites\/2020\/03\/09\/une-equipe-de-femmes-scientifiques-de-luqac-excelle-dans-la-recherche-sur-larctique\/#primaryimage","url":"https:\/\/www.uqac.ca\/uqactualites\/wp-content\/uploads\/2020\/03\/recherche_arctique-scaled.jpg","contentUrl":"https:\/\/www.uqac.ca\/uqactualites\/wp-content\/uploads\/2020\/03\/recherche_arctique-scaled.jpg","width":2560,"height":1707},{"@type":"BreadcrumbList","@id":"https:\/\/www.uqac.ca\/uqactualites\/2020\/03\/09\/une-equipe-de-femmes-scientifiques-de-luqac-excelle-dans-la-recherche-sur-larctique\/#breadcrumb","itemListElement":[{"@type":"ListItem","position":1,"name":"Home","item":"https:\/\/www.uqac.ca\/uqactualites\/"},{"@type":"ListItem","position":2,"name":"Une \u00e9quipe de femmes scientifiques de l\u2019UQAC excelle dans la recherche sur l&rsquo;Arctique"}]},{"@type":"WebSite","@id":"https:\/\/www.uqac.ca\/uqactualites\/#website","url":"https:\/\/www.uqac.ca\/uqactualites\/","name":"UQACtualit\u00e9s","description":"Le portail des nouvelles de l&#039;UQAC","potentialAction":[{"@type":"SearchAction","target":{"@type":"EntryPoint","urlTemplate":"https:\/\/www.uqac.ca\/uqactualites\/?s={search_term_string}"},"query-input":{"@type":"PropertyValueSpecification","valueRequired":true,"valueName":"search_term_string"}}],"inLanguage":"fr-CA"},{"@type":"Person","@id":"https:\/\/www.uqac.ca\/uqactualites\/#\/schema\/person\/366c45a0c4f0e677b41b4af5886e2018","name":"Service des communications et des relations publiques","image":{"@type":"ImageObject","inLanguage":"fr-CA","@id":"https:\/\/www.uqac.ca\/uqactualites\/#\/schema\/person\/image\/","url":"https:\/\/secure.gravatar.com\/avatar\/20fbbda8a292f59f2d3461a5b999c00b?s=96&d=mm&r=g","contentUrl":"https:\/\/secure.gravatar.com\/avatar\/20fbbda8a292f59f2d3461a5b999c00b?s=96&d=mm&r=g","caption":"Service des communications et des relations publiques"},"url":"https:\/\/www.uqac.ca\/uqactualites\/author\/bap\/"}]}},"_links":{"self":[{"href":"https:\/\/www.uqac.ca\/uqactualites\/wp-json\/wp\/v2\/posts\/37816"}],"collection":[{"href":"https:\/\/www.uqac.ca\/uqactualites\/wp-json\/wp\/v2\/posts"}],"about":[{"href":"https:\/\/www.uqac.ca\/uqactualites\/wp-json\/wp\/v2\/types\/post"}],"author":[{"embeddable":true,"href":"https:\/\/www.uqac.ca\/uqactualites\/wp-json\/wp\/v2\/users\/5"}],"replies":[{"embeddable":true,"href":"https:\/\/www.uqac.ca\/uqactualites\/wp-json\/wp\/v2\/comments?post=37816"}],"version-history":[{"count":0,"href":"https:\/\/www.uqac.ca\/uqactualites\/wp-json\/wp\/v2\/posts\/37816\/revisions"}],"wp:featuredmedia":[{"embeddable":true,"href":"https:\/\/www.uqac.ca\/uqactualites\/wp-json\/wp\/v2\/media\/37817"}],"wp:attachment":[{"href":"https:\/\/www.uqac.ca\/uqactualites\/wp-json\/wp\/v2\/media?parent=37816"}],"wp:term":[{"taxonomy":"category","embeddable":true,"href":"https:\/\/www.uqac.ca\/uqactualites\/wp-json\/wp\/v2\/categories?post=37816"},{"taxonomy":"post_tag","embeddable":true,"href":"https:\/\/www.uqac.ca\/uqactualites\/wp-json\/wp\/v2\/tags?post=37816"}],"curies":[{"name":"wp","href":"https:\/\/api.w.org\/{rel}","templated":true}]}}