{"id":37910,"date":"2020-03-10T15:59:52","date_gmt":"2020-03-10T19:59:52","guid":{"rendered":"https:\/\/www.uqac.ca\/?p=37910"},"modified":"2020-03-10T15:59:52","modified_gmt":"2020-03-10T19:59:52","slug":"des-etudiants-en-geologie-a-la-une-du-periodique-scientifique-spectroscopy-europe","status":"publish","type":"post","link":"https:\/\/www.uqac.ca\/uqactualites\/2020\/03\/10\/des-etudiants-en-geologie-a-la-une-du-periodique-scientifique-spectroscopy-europe\/","title":{"rendered":"Des \u00e9tudiants en g\u00e9ologie \u00e0 la une du p\u00e9riodique scientifique Spectroscopy Europe"},"content":{"rendered":"<p>Une photographie d\u2019\u00e9tudiants en g\u00e9ologie de l\u2019UQAC a \u00e9t\u00e9 publi\u00e9e en page couverture du plus r\u00e9cent num\u00e9ro du p\u00e9riodique scientifique <a href=\"https:\/\/www.spectroscopyeurope.com\/issues\/volume-32-issue-1-2020\">Spectroscopy Europe<\/a>.<\/p>\n<p>Cette photo est li\u00e9e \u00e0 un article du professeur Paul B\u00e9dard portant sur un exercice pour mieux comprendre les effets des diff\u00e9rentes m\u00e9thodes d\u2019\u00e9chantillonnage en sciences de la Terre. La photographie repr\u00e9sentant les \u00e9tudiants cueillant les donn\u00e9es est tir\u00e9e de ce texte.<\/p>\n<p>Dans cet exercice, les \u00e9tudiants doivent calculer la taille optimale d\u2019un \u00e9chantillon repr\u00e9sentatif d\u2019une tuile de terrazzo. La repr\u00e9sentativit\u00e9 est calcul\u00e9e \u00e0 partir du nombre de fragments par unit\u00e9 de surface (une analogie de la teneur) qui compose les tuiles du plancher du pavillon principal. Il s\u2019agit d\u2019un exercice original pour aider les \u00e9tudiants \u00e0 mieux saisir la notion de repr\u00e9sentativit\u00e9 des \u00e9chantillons. Les \u00e9tudiants r\u00e9alisent au cours de cet exercice qu\u2019un \u00e9chantillon doit \u00eatre relativement grand pour repr\u00e9senter avec justesse la teneur de la tuile.<\/p>\n<p>Les \u00e9tudiants sur la photographie sont de gauche vers la droite\u00a0: Louis-Pierre Chiasson, \u00e9tudiant au <a href=\"https:\/\/www.uqac.ca\/programme\/7728-baccalaureat-en-geologie\/\">baccalaur\u00e9at en g\u00e9ologie<\/a>, Damien \u00a0Marion, \u00e9tudiant au <a href=\"http:\/\/www.uqac.ca\/programme\/0714\/\">programme court de premier cycle en sciences de la Terre pour \u00e9tudiants en s\u00e9jour d&rsquo;\u00e9tudes<\/a>, et Suzie Tremblay, \u00e9tudiante au <a href=\"http:\/\/www.uqac.ca\/programme\/7728\/\">baccalaur\u00e9at en g\u00e9ologie<\/a>. La photographie a \u00e9t\u00e9 prise dans le cadre du cours de <a href=\"https:\/\/cours.uqac.ca\/6GLG607\">G\u00e9ostatistique et mise en valeur<\/a> (6GLG607).<\/p>\n<p>&nbsp;<\/p>\n","protected":false},"excerpt":{"rendered":"<p>Une photographie d\u2019\u00e9tudiants en g\u00e9ologie de l\u2019UQAC a \u00e9t\u00e9 publi\u00e9e en page couverture du plus r\u00e9cent num\u00e9ro du p\u00e9riodique scientifique Spectroscopy Europe. Cette photo est li\u00e9e \u00e0 un article du professeur Paul B\u00e9dard portant sur un exercice pour mieux comprendre les effets des diff\u00e9rentes m\u00e9thodes d\u2019\u00e9chantillonnage en sciences de la Terre. La photographie repr\u00e9sentant les [&hellip;]<\/p>\n","protected":false},"author":5,"featured_media":37915,"comment_status":"open","ping_status":"open","sticky":false,"template":"","format":"standard","meta":{"footnotes":""},"categories":[2,4],"tags":[21],"yoast_head":"<!-- This site is optimized with the Yoast SEO plugin v24.2 - https:\/\/yoast.com\/wordpress\/plugins\/seo\/ -->\r\n<title>Des \u00e9tudiants en g\u00e9ologie \u00e0 la une du p\u00e9riodique scientifique Spectroscopy Europe - UQACtualit\u00e9s<\/title>\r\n<meta name=\"robots\" content=\"index, follow, max-snippet:-1, max-image-preview:large, max-video-preview:-1\" \/>\r\n<link rel=\"canonical\" href=\"https:\/\/www.uqac.ca\/uqactualites\/2020\/03\/10\/des-etudiants-en-geologie-a-la-une-du-periodique-scientifique-spectroscopy-europe\/\" \/>\r\n<meta property=\"og:locale\" content=\"fr_CA\" \/>\r\n<meta property=\"og:type\" content=\"article\" \/>\r\n<meta property=\"og:title\" content=\"Des \u00e9tudiants en g\u00e9ologie \u00e0 la une du p\u00e9riodique scientifique Spectroscopy Europe - UQACtualit\u00e9s\" \/>\r\n<meta property=\"og:description\" content=\"Une photographie d\u2019\u00e9tudiants en g\u00e9ologie de l\u2019UQAC a \u00e9t\u00e9 publi\u00e9e en page couverture du plus r\u00e9cent num\u00e9ro du p\u00e9riodique scientifique Spectroscopy Europe. Cette photo est li\u00e9e \u00e0 un article du professeur Paul B\u00e9dard portant sur un exercice pour mieux comprendre les effets des diff\u00e9rentes m\u00e9thodes d\u2019\u00e9chantillonnage en sciences de la Terre. La photographie repr\u00e9sentant les [&hellip;]\" \/>\r\n<meta property=\"og:url\" content=\"https:\/\/www.uqac.ca\/uqactualites\/2020\/03\/10\/des-etudiants-en-geologie-a-la-une-du-periodique-scientifique-spectroscopy-europe\/\" \/>\r\n<meta property=\"og:site_name\" content=\"UQACtualit\u00e9s\" \/>\r\n<meta property=\"article:published_time\" content=\"2020-03-10T19:59:52+00:00\" \/>\r\n<meta property=\"og:image\" content=\"https:\/\/www.uqac.ca\/uqactualites\/wp-content\/uploads\/2020\/03\/UQACtu_SpectroscopyEurope_10032020-3.jpg\" \/>\r\n\t<meta property=\"og:image:width\" content=\"823\" \/>\r\n\t<meta property=\"og:image:height\" content=\"536\" \/>\r\n\t<meta property=\"og:image:type\" content=\"image\/jpeg\" \/>\r\n<meta name=\"author\" content=\"Service des communications et des relations publiques\" \/>\r\n<meta name=\"twitter:card\" content=\"summary_large_image\" \/>\r\n<meta name=\"twitter:label1\" content=\"\u00c9crit par\" \/>\n\t<meta name=\"twitter:data1\" content=\"Service des communications et des relations publiques\" \/>\n\t<meta name=\"twitter:label2\" content=\"Estimation du temps de lecture\" \/>\n\t<meta name=\"twitter:data2\" content=\"1 minute\" \/>\r\n<script type=\"application\/ld+json\" class=\"yoast-schema-graph\">{\"@context\":\"https:\/\/schema.org\",\"@graph\":[{\"@type\":\"WebPage\",\"@id\":\"https:\/\/www.uqac.ca\/uqactualites\/2020\/03\/10\/des-etudiants-en-geologie-a-la-une-du-periodique-scientifique-spectroscopy-europe\/\",\"url\":\"https:\/\/www.uqac.ca\/uqactualites\/2020\/03\/10\/des-etudiants-en-geologie-a-la-une-du-periodique-scientifique-spectroscopy-europe\/\",\"name\":\"Des \u00e9tudiants en g\u00e9ologie \u00e0 la une du p\u00e9riodique scientifique Spectroscopy Europe - UQACtualit\u00e9s\",\"isPartOf\":{\"@id\":\"https:\/\/www.uqac.ca\/uqactualites\/#website\"},\"primaryImageOfPage\":{\"@id\":\"https:\/\/www.uqac.ca\/uqactualites\/2020\/03\/10\/des-etudiants-en-geologie-a-la-une-du-periodique-scientifique-spectroscopy-europe\/#primaryimage\"},\"image\":{\"@id\":\"https:\/\/www.uqac.ca\/uqactualites\/2020\/03\/10\/des-etudiants-en-geologie-a-la-une-du-periodique-scientifique-spectroscopy-europe\/#primaryimage\"},\"thumbnailUrl\":\"https:\/\/www.uqac.ca\/uqactualites\/wp-content\/uploads\/2020\/03\/UQACtu_SpectroscopyEurope_10032020-3.jpg\",\"datePublished\":\"2020-03-10T19:59:52+00:00\",\"dateModified\":\"2020-03-10T19:59:52+00:00\",\"author\":{\"@id\":\"https:\/\/www.uqac.ca\/uqactualites\/#\/schema\/person\/366c45a0c4f0e677b41b4af5886e2018\"},\"breadcrumb\":{\"@id\":\"https:\/\/www.uqac.ca\/uqactualites\/2020\/03\/10\/des-etudiants-en-geologie-a-la-une-du-periodique-scientifique-spectroscopy-europe\/#breadcrumb\"},\"inLanguage\":\"fr-CA\",\"potentialAction\":[{\"@type\":\"ReadAction\",\"target\":[\"https:\/\/www.uqac.ca\/uqactualites\/2020\/03\/10\/des-etudiants-en-geologie-a-la-une-du-periodique-scientifique-spectroscopy-europe\/\"]}]},{\"@type\":\"ImageObject\",\"inLanguage\":\"fr-CA\",\"@id\":\"https:\/\/www.uqac.ca\/uqactualites\/2020\/03\/10\/des-etudiants-en-geologie-a-la-une-du-periodique-scientifique-spectroscopy-europe\/#primaryimage\",\"url\":\"https:\/\/www.uqac.ca\/uqactualites\/wp-content\/uploads\/2020\/03\/UQACtu_SpectroscopyEurope_10032020-3.jpg\",\"contentUrl\":\"https:\/\/www.uqac.ca\/uqactualites\/wp-content\/uploads\/2020\/03\/UQACtu_SpectroscopyEurope_10032020-3.jpg\",\"width\":823,\"height\":536},{\"@type\":\"BreadcrumbList\",\"@id\":\"https:\/\/www.uqac.ca\/uqactualites\/2020\/03\/10\/des-etudiants-en-geologie-a-la-une-du-periodique-scientifique-spectroscopy-europe\/#breadcrumb\",\"itemListElement\":[{\"@type\":\"ListItem\",\"position\":1,\"name\":\"Home\",\"item\":\"https:\/\/www.uqac.ca\/uqactualites\/\"},{\"@type\":\"ListItem\",\"position\":2,\"name\":\"Des \u00e9tudiants en g\u00e9ologie \u00e0 la une du p\u00e9riodique scientifique Spectroscopy Europe\"}]},{\"@type\":\"WebSite\",\"@id\":\"https:\/\/www.uqac.ca\/uqactualites\/#website\",\"url\":\"https:\/\/www.uqac.ca\/uqactualites\/\",\"name\":\"UQACtualit\u00e9s\",\"description\":\"Le portail des nouvelles de l&#039;UQAC\",\"potentialAction\":[{\"@type\":\"SearchAction\",\"target\":{\"@type\":\"EntryPoint\",\"urlTemplate\":\"https:\/\/www.uqac.ca\/uqactualites\/?s={search_term_string}\"},\"query-input\":{\"@type\":\"PropertyValueSpecification\",\"valueRequired\":true,\"valueName\":\"search_term_string\"}}],\"inLanguage\":\"fr-CA\"},{\"@type\":\"Person\",\"@id\":\"https:\/\/www.uqac.ca\/uqactualites\/#\/schema\/person\/366c45a0c4f0e677b41b4af5886e2018\",\"name\":\"Service des communications et des relations publiques\",\"image\":{\"@type\":\"ImageObject\",\"inLanguage\":\"fr-CA\",\"@id\":\"https:\/\/www.uqac.ca\/uqactualites\/#\/schema\/person\/image\/\",\"url\":\"https:\/\/secure.gravatar.com\/avatar\/20fbbda8a292f59f2d3461a5b999c00b?s=96&d=mm&r=g\",\"contentUrl\":\"https:\/\/secure.gravatar.com\/avatar\/20fbbda8a292f59f2d3461a5b999c00b?s=96&d=mm&r=g\",\"caption\":\"Service des communications et des relations publiques\"},\"url\":\"https:\/\/www.uqac.ca\/uqactualites\/author\/bap\/\"}]}<\/script>\r\n<!-- \/ Yoast SEO plugin. -->","yoast_head_json":{"title":"Des \u00e9tudiants en g\u00e9ologie \u00e0 la une du p\u00e9riodique scientifique Spectroscopy Europe - UQACtualit\u00e9s","robots":{"index":"index","follow":"follow","max-snippet":"max-snippet:-1","max-image-preview":"max-image-preview:large","max-video-preview":"max-video-preview:-1"},"canonical":"https:\/\/www.uqac.ca\/uqactualites\/2020\/03\/10\/des-etudiants-en-geologie-a-la-une-du-periodique-scientifique-spectroscopy-europe\/","og_locale":"fr_CA","og_type":"article","og_title":"Des \u00e9tudiants en g\u00e9ologie \u00e0 la une du p\u00e9riodique scientifique Spectroscopy Europe - UQACtualit\u00e9s","og_description":"Une photographie d\u2019\u00e9tudiants en g\u00e9ologie de l\u2019UQAC a \u00e9t\u00e9 publi\u00e9e en page couverture du plus r\u00e9cent num\u00e9ro du p\u00e9riodique scientifique Spectroscopy Europe. Cette photo est li\u00e9e \u00e0 un article du professeur Paul B\u00e9dard portant sur un exercice pour mieux comprendre les effets des diff\u00e9rentes m\u00e9thodes d\u2019\u00e9chantillonnage en sciences de la Terre. La photographie repr\u00e9sentant les [&hellip;]","og_url":"https:\/\/www.uqac.ca\/uqactualites\/2020\/03\/10\/des-etudiants-en-geologie-a-la-une-du-periodique-scientifique-spectroscopy-europe\/","og_site_name":"UQACtualit\u00e9s","article_published_time":"2020-03-10T19:59:52+00:00","og_image":[{"width":823,"height":536,"url":"https:\/\/www.uqac.ca\/uqactualites\/wp-content\/uploads\/2020\/03\/UQACtu_SpectroscopyEurope_10032020-3.jpg","type":"image\/jpeg"}],"author":"Service des communications et des relations publiques","twitter_card":"summary_large_image","twitter_misc":{"\u00c9crit par":"Service des communications et des relations publiques","Estimation du temps de lecture":"1 minute"},"schema":{"@context":"https:\/\/schema.org","@graph":[{"@type":"WebPage","@id":"https:\/\/www.uqac.ca\/uqactualites\/2020\/03\/10\/des-etudiants-en-geologie-a-la-une-du-periodique-scientifique-spectroscopy-europe\/","url":"https:\/\/www.uqac.ca\/uqactualites\/2020\/03\/10\/des-etudiants-en-geologie-a-la-une-du-periodique-scientifique-spectroscopy-europe\/","name":"Des \u00e9tudiants en g\u00e9ologie \u00e0 la une du p\u00e9riodique scientifique Spectroscopy Europe - UQACtualit\u00e9s","isPartOf":{"@id":"https:\/\/www.uqac.ca\/uqactualites\/#website"},"primaryImageOfPage":{"@id":"https:\/\/www.uqac.ca\/uqactualites\/2020\/03\/10\/des-etudiants-en-geologie-a-la-une-du-periodique-scientifique-spectroscopy-europe\/#primaryimage"},"image":{"@id":"https:\/\/www.uqac.ca\/uqactualites\/2020\/03\/10\/des-etudiants-en-geologie-a-la-une-du-periodique-scientifique-spectroscopy-europe\/#primaryimage"},"thumbnailUrl":"https:\/\/www.uqac.ca\/uqactualites\/wp-content\/uploads\/2020\/03\/UQACtu_SpectroscopyEurope_10032020-3.jpg","datePublished":"2020-03-10T19:59:52+00:00","dateModified":"2020-03-10T19:59:52+00:00","author":{"@id":"https:\/\/www.uqac.ca\/uqactualites\/#\/schema\/person\/366c45a0c4f0e677b41b4af5886e2018"},"breadcrumb":{"@id":"https:\/\/www.uqac.ca\/uqactualites\/2020\/03\/10\/des-etudiants-en-geologie-a-la-une-du-periodique-scientifique-spectroscopy-europe\/#breadcrumb"},"inLanguage":"fr-CA","potentialAction":[{"@type":"ReadAction","target":["https:\/\/www.uqac.ca\/uqactualites\/2020\/03\/10\/des-etudiants-en-geologie-a-la-une-du-periodique-scientifique-spectroscopy-europe\/"]}]},{"@type":"ImageObject","inLanguage":"fr-CA","@id":"https:\/\/www.uqac.ca\/uqactualites\/2020\/03\/10\/des-etudiants-en-geologie-a-la-une-du-periodique-scientifique-spectroscopy-europe\/#primaryimage","url":"https:\/\/www.uqac.ca\/uqactualites\/wp-content\/uploads\/2020\/03\/UQACtu_SpectroscopyEurope_10032020-3.jpg","contentUrl":"https:\/\/www.uqac.ca\/uqactualites\/wp-content\/uploads\/2020\/03\/UQACtu_SpectroscopyEurope_10032020-3.jpg","width":823,"height":536},{"@type":"BreadcrumbList","@id":"https:\/\/www.uqac.ca\/uqactualites\/2020\/03\/10\/des-etudiants-en-geologie-a-la-une-du-periodique-scientifique-spectroscopy-europe\/#breadcrumb","itemListElement":[{"@type":"ListItem","position":1,"name":"Home","item":"https:\/\/www.uqac.ca\/uqactualites\/"},{"@type":"ListItem","position":2,"name":"Des \u00e9tudiants en g\u00e9ologie \u00e0 la une du p\u00e9riodique scientifique Spectroscopy Europe"}]},{"@type":"WebSite","@id":"https:\/\/www.uqac.ca\/uqactualites\/#website","url":"https:\/\/www.uqac.ca\/uqactualites\/","name":"UQACtualit\u00e9s","description":"Le portail des nouvelles de l&#039;UQAC","potentialAction":[{"@type":"SearchAction","target":{"@type":"EntryPoint","urlTemplate":"https:\/\/www.uqac.ca\/uqactualites\/?s={search_term_string}"},"query-input":{"@type":"PropertyValueSpecification","valueRequired":true,"valueName":"search_term_string"}}],"inLanguage":"fr-CA"},{"@type":"Person","@id":"https:\/\/www.uqac.ca\/uqactualites\/#\/schema\/person\/366c45a0c4f0e677b41b4af5886e2018","name":"Service des communications et des relations publiques","image":{"@type":"ImageObject","inLanguage":"fr-CA","@id":"https:\/\/www.uqac.ca\/uqactualites\/#\/schema\/person\/image\/","url":"https:\/\/secure.gravatar.com\/avatar\/20fbbda8a292f59f2d3461a5b999c00b?s=96&d=mm&r=g","contentUrl":"https:\/\/secure.gravatar.com\/avatar\/20fbbda8a292f59f2d3461a5b999c00b?s=96&d=mm&r=g","caption":"Service des communications et des relations publiques"},"url":"https:\/\/www.uqac.ca\/uqactualites\/author\/bap\/"}]}},"_links":{"self":[{"href":"https:\/\/www.uqac.ca\/uqactualites\/wp-json\/wp\/v2\/posts\/37910"}],"collection":[{"href":"https:\/\/www.uqac.ca\/uqactualites\/wp-json\/wp\/v2\/posts"}],"about":[{"href":"https:\/\/www.uqac.ca\/uqactualites\/wp-json\/wp\/v2\/types\/post"}],"author":[{"embeddable":true,"href":"https:\/\/www.uqac.ca\/uqactualites\/wp-json\/wp\/v2\/users\/5"}],"replies":[{"embeddable":true,"href":"https:\/\/www.uqac.ca\/uqactualites\/wp-json\/wp\/v2\/comments?post=37910"}],"version-history":[{"count":0,"href":"https:\/\/www.uqac.ca\/uqactualites\/wp-json\/wp\/v2\/posts\/37910\/revisions"}],"wp:featuredmedia":[{"embeddable":true,"href":"https:\/\/www.uqac.ca\/uqactualites\/wp-json\/wp\/v2\/media\/37915"}],"wp:attachment":[{"href":"https:\/\/www.uqac.ca\/uqactualites\/wp-json\/wp\/v2\/media?parent=37910"}],"wp:term":[{"taxonomy":"category","embeddable":true,"href":"https:\/\/www.uqac.ca\/uqactualites\/wp-json\/wp\/v2\/categories?post=37910"},{"taxonomy":"post_tag","embeddable":true,"href":"https:\/\/www.uqac.ca\/uqactualites\/wp-json\/wp\/v2\/tags?post=37910"}],"curies":[{"name":"wp","href":"https:\/\/api.w.org\/{rel}","templated":true}]}}