{"id":38242,"date":"2020-05-14T15:48:23","date_gmt":"2020-05-14T19:48:23","guid":{"rendered":"https:\/\/www.uqac.ca\/?p=38242"},"modified":"2020-05-14T15:48:23","modified_gmt":"2020-05-14T19:48:23","slug":"la-professeure-myriam-ertz-cosigne-un-article-sur-les-changements-comportementaux-lies-a-la-crise-de-la-covid-19","status":"publish","type":"post","link":"https:\/\/www.uqac.ca\/uqactualites\/2020\/05\/14\/la-professeure-myriam-ertz-cosigne-un-article-sur-les-changements-comportementaux-lies-a-la-crise-de-la-covid-19\/","title":{"rendered":"La professeure Myriam Ertz cosigne un article sur les changements comportementaux li\u00e9s \u00e0 la crise de la COVID-19"},"content":{"rendered":"<p>Myriam Ertz, professeure au D\u00e9partement des sciences \u00e9conomiques et administratives de l&rsquo;UQAC et responsable du\u00a0<a href=\"http:\/\/recherche.uqac.ca\/labonfc\/\">Laboratoire sur les Nouvelles Formes de Consommation (LaboNFC)<\/a>, cosigne avec 15 auteurs\u00a0provenant de 8 universit\u00e9s de France et du Qu\u00e9bec, un article collaboratif unique paru dans l\u2019\u00e9dition fran\u00e7aise de <em><a href=\"https:\/\/theconversation.com\/la-pandemie-va-t-elle-vraiment-changer-nos-habitudes-137947\">The Conversation.<\/a><\/em><\/p>\n<p>L\u2019article, intitul\u00e9\u00a0<a href=\"https:\/\/theconversation.com\/la-pandemie-va-t-elle-vraiment-changer-nos-habitudes-137947\">La pand\u00e9mie va-t-elle changer nos habitudes de consommation?<\/a>, explore notamment les diff\u00e9rents changements comportementaux ayant eu lieu depuis l\u2019\u00e9clatement de la crise de la Covid-19 dont le t\u00e9l\u00e9travail, le survivalisme, la microaventure (ou touristification des lieux du quotidien), l\u2019achat en ligne, l\u2019achat local, ou encore l\u2019enseignement \u00e0 distance, entre autres.<\/p>\n<p>La question fondamentale vise \u00e0 d\u00e9terminer si ces changements peuvent \u00eatre durables. L\u2019article \u00e9labore ainsi sur la notion de changement de valeurs, d\u2019habitudes, circonstanciels et politiques, n\u00e9cessaires pour une transition \u00e9cologique et sociale durable.<\/p>\n<p>&nbsp;<\/p>\n<p><em>Source photo:\u00a0<a href=\"https:\/\/theconversation.com\/la-pandemie-va-t-elle-vraiment-changer-nos-habitudes-137947\">https:\/\/theconversation.com\/la-pandemie-va-t-elle-vraiment-changer-nos-habitudes-137947\u00a0<\/a><\/em><\/p>\n","protected":false},"excerpt":{"rendered":"<p>Myriam Ertz, professeure au D\u00e9partement des sciences \u00e9conomiques et administratives de l&rsquo;UQAC et responsable du\u00a0Laboratoire sur les Nouvelles Formes de Consommation (LaboNFC), cosigne avec 15 auteurs\u00a0provenant de 8 universit\u00e9s de France et du Qu\u00e9bec, un article collaboratif unique paru dans l\u2019\u00e9dition fran\u00e7aise de The Conversation. L\u2019article, intitul\u00e9\u00a0La pand\u00e9mie va-t-elle changer nos habitudes de consommation?, explore [&hellip;]<\/p>\n","protected":false},"author":5,"featured_media":38244,"comment_status":"closed","ping_status":"open","sticky":false,"template":"","format":"standard","meta":{"footnotes":""},"categories":[2],"tags":[8],"yoast_head":"<!-- This site is optimized with the Yoast SEO plugin v24.2 - https:\/\/yoast.com\/wordpress\/plugins\/seo\/ -->\r\n<title>La professeure Myriam Ertz cosigne un article sur les changements comportementaux li\u00e9s \u00e0 la crise de la COVID-19 - UQACtualit\u00e9s<\/title>\r\n<meta name=\"robots\" content=\"index, follow, max-snippet:-1, max-image-preview:large, max-video-preview:-1\" \/>\r\n<link rel=\"canonical\" href=\"https:\/\/www.uqac.ca\/uqactualites\/2020\/05\/14\/la-professeure-myriam-ertz-cosigne-un-article-sur-les-changements-comportementaux-lies-a-la-crise-de-la-covid-19\/\" \/>\r\n<meta property=\"og:locale\" content=\"fr_CA\" \/>\r\n<meta property=\"og:type\" content=\"article\" \/>\r\n<meta property=\"og:title\" content=\"La professeure Myriam Ertz cosigne un article sur les changements comportementaux li\u00e9s \u00e0 la crise de la COVID-19 - UQACtualit\u00e9s\" \/>\r\n<meta property=\"og:description\" content=\"Myriam Ertz, professeure au D\u00e9partement des sciences \u00e9conomiques et administratives de l&rsquo;UQAC et responsable du\u00a0Laboratoire sur les Nouvelles Formes de Consommation (LaboNFC), cosigne avec 15 auteurs\u00a0provenant de 8 universit\u00e9s de France et du Qu\u00e9bec, un article collaboratif unique paru dans l\u2019\u00e9dition fran\u00e7aise de The Conversation. L\u2019article, intitul\u00e9\u00a0La pand\u00e9mie va-t-elle changer nos habitudes de consommation?, explore [&hellip;]\" \/>\r\n<meta property=\"og:url\" content=\"https:\/\/www.uqac.ca\/uqactualites\/2020\/05\/14\/la-professeure-myriam-ertz-cosigne-un-article-sur-les-changements-comportementaux-lies-a-la-crise-de-la-covid-19\/\" \/>\r\n<meta property=\"og:site_name\" content=\"UQACtualit\u00e9s\" \/>\r\n<meta property=\"article:published_time\" content=\"2020-05-14T19:48:23+00:00\" \/>\r\n<meta property=\"og:image\" content=\"https:\/\/www.uqac.ca\/uqactualites\/wp-content\/uploads\/2020\/05\/UQACtu_MyriamErtz_15052020.jpg\" \/>\r\n\t<meta property=\"og:image:width\" content=\"926\" \/>\r\n\t<meta property=\"og:image:height\" content=\"492\" \/>\r\n\t<meta property=\"og:image:type\" content=\"image\/jpeg\" \/>\r\n<meta name=\"author\" content=\"Service des communications et des relations publiques\" \/>\r\n<meta name=\"twitter:card\" content=\"summary_large_image\" \/>\r\n<meta name=\"twitter:label1\" content=\"\u00c9crit par\" \/>\n\t<meta name=\"twitter:data1\" content=\"Service des communications et des relations publiques\" \/>\n\t<meta name=\"twitter:label2\" content=\"Estimation du temps de lecture\" \/>\n\t<meta name=\"twitter:data2\" content=\"1 minute\" \/>\r\n<script type=\"application\/ld+json\" class=\"yoast-schema-graph\">{\"@context\":\"https:\/\/schema.org\",\"@graph\":[{\"@type\":\"WebPage\",\"@id\":\"https:\/\/www.uqac.ca\/uqactualites\/2020\/05\/14\/la-professeure-myriam-ertz-cosigne-un-article-sur-les-changements-comportementaux-lies-a-la-crise-de-la-covid-19\/\",\"url\":\"https:\/\/www.uqac.ca\/uqactualites\/2020\/05\/14\/la-professeure-myriam-ertz-cosigne-un-article-sur-les-changements-comportementaux-lies-a-la-crise-de-la-covid-19\/\",\"name\":\"La professeure Myriam Ertz cosigne un article sur les changements comportementaux li\u00e9s \u00e0 la crise de la COVID-19 - UQACtualit\u00e9s\",\"isPartOf\":{\"@id\":\"https:\/\/www.uqac.ca\/uqactualites\/#website\"},\"primaryImageOfPage\":{\"@id\":\"https:\/\/www.uqac.ca\/uqactualites\/2020\/05\/14\/la-professeure-myriam-ertz-cosigne-un-article-sur-les-changements-comportementaux-lies-a-la-crise-de-la-covid-19\/#primaryimage\"},\"image\":{\"@id\":\"https:\/\/www.uqac.ca\/uqactualites\/2020\/05\/14\/la-professeure-myriam-ertz-cosigne-un-article-sur-les-changements-comportementaux-lies-a-la-crise-de-la-covid-19\/#primaryimage\"},\"thumbnailUrl\":\"https:\/\/www.uqac.ca\/uqactualites\/wp-content\/uploads\/2020\/05\/UQACtu_MyriamErtz_15052020.jpg\",\"datePublished\":\"2020-05-14T19:48:23+00:00\",\"dateModified\":\"2020-05-14T19:48:23+00:00\",\"author\":{\"@id\":\"https:\/\/www.uqac.ca\/uqactualites\/#\/schema\/person\/366c45a0c4f0e677b41b4af5886e2018\"},\"breadcrumb\":{\"@id\":\"https:\/\/www.uqac.ca\/uqactualites\/2020\/05\/14\/la-professeure-myriam-ertz-cosigne-un-article-sur-les-changements-comportementaux-lies-a-la-crise-de-la-covid-19\/#breadcrumb\"},\"inLanguage\":\"fr-CA\",\"potentialAction\":[{\"@type\":\"ReadAction\",\"target\":[\"https:\/\/www.uqac.ca\/uqactualites\/2020\/05\/14\/la-professeure-myriam-ertz-cosigne-un-article-sur-les-changements-comportementaux-lies-a-la-crise-de-la-covid-19\/\"]}]},{\"@type\":\"ImageObject\",\"inLanguage\":\"fr-CA\",\"@id\":\"https:\/\/www.uqac.ca\/uqactualites\/2020\/05\/14\/la-professeure-myriam-ertz-cosigne-un-article-sur-les-changements-comportementaux-lies-a-la-crise-de-la-covid-19\/#primaryimage\",\"url\":\"https:\/\/www.uqac.ca\/uqactualites\/wp-content\/uploads\/2020\/05\/UQACtu_MyriamErtz_15052020.jpg\",\"contentUrl\":\"https:\/\/www.uqac.ca\/uqactualites\/wp-content\/uploads\/2020\/05\/UQACtu_MyriamErtz_15052020.jpg\",\"width\":926,\"height\":492},{\"@type\":\"BreadcrumbList\",\"@id\":\"https:\/\/www.uqac.ca\/uqactualites\/2020\/05\/14\/la-professeure-myriam-ertz-cosigne-un-article-sur-les-changements-comportementaux-lies-a-la-crise-de-la-covid-19\/#breadcrumb\",\"itemListElement\":[{\"@type\":\"ListItem\",\"position\":1,\"name\":\"Home\",\"item\":\"https:\/\/www.uqac.ca\/uqactualites\/\"},{\"@type\":\"ListItem\",\"position\":2,\"name\":\"La professeure Myriam Ertz cosigne un article sur les changements comportementaux li\u00e9s \u00e0 la crise de la COVID-19\"}]},{\"@type\":\"WebSite\",\"@id\":\"https:\/\/www.uqac.ca\/uqactualites\/#website\",\"url\":\"https:\/\/www.uqac.ca\/uqactualites\/\",\"name\":\"UQACtualit\u00e9s\",\"description\":\"Le portail des nouvelles de l&#039;UQAC\",\"potentialAction\":[{\"@type\":\"SearchAction\",\"target\":{\"@type\":\"EntryPoint\",\"urlTemplate\":\"https:\/\/www.uqac.ca\/uqactualites\/?s={search_term_string}\"},\"query-input\":{\"@type\":\"PropertyValueSpecification\",\"valueRequired\":true,\"valueName\":\"search_term_string\"}}],\"inLanguage\":\"fr-CA\"},{\"@type\":\"Person\",\"@id\":\"https:\/\/www.uqac.ca\/uqactualites\/#\/schema\/person\/366c45a0c4f0e677b41b4af5886e2018\",\"name\":\"Service des communications et des relations publiques\",\"image\":{\"@type\":\"ImageObject\",\"inLanguage\":\"fr-CA\",\"@id\":\"https:\/\/www.uqac.ca\/uqactualites\/#\/schema\/person\/image\/\",\"url\":\"https:\/\/secure.gravatar.com\/avatar\/20fbbda8a292f59f2d3461a5b999c00b?s=96&d=mm&r=g\",\"contentUrl\":\"https:\/\/secure.gravatar.com\/avatar\/20fbbda8a292f59f2d3461a5b999c00b?s=96&d=mm&r=g\",\"caption\":\"Service des communications et des relations publiques\"},\"url\":\"https:\/\/www.uqac.ca\/uqactualites\/author\/bap\/\"}]}<\/script>\r\n<!-- \/ Yoast SEO plugin. -->","yoast_head_json":{"title":"La professeure Myriam Ertz cosigne un article sur les changements comportementaux li\u00e9s \u00e0 la crise de la COVID-19 - UQACtualit\u00e9s","robots":{"index":"index","follow":"follow","max-snippet":"max-snippet:-1","max-image-preview":"max-image-preview:large","max-video-preview":"max-video-preview:-1"},"canonical":"https:\/\/www.uqac.ca\/uqactualites\/2020\/05\/14\/la-professeure-myriam-ertz-cosigne-un-article-sur-les-changements-comportementaux-lies-a-la-crise-de-la-covid-19\/","og_locale":"fr_CA","og_type":"article","og_title":"La professeure Myriam Ertz cosigne un article sur les changements comportementaux li\u00e9s \u00e0 la crise de la COVID-19 - UQACtualit\u00e9s","og_description":"Myriam Ertz, professeure au D\u00e9partement des sciences \u00e9conomiques et administratives de l&rsquo;UQAC et responsable du\u00a0Laboratoire sur les Nouvelles Formes de Consommation (LaboNFC), cosigne avec 15 auteurs\u00a0provenant de 8 universit\u00e9s de France et du Qu\u00e9bec, un article collaboratif unique paru dans l\u2019\u00e9dition fran\u00e7aise de The Conversation. L\u2019article, intitul\u00e9\u00a0La pand\u00e9mie va-t-elle changer nos habitudes de consommation?, explore [&hellip;]","og_url":"https:\/\/www.uqac.ca\/uqactualites\/2020\/05\/14\/la-professeure-myriam-ertz-cosigne-un-article-sur-les-changements-comportementaux-lies-a-la-crise-de-la-covid-19\/","og_site_name":"UQACtualit\u00e9s","article_published_time":"2020-05-14T19:48:23+00:00","og_image":[{"width":926,"height":492,"url":"https:\/\/www.uqac.ca\/uqactualites\/wp-content\/uploads\/2020\/05\/UQACtu_MyriamErtz_15052020.jpg","type":"image\/jpeg"}],"author":"Service des communications et des relations publiques","twitter_card":"summary_large_image","twitter_misc":{"\u00c9crit par":"Service des communications et des relations publiques","Estimation du temps de lecture":"1 minute"},"schema":{"@context":"https:\/\/schema.org","@graph":[{"@type":"WebPage","@id":"https:\/\/www.uqac.ca\/uqactualites\/2020\/05\/14\/la-professeure-myriam-ertz-cosigne-un-article-sur-les-changements-comportementaux-lies-a-la-crise-de-la-covid-19\/","url":"https:\/\/www.uqac.ca\/uqactualites\/2020\/05\/14\/la-professeure-myriam-ertz-cosigne-un-article-sur-les-changements-comportementaux-lies-a-la-crise-de-la-covid-19\/","name":"La professeure Myriam Ertz cosigne un article sur les changements comportementaux li\u00e9s \u00e0 la crise de la COVID-19 - UQACtualit\u00e9s","isPartOf":{"@id":"https:\/\/www.uqac.ca\/uqactualites\/#website"},"primaryImageOfPage":{"@id":"https:\/\/www.uqac.ca\/uqactualites\/2020\/05\/14\/la-professeure-myriam-ertz-cosigne-un-article-sur-les-changements-comportementaux-lies-a-la-crise-de-la-covid-19\/#primaryimage"},"image":{"@id":"https:\/\/www.uqac.ca\/uqactualites\/2020\/05\/14\/la-professeure-myriam-ertz-cosigne-un-article-sur-les-changements-comportementaux-lies-a-la-crise-de-la-covid-19\/#primaryimage"},"thumbnailUrl":"https:\/\/www.uqac.ca\/uqactualites\/wp-content\/uploads\/2020\/05\/UQACtu_MyriamErtz_15052020.jpg","datePublished":"2020-05-14T19:48:23+00:00","dateModified":"2020-05-14T19:48:23+00:00","author":{"@id":"https:\/\/www.uqac.ca\/uqactualites\/#\/schema\/person\/366c45a0c4f0e677b41b4af5886e2018"},"breadcrumb":{"@id":"https:\/\/www.uqac.ca\/uqactualites\/2020\/05\/14\/la-professeure-myriam-ertz-cosigne-un-article-sur-les-changements-comportementaux-lies-a-la-crise-de-la-covid-19\/#breadcrumb"},"inLanguage":"fr-CA","potentialAction":[{"@type":"ReadAction","target":["https:\/\/www.uqac.ca\/uqactualites\/2020\/05\/14\/la-professeure-myriam-ertz-cosigne-un-article-sur-les-changements-comportementaux-lies-a-la-crise-de-la-covid-19\/"]}]},{"@type":"ImageObject","inLanguage":"fr-CA","@id":"https:\/\/www.uqac.ca\/uqactualites\/2020\/05\/14\/la-professeure-myriam-ertz-cosigne-un-article-sur-les-changements-comportementaux-lies-a-la-crise-de-la-covid-19\/#primaryimage","url":"https:\/\/www.uqac.ca\/uqactualites\/wp-content\/uploads\/2020\/05\/UQACtu_MyriamErtz_15052020.jpg","contentUrl":"https:\/\/www.uqac.ca\/uqactualites\/wp-content\/uploads\/2020\/05\/UQACtu_MyriamErtz_15052020.jpg","width":926,"height":492},{"@type":"BreadcrumbList","@id":"https:\/\/www.uqac.ca\/uqactualites\/2020\/05\/14\/la-professeure-myriam-ertz-cosigne-un-article-sur-les-changements-comportementaux-lies-a-la-crise-de-la-covid-19\/#breadcrumb","itemListElement":[{"@type":"ListItem","position":1,"name":"Home","item":"https:\/\/www.uqac.ca\/uqactualites\/"},{"@type":"ListItem","position":2,"name":"La professeure Myriam Ertz cosigne un article sur les changements comportementaux li\u00e9s \u00e0 la crise de la COVID-19"}]},{"@type":"WebSite","@id":"https:\/\/www.uqac.ca\/uqactualites\/#website","url":"https:\/\/www.uqac.ca\/uqactualites\/","name":"UQACtualit\u00e9s","description":"Le portail des nouvelles de l&#039;UQAC","potentialAction":[{"@type":"SearchAction","target":{"@type":"EntryPoint","urlTemplate":"https:\/\/www.uqac.ca\/uqactualites\/?s={search_term_string}"},"query-input":{"@type":"PropertyValueSpecification","valueRequired":true,"valueName":"search_term_string"}}],"inLanguage":"fr-CA"},{"@type":"Person","@id":"https:\/\/www.uqac.ca\/uqactualites\/#\/schema\/person\/366c45a0c4f0e677b41b4af5886e2018","name":"Service des communications et des relations publiques","image":{"@type":"ImageObject","inLanguage":"fr-CA","@id":"https:\/\/www.uqac.ca\/uqactualites\/#\/schema\/person\/image\/","url":"https:\/\/secure.gravatar.com\/avatar\/20fbbda8a292f59f2d3461a5b999c00b?s=96&d=mm&r=g","contentUrl":"https:\/\/secure.gravatar.com\/avatar\/20fbbda8a292f59f2d3461a5b999c00b?s=96&d=mm&r=g","caption":"Service des communications et des relations publiques"},"url":"https:\/\/www.uqac.ca\/uqactualites\/author\/bap\/"}]}},"_links":{"self":[{"href":"https:\/\/www.uqac.ca\/uqactualites\/wp-json\/wp\/v2\/posts\/38242"}],"collection":[{"href":"https:\/\/www.uqac.ca\/uqactualites\/wp-json\/wp\/v2\/posts"}],"about":[{"href":"https:\/\/www.uqac.ca\/uqactualites\/wp-json\/wp\/v2\/types\/post"}],"author":[{"embeddable":true,"href":"https:\/\/www.uqac.ca\/uqactualites\/wp-json\/wp\/v2\/users\/5"}],"replies":[{"embeddable":true,"href":"https:\/\/www.uqac.ca\/uqactualites\/wp-json\/wp\/v2\/comments?post=38242"}],"version-history":[{"count":0,"href":"https:\/\/www.uqac.ca\/uqactualites\/wp-json\/wp\/v2\/posts\/38242\/revisions"}],"wp:featuredmedia":[{"embeddable":true,"href":"https:\/\/www.uqac.ca\/uqactualites\/wp-json\/wp\/v2\/media\/38244"}],"wp:attachment":[{"href":"https:\/\/www.uqac.ca\/uqactualites\/wp-json\/wp\/v2\/media?parent=38242"}],"wp:term":[{"taxonomy":"category","embeddable":true,"href":"https:\/\/www.uqac.ca\/uqactualites\/wp-json\/wp\/v2\/categories?post=38242"},{"taxonomy":"post_tag","embeddable":true,"href":"https:\/\/www.uqac.ca\/uqactualites\/wp-json\/wp\/v2\/tags?post=38242"}],"curies":[{"name":"wp","href":"https:\/\/api.w.org\/{rel}","templated":true}]}}