{"id":38523,"date":"2020-07-04T12:00:57","date_gmt":"2020-07-04T16:00:57","guid":{"rendered":"https:\/\/www.uqac.ca\/?p=38523"},"modified":"2020-07-04T12:00:57","modified_gmt":"2020-07-04T16:00:57","slug":"plus-de-500-000-pour-un-projet-de-developpement-pedagogique-pilote-par-trois-professeures-de-luqac","status":"publish","type":"post","link":"https:\/\/www.uqac.ca\/uqactualites\/2020\/07\/04\/plus-de-500-000-pour-un-projet-de-developpement-pedagogique-pilote-par-trois-professeures-de-luqac\/","title":{"rendered":"Plus de 500\u00a0000\u00a0$ pour un projet de d\u00e9veloppement p\u00e9dagogique pilot\u00e9 par trois professeures de l&rsquo;UQAC"},"content":{"rendered":"<p>Trois professeures du D\u00e9partement des sciences de l\u2019\u00e9ducation, Nadia Cody et Sandra Coulombe ainsi que Manon Doucet, doyenne des \u00e9tudes, ont re\u00e7u un important financement d\u2019une valeur de 573\u00a0845 $ pour mettre sur pied le projet de d\u00e9veloppement p\u00e9dagogique TrEnsForma (TRansition pour les ENSeignants et les enseignantes en FORMAtion).<\/p>\n<p>Prenant la forme d\u2019une plateforme Web, le projet a pour objectif d\u2019accompagner les \u00e9tudiants en formation \u00e0 l\u2019enseignement ou en situation de suppl\u00e9ance ou de d\u00e9pannage occasionnel dans les \u00e9coles et en situation d\u2019insertion professionnelle pendant la formation. Par le biais de strat\u00e9gies collaboratives universit\u00e9-milieu reconnues par la recherche en \u00e9ducation, le projet vise des activit\u00e9s de mentorat, d\u2019autoformation avec une biblioth\u00e8que virtuelle, de coformation, en plus de formations cr\u00e9dit\u00e9es et non cr\u00e9dit\u00e9es.<\/p>\n<p>Le projet sera d\u00e9velopp\u00e9 en collaboration avec l\u2019UQO, l\u2019UQAT, l\u2019UQTR, l\u2019UQAR et l\u2019Universit\u00e9 de Sherbrooke.<\/p>\n<p>La subvention \u00e9tal\u00e9e sur deux ans a \u00e9t\u00e9 accord\u00e9e \u00e0 l\u2019\u00e9quipe de chercheuses dans le cadre des projets in\u00e9dits en sciences de l\u2019\u00e9ducation du minist\u00e8re de l\u2019\u00c9ducation et de l\u2019Enseignement sup\u00e9rieur.<\/p>\n<p>&nbsp;<\/p>\n<p><strong>SUR LA PHOTO<\/strong><br \/>\nLes professeures Nadia Cody et Sandra Coulombe ainsi que Manon Doucet, doyenne des \u00e9tudes, accompagn\u00e9es de Ugo Collard-Fortin, charg\u00e9 de cours, qui est aussi impliqu\u00e9 dans le projet<\/p>\n","protected":false},"excerpt":{"rendered":"<p>Trois professeures du D\u00e9partement des sciences de l\u2019\u00e9ducation, Nadia Cody et Sandra Coulombe ainsi que Manon Doucet, doyenne des \u00e9tudes, ont re\u00e7u un important financement d\u2019une valeur de 573\u00a0845 $ pour mettre sur pied le projet de d\u00e9veloppement p\u00e9dagogique TrEnsForma (TRansition pour les ENSeignants et les enseignantes en FORMAtion). Prenant la forme d\u2019une plateforme Web, [&hellip;]<\/p>\n","protected":false},"author":5,"featured_media":38524,"comment_status":"closed","ping_status":"open","sticky":false,"template":"","format":"standard","meta":{"footnotes":""},"categories":[2],"tags":[5],"yoast_head":"<!-- This site is optimized with the Yoast SEO plugin v24.2 - https:\/\/yoast.com\/wordpress\/plugins\/seo\/ -->\r\n<title>Plus de 500\u00a0000\u00a0$ pour un projet de d\u00e9veloppement p\u00e9dagogique pilot\u00e9 par trois professeures de l&#039;UQAC - UQACtualit\u00e9s<\/title>\r\n<meta name=\"robots\" content=\"index, follow, max-snippet:-1, max-image-preview:large, max-video-preview:-1\" \/>\r\n<link rel=\"canonical\" href=\"https:\/\/www.uqac.ca\/uqactualites\/2020\/07\/04\/plus-de-500-000-pour-un-projet-de-developpement-pedagogique-pilote-par-trois-professeures-de-luqac\/\" \/>\r\n<meta property=\"og:locale\" content=\"fr_CA\" \/>\r\n<meta property=\"og:type\" content=\"article\" \/>\r\n<meta property=\"og:title\" content=\"Plus de 500\u00a0000\u00a0$ pour un projet de d\u00e9veloppement p\u00e9dagogique pilot\u00e9 par trois professeures de l&#039;UQAC - UQACtualit\u00e9s\" \/>\r\n<meta property=\"og:description\" content=\"Trois professeures du D\u00e9partement des sciences de l\u2019\u00e9ducation, Nadia Cody et Sandra Coulombe ainsi que Manon Doucet, doyenne des \u00e9tudes, ont re\u00e7u un important financement d\u2019une valeur de 573\u00a0845 $ pour mettre sur pied le projet de d\u00e9veloppement p\u00e9dagogique TrEnsForma (TRansition pour les ENSeignants et les enseignantes en FORMAtion). Prenant la forme d\u2019une plateforme Web, [&hellip;]\" \/>\r\n<meta property=\"og:url\" content=\"https:\/\/www.uqac.ca\/uqactualites\/2020\/07\/04\/plus-de-500-000-pour-un-projet-de-developpement-pedagogique-pilote-par-trois-professeures-de-luqac\/\" \/>\r\n<meta property=\"og:site_name\" content=\"UQACtualit\u00e9s\" \/>\r\n<meta property=\"article:published_time\" content=\"2020-07-04T16:00:57+00:00\" \/>\r\n<meta property=\"og:image\" content=\"https:\/\/www.uqac.ca\/uqactualites\/wp-content\/uploads\/2020\/07\/TrEnsForma-scaled.jpg\" \/>\r\n\t<meta property=\"og:image:width\" content=\"2560\" \/>\r\n\t<meta property=\"og:image:height\" content=\"1786\" \/>\r\n\t<meta property=\"og:image:type\" content=\"image\/jpeg\" \/>\r\n<meta name=\"author\" content=\"Service des communications et des relations publiques\" \/>\r\n<meta name=\"twitter:card\" content=\"summary_large_image\" \/>\r\n<meta name=\"twitter:label1\" content=\"\u00c9crit par\" \/>\n\t<meta name=\"twitter:data1\" content=\"Service des communications et des relations publiques\" \/>\n\t<meta name=\"twitter:label2\" content=\"Estimation du temps de lecture\" \/>\n\t<meta name=\"twitter:data2\" content=\"1 minute\" \/>\r\n<script type=\"application\/ld+json\" class=\"yoast-schema-graph\">{\"@context\":\"https:\/\/schema.org\",\"@graph\":[{\"@type\":\"WebPage\",\"@id\":\"https:\/\/www.uqac.ca\/uqactualites\/2020\/07\/04\/plus-de-500-000-pour-un-projet-de-developpement-pedagogique-pilote-par-trois-professeures-de-luqac\/\",\"url\":\"https:\/\/www.uqac.ca\/uqactualites\/2020\/07\/04\/plus-de-500-000-pour-un-projet-de-developpement-pedagogique-pilote-par-trois-professeures-de-luqac\/\",\"name\":\"Plus de 500\u00a0000\u00a0$ pour un projet de d\u00e9veloppement p\u00e9dagogique pilot\u00e9 par trois professeures de l'UQAC - UQACtualit\u00e9s\",\"isPartOf\":{\"@id\":\"https:\/\/www.uqac.ca\/uqactualites\/#website\"},\"primaryImageOfPage\":{\"@id\":\"https:\/\/www.uqac.ca\/uqactualites\/2020\/07\/04\/plus-de-500-000-pour-un-projet-de-developpement-pedagogique-pilote-par-trois-professeures-de-luqac\/#primaryimage\"},\"image\":{\"@id\":\"https:\/\/www.uqac.ca\/uqactualites\/2020\/07\/04\/plus-de-500-000-pour-un-projet-de-developpement-pedagogique-pilote-par-trois-professeures-de-luqac\/#primaryimage\"},\"thumbnailUrl\":\"https:\/\/www.uqac.ca\/uqactualites\/wp-content\/uploads\/2020\/07\/TrEnsForma-scaled.jpg\",\"datePublished\":\"2020-07-04T16:00:57+00:00\",\"dateModified\":\"2020-07-04T16:00:57+00:00\",\"author\":{\"@id\":\"https:\/\/www.uqac.ca\/uqactualites\/#\/schema\/person\/366c45a0c4f0e677b41b4af5886e2018\"},\"breadcrumb\":{\"@id\":\"https:\/\/www.uqac.ca\/uqactualites\/2020\/07\/04\/plus-de-500-000-pour-un-projet-de-developpement-pedagogique-pilote-par-trois-professeures-de-luqac\/#breadcrumb\"},\"inLanguage\":\"fr-CA\",\"potentialAction\":[{\"@type\":\"ReadAction\",\"target\":[\"https:\/\/www.uqac.ca\/uqactualites\/2020\/07\/04\/plus-de-500-000-pour-un-projet-de-developpement-pedagogique-pilote-par-trois-professeures-de-luqac\/\"]}]},{\"@type\":\"ImageObject\",\"inLanguage\":\"fr-CA\",\"@id\":\"https:\/\/www.uqac.ca\/uqactualites\/2020\/07\/04\/plus-de-500-000-pour-un-projet-de-developpement-pedagogique-pilote-par-trois-professeures-de-luqac\/#primaryimage\",\"url\":\"https:\/\/www.uqac.ca\/uqactualites\/wp-content\/uploads\/2020\/07\/TrEnsForma-scaled.jpg\",\"contentUrl\":\"https:\/\/www.uqac.ca\/uqactualites\/wp-content\/uploads\/2020\/07\/TrEnsForma-scaled.jpg\",\"width\":2560,\"height\":1786},{\"@type\":\"BreadcrumbList\",\"@id\":\"https:\/\/www.uqac.ca\/uqactualites\/2020\/07\/04\/plus-de-500-000-pour-un-projet-de-developpement-pedagogique-pilote-par-trois-professeures-de-luqac\/#breadcrumb\",\"itemListElement\":[{\"@type\":\"ListItem\",\"position\":1,\"name\":\"Home\",\"item\":\"https:\/\/www.uqac.ca\/uqactualites\/\"},{\"@type\":\"ListItem\",\"position\":2,\"name\":\"Plus de 500\u00a0000\u00a0$ pour un projet de d\u00e9veloppement p\u00e9dagogique pilot\u00e9 par trois professeures de l&rsquo;UQAC\"}]},{\"@type\":\"WebSite\",\"@id\":\"https:\/\/www.uqac.ca\/uqactualites\/#website\",\"url\":\"https:\/\/www.uqac.ca\/uqactualites\/\",\"name\":\"UQACtualit\u00e9s\",\"description\":\"Le portail des nouvelles de l&#039;UQAC\",\"potentialAction\":[{\"@type\":\"SearchAction\",\"target\":{\"@type\":\"EntryPoint\",\"urlTemplate\":\"https:\/\/www.uqac.ca\/uqactualites\/?s={search_term_string}\"},\"query-input\":{\"@type\":\"PropertyValueSpecification\",\"valueRequired\":true,\"valueName\":\"search_term_string\"}}],\"inLanguage\":\"fr-CA\"},{\"@type\":\"Person\",\"@id\":\"https:\/\/www.uqac.ca\/uqactualites\/#\/schema\/person\/366c45a0c4f0e677b41b4af5886e2018\",\"name\":\"Service des communications et des relations publiques\",\"image\":{\"@type\":\"ImageObject\",\"inLanguage\":\"fr-CA\",\"@id\":\"https:\/\/www.uqac.ca\/uqactualites\/#\/schema\/person\/image\/\",\"url\":\"https:\/\/secure.gravatar.com\/avatar\/20fbbda8a292f59f2d3461a5b999c00b?s=96&d=mm&r=g\",\"contentUrl\":\"https:\/\/secure.gravatar.com\/avatar\/20fbbda8a292f59f2d3461a5b999c00b?s=96&d=mm&r=g\",\"caption\":\"Service des communications et des relations publiques\"},\"url\":\"https:\/\/www.uqac.ca\/uqactualites\/author\/bap\/\"}]}<\/script>\r\n<!-- \/ Yoast SEO plugin. -->","yoast_head_json":{"title":"Plus de 500\u00a0000\u00a0$ pour un projet de d\u00e9veloppement p\u00e9dagogique pilot\u00e9 par trois professeures de l'UQAC - UQACtualit\u00e9s","robots":{"index":"index","follow":"follow","max-snippet":"max-snippet:-1","max-image-preview":"max-image-preview:large","max-video-preview":"max-video-preview:-1"},"canonical":"https:\/\/www.uqac.ca\/uqactualites\/2020\/07\/04\/plus-de-500-000-pour-un-projet-de-developpement-pedagogique-pilote-par-trois-professeures-de-luqac\/","og_locale":"fr_CA","og_type":"article","og_title":"Plus de 500\u00a0000\u00a0$ pour un projet de d\u00e9veloppement p\u00e9dagogique pilot\u00e9 par trois professeures de l'UQAC - UQACtualit\u00e9s","og_description":"Trois professeures du D\u00e9partement des sciences de l\u2019\u00e9ducation, Nadia Cody et Sandra Coulombe ainsi que Manon Doucet, doyenne des \u00e9tudes, ont re\u00e7u un important financement d\u2019une valeur de 573\u00a0845 $ pour mettre sur pied le projet de d\u00e9veloppement p\u00e9dagogique TrEnsForma (TRansition pour les ENSeignants et les enseignantes en FORMAtion). Prenant la forme d\u2019une plateforme Web, [&hellip;]","og_url":"https:\/\/www.uqac.ca\/uqactualites\/2020\/07\/04\/plus-de-500-000-pour-un-projet-de-developpement-pedagogique-pilote-par-trois-professeures-de-luqac\/","og_site_name":"UQACtualit\u00e9s","article_published_time":"2020-07-04T16:00:57+00:00","og_image":[{"width":2560,"height":1786,"url":"https:\/\/www.uqac.ca\/uqactualites\/wp-content\/uploads\/2020\/07\/TrEnsForma-scaled.jpg","type":"image\/jpeg"}],"author":"Service des communications et des relations publiques","twitter_card":"summary_large_image","twitter_misc":{"\u00c9crit par":"Service des communications et des relations publiques","Estimation du temps de lecture":"1 minute"},"schema":{"@context":"https:\/\/schema.org","@graph":[{"@type":"WebPage","@id":"https:\/\/www.uqac.ca\/uqactualites\/2020\/07\/04\/plus-de-500-000-pour-un-projet-de-developpement-pedagogique-pilote-par-trois-professeures-de-luqac\/","url":"https:\/\/www.uqac.ca\/uqactualites\/2020\/07\/04\/plus-de-500-000-pour-un-projet-de-developpement-pedagogique-pilote-par-trois-professeures-de-luqac\/","name":"Plus de 500\u00a0000\u00a0$ pour un projet de d\u00e9veloppement p\u00e9dagogique pilot\u00e9 par trois professeures de l'UQAC - UQACtualit\u00e9s","isPartOf":{"@id":"https:\/\/www.uqac.ca\/uqactualites\/#website"},"primaryImageOfPage":{"@id":"https:\/\/www.uqac.ca\/uqactualites\/2020\/07\/04\/plus-de-500-000-pour-un-projet-de-developpement-pedagogique-pilote-par-trois-professeures-de-luqac\/#primaryimage"},"image":{"@id":"https:\/\/www.uqac.ca\/uqactualites\/2020\/07\/04\/plus-de-500-000-pour-un-projet-de-developpement-pedagogique-pilote-par-trois-professeures-de-luqac\/#primaryimage"},"thumbnailUrl":"https:\/\/www.uqac.ca\/uqactualites\/wp-content\/uploads\/2020\/07\/TrEnsForma-scaled.jpg","datePublished":"2020-07-04T16:00:57+00:00","dateModified":"2020-07-04T16:00:57+00:00","author":{"@id":"https:\/\/www.uqac.ca\/uqactualites\/#\/schema\/person\/366c45a0c4f0e677b41b4af5886e2018"},"breadcrumb":{"@id":"https:\/\/www.uqac.ca\/uqactualites\/2020\/07\/04\/plus-de-500-000-pour-un-projet-de-developpement-pedagogique-pilote-par-trois-professeures-de-luqac\/#breadcrumb"},"inLanguage":"fr-CA","potentialAction":[{"@type":"ReadAction","target":["https:\/\/www.uqac.ca\/uqactualites\/2020\/07\/04\/plus-de-500-000-pour-un-projet-de-developpement-pedagogique-pilote-par-trois-professeures-de-luqac\/"]}]},{"@type":"ImageObject","inLanguage":"fr-CA","@id":"https:\/\/www.uqac.ca\/uqactualites\/2020\/07\/04\/plus-de-500-000-pour-un-projet-de-developpement-pedagogique-pilote-par-trois-professeures-de-luqac\/#primaryimage","url":"https:\/\/www.uqac.ca\/uqactualites\/wp-content\/uploads\/2020\/07\/TrEnsForma-scaled.jpg","contentUrl":"https:\/\/www.uqac.ca\/uqactualites\/wp-content\/uploads\/2020\/07\/TrEnsForma-scaled.jpg","width":2560,"height":1786},{"@type":"BreadcrumbList","@id":"https:\/\/www.uqac.ca\/uqactualites\/2020\/07\/04\/plus-de-500-000-pour-un-projet-de-developpement-pedagogique-pilote-par-trois-professeures-de-luqac\/#breadcrumb","itemListElement":[{"@type":"ListItem","position":1,"name":"Home","item":"https:\/\/www.uqac.ca\/uqactualites\/"},{"@type":"ListItem","position":2,"name":"Plus de 500\u00a0000\u00a0$ pour un projet de d\u00e9veloppement p\u00e9dagogique pilot\u00e9 par trois professeures de l&rsquo;UQAC"}]},{"@type":"WebSite","@id":"https:\/\/www.uqac.ca\/uqactualites\/#website","url":"https:\/\/www.uqac.ca\/uqactualites\/","name":"UQACtualit\u00e9s","description":"Le portail des nouvelles de l&#039;UQAC","potentialAction":[{"@type":"SearchAction","target":{"@type":"EntryPoint","urlTemplate":"https:\/\/www.uqac.ca\/uqactualites\/?s={search_term_string}"},"query-input":{"@type":"PropertyValueSpecification","valueRequired":true,"valueName":"search_term_string"}}],"inLanguage":"fr-CA"},{"@type":"Person","@id":"https:\/\/www.uqac.ca\/uqactualites\/#\/schema\/person\/366c45a0c4f0e677b41b4af5886e2018","name":"Service des communications et des relations publiques","image":{"@type":"ImageObject","inLanguage":"fr-CA","@id":"https:\/\/www.uqac.ca\/uqactualites\/#\/schema\/person\/image\/","url":"https:\/\/secure.gravatar.com\/avatar\/20fbbda8a292f59f2d3461a5b999c00b?s=96&d=mm&r=g","contentUrl":"https:\/\/secure.gravatar.com\/avatar\/20fbbda8a292f59f2d3461a5b999c00b?s=96&d=mm&r=g","caption":"Service des communications et des relations publiques"},"url":"https:\/\/www.uqac.ca\/uqactualites\/author\/bap\/"}]}},"_links":{"self":[{"href":"https:\/\/www.uqac.ca\/uqactualites\/wp-json\/wp\/v2\/posts\/38523"}],"collection":[{"href":"https:\/\/www.uqac.ca\/uqactualites\/wp-json\/wp\/v2\/posts"}],"about":[{"href":"https:\/\/www.uqac.ca\/uqactualites\/wp-json\/wp\/v2\/types\/post"}],"author":[{"embeddable":true,"href":"https:\/\/www.uqac.ca\/uqactualites\/wp-json\/wp\/v2\/users\/5"}],"replies":[{"embeddable":true,"href":"https:\/\/www.uqac.ca\/uqactualites\/wp-json\/wp\/v2\/comments?post=38523"}],"version-history":[{"count":0,"href":"https:\/\/www.uqac.ca\/uqactualites\/wp-json\/wp\/v2\/posts\/38523\/revisions"}],"wp:featuredmedia":[{"embeddable":true,"href":"https:\/\/www.uqac.ca\/uqactualites\/wp-json\/wp\/v2\/media\/38524"}],"wp:attachment":[{"href":"https:\/\/www.uqac.ca\/uqactualites\/wp-json\/wp\/v2\/media?parent=38523"}],"wp:term":[{"taxonomy":"category","embeddable":true,"href":"https:\/\/www.uqac.ca\/uqactualites\/wp-json\/wp\/v2\/categories?post=38523"},{"taxonomy":"post_tag","embeddable":true,"href":"https:\/\/www.uqac.ca\/uqactualites\/wp-json\/wp\/v2\/tags?post=38523"}],"curies":[{"name":"wp","href":"https:\/\/api.w.org\/{rel}","templated":true}]}}