{"id":38667,"date":"2020-09-14T08:35:38","date_gmt":"2020-09-14T12:35:38","guid":{"rendered":"https:\/\/www.uqac.ca\/?p=38667"},"modified":"2020-09-14T08:35:38","modified_gmt":"2020-09-14T12:35:38","slug":"un-important-prix-de-reconnaissance-international-decerne-a-masoud-farzaneh-professeur-emerite-de-luqac","status":"publish","type":"post","link":"https:\/\/www.uqac.ca\/uqactualites\/2020\/09\/14\/un-important-prix-de-reconnaissance-international-decerne-a-masoud-farzaneh-professeur-emerite-de-luqac\/","title":{"rendered":"Un important prix de reconnaissance international d\u00e9cern\u00e9 \u00e0 Masoud Farzaneh, professeur \u00e9m\u00e9rite de l\u2019UQAC"},"content":{"rendered":"<p>Le Conseil international des grands r\u00e9seaux \u00e9lectriques (CIGR\u00c9) vient de d\u00e9cerner un prix prestigieux, Fellow CIGRE, \u00e0 Masoud Farzaneh, professeur \u00e9m\u00e9rite de l\u2019UQAC, en reconnaissance de ses importantes contributions et pour avoir jou\u00e9 un r\u00f4le technique de premier plan dans les comit\u00e9s d\u2019\u00e9tudes de cet organisme international, ce qui a notamment men\u00e9 \u00e0 la publication de plusieurs brochures techniques qui sont devenues des r\u00e9f\u00e9rences internationales. Depuis la cr\u00e9ation de ce prix prestigieux en 2014, vingt experts internationaux ont \u00e9t\u00e9 honor\u00e9s en tant que Fellow CIGR\u00c9, dont le Professeur Masoud Farzaneh du Canada cette ann\u00e9e.<\/p>\n<p>&nbsp;<\/p>\n<p>L\u2019annonce officielle de la remise du prix CIGR\u00c9 Fellow au Dr Farzaneh a \u00e9t\u00e9 faite lors de la s\u00e9ance d\u2019ouverture du congr\u00e8s bisannuel du CIGR\u00c9, tenu \u00e0 Paris du 24 ao\u00fbt au 3 septembre 2020, avec la participation de plus de 2\u2009000 professionnels du monde entier. <strong>Cette<\/strong><strong> prestigieuse reconnaissance de la contribution du Dr Farzaneh met \u00e9galement en lumi\u00e8re l\u2019expertise de l\u2019UQAC dans le domaine de transport d\u2019\u00e9nergie \u00e9lectrique et l\u2019impact du climat nordique. <\/strong><\/p>\n<p>&nbsp;<\/p>\n<p>&nbsp;<\/p>\n<p>&nbsp;<\/p>\n<p>Le CIGRE est une communaut\u00e9 mondiale engag\u00e9e dans le d\u00e9veloppement collaboratif et le partage d\u2019expertise sur les grands r\u00e9seaux \u00e9lectriques. La communaut\u00e9 comprend des milliers de professionnels de plus de 90 pays et de 1\u2009250 organisations, dont certains des plus grands experts mondiaux. Le CIGR\u00c9 regroupe 59 comit\u00e9s nationaux de pays pr\u00e9sentant une vari\u00e9t\u00e9 d\u2019expertise et de perspectives techniques. Il g\u00e8re le r\u00e9seau de connaissance le plus important du monde en ce qui concerne les r\u00e9seaux \u00e9lectriques, comprenant 16 domaines d\u2019expertise ainsi que 250 groupes de travail, visant \u00e0 r\u00e9soudre les probl\u00e8mes et r\u00e9pondre aux d\u00e9fis de ces r\u00e9seaux.<\/p>\n<p>&nbsp;<\/p>\n<p>&nbsp;<\/p>\n<p>Le Dr Masoud Farzaneh a d\u00e9but\u00e9 son active collaboration avec le CIGR\u00c9 en 1998, en lien avec son int\u00e9r\u00eat et son expertise en ing\u00e9nierie des r\u00e9seaux \u00e9lectriques et l\u2019impact du climat froid. Depuis son implication avec le CIGR\u00c9, il a pr\u00e9sid\u00e9 entre autres les travaux de plusieurs groupes de travail de cet organisme et \u00e0 contribu\u00e9 \u00e0 la publication d\u2019une quinzaine de brochures techniques et autres publications techniques servant de guides destin\u00e9s aux transporteurs et distributeurs de l\u2019\u00e9nergie \u00e9lectrique, ainsi qu\u2019aux manufacturiers des \u00e9quipements connexes. Entre 2010 et 2016 il est devenu membre du comit\u00e9 ex\u00e9cutif de CIGR\u00c9 Canada, en tant que le repr\u00e9sentant du secteur acad\u00e9mique canadien. \u00c0 ce titre, <strong>il a notamment mis en place l\u2019initiative \u00ab\u2009Women in Engineering\u2009\u00bb qui est devenue un jalon dans le d\u00e9veloppement du CIGR\u00c9 et a grandement contribu\u00e9 \u00e0 int\u00e9resser les \u00e9tudiants et les jeunes ing\u00e9nieurs aux travaux du CIGR\u00c9<\/strong>. Il s\u2019est \u00e9galement impliqu\u00e9 activement \u00e0 relier les activit\u00e9s du CIGR\u00c9 \u00e0 celles de l\u2019IEEE (L\u2019Institute of Electrical and Electronics Engineers).<\/p>\n<p>cr\u00e9dit photo: Paul Cimon<\/p>\n<p>&nbsp;<\/p>\n","protected":false},"excerpt":{"rendered":"<p>Le Conseil international des grands r\u00e9seaux \u00e9lectriques (CIGR\u00c9) vient de d\u00e9cerner un prix prestigieux, Fellow CIGRE, \u00e0 Masoud Farzaneh, professeur \u00e9m\u00e9rite de l\u2019UQAC, en reconnaissance de ses importantes contributions et pour avoir jou\u00e9 un r\u00f4le technique de premier plan dans les comit\u00e9s d\u2019\u00e9tudes de cet organisme international, ce qui a notamment men\u00e9 \u00e0 la publication [&hellip;]<\/p>\n","protected":false},"author":5,"featured_media":38669,"comment_status":"closed","ping_status":"open","sticky":false,"template":"","format":"standard","meta":{"footnotes":""},"categories":[2,9],"tags":[308,197,309,310],"yoast_head":"<!-- This site is optimized with the Yoast SEO plugin v24.2 - https:\/\/yoast.com\/wordpress\/plugins\/seo\/ -->\r\n<title>Un important prix de reconnaissance international d\u00e9cern\u00e9 \u00e0 Masoud Farzaneh, professeur \u00e9m\u00e9rite de l\u2019UQAC - UQACtualit\u00e9s<\/title>\r\n<meta name=\"robots\" content=\"index, follow, max-snippet:-1, max-image-preview:large, max-video-preview:-1\" \/>\r\n<link rel=\"canonical\" href=\"https:\/\/www.uqac.ca\/uqactualites\/2020\/09\/14\/un-important-prix-de-reconnaissance-international-decerne-a-masoud-farzaneh-professeur-emerite-de-luqac\/\" \/>\r\n<meta property=\"og:locale\" content=\"fr_CA\" \/>\r\n<meta property=\"og:type\" content=\"article\" \/>\r\n<meta property=\"og:title\" content=\"Un important prix de reconnaissance international d\u00e9cern\u00e9 \u00e0 Masoud Farzaneh, professeur \u00e9m\u00e9rite de l\u2019UQAC - UQACtualit\u00e9s\" \/>\r\n<meta property=\"og:description\" content=\"Le Conseil international des grands r\u00e9seaux \u00e9lectriques (CIGR\u00c9) vient de d\u00e9cerner un prix prestigieux, Fellow CIGRE, \u00e0 Masoud Farzaneh, professeur \u00e9m\u00e9rite de l\u2019UQAC, en reconnaissance de ses importantes contributions et pour avoir jou\u00e9 un r\u00f4le technique de premier plan dans les comit\u00e9s d\u2019\u00e9tudes de cet organisme international, ce qui a notamment men\u00e9 \u00e0 la publication [&hellip;]\" \/>\r\n<meta property=\"og:url\" content=\"https:\/\/www.uqac.ca\/uqactualites\/2020\/09\/14\/un-important-prix-de-reconnaissance-international-decerne-a-masoud-farzaneh-professeur-emerite-de-luqac\/\" \/>\r\n<meta property=\"og:site_name\" content=\"UQACtualit\u00e9s\" \/>\r\n<meta property=\"article:published_time\" content=\"2020-09-14T12:35:38+00:00\" \/>\r\n<meta property=\"og:image\" content=\"https:\/\/www.uqac.ca\/uqactualites\/wp-content\/uploads\/2020\/09\/71022_HR.modifjpg-scaled.jpg\" \/>\r\n\t<meta property=\"og:image:width\" content=\"2560\" \/>\r\n\t<meta property=\"og:image:height\" content=\"1829\" \/>\r\n\t<meta property=\"og:image:type\" content=\"image\/jpeg\" \/>\r\n<meta name=\"author\" content=\"Service des communications et des relations publiques\" \/>\r\n<meta name=\"twitter:card\" content=\"summary_large_image\" \/>\r\n<meta name=\"twitter:label1\" content=\"\u00c9crit par\" \/>\n\t<meta name=\"twitter:data1\" content=\"Service des communications et des relations publiques\" \/>\n\t<meta name=\"twitter:label2\" content=\"Estimation du temps de lecture\" \/>\n\t<meta name=\"twitter:data2\" content=\"2 minutes\" \/>\r\n<script type=\"application\/ld+json\" class=\"yoast-schema-graph\">{\"@context\":\"https:\/\/schema.org\",\"@graph\":[{\"@type\":\"WebPage\",\"@id\":\"https:\/\/www.uqac.ca\/uqactualites\/2020\/09\/14\/un-important-prix-de-reconnaissance-international-decerne-a-masoud-farzaneh-professeur-emerite-de-luqac\/\",\"url\":\"https:\/\/www.uqac.ca\/uqactualites\/2020\/09\/14\/un-important-prix-de-reconnaissance-international-decerne-a-masoud-farzaneh-professeur-emerite-de-luqac\/\",\"name\":\"Un important prix de reconnaissance international d\u00e9cern\u00e9 \u00e0 Masoud Farzaneh, professeur \u00e9m\u00e9rite de l\u2019UQAC - UQACtualit\u00e9s\",\"isPartOf\":{\"@id\":\"https:\/\/www.uqac.ca\/uqactualites\/#website\"},\"primaryImageOfPage\":{\"@id\":\"https:\/\/www.uqac.ca\/uqactualites\/2020\/09\/14\/un-important-prix-de-reconnaissance-international-decerne-a-masoud-farzaneh-professeur-emerite-de-luqac\/#primaryimage\"},\"image\":{\"@id\":\"https:\/\/www.uqac.ca\/uqactualites\/2020\/09\/14\/un-important-prix-de-reconnaissance-international-decerne-a-masoud-farzaneh-professeur-emerite-de-luqac\/#primaryimage\"},\"thumbnailUrl\":\"https:\/\/www.uqac.ca\/uqactualites\/wp-content\/uploads\/2020\/09\/71022_HR.modifjpg-scaled.jpg\",\"datePublished\":\"2020-09-14T12:35:38+00:00\",\"dateModified\":\"2020-09-14T12:35:38+00:00\",\"author\":{\"@id\":\"https:\/\/www.uqac.ca\/uqactualites\/#\/schema\/person\/366c45a0c4f0e677b41b4af5886e2018\"},\"breadcrumb\":{\"@id\":\"https:\/\/www.uqac.ca\/uqactualites\/2020\/09\/14\/un-important-prix-de-reconnaissance-international-decerne-a-masoud-farzaneh-professeur-emerite-de-luqac\/#breadcrumb\"},\"inLanguage\":\"fr-CA\",\"potentialAction\":[{\"@type\":\"ReadAction\",\"target\":[\"https:\/\/www.uqac.ca\/uqactualites\/2020\/09\/14\/un-important-prix-de-reconnaissance-international-decerne-a-masoud-farzaneh-professeur-emerite-de-luqac\/\"]}]},{\"@type\":\"ImageObject\",\"inLanguage\":\"fr-CA\",\"@id\":\"https:\/\/www.uqac.ca\/uqactualites\/2020\/09\/14\/un-important-prix-de-reconnaissance-international-decerne-a-masoud-farzaneh-professeur-emerite-de-luqac\/#primaryimage\",\"url\":\"https:\/\/www.uqac.ca\/uqactualites\/wp-content\/uploads\/2020\/09\/71022_HR.modifjpg-scaled.jpg\",\"contentUrl\":\"https:\/\/www.uqac.ca\/uqactualites\/wp-content\/uploads\/2020\/09\/71022_HR.modifjpg-scaled.jpg\",\"width\":2560,\"height\":1829},{\"@type\":\"BreadcrumbList\",\"@id\":\"https:\/\/www.uqac.ca\/uqactualites\/2020\/09\/14\/un-important-prix-de-reconnaissance-international-decerne-a-masoud-farzaneh-professeur-emerite-de-luqac\/#breadcrumb\",\"itemListElement\":[{\"@type\":\"ListItem\",\"position\":1,\"name\":\"Home\",\"item\":\"https:\/\/www.uqac.ca\/uqactualites\/\"},{\"@type\":\"ListItem\",\"position\":2,\"name\":\"Un important prix de reconnaissance international d\u00e9cern\u00e9 \u00e0 Masoud Farzaneh, professeur \u00e9m\u00e9rite de l\u2019UQAC\"}]},{\"@type\":\"WebSite\",\"@id\":\"https:\/\/www.uqac.ca\/uqactualites\/#website\",\"url\":\"https:\/\/www.uqac.ca\/uqactualites\/\",\"name\":\"UQACtualit\u00e9s\",\"description\":\"Le portail des nouvelles de l&#039;UQAC\",\"potentialAction\":[{\"@type\":\"SearchAction\",\"target\":{\"@type\":\"EntryPoint\",\"urlTemplate\":\"https:\/\/www.uqac.ca\/uqactualites\/?s={search_term_string}\"},\"query-input\":{\"@type\":\"PropertyValueSpecification\",\"valueRequired\":true,\"valueName\":\"search_term_string\"}}],\"inLanguage\":\"fr-CA\"},{\"@type\":\"Person\",\"@id\":\"https:\/\/www.uqac.ca\/uqactualites\/#\/schema\/person\/366c45a0c4f0e677b41b4af5886e2018\",\"name\":\"Service des communications et des relations publiques\",\"image\":{\"@type\":\"ImageObject\",\"inLanguage\":\"fr-CA\",\"@id\":\"https:\/\/www.uqac.ca\/uqactualites\/#\/schema\/person\/image\/\",\"url\":\"https:\/\/secure.gravatar.com\/avatar\/20fbbda8a292f59f2d3461a5b999c00b?s=96&d=mm&r=g\",\"contentUrl\":\"https:\/\/secure.gravatar.com\/avatar\/20fbbda8a292f59f2d3461a5b999c00b?s=96&d=mm&r=g\",\"caption\":\"Service des communications et des relations publiques\"},\"url\":\"https:\/\/www.uqac.ca\/uqactualites\/author\/bap\/\"}]}<\/script>\r\n<!-- \/ Yoast SEO plugin. -->","yoast_head_json":{"title":"Un important prix de reconnaissance international d\u00e9cern\u00e9 \u00e0 Masoud Farzaneh, professeur \u00e9m\u00e9rite de l\u2019UQAC - UQACtualit\u00e9s","robots":{"index":"index","follow":"follow","max-snippet":"max-snippet:-1","max-image-preview":"max-image-preview:large","max-video-preview":"max-video-preview:-1"},"canonical":"https:\/\/www.uqac.ca\/uqactualites\/2020\/09\/14\/un-important-prix-de-reconnaissance-international-decerne-a-masoud-farzaneh-professeur-emerite-de-luqac\/","og_locale":"fr_CA","og_type":"article","og_title":"Un important prix de reconnaissance international d\u00e9cern\u00e9 \u00e0 Masoud Farzaneh, professeur \u00e9m\u00e9rite de l\u2019UQAC - UQACtualit\u00e9s","og_description":"Le Conseil international des grands r\u00e9seaux \u00e9lectriques (CIGR\u00c9) vient de d\u00e9cerner un prix prestigieux, Fellow CIGRE, \u00e0 Masoud Farzaneh, professeur \u00e9m\u00e9rite de l\u2019UQAC, en reconnaissance de ses importantes contributions et pour avoir jou\u00e9 un r\u00f4le technique de premier plan dans les comit\u00e9s d\u2019\u00e9tudes de cet organisme international, ce qui a notamment men\u00e9 \u00e0 la publication [&hellip;]","og_url":"https:\/\/www.uqac.ca\/uqactualites\/2020\/09\/14\/un-important-prix-de-reconnaissance-international-decerne-a-masoud-farzaneh-professeur-emerite-de-luqac\/","og_site_name":"UQACtualit\u00e9s","article_published_time":"2020-09-14T12:35:38+00:00","og_image":[{"width":2560,"height":1829,"url":"https:\/\/www.uqac.ca\/uqactualites\/wp-content\/uploads\/2020\/09\/71022_HR.modifjpg-scaled.jpg","type":"image\/jpeg"}],"author":"Service des communications et des relations publiques","twitter_card":"summary_large_image","twitter_misc":{"\u00c9crit par":"Service des communications et des relations publiques","Estimation du temps de lecture":"2 minutes"},"schema":{"@context":"https:\/\/schema.org","@graph":[{"@type":"WebPage","@id":"https:\/\/www.uqac.ca\/uqactualites\/2020\/09\/14\/un-important-prix-de-reconnaissance-international-decerne-a-masoud-farzaneh-professeur-emerite-de-luqac\/","url":"https:\/\/www.uqac.ca\/uqactualites\/2020\/09\/14\/un-important-prix-de-reconnaissance-international-decerne-a-masoud-farzaneh-professeur-emerite-de-luqac\/","name":"Un important prix de reconnaissance international d\u00e9cern\u00e9 \u00e0 Masoud Farzaneh, professeur \u00e9m\u00e9rite de l\u2019UQAC - UQACtualit\u00e9s","isPartOf":{"@id":"https:\/\/www.uqac.ca\/uqactualites\/#website"},"primaryImageOfPage":{"@id":"https:\/\/www.uqac.ca\/uqactualites\/2020\/09\/14\/un-important-prix-de-reconnaissance-international-decerne-a-masoud-farzaneh-professeur-emerite-de-luqac\/#primaryimage"},"image":{"@id":"https:\/\/www.uqac.ca\/uqactualites\/2020\/09\/14\/un-important-prix-de-reconnaissance-international-decerne-a-masoud-farzaneh-professeur-emerite-de-luqac\/#primaryimage"},"thumbnailUrl":"https:\/\/www.uqac.ca\/uqactualites\/wp-content\/uploads\/2020\/09\/71022_HR.modifjpg-scaled.jpg","datePublished":"2020-09-14T12:35:38+00:00","dateModified":"2020-09-14T12:35:38+00:00","author":{"@id":"https:\/\/www.uqac.ca\/uqactualites\/#\/schema\/person\/366c45a0c4f0e677b41b4af5886e2018"},"breadcrumb":{"@id":"https:\/\/www.uqac.ca\/uqactualites\/2020\/09\/14\/un-important-prix-de-reconnaissance-international-decerne-a-masoud-farzaneh-professeur-emerite-de-luqac\/#breadcrumb"},"inLanguage":"fr-CA","potentialAction":[{"@type":"ReadAction","target":["https:\/\/www.uqac.ca\/uqactualites\/2020\/09\/14\/un-important-prix-de-reconnaissance-international-decerne-a-masoud-farzaneh-professeur-emerite-de-luqac\/"]}]},{"@type":"ImageObject","inLanguage":"fr-CA","@id":"https:\/\/www.uqac.ca\/uqactualites\/2020\/09\/14\/un-important-prix-de-reconnaissance-international-decerne-a-masoud-farzaneh-professeur-emerite-de-luqac\/#primaryimage","url":"https:\/\/www.uqac.ca\/uqactualites\/wp-content\/uploads\/2020\/09\/71022_HR.modifjpg-scaled.jpg","contentUrl":"https:\/\/www.uqac.ca\/uqactualites\/wp-content\/uploads\/2020\/09\/71022_HR.modifjpg-scaled.jpg","width":2560,"height":1829},{"@type":"BreadcrumbList","@id":"https:\/\/www.uqac.ca\/uqactualites\/2020\/09\/14\/un-important-prix-de-reconnaissance-international-decerne-a-masoud-farzaneh-professeur-emerite-de-luqac\/#breadcrumb","itemListElement":[{"@type":"ListItem","position":1,"name":"Home","item":"https:\/\/www.uqac.ca\/uqactualites\/"},{"@type":"ListItem","position":2,"name":"Un important prix de reconnaissance international d\u00e9cern\u00e9 \u00e0 Masoud Farzaneh, professeur \u00e9m\u00e9rite de l\u2019UQAC"}]},{"@type":"WebSite","@id":"https:\/\/www.uqac.ca\/uqactualites\/#website","url":"https:\/\/www.uqac.ca\/uqactualites\/","name":"UQACtualit\u00e9s","description":"Le portail des nouvelles de l&#039;UQAC","potentialAction":[{"@type":"SearchAction","target":{"@type":"EntryPoint","urlTemplate":"https:\/\/www.uqac.ca\/uqactualites\/?s={search_term_string}"},"query-input":{"@type":"PropertyValueSpecification","valueRequired":true,"valueName":"search_term_string"}}],"inLanguage":"fr-CA"},{"@type":"Person","@id":"https:\/\/www.uqac.ca\/uqactualites\/#\/schema\/person\/366c45a0c4f0e677b41b4af5886e2018","name":"Service des communications et des relations publiques","image":{"@type":"ImageObject","inLanguage":"fr-CA","@id":"https:\/\/www.uqac.ca\/uqactualites\/#\/schema\/person\/image\/","url":"https:\/\/secure.gravatar.com\/avatar\/20fbbda8a292f59f2d3461a5b999c00b?s=96&d=mm&r=g","contentUrl":"https:\/\/secure.gravatar.com\/avatar\/20fbbda8a292f59f2d3461a5b999c00b?s=96&d=mm&r=g","caption":"Service des communications et des relations publiques"},"url":"https:\/\/www.uqac.ca\/uqactualites\/author\/bap\/"}]}},"_links":{"self":[{"href":"https:\/\/www.uqac.ca\/uqactualites\/wp-json\/wp\/v2\/posts\/38667"}],"collection":[{"href":"https:\/\/www.uqac.ca\/uqactualites\/wp-json\/wp\/v2\/posts"}],"about":[{"href":"https:\/\/www.uqac.ca\/uqactualites\/wp-json\/wp\/v2\/types\/post"}],"author":[{"embeddable":true,"href":"https:\/\/www.uqac.ca\/uqactualites\/wp-json\/wp\/v2\/users\/5"}],"replies":[{"embeddable":true,"href":"https:\/\/www.uqac.ca\/uqactualites\/wp-json\/wp\/v2\/comments?post=38667"}],"version-history":[{"count":0,"href":"https:\/\/www.uqac.ca\/uqactualites\/wp-json\/wp\/v2\/posts\/38667\/revisions"}],"wp:featuredmedia":[{"embeddable":true,"href":"https:\/\/www.uqac.ca\/uqactualites\/wp-json\/wp\/v2\/media\/38669"}],"wp:attachment":[{"href":"https:\/\/www.uqac.ca\/uqactualites\/wp-json\/wp\/v2\/media?parent=38667"}],"wp:term":[{"taxonomy":"category","embeddable":true,"href":"https:\/\/www.uqac.ca\/uqactualites\/wp-json\/wp\/v2\/categories?post=38667"},{"taxonomy":"post_tag","embeddable":true,"href":"https:\/\/www.uqac.ca\/uqactualites\/wp-json\/wp\/v2\/tags?post=38667"}],"curies":[{"name":"wp","href":"https:\/\/api.w.org\/{rel}","templated":true}]}}