{"id":38708,"date":"2020-09-22T09:57:38","date_gmt":"2020-09-22T13:57:38","guid":{"rendered":"https:\/\/www.uqac.ca\/?p=38708"},"modified":"2020-09-22T09:57:38","modified_gmt":"2020-09-22T13:57:38","slug":"la-professeure-sarah-jane-barnes-recue-membre-2020-de-la-societe-royale-du-canada","status":"publish","type":"post","link":"https:\/\/www.uqac.ca\/uqactualites\/2020\/09\/22\/la-professeure-sarah-jane-barnes-recue-membre-2020-de-la-societe-royale-du-canada\/","title":{"rendered":"La professeure Sarah-Jane Barnes re\u00e7ue membre 2020 de la Soci\u00e9t\u00e9 Royale du Canada"},"content":{"rendered":"<p>La professeure Sarah-Jane Barnes du D\u00e9partement des sciences appliqu\u00e9es de l\u2019UQAC a \u00e9t\u00e9 re\u00e7ue comme membre 2020 de la Soci\u00e9t\u00e9 Royale du Canada (SRC), le plus grand honneur qui puisse \u00eatre accord\u00e9 \u00e0 un individu travaillant dans les domaines des arts, des sciences sociales et des sciences.<\/p>\n<p>Sarah-Jane Barnes est une g\u00e9ologue sp\u00e9cialis\u00e9e dans l\u2019\u00e9tude de la composition des roches et des min\u00e9raux dans et autour des gisements m\u00e9tallif\u00e8res. Titulaire d\u2019une Chaire de recherche du Canada de niveau I, r\u00e9cipiendaire de nombreuses distinctions dont la plus haute m\u00e9daille de l\u2019Association min\u00e9ralogique du Canada et la m\u00e9daille de l\u2019Association g\u00e9ologique du Canada pour l\u2019\u00e9tude des gisements m\u00e9tallif\u00e8res, elle a d\u00e9velopp\u00e9 un laboratoire g\u00e9ochimique de haut niveau (LabMaTer) qui accueille des chercheurs invit\u00e9s du monde entier.<\/p>\n<p>La Soci\u00e9t\u00e9 Royale du Canada (SRC) re\u00e7oit annuellement plus d\u2019une centaine de chercheurs dans les domaines des arts, des lettres et des sciences humaines, des sciences sociales et des sciences.\u00a0 La titulaire a \u00e9t\u00e9 re\u00e7ue au sein de l\u2019acad\u00e9mie des sciences avec 87 autres candidats \u00e0 travers le Canada.<\/p>\n<p>Pour consulter le communique de la SRC:\u00a0<a href=\"https:\/\/rsc-src.ca\/fr\/nouvelles\/communiqu\u00e9-de-presse-la-src-pr\u00e9sente-la-promotion-de-2020\">https:\/\/rsc-src.ca\/fr\/nouvelles\/communiqu\u00e9-de-presse-la-src-pr\u00e9sente-la-promotion-de-2020<\/a><\/p>\n","protected":false},"excerpt":{"rendered":"<p>La professeure Sarah-Jane Barnes du D\u00e9partement des sciences appliqu\u00e9es de l\u2019UQAC a \u00e9t\u00e9 re\u00e7ue comme membre 2020 de la Soci\u00e9t\u00e9 Royale du Canada (SRC), le plus grand honneur qui puisse \u00eatre accord\u00e9 \u00e0 un individu travaillant dans les domaines des arts, des sciences sociales et des sciences. Sarah-Jane Barnes est une g\u00e9ologue sp\u00e9cialis\u00e9e dans l\u2019\u00e9tude [&hellip;]<\/p>\n","protected":false},"author":5,"featured_media":38127,"comment_status":"closed","ping_status":"open","sticky":false,"template":"","format":"standard","meta":{"footnotes":""},"categories":[2,9],"tags":[21],"yoast_head":"<!-- This site is optimized with the Yoast SEO plugin v24.2 - https:\/\/yoast.com\/wordpress\/plugins\/seo\/ -->\r\n<title>La professeure Sarah-Jane Barnes re\u00e7ue membre 2020 de la Soci\u00e9t\u00e9 Royale du Canada - UQACtualit\u00e9s<\/title>\r\n<meta name=\"robots\" content=\"index, follow, max-snippet:-1, max-image-preview:large, max-video-preview:-1\" \/>\r\n<link rel=\"canonical\" href=\"https:\/\/www.uqac.ca\/uqactualites\/2020\/09\/22\/la-professeure-sarah-jane-barnes-recue-membre-2020-de-la-societe-royale-du-canada\/\" \/>\r\n<meta property=\"og:locale\" content=\"fr_CA\" \/>\r\n<meta property=\"og:type\" content=\"article\" \/>\r\n<meta property=\"og:title\" content=\"La professeure Sarah-Jane Barnes re\u00e7ue membre 2020 de la Soci\u00e9t\u00e9 Royale du Canada - UQACtualit\u00e9s\" \/>\r\n<meta property=\"og:description\" content=\"La professeure Sarah-Jane Barnes du D\u00e9partement des sciences appliqu\u00e9es de l\u2019UQAC a \u00e9t\u00e9 re\u00e7ue comme membre 2020 de la Soci\u00e9t\u00e9 Royale du Canada (SRC), le plus grand honneur qui puisse \u00eatre accord\u00e9 \u00e0 un individu travaillant dans les domaines des arts, des sciences sociales et des sciences. Sarah-Jane Barnes est une g\u00e9ologue sp\u00e9cialis\u00e9e dans l\u2019\u00e9tude [&hellip;]\" \/>\r\n<meta property=\"og:url\" content=\"https:\/\/www.uqac.ca\/uqactualites\/2020\/09\/22\/la-professeure-sarah-jane-barnes-recue-membre-2020-de-la-societe-royale-du-canada\/\" \/>\r\n<meta property=\"og:site_name\" content=\"UQACtualit\u00e9s\" \/>\r\n<meta property=\"article:published_time\" content=\"2020-09-22T13:57:38+00:00\" \/>\r\n<meta property=\"og:image\" content=\"https:\/\/www.uqac.ca\/uqactualites\/wp-content\/uploads\/2020\/04\/SJB_UQAC.jpg\" \/>\r\n\t<meta property=\"og:image:width\" content=\"1024\" \/>\r\n\t<meta property=\"og:image:height\" content=\"576\" \/>\r\n\t<meta property=\"og:image:type\" content=\"image\/jpeg\" \/>\r\n<meta name=\"author\" content=\"Service des communications et des relations publiques\" \/>\r\n<meta name=\"twitter:card\" content=\"summary_large_image\" \/>\r\n<meta name=\"twitter:label1\" content=\"\u00c9crit par\" \/>\n\t<meta name=\"twitter:data1\" content=\"Service des communications et des relations publiques\" \/>\n\t<meta name=\"twitter:label2\" content=\"Estimation du temps de lecture\" \/>\n\t<meta name=\"twitter:data2\" content=\"1 minute\" \/>\r\n<script type=\"application\/ld+json\" class=\"yoast-schema-graph\">{\"@context\":\"https:\/\/schema.org\",\"@graph\":[{\"@type\":\"WebPage\",\"@id\":\"https:\/\/www.uqac.ca\/uqactualites\/2020\/09\/22\/la-professeure-sarah-jane-barnes-recue-membre-2020-de-la-societe-royale-du-canada\/\",\"url\":\"https:\/\/www.uqac.ca\/uqactualites\/2020\/09\/22\/la-professeure-sarah-jane-barnes-recue-membre-2020-de-la-societe-royale-du-canada\/\",\"name\":\"La professeure Sarah-Jane Barnes re\u00e7ue membre 2020 de la Soci\u00e9t\u00e9 Royale du Canada - UQACtualit\u00e9s\",\"isPartOf\":{\"@id\":\"https:\/\/www.uqac.ca\/uqactualites\/#website\"},\"primaryImageOfPage\":{\"@id\":\"https:\/\/www.uqac.ca\/uqactualites\/2020\/09\/22\/la-professeure-sarah-jane-barnes-recue-membre-2020-de-la-societe-royale-du-canada\/#primaryimage\"},\"image\":{\"@id\":\"https:\/\/www.uqac.ca\/uqactualites\/2020\/09\/22\/la-professeure-sarah-jane-barnes-recue-membre-2020-de-la-societe-royale-du-canada\/#primaryimage\"},\"thumbnailUrl\":\"https:\/\/www.uqac.ca\/uqactualites\/wp-content\/uploads\/2020\/04\/SJB_UQAC.jpg\",\"datePublished\":\"2020-09-22T13:57:38+00:00\",\"dateModified\":\"2020-09-22T13:57:38+00:00\",\"author\":{\"@id\":\"https:\/\/www.uqac.ca\/uqactualites\/#\/schema\/person\/366c45a0c4f0e677b41b4af5886e2018\"},\"breadcrumb\":{\"@id\":\"https:\/\/www.uqac.ca\/uqactualites\/2020\/09\/22\/la-professeure-sarah-jane-barnes-recue-membre-2020-de-la-societe-royale-du-canada\/#breadcrumb\"},\"inLanguage\":\"fr-CA\",\"potentialAction\":[{\"@type\":\"ReadAction\",\"target\":[\"https:\/\/www.uqac.ca\/uqactualites\/2020\/09\/22\/la-professeure-sarah-jane-barnes-recue-membre-2020-de-la-societe-royale-du-canada\/\"]}]},{\"@type\":\"ImageObject\",\"inLanguage\":\"fr-CA\",\"@id\":\"https:\/\/www.uqac.ca\/uqactualites\/2020\/09\/22\/la-professeure-sarah-jane-barnes-recue-membre-2020-de-la-societe-royale-du-canada\/#primaryimage\",\"url\":\"https:\/\/www.uqac.ca\/uqactualites\/wp-content\/uploads\/2020\/04\/SJB_UQAC.jpg\",\"contentUrl\":\"https:\/\/www.uqac.ca\/uqactualites\/wp-content\/uploads\/2020\/04\/SJB_UQAC.jpg\",\"width\":1024,\"height\":576},{\"@type\":\"BreadcrumbList\",\"@id\":\"https:\/\/www.uqac.ca\/uqactualites\/2020\/09\/22\/la-professeure-sarah-jane-barnes-recue-membre-2020-de-la-societe-royale-du-canada\/#breadcrumb\",\"itemListElement\":[{\"@type\":\"ListItem\",\"position\":1,\"name\":\"Home\",\"item\":\"https:\/\/www.uqac.ca\/uqactualites\/\"},{\"@type\":\"ListItem\",\"position\":2,\"name\":\"La professeure Sarah-Jane Barnes re\u00e7ue membre 2020 de la Soci\u00e9t\u00e9 Royale du Canada\"}]},{\"@type\":\"WebSite\",\"@id\":\"https:\/\/www.uqac.ca\/uqactualites\/#website\",\"url\":\"https:\/\/www.uqac.ca\/uqactualites\/\",\"name\":\"UQACtualit\u00e9s\",\"description\":\"Le portail des nouvelles de l&#039;UQAC\",\"potentialAction\":[{\"@type\":\"SearchAction\",\"target\":{\"@type\":\"EntryPoint\",\"urlTemplate\":\"https:\/\/www.uqac.ca\/uqactualites\/?s={search_term_string}\"},\"query-input\":{\"@type\":\"PropertyValueSpecification\",\"valueRequired\":true,\"valueName\":\"search_term_string\"}}],\"inLanguage\":\"fr-CA\"},{\"@type\":\"Person\",\"@id\":\"https:\/\/www.uqac.ca\/uqactualites\/#\/schema\/person\/366c45a0c4f0e677b41b4af5886e2018\",\"name\":\"Service des communications et des relations publiques\",\"image\":{\"@type\":\"ImageObject\",\"inLanguage\":\"fr-CA\",\"@id\":\"https:\/\/www.uqac.ca\/uqactualites\/#\/schema\/person\/image\/\",\"url\":\"https:\/\/secure.gravatar.com\/avatar\/20fbbda8a292f59f2d3461a5b999c00b?s=96&d=mm&r=g\",\"contentUrl\":\"https:\/\/secure.gravatar.com\/avatar\/20fbbda8a292f59f2d3461a5b999c00b?s=96&d=mm&r=g\",\"caption\":\"Service des communications et des relations publiques\"},\"url\":\"https:\/\/www.uqac.ca\/uqactualites\/author\/bap\/\"}]}<\/script>\r\n<!-- \/ Yoast SEO plugin. -->","yoast_head_json":{"title":"La professeure Sarah-Jane Barnes re\u00e7ue membre 2020 de la Soci\u00e9t\u00e9 Royale du Canada - UQACtualit\u00e9s","robots":{"index":"index","follow":"follow","max-snippet":"max-snippet:-1","max-image-preview":"max-image-preview:large","max-video-preview":"max-video-preview:-1"},"canonical":"https:\/\/www.uqac.ca\/uqactualites\/2020\/09\/22\/la-professeure-sarah-jane-barnes-recue-membre-2020-de-la-societe-royale-du-canada\/","og_locale":"fr_CA","og_type":"article","og_title":"La professeure Sarah-Jane Barnes re\u00e7ue membre 2020 de la Soci\u00e9t\u00e9 Royale du Canada - UQACtualit\u00e9s","og_description":"La professeure Sarah-Jane Barnes du D\u00e9partement des sciences appliqu\u00e9es de l\u2019UQAC a \u00e9t\u00e9 re\u00e7ue comme membre 2020 de la Soci\u00e9t\u00e9 Royale du Canada (SRC), le plus grand honneur qui puisse \u00eatre accord\u00e9 \u00e0 un individu travaillant dans les domaines des arts, des sciences sociales et des sciences. Sarah-Jane Barnes est une g\u00e9ologue sp\u00e9cialis\u00e9e dans l\u2019\u00e9tude [&hellip;]","og_url":"https:\/\/www.uqac.ca\/uqactualites\/2020\/09\/22\/la-professeure-sarah-jane-barnes-recue-membre-2020-de-la-societe-royale-du-canada\/","og_site_name":"UQACtualit\u00e9s","article_published_time":"2020-09-22T13:57:38+00:00","og_image":[{"width":1024,"height":576,"url":"https:\/\/www.uqac.ca\/uqactualites\/wp-content\/uploads\/2020\/04\/SJB_UQAC.jpg","type":"image\/jpeg"}],"author":"Service des communications et des relations publiques","twitter_card":"summary_large_image","twitter_misc":{"\u00c9crit par":"Service des communications et des relations publiques","Estimation du temps de lecture":"1 minute"},"schema":{"@context":"https:\/\/schema.org","@graph":[{"@type":"WebPage","@id":"https:\/\/www.uqac.ca\/uqactualites\/2020\/09\/22\/la-professeure-sarah-jane-barnes-recue-membre-2020-de-la-societe-royale-du-canada\/","url":"https:\/\/www.uqac.ca\/uqactualites\/2020\/09\/22\/la-professeure-sarah-jane-barnes-recue-membre-2020-de-la-societe-royale-du-canada\/","name":"La professeure Sarah-Jane Barnes re\u00e7ue membre 2020 de la Soci\u00e9t\u00e9 Royale du Canada - UQACtualit\u00e9s","isPartOf":{"@id":"https:\/\/www.uqac.ca\/uqactualites\/#website"},"primaryImageOfPage":{"@id":"https:\/\/www.uqac.ca\/uqactualites\/2020\/09\/22\/la-professeure-sarah-jane-barnes-recue-membre-2020-de-la-societe-royale-du-canada\/#primaryimage"},"image":{"@id":"https:\/\/www.uqac.ca\/uqactualites\/2020\/09\/22\/la-professeure-sarah-jane-barnes-recue-membre-2020-de-la-societe-royale-du-canada\/#primaryimage"},"thumbnailUrl":"https:\/\/www.uqac.ca\/uqactualites\/wp-content\/uploads\/2020\/04\/SJB_UQAC.jpg","datePublished":"2020-09-22T13:57:38+00:00","dateModified":"2020-09-22T13:57:38+00:00","author":{"@id":"https:\/\/www.uqac.ca\/uqactualites\/#\/schema\/person\/366c45a0c4f0e677b41b4af5886e2018"},"breadcrumb":{"@id":"https:\/\/www.uqac.ca\/uqactualites\/2020\/09\/22\/la-professeure-sarah-jane-barnes-recue-membre-2020-de-la-societe-royale-du-canada\/#breadcrumb"},"inLanguage":"fr-CA","potentialAction":[{"@type":"ReadAction","target":["https:\/\/www.uqac.ca\/uqactualites\/2020\/09\/22\/la-professeure-sarah-jane-barnes-recue-membre-2020-de-la-societe-royale-du-canada\/"]}]},{"@type":"ImageObject","inLanguage":"fr-CA","@id":"https:\/\/www.uqac.ca\/uqactualites\/2020\/09\/22\/la-professeure-sarah-jane-barnes-recue-membre-2020-de-la-societe-royale-du-canada\/#primaryimage","url":"https:\/\/www.uqac.ca\/uqactualites\/wp-content\/uploads\/2020\/04\/SJB_UQAC.jpg","contentUrl":"https:\/\/www.uqac.ca\/uqactualites\/wp-content\/uploads\/2020\/04\/SJB_UQAC.jpg","width":1024,"height":576},{"@type":"BreadcrumbList","@id":"https:\/\/www.uqac.ca\/uqactualites\/2020\/09\/22\/la-professeure-sarah-jane-barnes-recue-membre-2020-de-la-societe-royale-du-canada\/#breadcrumb","itemListElement":[{"@type":"ListItem","position":1,"name":"Home","item":"https:\/\/www.uqac.ca\/uqactualites\/"},{"@type":"ListItem","position":2,"name":"La professeure Sarah-Jane Barnes re\u00e7ue membre 2020 de la Soci\u00e9t\u00e9 Royale du Canada"}]},{"@type":"WebSite","@id":"https:\/\/www.uqac.ca\/uqactualites\/#website","url":"https:\/\/www.uqac.ca\/uqactualites\/","name":"UQACtualit\u00e9s","description":"Le portail des nouvelles de l&#039;UQAC","potentialAction":[{"@type":"SearchAction","target":{"@type":"EntryPoint","urlTemplate":"https:\/\/www.uqac.ca\/uqactualites\/?s={search_term_string}"},"query-input":{"@type":"PropertyValueSpecification","valueRequired":true,"valueName":"search_term_string"}}],"inLanguage":"fr-CA"},{"@type":"Person","@id":"https:\/\/www.uqac.ca\/uqactualites\/#\/schema\/person\/366c45a0c4f0e677b41b4af5886e2018","name":"Service des communications et des relations publiques","image":{"@type":"ImageObject","inLanguage":"fr-CA","@id":"https:\/\/www.uqac.ca\/uqactualites\/#\/schema\/person\/image\/","url":"https:\/\/secure.gravatar.com\/avatar\/20fbbda8a292f59f2d3461a5b999c00b?s=96&d=mm&r=g","contentUrl":"https:\/\/secure.gravatar.com\/avatar\/20fbbda8a292f59f2d3461a5b999c00b?s=96&d=mm&r=g","caption":"Service des communications et des relations publiques"},"url":"https:\/\/www.uqac.ca\/uqactualites\/author\/bap\/"}]}},"_links":{"self":[{"href":"https:\/\/www.uqac.ca\/uqactualites\/wp-json\/wp\/v2\/posts\/38708"}],"collection":[{"href":"https:\/\/www.uqac.ca\/uqactualites\/wp-json\/wp\/v2\/posts"}],"about":[{"href":"https:\/\/www.uqac.ca\/uqactualites\/wp-json\/wp\/v2\/types\/post"}],"author":[{"embeddable":true,"href":"https:\/\/www.uqac.ca\/uqactualites\/wp-json\/wp\/v2\/users\/5"}],"replies":[{"embeddable":true,"href":"https:\/\/www.uqac.ca\/uqactualites\/wp-json\/wp\/v2\/comments?post=38708"}],"version-history":[{"count":0,"href":"https:\/\/www.uqac.ca\/uqactualites\/wp-json\/wp\/v2\/posts\/38708\/revisions"}],"wp:featuredmedia":[{"embeddable":true,"href":"https:\/\/www.uqac.ca\/uqactualites\/wp-json\/wp\/v2\/media\/38127"}],"wp:attachment":[{"href":"https:\/\/www.uqac.ca\/uqactualites\/wp-json\/wp\/v2\/media?parent=38708"}],"wp:term":[{"taxonomy":"category","embeddable":true,"href":"https:\/\/www.uqac.ca\/uqactualites\/wp-json\/wp\/v2\/categories?post=38708"},{"taxonomy":"post_tag","embeddable":true,"href":"https:\/\/www.uqac.ca\/uqactualites\/wp-json\/wp\/v2\/tags?post=38708"}],"curies":[{"name":"wp","href":"https:\/\/api.w.org\/{rel}","templated":true}]}}