{"id":38762,"date":"2020-10-08T16:13:32","date_gmt":"2020-10-08T20:13:32","guid":{"rendered":"https:\/\/www.uqac.ca\/?p=38762"},"modified":"2020-10-08T16:13:32","modified_gmt":"2020-10-08T20:13:32","slug":"deux-doctorantes-en-mp-soutiennent-leur-these-avec-succes","status":"publish","type":"post","link":"https:\/\/www.uqac.ca\/uqactualites\/2020\/10\/08\/deux-doctorantes-en-mp-soutiennent-leur-these-avec-succes\/","title":{"rendered":"Deux doctorantes en management de projets soutiennent leur th\u00e8se avec succ\u00e8s"},"content":{"rendered":"<p class=\"entry-header\">Toutes deux \u00e9tudiantes au <a href=\"https:\/\/www.uqac.ca\/programme\/3077-doctorat-en-management-de-projets\/\">doctorat en management de projets<\/a>, France Desjardins et Estelle Zougrana effectuaient r\u00e9cemment leur soutenance de th\u00e8se respective, et ce, virtuellement via la plateforme Zoom.<\/p>\n<h5><img loading=\"lazy\" decoding=\"async\" class=\"wp-image-38764 alignleft\" src=\"https:\/\/www.uqac.ca\/wp-content\/uploads\/2020\/10\/Francedesjardins.png\" alt=\"\" width=\"232\" height=\"174\" srcset=\"https:\/\/www.uqac.ca\/uqactualites\/wp-content\/uploads\/2020\/10\/Francedesjardins.png 1193w, https:\/\/www.uqac.ca\/uqactualites\/wp-content\/uploads\/2020\/10\/Francedesjardins-300x225.png 300w, https:\/\/www.uqac.ca\/uqactualites\/wp-content\/uploads\/2020\/10\/Francedesjardins-1024x769.png 1024w, https:\/\/www.uqac.ca\/uqactualites\/wp-content\/uploads\/2020\/10\/Francedesjardins-768x577.png 768w\" sizes=\"(max-width: 232px) 100vw, 232px\" \/><br \/>\nFrance Desjardins<\/h5>\n<p>Lundi 28 septembre 2020<\/p>\n<p><strong><em>\u00c9tude sur la conception d\u2019un syst\u00e8me adapt\u00e9 de d\u00e9veloppement des comp\u00e9tences projet des membres des \u00e9quipes projet au sein d\u2019organisations publiques \u00e0 structure matricielle faible<\/em><\/strong><\/p>\n<p>&nbsp;<\/p>\n<p><img loading=\"lazy\" decoding=\"async\" class=\"wp-image-38763 alignleft\" src=\"https:\/\/www.uqac.ca\/wp-content\/uploads\/2020\/10\/Estelle-Zoungrana.png\" alt=\"\" width=\"232\" height=\"157\" srcset=\"https:\/\/www.uqac.ca\/uqactualites\/wp-content\/uploads\/2020\/10\/Estelle-Zoungrana.png 1512w, https:\/\/www.uqac.ca\/uqactualites\/wp-content\/uploads\/2020\/10\/Estelle-Zoungrana-300x203.png 300w, https:\/\/www.uqac.ca\/uqactualites\/wp-content\/uploads\/2020\/10\/Estelle-Zoungrana-1024x693.png 1024w, https:\/\/www.uqac.ca\/uqactualites\/wp-content\/uploads\/2020\/10\/Estelle-Zoungrana-768x520.png 768w\" sizes=\"(max-width: 232px) 100vw, 232px\" \/><\/p>\n<h5>Estelle Zoungrana<\/h5>\n<p>Mercredi 7 octobre 2020<\/p>\n<p><strong><em>Analyse des facteurs d\u00e9terminants de l\u2019impact des projets d\u2019innovation sur la performance globale des pme transformatrices de m\u00e9tal : cas de Sotrem et d\u2019Industries GRC au Saguenay<\/em><\/strong><\/p>\n<p>&nbsp;<\/p>\n<p>Si la soutenance de th\u00e8se repr\u00e9sente une \u00e9tape charni\u00e8re du parcours d\u2019un chercheur ou d\u2019une chercheuse, le fait de la tenir \u00e0 distance, par l\u2019entremise du Web, constitue d\u2019autant plus un d\u00e9fi, l\u2019enjeu technique s\u2019ajoutant \u00e0 la complexit\u00e9 de l\u2019expos\u00e9.<\/p>\n<p>Toutes nos f\u00e9licitations aux deux nouvelles docteures!<\/p>\n","protected":false},"excerpt":{"rendered":"<p>Toutes deux \u00e9tudiantes au doctorat en management de projets, France Desjardins et Estelle Zougrana effectuaient r\u00e9cemment leur soutenance de th\u00e8se respective, et ce, virtuellement via la plateforme Zoom. France Desjardins Lundi 28 septembre 2020 \u00c9tude sur la conception d\u2019un syst\u00e8me adapt\u00e9 de d\u00e9veloppement des comp\u00e9tences projet des membres des \u00e9quipes projet au sein d\u2019organisations publiques [&hellip;]<\/p>\n","protected":false},"author":5,"featured_media":38765,"comment_status":"closed","ping_status":"open","sticky":false,"template":"","format":"standard","meta":{"footnotes":""},"categories":[2,4],"tags":[8,16,293,294],"yoast_head":"<!-- This site is optimized with the Yoast SEO plugin v24.2 - https:\/\/yoast.com\/wordpress\/plugins\/seo\/ -->\r\n<title>Deux doctorantes en management de projets soutiennent leur th\u00e8se avec succ\u00e8s - UQACtualit\u00e9s<\/title>\r\n<meta name=\"robots\" content=\"index, follow, max-snippet:-1, max-image-preview:large, max-video-preview:-1\" \/>\r\n<link rel=\"canonical\" href=\"https:\/\/www.uqac.ca\/uqactualites\/2020\/10\/08\/deux-doctorantes-en-mp-soutiennent-leur-these-avec-succes\/\" \/>\r\n<meta property=\"og:locale\" content=\"fr_CA\" \/>\r\n<meta property=\"og:type\" content=\"article\" \/>\r\n<meta property=\"og:title\" content=\"Deux doctorantes en management de projets soutiennent leur th\u00e8se avec succ\u00e8s - UQACtualit\u00e9s\" \/>\r\n<meta property=\"og:description\" content=\"Toutes deux \u00e9tudiantes au doctorat en management de projets, France Desjardins et Estelle Zougrana effectuaient r\u00e9cemment leur soutenance de th\u00e8se respective, et ce, virtuellement via la plateforme Zoom. France Desjardins Lundi 28 septembre 2020 \u00c9tude sur la conception d\u2019un syst\u00e8me adapt\u00e9 de d\u00e9veloppement des comp\u00e9tences projet des membres des \u00e9quipes projet au sein d\u2019organisations publiques [&hellip;]\" \/>\r\n<meta property=\"og:url\" content=\"https:\/\/www.uqac.ca\/uqactualites\/2020\/10\/08\/deux-doctorantes-en-mp-soutiennent-leur-these-avec-succes\/\" \/>\r\n<meta property=\"og:site_name\" content=\"UQACtualit\u00e9s\" \/>\r\n<meta property=\"article:published_time\" content=\"2020-10-08T20:13:32+00:00\" \/>\r\n<meta property=\"og:image\" content=\"https:\/\/www.uqac.ca\/uqactualites\/wp-content\/uploads\/2020\/10\/GRAF_1200X628SoutenanceA17-01.jpg\" \/>\r\n\t<meta property=\"og:image:width\" content=\"1200\" \/>\r\n\t<meta property=\"og:image:height\" content=\"628\" \/>\r\n\t<meta property=\"og:image:type\" content=\"image\/jpeg\" \/>\r\n<meta name=\"author\" content=\"Service des communications et des relations publiques\" \/>\r\n<meta name=\"twitter:card\" content=\"summary_large_image\" \/>\r\n<meta name=\"twitter:label1\" content=\"\u00c9crit par\" \/>\n\t<meta name=\"twitter:data1\" content=\"Service des communications et des relations publiques\" \/>\n\t<meta name=\"twitter:label2\" content=\"Estimation du temps de lecture\" \/>\n\t<meta name=\"twitter:data2\" content=\"1 minute\" \/>\r\n<script type=\"application\/ld+json\" class=\"yoast-schema-graph\">{\"@context\":\"https:\/\/schema.org\",\"@graph\":[{\"@type\":\"WebPage\",\"@id\":\"https:\/\/www.uqac.ca\/uqactualites\/2020\/10\/08\/deux-doctorantes-en-mp-soutiennent-leur-these-avec-succes\/\",\"url\":\"https:\/\/www.uqac.ca\/uqactualites\/2020\/10\/08\/deux-doctorantes-en-mp-soutiennent-leur-these-avec-succes\/\",\"name\":\"Deux doctorantes en management de projets soutiennent leur th\u00e8se avec succ\u00e8s - UQACtualit\u00e9s\",\"isPartOf\":{\"@id\":\"https:\/\/www.uqac.ca\/uqactualites\/#website\"},\"primaryImageOfPage\":{\"@id\":\"https:\/\/www.uqac.ca\/uqactualites\/2020\/10\/08\/deux-doctorantes-en-mp-soutiennent-leur-these-avec-succes\/#primaryimage\"},\"image\":{\"@id\":\"https:\/\/www.uqac.ca\/uqactualites\/2020\/10\/08\/deux-doctorantes-en-mp-soutiennent-leur-these-avec-succes\/#primaryimage\"},\"thumbnailUrl\":\"https:\/\/www.uqac.ca\/uqactualites\/wp-content\/uploads\/2020\/10\/GRAF_1200X628SoutenanceA17-01.jpg\",\"datePublished\":\"2020-10-08T20:13:32+00:00\",\"dateModified\":\"2020-10-08T20:13:32+00:00\",\"author\":{\"@id\":\"https:\/\/www.uqac.ca\/uqactualites\/#\/schema\/person\/366c45a0c4f0e677b41b4af5886e2018\"},\"breadcrumb\":{\"@id\":\"https:\/\/www.uqac.ca\/uqactualites\/2020\/10\/08\/deux-doctorantes-en-mp-soutiennent-leur-these-avec-succes\/#breadcrumb\"},\"inLanguage\":\"fr-CA\",\"potentialAction\":[{\"@type\":\"ReadAction\",\"target\":[\"https:\/\/www.uqac.ca\/uqactualites\/2020\/10\/08\/deux-doctorantes-en-mp-soutiennent-leur-these-avec-succes\/\"]}]},{\"@type\":\"ImageObject\",\"inLanguage\":\"fr-CA\",\"@id\":\"https:\/\/www.uqac.ca\/uqactualites\/2020\/10\/08\/deux-doctorantes-en-mp-soutiennent-leur-these-avec-succes\/#primaryimage\",\"url\":\"https:\/\/www.uqac.ca\/uqactualites\/wp-content\/uploads\/2020\/10\/GRAF_1200X628SoutenanceA17-01.jpg\",\"contentUrl\":\"https:\/\/www.uqac.ca\/uqactualites\/wp-content\/uploads\/2020\/10\/GRAF_1200X628SoutenanceA17-01.jpg\",\"width\":1200,\"height\":628},{\"@type\":\"BreadcrumbList\",\"@id\":\"https:\/\/www.uqac.ca\/uqactualites\/2020\/10\/08\/deux-doctorantes-en-mp-soutiennent-leur-these-avec-succes\/#breadcrumb\",\"itemListElement\":[{\"@type\":\"ListItem\",\"position\":1,\"name\":\"Home\",\"item\":\"https:\/\/www.uqac.ca\/uqactualites\/\"},{\"@type\":\"ListItem\",\"position\":2,\"name\":\"Deux doctorantes en management de projets soutiennent leur th\u00e8se avec succ\u00e8s\"}]},{\"@type\":\"WebSite\",\"@id\":\"https:\/\/www.uqac.ca\/uqactualites\/#website\",\"url\":\"https:\/\/www.uqac.ca\/uqactualites\/\",\"name\":\"UQACtualit\u00e9s\",\"description\":\"Le portail des nouvelles de l&#039;UQAC\",\"potentialAction\":[{\"@type\":\"SearchAction\",\"target\":{\"@type\":\"EntryPoint\",\"urlTemplate\":\"https:\/\/www.uqac.ca\/uqactualites\/?s={search_term_string}\"},\"query-input\":{\"@type\":\"PropertyValueSpecification\",\"valueRequired\":true,\"valueName\":\"search_term_string\"}}],\"inLanguage\":\"fr-CA\"},{\"@type\":\"Person\",\"@id\":\"https:\/\/www.uqac.ca\/uqactualites\/#\/schema\/person\/366c45a0c4f0e677b41b4af5886e2018\",\"name\":\"Service des communications et des relations publiques\",\"image\":{\"@type\":\"ImageObject\",\"inLanguage\":\"fr-CA\",\"@id\":\"https:\/\/www.uqac.ca\/uqactualites\/#\/schema\/person\/image\/\",\"url\":\"https:\/\/secure.gravatar.com\/avatar\/20fbbda8a292f59f2d3461a5b999c00b?s=96&d=mm&r=g\",\"contentUrl\":\"https:\/\/secure.gravatar.com\/avatar\/20fbbda8a292f59f2d3461a5b999c00b?s=96&d=mm&r=g\",\"caption\":\"Service des communications et des relations publiques\"},\"url\":\"https:\/\/www.uqac.ca\/uqactualites\/author\/bap\/\"}]}<\/script>\r\n<!-- \/ Yoast SEO plugin. -->","yoast_head_json":{"title":"Deux doctorantes en management de projets soutiennent leur th\u00e8se avec succ\u00e8s - UQACtualit\u00e9s","robots":{"index":"index","follow":"follow","max-snippet":"max-snippet:-1","max-image-preview":"max-image-preview:large","max-video-preview":"max-video-preview:-1"},"canonical":"https:\/\/www.uqac.ca\/uqactualites\/2020\/10\/08\/deux-doctorantes-en-mp-soutiennent-leur-these-avec-succes\/","og_locale":"fr_CA","og_type":"article","og_title":"Deux doctorantes en management de projets soutiennent leur th\u00e8se avec succ\u00e8s - UQACtualit\u00e9s","og_description":"Toutes deux \u00e9tudiantes au doctorat en management de projets, France Desjardins et Estelle Zougrana effectuaient r\u00e9cemment leur soutenance de th\u00e8se respective, et ce, virtuellement via la plateforme Zoom. France Desjardins Lundi 28 septembre 2020 \u00c9tude sur la conception d\u2019un syst\u00e8me adapt\u00e9 de d\u00e9veloppement des comp\u00e9tences projet des membres des \u00e9quipes projet au sein d\u2019organisations publiques [&hellip;]","og_url":"https:\/\/www.uqac.ca\/uqactualites\/2020\/10\/08\/deux-doctorantes-en-mp-soutiennent-leur-these-avec-succes\/","og_site_name":"UQACtualit\u00e9s","article_published_time":"2020-10-08T20:13:32+00:00","og_image":[{"width":1200,"height":628,"url":"https:\/\/www.uqac.ca\/uqactualites\/wp-content\/uploads\/2020\/10\/GRAF_1200X628SoutenanceA17-01.jpg","type":"image\/jpeg"}],"author":"Service des communications et des relations publiques","twitter_card":"summary_large_image","twitter_misc":{"\u00c9crit par":"Service des communications et des relations publiques","Estimation du temps de lecture":"1 minute"},"schema":{"@context":"https:\/\/schema.org","@graph":[{"@type":"WebPage","@id":"https:\/\/www.uqac.ca\/uqactualites\/2020\/10\/08\/deux-doctorantes-en-mp-soutiennent-leur-these-avec-succes\/","url":"https:\/\/www.uqac.ca\/uqactualites\/2020\/10\/08\/deux-doctorantes-en-mp-soutiennent-leur-these-avec-succes\/","name":"Deux doctorantes en management de projets soutiennent leur th\u00e8se avec succ\u00e8s - UQACtualit\u00e9s","isPartOf":{"@id":"https:\/\/www.uqac.ca\/uqactualites\/#website"},"primaryImageOfPage":{"@id":"https:\/\/www.uqac.ca\/uqactualites\/2020\/10\/08\/deux-doctorantes-en-mp-soutiennent-leur-these-avec-succes\/#primaryimage"},"image":{"@id":"https:\/\/www.uqac.ca\/uqactualites\/2020\/10\/08\/deux-doctorantes-en-mp-soutiennent-leur-these-avec-succes\/#primaryimage"},"thumbnailUrl":"https:\/\/www.uqac.ca\/uqactualites\/wp-content\/uploads\/2020\/10\/GRAF_1200X628SoutenanceA17-01.jpg","datePublished":"2020-10-08T20:13:32+00:00","dateModified":"2020-10-08T20:13:32+00:00","author":{"@id":"https:\/\/www.uqac.ca\/uqactualites\/#\/schema\/person\/366c45a0c4f0e677b41b4af5886e2018"},"breadcrumb":{"@id":"https:\/\/www.uqac.ca\/uqactualites\/2020\/10\/08\/deux-doctorantes-en-mp-soutiennent-leur-these-avec-succes\/#breadcrumb"},"inLanguage":"fr-CA","potentialAction":[{"@type":"ReadAction","target":["https:\/\/www.uqac.ca\/uqactualites\/2020\/10\/08\/deux-doctorantes-en-mp-soutiennent-leur-these-avec-succes\/"]}]},{"@type":"ImageObject","inLanguage":"fr-CA","@id":"https:\/\/www.uqac.ca\/uqactualites\/2020\/10\/08\/deux-doctorantes-en-mp-soutiennent-leur-these-avec-succes\/#primaryimage","url":"https:\/\/www.uqac.ca\/uqactualites\/wp-content\/uploads\/2020\/10\/GRAF_1200X628SoutenanceA17-01.jpg","contentUrl":"https:\/\/www.uqac.ca\/uqactualites\/wp-content\/uploads\/2020\/10\/GRAF_1200X628SoutenanceA17-01.jpg","width":1200,"height":628},{"@type":"BreadcrumbList","@id":"https:\/\/www.uqac.ca\/uqactualites\/2020\/10\/08\/deux-doctorantes-en-mp-soutiennent-leur-these-avec-succes\/#breadcrumb","itemListElement":[{"@type":"ListItem","position":1,"name":"Home","item":"https:\/\/www.uqac.ca\/uqactualites\/"},{"@type":"ListItem","position":2,"name":"Deux doctorantes en management de projets soutiennent leur th\u00e8se avec succ\u00e8s"}]},{"@type":"WebSite","@id":"https:\/\/www.uqac.ca\/uqactualites\/#website","url":"https:\/\/www.uqac.ca\/uqactualites\/","name":"UQACtualit\u00e9s","description":"Le portail des nouvelles de l&#039;UQAC","potentialAction":[{"@type":"SearchAction","target":{"@type":"EntryPoint","urlTemplate":"https:\/\/www.uqac.ca\/uqactualites\/?s={search_term_string}"},"query-input":{"@type":"PropertyValueSpecification","valueRequired":true,"valueName":"search_term_string"}}],"inLanguage":"fr-CA"},{"@type":"Person","@id":"https:\/\/www.uqac.ca\/uqactualites\/#\/schema\/person\/366c45a0c4f0e677b41b4af5886e2018","name":"Service des communications et des relations publiques","image":{"@type":"ImageObject","inLanguage":"fr-CA","@id":"https:\/\/www.uqac.ca\/uqactualites\/#\/schema\/person\/image\/","url":"https:\/\/secure.gravatar.com\/avatar\/20fbbda8a292f59f2d3461a5b999c00b?s=96&d=mm&r=g","contentUrl":"https:\/\/secure.gravatar.com\/avatar\/20fbbda8a292f59f2d3461a5b999c00b?s=96&d=mm&r=g","caption":"Service des communications et des relations publiques"},"url":"https:\/\/www.uqac.ca\/uqactualites\/author\/bap\/"}]}},"_links":{"self":[{"href":"https:\/\/www.uqac.ca\/uqactualites\/wp-json\/wp\/v2\/posts\/38762"}],"collection":[{"href":"https:\/\/www.uqac.ca\/uqactualites\/wp-json\/wp\/v2\/posts"}],"about":[{"href":"https:\/\/www.uqac.ca\/uqactualites\/wp-json\/wp\/v2\/types\/post"}],"author":[{"embeddable":true,"href":"https:\/\/www.uqac.ca\/uqactualites\/wp-json\/wp\/v2\/users\/5"}],"replies":[{"embeddable":true,"href":"https:\/\/www.uqac.ca\/uqactualites\/wp-json\/wp\/v2\/comments?post=38762"}],"version-history":[{"count":0,"href":"https:\/\/www.uqac.ca\/uqactualites\/wp-json\/wp\/v2\/posts\/38762\/revisions"}],"wp:featuredmedia":[{"embeddable":true,"href":"https:\/\/www.uqac.ca\/uqactualites\/wp-json\/wp\/v2\/media\/38765"}],"wp:attachment":[{"href":"https:\/\/www.uqac.ca\/uqactualites\/wp-json\/wp\/v2\/media?parent=38762"}],"wp:term":[{"taxonomy":"category","embeddable":true,"href":"https:\/\/www.uqac.ca\/uqactualites\/wp-json\/wp\/v2\/categories?post=38762"},{"taxonomy":"post_tag","embeddable":true,"href":"https:\/\/www.uqac.ca\/uqactualites\/wp-json\/wp\/v2\/tags?post=38762"}],"curies":[{"name":"wp","href":"https:\/\/api.w.org\/{rel}","templated":true}]}}