{"id":38847,"date":"2020-10-29T14:54:04","date_gmt":"2020-10-29T18:54:04","guid":{"rendered":"https:\/\/www.uqac.ca\/?p=38847"},"modified":"2020-10-29T14:54:04","modified_gmt":"2020-10-29T18:54:04","slug":"resultats-dune-etude-sur-les-consequences-de-la-pandemie-de-la-covid-19-sur-la-sante-des-etudiants-et-des-employes-du-reseau-de-luniversite-du-quebec","status":"publish","type":"post","link":"https:\/\/www.uqac.ca\/uqactualites\/2020\/10\/29\/resultats-dune-etude-sur-les-consequences-de-la-pandemie-de-la-covid-19-sur-la-sante-des-etudiants-et-des-employes-du-reseau-de-luniversite-du-quebec\/","title":{"rendered":"R\u00e9sultats d&rsquo;une \u00e9tude sur les cons\u00e9quences de la pand\u00e9mie de la Covid-19 sur la sant\u00e9 des \u00e9tudiants et des employ\u00e9s du r\u00e9seau de l&rsquo;Universit\u00e9 du Qu\u00e9bec"},"content":{"rendered":"<p>Au mois de mars dernier, la vie de milliers d\u2019\u00e9tudiants et d\u2019employ\u00e9s s\u2019est vue boulevers\u00e9e suite \u00e0 la fermeture temporaire des \u00e9tablissements universitaires qu\u00e9b\u00e9cois. Les cours en pr\u00e9sence ont fait place aux prestations en virtuel, et ce, afin d\u2019achever coute que coute le trimestre d\u2019hiver. Tous les membres des communaut\u00e9s universitaires ont d\u00fb rapidement s\u2019adapter \u00e0 cette nouvelle r\u00e9alit\u00e9. Quelles ont \u00e9t\u00e9 les cons\u00e9quences de la pand\u00e9mie sur la sant\u00e9 globale de ces \u00e9tudiants et employ\u00e9s\u2009?<\/p>\n<p>Afin de r\u00e9pondre \u00e0 cette question, un sondage a \u00e9t\u00e9 men\u00e9 en avril et mai 2020, aupr\u00e8s de 2\u2009754 \u00e9tudiants et employ\u00e9s du r\u00e9seau des Universit\u00e9s du Qu\u00e9bec. Cette \u00e9tude longitudinale, a \u00e9t\u00e9 initi\u00e9e par Christiane Bergeron-Leclerc, Danielle Maltais, Jacques Cherblanc, \u00c8ve Pouliot et Jacinthe Dion, professeurs \u00e0 l\u2019Universit\u00e9 du Qu\u00e9bec \u00e0 Chicoutimi (UQAC). Consid\u00e9rant l\u2019int\u00e9r\u00eat de cette \u00e9quipe pour la recherche en contexte de crise macrosociale, il allait de soi de s\u2019int\u00e9resser \u00e0 ce fait total qu\u2019est la pand\u00e9mie de la COVID-19. \u00c0 cette \u00e9quipe de l\u2019UQAC se joignent 10 autres collaborateurs\u00a0: Myriam Dub\u00e9 (UQAM), Anne Ren\u00e9e Gravel (T\u00c9LUQ), Jos\u00e9e Grenier (UQO), Oscar Labra (UQAT), Lara Maillet (\u00c9NAP), Andr\u00e9e-Anne Marchand (UQTR) Marie-H\u00e9l\u00e8ne Morin (UQAR), Claudiane Ouellet-Plamondon (\u00c9TS), Cathy Vaillancourt (INRS), Marie-Pier Vaillancourt-Morel (UQTR). Cette \u00e9quipe comprenant quinze chercheurs poss\u00e9dant des expertises dans les domaines de la sant\u00e9 physique, psychologique, sociale et spirituelle, accueille \u00e9galement des \u00e9tudiants de premier et de second cycle universitaire. Jusqu\u2019\u00e0 pr\u00e9sent, en plus de b\u00e9n\u00e9ficier d\u2019un soutien institutionnel, l\u2019\u00e9quipe peut compter sur les appuis financiers du Centre intersectoriel en sant\u00e9 durable de l\u2019UQAC, de la F\u00e9d\u00e9ration qu\u00e9b\u00e9coise des professeures et des professeurs d\u2019universit\u00e9 et de l\u2019Universit\u00e9 du Qu\u00e9bec \u00e0 Chicoutimi.<\/p>\n<p>Les r\u00e9sultats de la phase\u00a01 de l\u2019\u00e9tude confirment que la pand\u00e9mie constitue une source de stress non n\u00e9gligeable pour les populations universitaires. Cet \u00e9v\u00e9nement, qualifi\u00e9 de stressant par 89\u00a0% des r\u00e9pondants, est associ\u00e9 \u00e0 diverses peurs, dont la principale est celle de voir un proche contamin\u00e9 (77\u00a0%). L\u2019\u00e9tude indique \u00e9galement que 60\u00a0% des r\u00e9pondants pr\u00e9sentent au moins un des probl\u00e8mes de sant\u00e9 psychologique investigu\u00e9. En effet, il importe de souligner que 47\u00a0% des r\u00e9pondants vivent d\u2019importantes manifestations d\u00e9pressives, 45\u00a0% de l\u2019anxi\u00e9t\u00e9 et 42\u00a0% vivent de la d\u00e9tresse psychologique. Enfin et non le moindre, 30\u00a0% des r\u00e9pondants ont v\u00e9cu d\u2019importants sympt\u00f4mes de stress post-traumatiques. Cette vuln\u00e9rabilit\u00e9 psychologique observ\u00e9e est plus importante chez les \u00e9tudiants que les employ\u00e9s. C\u2019est ainsi que les \u00e9tudiants rapportent vivre davantage de manifestations anxieuses, d\u00e9pressives, de d\u00e9tresse psychologique et de stress post-traumatique que les employ\u00e9s. La conciliation est \u00e9galement difficile pour plusieurs des parents interrog\u00e9s (n=410), particuli\u00e8rement chez ceux ayant des enfants \u00e2g\u00e9s de 0 \u00e0 11 ans. 92,5\u00a0% de ceux-ci s\u2019imposent de la pression dans la fa\u00e7on dont ils prennent soin de leurs enfants et ils sont nombreux (69\u00a0%) \u00e0 estimer que les exigences de leur travail se r\u00e9percutent sur leur vie familiale. \u00a0\u00c0 c\u00f4t\u00e9 de ce portrait un peu sombre, l\u2019\u00e9tude met toutefois en \u00e9vidence le r\u00f4le de protection de certains facteurs. Le niveau de soutien social, de m\u00eame que la satisfaction \u00e0 l\u2019\u00e9gard de ce soutien ont pour effet d\u2019all\u00e9ger la d\u00e9tresse ressentie. Il en va de m\u00eame pour\u00a0la qualit\u00e9 de la vie spirituelle, m\u00eame si elle est dans l\u2019ensemble tr\u00e8s faible, affecte favorablement la sant\u00e9 globale des r\u00e9pondants.<\/p>\n<p>&nbsp;<\/p>\n<p>La phase\u00a02 de l\u2019\u00e9tude qui s\u2019amorce le 9 novembre permettra de suivre l\u2019\u00e9volution de l\u2019\u00e9tat de sant\u00e9 de ces \u00e9tudiants et employ\u00e9s universitaires. Pour en savoir plus sur cette \u00e9tude et ses r\u00e9sultats, vous \u00eates invit\u00e9s \u00e0 consulter le site internet suivant : <span style=\"color: #808000;\"><a style=\"color: #808000;\" href=\"http:\/\/www.uqac.ca\/impactcovid\/\">http:\/\/www.uqac.ca\/impactcovid\/<\/a><\/span>.<\/p>\n<p>&nbsp;<\/p>\n","protected":false},"excerpt":{"rendered":"<p>Au mois de mars dernier, la vie de milliers d\u2019\u00e9tudiants et d\u2019employ\u00e9s s\u2019est vue boulevers\u00e9e suite \u00e0 la fermeture temporaire des \u00e9tablissements universitaires qu\u00e9b\u00e9cois. Les cours en pr\u00e9sence ont fait place aux prestations en virtuel, et ce, afin d\u2019achever coute que coute le trimestre d\u2019hiver. Tous les membres des communaut\u00e9s universitaires ont d\u00fb rapidement s\u2019adapter [&hellip;]<\/p>\n","protected":false},"author":5,"featured_media":38848,"comment_status":"closed","ping_status":"open","sticky":false,"template":"","format":"standard","meta":{"footnotes":""},"categories":[2],"tags":[314,189,315,316],"yoast_head":"<!-- This site is optimized with the Yoast SEO plugin v24.2 - https:\/\/yoast.com\/wordpress\/plugins\/seo\/ -->\r\n<title>R\u00e9sultats d&#039;une \u00e9tude sur les cons\u00e9quences de la pand\u00e9mie de la Covid-19 sur la sant\u00e9 des \u00e9tudiants et des employ\u00e9s du r\u00e9seau de l&#039;Universit\u00e9 du Qu\u00e9bec - UQACtualit\u00e9s<\/title>\r\n<meta name=\"robots\" content=\"index, follow, max-snippet:-1, max-image-preview:large, max-video-preview:-1\" \/>\r\n<link rel=\"canonical\" href=\"https:\/\/www.uqac.ca\/uqactualites\/2020\/10\/29\/resultats-dune-etude-sur-les-consequences-de-la-pandemie-de-la-covid-19-sur-la-sante-des-etudiants-et-des-employes-du-reseau-de-luniversite-du-quebec\/\" \/>\r\n<meta property=\"og:locale\" content=\"fr_CA\" \/>\r\n<meta property=\"og:type\" content=\"article\" \/>\r\n<meta property=\"og:title\" content=\"R\u00e9sultats d&#039;une \u00e9tude sur les cons\u00e9quences de la pand\u00e9mie de la Covid-19 sur la sant\u00e9 des \u00e9tudiants et des employ\u00e9s du r\u00e9seau de l&#039;Universit\u00e9 du Qu\u00e9bec - UQACtualit\u00e9s\" \/>\r\n<meta property=\"og:description\" content=\"Au mois de mars dernier, la vie de milliers d\u2019\u00e9tudiants et d\u2019employ\u00e9s s\u2019est vue boulevers\u00e9e suite \u00e0 la fermeture temporaire des \u00e9tablissements universitaires qu\u00e9b\u00e9cois. Les cours en pr\u00e9sence ont fait place aux prestations en virtuel, et ce, afin d\u2019achever coute que coute le trimestre d\u2019hiver. Tous les membres des communaut\u00e9s universitaires ont d\u00fb rapidement s\u2019adapter [&hellip;]\" \/>\r\n<meta property=\"og:url\" content=\"https:\/\/www.uqac.ca\/uqactualites\/2020\/10\/29\/resultats-dune-etude-sur-les-consequences-de-la-pandemie-de-la-covid-19-sur-la-sante-des-etudiants-et-des-employes-du-reseau-de-luniversite-du-quebec\/\" \/>\r\n<meta property=\"og:site_name\" content=\"UQACtualit\u00e9s\" \/>\r\n<meta property=\"article:published_time\" content=\"2020-10-29T18:54:04+00:00\" \/>\r\n<meta property=\"og:image\" content=\"https:\/\/www.uqac.ca\/uqactualites\/wp-content\/uploads\/2020\/10\/GRAF_760X450ImpactCovid.jpg\" \/>\r\n\t<meta property=\"og:image:width\" content=\"760\" \/>\r\n\t<meta property=\"og:image:height\" content=\"450\" \/>\r\n\t<meta property=\"og:image:type\" content=\"image\/jpeg\" \/>\r\n<meta name=\"author\" content=\"Service des communications et des relations publiques\" \/>\r\n<meta name=\"twitter:card\" content=\"summary_large_image\" \/>\r\n<meta name=\"twitter:label1\" content=\"\u00c9crit par\" \/>\n\t<meta name=\"twitter:data1\" content=\"Service des communications et des relations publiques\" \/>\n\t<meta name=\"twitter:label2\" content=\"Estimation du temps de lecture\" \/>\n\t<meta name=\"twitter:data2\" content=\"3 minutes\" \/>\r\n<script type=\"application\/ld+json\" class=\"yoast-schema-graph\">{\"@context\":\"https:\/\/schema.org\",\"@graph\":[{\"@type\":\"WebPage\",\"@id\":\"https:\/\/www.uqac.ca\/uqactualites\/2020\/10\/29\/resultats-dune-etude-sur-les-consequences-de-la-pandemie-de-la-covid-19-sur-la-sante-des-etudiants-et-des-employes-du-reseau-de-luniversite-du-quebec\/\",\"url\":\"https:\/\/www.uqac.ca\/uqactualites\/2020\/10\/29\/resultats-dune-etude-sur-les-consequences-de-la-pandemie-de-la-covid-19-sur-la-sante-des-etudiants-et-des-employes-du-reseau-de-luniversite-du-quebec\/\",\"name\":\"R\u00e9sultats d'une \u00e9tude sur les cons\u00e9quences de la pand\u00e9mie de la Covid-19 sur la sant\u00e9 des \u00e9tudiants et des employ\u00e9s du r\u00e9seau de l'Universit\u00e9 du Qu\u00e9bec - UQACtualit\u00e9s\",\"isPartOf\":{\"@id\":\"https:\/\/www.uqac.ca\/uqactualites\/#website\"},\"primaryImageOfPage\":{\"@id\":\"https:\/\/www.uqac.ca\/uqactualites\/2020\/10\/29\/resultats-dune-etude-sur-les-consequences-de-la-pandemie-de-la-covid-19-sur-la-sante-des-etudiants-et-des-employes-du-reseau-de-luniversite-du-quebec\/#primaryimage\"},\"image\":{\"@id\":\"https:\/\/www.uqac.ca\/uqactualites\/2020\/10\/29\/resultats-dune-etude-sur-les-consequences-de-la-pandemie-de-la-covid-19-sur-la-sante-des-etudiants-et-des-employes-du-reseau-de-luniversite-du-quebec\/#primaryimage\"},\"thumbnailUrl\":\"https:\/\/www.uqac.ca\/uqactualites\/wp-content\/uploads\/2020\/10\/GRAF_760X450ImpactCovid.jpg\",\"datePublished\":\"2020-10-29T18:54:04+00:00\",\"dateModified\":\"2020-10-29T18:54:04+00:00\",\"author\":{\"@id\":\"https:\/\/www.uqac.ca\/uqactualites\/#\/schema\/person\/366c45a0c4f0e677b41b4af5886e2018\"},\"breadcrumb\":{\"@id\":\"https:\/\/www.uqac.ca\/uqactualites\/2020\/10\/29\/resultats-dune-etude-sur-les-consequences-de-la-pandemie-de-la-covid-19-sur-la-sante-des-etudiants-et-des-employes-du-reseau-de-luniversite-du-quebec\/#breadcrumb\"},\"inLanguage\":\"fr-CA\",\"potentialAction\":[{\"@type\":\"ReadAction\",\"target\":[\"https:\/\/www.uqac.ca\/uqactualites\/2020\/10\/29\/resultats-dune-etude-sur-les-consequences-de-la-pandemie-de-la-covid-19-sur-la-sante-des-etudiants-et-des-employes-du-reseau-de-luniversite-du-quebec\/\"]}]},{\"@type\":\"ImageObject\",\"inLanguage\":\"fr-CA\",\"@id\":\"https:\/\/www.uqac.ca\/uqactualites\/2020\/10\/29\/resultats-dune-etude-sur-les-consequences-de-la-pandemie-de-la-covid-19-sur-la-sante-des-etudiants-et-des-employes-du-reseau-de-luniversite-du-quebec\/#primaryimage\",\"url\":\"https:\/\/www.uqac.ca\/uqactualites\/wp-content\/uploads\/2020\/10\/GRAF_760X450ImpactCovid.jpg\",\"contentUrl\":\"https:\/\/www.uqac.ca\/uqactualites\/wp-content\/uploads\/2020\/10\/GRAF_760X450ImpactCovid.jpg\",\"width\":760,\"height\":450,\"caption\":\"Conceptual global crisis of Covid-19 virus epidemic and crowd of people. Covid-19 virus illustration downloaded from CDC than layered and manipulated. for more information please visit Centers for Disease Control and Prevention web site: https:\/\/www.cdc.gov\/media\/subtopic\/images.htm\"},{\"@type\":\"BreadcrumbList\",\"@id\":\"https:\/\/www.uqac.ca\/uqactualites\/2020\/10\/29\/resultats-dune-etude-sur-les-consequences-de-la-pandemie-de-la-covid-19-sur-la-sante-des-etudiants-et-des-employes-du-reseau-de-luniversite-du-quebec\/#breadcrumb\",\"itemListElement\":[{\"@type\":\"ListItem\",\"position\":1,\"name\":\"Home\",\"item\":\"https:\/\/www.uqac.ca\/uqactualites\/\"},{\"@type\":\"ListItem\",\"position\":2,\"name\":\"R\u00e9sultats d&rsquo;une \u00e9tude sur les cons\u00e9quences de la pand\u00e9mie de la Covid-19 sur la sant\u00e9 des \u00e9tudiants et des employ\u00e9s du r\u00e9seau de l&rsquo;Universit\u00e9 du Qu\u00e9bec\"}]},{\"@type\":\"WebSite\",\"@id\":\"https:\/\/www.uqac.ca\/uqactualites\/#website\",\"url\":\"https:\/\/www.uqac.ca\/uqactualites\/\",\"name\":\"UQACtualit\u00e9s\",\"description\":\"Le portail des nouvelles de l&#039;UQAC\",\"potentialAction\":[{\"@type\":\"SearchAction\",\"target\":{\"@type\":\"EntryPoint\",\"urlTemplate\":\"https:\/\/www.uqac.ca\/uqactualites\/?s={search_term_string}\"},\"query-input\":{\"@type\":\"PropertyValueSpecification\",\"valueRequired\":true,\"valueName\":\"search_term_string\"}}],\"inLanguage\":\"fr-CA\"},{\"@type\":\"Person\",\"@id\":\"https:\/\/www.uqac.ca\/uqactualites\/#\/schema\/person\/366c45a0c4f0e677b41b4af5886e2018\",\"name\":\"Service des communications et des relations publiques\",\"image\":{\"@type\":\"ImageObject\",\"inLanguage\":\"fr-CA\",\"@id\":\"https:\/\/www.uqac.ca\/uqactualites\/#\/schema\/person\/image\/\",\"url\":\"https:\/\/secure.gravatar.com\/avatar\/20fbbda8a292f59f2d3461a5b999c00b?s=96&d=mm&r=g\",\"contentUrl\":\"https:\/\/secure.gravatar.com\/avatar\/20fbbda8a292f59f2d3461a5b999c00b?s=96&d=mm&r=g\",\"caption\":\"Service des communications et des relations publiques\"},\"url\":\"https:\/\/www.uqac.ca\/uqactualites\/author\/bap\/\"}]}<\/script>\r\n<!-- \/ Yoast SEO plugin. -->","yoast_head_json":{"title":"R\u00e9sultats d'une \u00e9tude sur les cons\u00e9quences de la pand\u00e9mie de la Covid-19 sur la sant\u00e9 des \u00e9tudiants et des employ\u00e9s du r\u00e9seau de l'Universit\u00e9 du Qu\u00e9bec - UQACtualit\u00e9s","robots":{"index":"index","follow":"follow","max-snippet":"max-snippet:-1","max-image-preview":"max-image-preview:large","max-video-preview":"max-video-preview:-1"},"canonical":"https:\/\/www.uqac.ca\/uqactualites\/2020\/10\/29\/resultats-dune-etude-sur-les-consequences-de-la-pandemie-de-la-covid-19-sur-la-sante-des-etudiants-et-des-employes-du-reseau-de-luniversite-du-quebec\/","og_locale":"fr_CA","og_type":"article","og_title":"R\u00e9sultats d'une \u00e9tude sur les cons\u00e9quences de la pand\u00e9mie de la Covid-19 sur la sant\u00e9 des \u00e9tudiants et des employ\u00e9s du r\u00e9seau de l'Universit\u00e9 du Qu\u00e9bec - UQACtualit\u00e9s","og_description":"Au mois de mars dernier, la vie de milliers d\u2019\u00e9tudiants et d\u2019employ\u00e9s s\u2019est vue boulevers\u00e9e suite \u00e0 la fermeture temporaire des \u00e9tablissements universitaires qu\u00e9b\u00e9cois. Les cours en pr\u00e9sence ont fait place aux prestations en virtuel, et ce, afin d\u2019achever coute que coute le trimestre d\u2019hiver. Tous les membres des communaut\u00e9s universitaires ont d\u00fb rapidement s\u2019adapter [&hellip;]","og_url":"https:\/\/www.uqac.ca\/uqactualites\/2020\/10\/29\/resultats-dune-etude-sur-les-consequences-de-la-pandemie-de-la-covid-19-sur-la-sante-des-etudiants-et-des-employes-du-reseau-de-luniversite-du-quebec\/","og_site_name":"UQACtualit\u00e9s","article_published_time":"2020-10-29T18:54:04+00:00","og_image":[{"width":760,"height":450,"url":"https:\/\/www.uqac.ca\/uqactualites\/wp-content\/uploads\/2020\/10\/GRAF_760X450ImpactCovid.jpg","type":"image\/jpeg"}],"author":"Service des communications et des relations publiques","twitter_card":"summary_large_image","twitter_misc":{"\u00c9crit par":"Service des communications et des relations publiques","Estimation du temps de lecture":"3 minutes"},"schema":{"@context":"https:\/\/schema.org","@graph":[{"@type":"WebPage","@id":"https:\/\/www.uqac.ca\/uqactualites\/2020\/10\/29\/resultats-dune-etude-sur-les-consequences-de-la-pandemie-de-la-covid-19-sur-la-sante-des-etudiants-et-des-employes-du-reseau-de-luniversite-du-quebec\/","url":"https:\/\/www.uqac.ca\/uqactualites\/2020\/10\/29\/resultats-dune-etude-sur-les-consequences-de-la-pandemie-de-la-covid-19-sur-la-sante-des-etudiants-et-des-employes-du-reseau-de-luniversite-du-quebec\/","name":"R\u00e9sultats d'une \u00e9tude sur les cons\u00e9quences de la pand\u00e9mie de la Covid-19 sur la sant\u00e9 des \u00e9tudiants et des employ\u00e9s du r\u00e9seau de l'Universit\u00e9 du Qu\u00e9bec - UQACtualit\u00e9s","isPartOf":{"@id":"https:\/\/www.uqac.ca\/uqactualites\/#website"},"primaryImageOfPage":{"@id":"https:\/\/www.uqac.ca\/uqactualites\/2020\/10\/29\/resultats-dune-etude-sur-les-consequences-de-la-pandemie-de-la-covid-19-sur-la-sante-des-etudiants-et-des-employes-du-reseau-de-luniversite-du-quebec\/#primaryimage"},"image":{"@id":"https:\/\/www.uqac.ca\/uqactualites\/2020\/10\/29\/resultats-dune-etude-sur-les-consequences-de-la-pandemie-de-la-covid-19-sur-la-sante-des-etudiants-et-des-employes-du-reseau-de-luniversite-du-quebec\/#primaryimage"},"thumbnailUrl":"https:\/\/www.uqac.ca\/uqactualites\/wp-content\/uploads\/2020\/10\/GRAF_760X450ImpactCovid.jpg","datePublished":"2020-10-29T18:54:04+00:00","dateModified":"2020-10-29T18:54:04+00:00","author":{"@id":"https:\/\/www.uqac.ca\/uqactualites\/#\/schema\/person\/366c45a0c4f0e677b41b4af5886e2018"},"breadcrumb":{"@id":"https:\/\/www.uqac.ca\/uqactualites\/2020\/10\/29\/resultats-dune-etude-sur-les-consequences-de-la-pandemie-de-la-covid-19-sur-la-sante-des-etudiants-et-des-employes-du-reseau-de-luniversite-du-quebec\/#breadcrumb"},"inLanguage":"fr-CA","potentialAction":[{"@type":"ReadAction","target":["https:\/\/www.uqac.ca\/uqactualites\/2020\/10\/29\/resultats-dune-etude-sur-les-consequences-de-la-pandemie-de-la-covid-19-sur-la-sante-des-etudiants-et-des-employes-du-reseau-de-luniversite-du-quebec\/"]}]},{"@type":"ImageObject","inLanguage":"fr-CA","@id":"https:\/\/www.uqac.ca\/uqactualites\/2020\/10\/29\/resultats-dune-etude-sur-les-consequences-de-la-pandemie-de-la-covid-19-sur-la-sante-des-etudiants-et-des-employes-du-reseau-de-luniversite-du-quebec\/#primaryimage","url":"https:\/\/www.uqac.ca\/uqactualites\/wp-content\/uploads\/2020\/10\/GRAF_760X450ImpactCovid.jpg","contentUrl":"https:\/\/www.uqac.ca\/uqactualites\/wp-content\/uploads\/2020\/10\/GRAF_760X450ImpactCovid.jpg","width":760,"height":450,"caption":"Conceptual global crisis of Covid-19 virus epidemic and crowd of people. Covid-19 virus illustration downloaded from CDC than layered and manipulated. for more information please visit Centers for Disease Control and Prevention web site: https:\/\/www.cdc.gov\/media\/subtopic\/images.htm"},{"@type":"BreadcrumbList","@id":"https:\/\/www.uqac.ca\/uqactualites\/2020\/10\/29\/resultats-dune-etude-sur-les-consequences-de-la-pandemie-de-la-covid-19-sur-la-sante-des-etudiants-et-des-employes-du-reseau-de-luniversite-du-quebec\/#breadcrumb","itemListElement":[{"@type":"ListItem","position":1,"name":"Home","item":"https:\/\/www.uqac.ca\/uqactualites\/"},{"@type":"ListItem","position":2,"name":"R\u00e9sultats d&rsquo;une \u00e9tude sur les cons\u00e9quences de la pand\u00e9mie de la Covid-19 sur la sant\u00e9 des \u00e9tudiants et des employ\u00e9s du r\u00e9seau de l&rsquo;Universit\u00e9 du Qu\u00e9bec"}]},{"@type":"WebSite","@id":"https:\/\/www.uqac.ca\/uqactualites\/#website","url":"https:\/\/www.uqac.ca\/uqactualites\/","name":"UQACtualit\u00e9s","description":"Le portail des nouvelles de l&#039;UQAC","potentialAction":[{"@type":"SearchAction","target":{"@type":"EntryPoint","urlTemplate":"https:\/\/www.uqac.ca\/uqactualites\/?s={search_term_string}"},"query-input":{"@type":"PropertyValueSpecification","valueRequired":true,"valueName":"search_term_string"}}],"inLanguage":"fr-CA"},{"@type":"Person","@id":"https:\/\/www.uqac.ca\/uqactualites\/#\/schema\/person\/366c45a0c4f0e677b41b4af5886e2018","name":"Service des communications et des relations publiques","image":{"@type":"ImageObject","inLanguage":"fr-CA","@id":"https:\/\/www.uqac.ca\/uqactualites\/#\/schema\/person\/image\/","url":"https:\/\/secure.gravatar.com\/avatar\/20fbbda8a292f59f2d3461a5b999c00b?s=96&d=mm&r=g","contentUrl":"https:\/\/secure.gravatar.com\/avatar\/20fbbda8a292f59f2d3461a5b999c00b?s=96&d=mm&r=g","caption":"Service des communications et des relations publiques"},"url":"https:\/\/www.uqac.ca\/uqactualites\/author\/bap\/"}]}},"_links":{"self":[{"href":"https:\/\/www.uqac.ca\/uqactualites\/wp-json\/wp\/v2\/posts\/38847"}],"collection":[{"href":"https:\/\/www.uqac.ca\/uqactualites\/wp-json\/wp\/v2\/posts"}],"about":[{"href":"https:\/\/www.uqac.ca\/uqactualites\/wp-json\/wp\/v2\/types\/post"}],"author":[{"embeddable":true,"href":"https:\/\/www.uqac.ca\/uqactualites\/wp-json\/wp\/v2\/users\/5"}],"replies":[{"embeddable":true,"href":"https:\/\/www.uqac.ca\/uqactualites\/wp-json\/wp\/v2\/comments?post=38847"}],"version-history":[{"count":0,"href":"https:\/\/www.uqac.ca\/uqactualites\/wp-json\/wp\/v2\/posts\/38847\/revisions"}],"wp:featuredmedia":[{"embeddable":true,"href":"https:\/\/www.uqac.ca\/uqactualites\/wp-json\/wp\/v2\/media\/38848"}],"wp:attachment":[{"href":"https:\/\/www.uqac.ca\/uqactualites\/wp-json\/wp\/v2\/media?parent=38847"}],"wp:term":[{"taxonomy":"category","embeddable":true,"href":"https:\/\/www.uqac.ca\/uqactualites\/wp-json\/wp\/v2\/categories?post=38847"},{"taxonomy":"post_tag","embeddable":true,"href":"https:\/\/www.uqac.ca\/uqactualites\/wp-json\/wp\/v2\/tags?post=38847"}],"curies":[{"name":"wp","href":"https:\/\/api.w.org\/{rel}","templated":true}]}}