{"id":38856,"date":"2020-10-30T09:00:38","date_gmt":"2020-10-30T13:00:38","guid":{"rendered":"https:\/\/www.uqac.ca\/?p=38856"},"modified":"2020-10-30T09:00:38","modified_gmt":"2020-10-30T13:00:38","slug":"15-000-pour-le-projet-partenariat-recherche-pratique-en-education","status":"publish","type":"post","link":"https:\/\/www.uqac.ca\/uqactualites\/2020\/10\/30\/15-000-pour-le-projet-partenariat-recherche-pratique-en-education\/","title":{"rendered":"15 000$ pour le projet : Partenariat recherche-pratique en \u00e9ducation"},"content":{"rendered":"<p>Ce financement a \u00e9t\u00e9 obtenu par l\u2019\u00e9quipe du Fonds de recherche \u2013 Soci\u00e9t\u00e9 et culture (FRQ-SC) sur le Partenariat recherche-pratique en \u00e9ducation. Dirig\u00e9e par St\u00e9phane Allaire, professeur au D\u00e9partement des sciences de l\u2019\u00e9ducation,<a href=\"http:\/\/www.uqac.ca\/prpe\/membres\"> l\u2019\u00e9quipe r\u00e9unit une vingtaine de professeurs de l\u2019UQAC<\/a>\u00a0 qui \u0153uvrent \u00e0 l\u2019\u00e9tude des processus de travail et de collaboration entre les chercheurs et les praticiens des milieux scolaires.<\/p>\n<p>Le financement re\u00e7u sera consacr\u00e9, au cours de la prochaine ann\u00e9e, \u00e0 l\u2019\u00e9laboration d\u2019une vaste demande de subvention au Conseil de recherches en sciences humaines (CRSH) qui devrait permettre d\u2019\u00e9tendre la programmation scientifique du Consortium r\u00e9gional de recherche en \u00e9ducation. Dirig\u00e9 par Lo\u00efc Pulido, professeur au D\u00e9partement des sciences de l\u2019\u00e9ducation, ce partenariat r\u00e9gional de plus de 20 ans s\u2019affaire \u00e0 la valorisation d\u2019une culture de recherche participative avec l\u2019ensemble des partenaires \u00e9ducatifs de la r\u00e9gion du Saguenay\u2013Lac-St-Jean.<\/p>\n","protected":false},"excerpt":{"rendered":"<p>Ce financement a \u00e9t\u00e9 obtenu par l\u2019\u00e9quipe du Fonds de recherche \u2013 Soci\u00e9t\u00e9 et culture (FRQ-SC) sur le Partenariat recherche-pratique en \u00e9ducation. Dirig\u00e9e par St\u00e9phane Allaire, professeur au D\u00e9partement des sciences de l\u2019\u00e9ducation, l\u2019\u00e9quipe r\u00e9unit une vingtaine de professeurs de l\u2019UQAC\u00a0 qui \u0153uvrent \u00e0 l\u2019\u00e9tude des processus de travail et de collaboration entre les chercheurs [&hellip;]<\/p>\n","protected":false},"author":5,"featured_media":38866,"comment_status":"closed","ping_status":"open","sticky":false,"template":"","format":"standard","meta":{"footnotes":""},"categories":[2],"tags":[5,16],"yoast_head":"<!-- This site is optimized with the Yoast SEO plugin v24.2 - https:\/\/yoast.com\/wordpress\/plugins\/seo\/ -->\r\n<title>15 000$ pour le projet : Partenariat recherche-pratique en \u00e9ducation - UQACtualit\u00e9s<\/title>\r\n<meta name=\"robots\" content=\"index, follow, max-snippet:-1, max-image-preview:large, max-video-preview:-1\" \/>\r\n<link rel=\"canonical\" href=\"https:\/\/www.uqac.ca\/uqactualites\/2020\/10\/30\/15-000-pour-le-projet-partenariat-recherche-pratique-en-education\/\" \/>\r\n<meta property=\"og:locale\" content=\"fr_CA\" \/>\r\n<meta property=\"og:type\" content=\"article\" \/>\r\n<meta property=\"og:title\" content=\"15 000$ pour le projet : Partenariat recherche-pratique en \u00e9ducation - UQACtualit\u00e9s\" \/>\r\n<meta property=\"og:description\" content=\"Ce financement a \u00e9t\u00e9 obtenu par l\u2019\u00e9quipe du Fonds de recherche \u2013 Soci\u00e9t\u00e9 et culture (FRQ-SC) sur le Partenariat recherche-pratique en \u00e9ducation. Dirig\u00e9e par St\u00e9phane Allaire, professeur au D\u00e9partement des sciences de l\u2019\u00e9ducation, l\u2019\u00e9quipe r\u00e9unit une vingtaine de professeurs de l\u2019UQAC\u00a0 qui \u0153uvrent \u00e0 l\u2019\u00e9tude des processus de travail et de collaboration entre les chercheurs [&hellip;]\" \/>\r\n<meta property=\"og:url\" content=\"https:\/\/www.uqac.ca\/uqactualites\/2020\/10\/30\/15-000-pour-le-projet-partenariat-recherche-pratique-en-education\/\" \/>\r\n<meta property=\"og:site_name\" content=\"UQACtualit\u00e9s\" \/>\r\n<meta property=\"article:published_time\" content=\"2020-10-30T13:00:38+00:00\" \/>\r\n<meta property=\"og:image\" content=\"https:\/\/www.uqac.ca\/uqactualites\/wp-content\/uploads\/2020\/10\/120929269_2801098446792238_4160075351084118088_n-1-scaled.jpg\" \/>\r\n\t<meta property=\"og:image:width\" content=\"2560\" \/>\r\n\t<meta property=\"og:image:height\" content=\"2180\" \/>\r\n\t<meta property=\"og:image:type\" content=\"image\/jpeg\" \/>\r\n<meta name=\"author\" content=\"Service des communications et des relations publiques\" \/>\r\n<meta name=\"twitter:card\" content=\"summary_large_image\" \/>\r\n<meta name=\"twitter:label1\" content=\"\u00c9crit par\" \/>\n\t<meta name=\"twitter:data1\" content=\"Service des communications et des relations publiques\" \/>\n\t<meta name=\"twitter:label2\" content=\"Estimation du temps de lecture\" \/>\n\t<meta name=\"twitter:data2\" content=\"1 minute\" \/>\r\n<script type=\"application\/ld+json\" class=\"yoast-schema-graph\">{\"@context\":\"https:\/\/schema.org\",\"@graph\":[{\"@type\":\"WebPage\",\"@id\":\"https:\/\/www.uqac.ca\/uqactualites\/2020\/10\/30\/15-000-pour-le-projet-partenariat-recherche-pratique-en-education\/\",\"url\":\"https:\/\/www.uqac.ca\/uqactualites\/2020\/10\/30\/15-000-pour-le-projet-partenariat-recherche-pratique-en-education\/\",\"name\":\"15 000$ pour le projet : Partenariat recherche-pratique en \u00e9ducation - UQACtualit\u00e9s\",\"isPartOf\":{\"@id\":\"https:\/\/www.uqac.ca\/uqactualites\/#website\"},\"primaryImageOfPage\":{\"@id\":\"https:\/\/www.uqac.ca\/uqactualites\/2020\/10\/30\/15-000-pour-le-projet-partenariat-recherche-pratique-en-education\/#primaryimage\"},\"image\":{\"@id\":\"https:\/\/www.uqac.ca\/uqactualites\/2020\/10\/30\/15-000-pour-le-projet-partenariat-recherche-pratique-en-education\/#primaryimage\"},\"thumbnailUrl\":\"https:\/\/www.uqac.ca\/uqactualites\/wp-content\/uploads\/2020\/10\/120929269_2801098446792238_4160075351084118088_n-1-scaled.jpg\",\"datePublished\":\"2020-10-30T13:00:38+00:00\",\"dateModified\":\"2020-10-30T13:00:38+00:00\",\"author\":{\"@id\":\"https:\/\/www.uqac.ca\/uqactualites\/#\/schema\/person\/366c45a0c4f0e677b41b4af5886e2018\"},\"breadcrumb\":{\"@id\":\"https:\/\/www.uqac.ca\/uqactualites\/2020\/10\/30\/15-000-pour-le-projet-partenariat-recherche-pratique-en-education\/#breadcrumb\"},\"inLanguage\":\"fr-CA\",\"potentialAction\":[{\"@type\":\"ReadAction\",\"target\":[\"https:\/\/www.uqac.ca\/uqactualites\/2020\/10\/30\/15-000-pour-le-projet-partenariat-recherche-pratique-en-education\/\"]}]},{\"@type\":\"ImageObject\",\"inLanguage\":\"fr-CA\",\"@id\":\"https:\/\/www.uqac.ca\/uqactualites\/2020\/10\/30\/15-000-pour-le-projet-partenariat-recherche-pratique-en-education\/#primaryimage\",\"url\":\"https:\/\/www.uqac.ca\/uqactualites\/wp-content\/uploads\/2020\/10\/120929269_2801098446792238_4160075351084118088_n-1-scaled.jpg\",\"contentUrl\":\"https:\/\/www.uqac.ca\/uqactualites\/wp-content\/uploads\/2020\/10\/120929269_2801098446792238_4160075351084118088_n-1-scaled.jpg\",\"width\":2560,\"height\":2180},{\"@type\":\"BreadcrumbList\",\"@id\":\"https:\/\/www.uqac.ca\/uqactualites\/2020\/10\/30\/15-000-pour-le-projet-partenariat-recherche-pratique-en-education\/#breadcrumb\",\"itemListElement\":[{\"@type\":\"ListItem\",\"position\":1,\"name\":\"Home\",\"item\":\"https:\/\/www.uqac.ca\/uqactualites\/\"},{\"@type\":\"ListItem\",\"position\":2,\"name\":\"15 000$ pour le projet : Partenariat recherche-pratique en \u00e9ducation\"}]},{\"@type\":\"WebSite\",\"@id\":\"https:\/\/www.uqac.ca\/uqactualites\/#website\",\"url\":\"https:\/\/www.uqac.ca\/uqactualites\/\",\"name\":\"UQACtualit\u00e9s\",\"description\":\"Le portail des nouvelles de l&#039;UQAC\",\"potentialAction\":[{\"@type\":\"SearchAction\",\"target\":{\"@type\":\"EntryPoint\",\"urlTemplate\":\"https:\/\/www.uqac.ca\/uqactualites\/?s={search_term_string}\"},\"query-input\":{\"@type\":\"PropertyValueSpecification\",\"valueRequired\":true,\"valueName\":\"search_term_string\"}}],\"inLanguage\":\"fr-CA\"},{\"@type\":\"Person\",\"@id\":\"https:\/\/www.uqac.ca\/uqactualites\/#\/schema\/person\/366c45a0c4f0e677b41b4af5886e2018\",\"name\":\"Service des communications et des relations publiques\",\"image\":{\"@type\":\"ImageObject\",\"inLanguage\":\"fr-CA\",\"@id\":\"https:\/\/www.uqac.ca\/uqactualites\/#\/schema\/person\/image\/\",\"url\":\"https:\/\/secure.gravatar.com\/avatar\/20fbbda8a292f59f2d3461a5b999c00b?s=96&d=mm&r=g\",\"contentUrl\":\"https:\/\/secure.gravatar.com\/avatar\/20fbbda8a292f59f2d3461a5b999c00b?s=96&d=mm&r=g\",\"caption\":\"Service des communications et des relations publiques\"},\"url\":\"https:\/\/www.uqac.ca\/uqactualites\/author\/bap\/\"}]}<\/script>\r\n<!-- \/ Yoast SEO plugin. -->","yoast_head_json":{"title":"15 000$ pour le projet : Partenariat recherche-pratique en \u00e9ducation - UQACtualit\u00e9s","robots":{"index":"index","follow":"follow","max-snippet":"max-snippet:-1","max-image-preview":"max-image-preview:large","max-video-preview":"max-video-preview:-1"},"canonical":"https:\/\/www.uqac.ca\/uqactualites\/2020\/10\/30\/15-000-pour-le-projet-partenariat-recherche-pratique-en-education\/","og_locale":"fr_CA","og_type":"article","og_title":"15 000$ pour le projet : Partenariat recherche-pratique en \u00e9ducation - UQACtualit\u00e9s","og_description":"Ce financement a \u00e9t\u00e9 obtenu par l\u2019\u00e9quipe du Fonds de recherche \u2013 Soci\u00e9t\u00e9 et culture (FRQ-SC) sur le Partenariat recherche-pratique en \u00e9ducation. Dirig\u00e9e par St\u00e9phane Allaire, professeur au D\u00e9partement des sciences de l\u2019\u00e9ducation, l\u2019\u00e9quipe r\u00e9unit une vingtaine de professeurs de l\u2019UQAC\u00a0 qui \u0153uvrent \u00e0 l\u2019\u00e9tude des processus de travail et de collaboration entre les chercheurs [&hellip;]","og_url":"https:\/\/www.uqac.ca\/uqactualites\/2020\/10\/30\/15-000-pour-le-projet-partenariat-recherche-pratique-en-education\/","og_site_name":"UQACtualit\u00e9s","article_published_time":"2020-10-30T13:00:38+00:00","og_image":[{"width":2560,"height":2180,"url":"https:\/\/www.uqac.ca\/uqactualites\/wp-content\/uploads\/2020\/10\/120929269_2801098446792238_4160075351084118088_n-1-scaled.jpg","type":"image\/jpeg"}],"author":"Service des communications et des relations publiques","twitter_card":"summary_large_image","twitter_misc":{"\u00c9crit par":"Service des communications et des relations publiques","Estimation du temps de lecture":"1 minute"},"schema":{"@context":"https:\/\/schema.org","@graph":[{"@type":"WebPage","@id":"https:\/\/www.uqac.ca\/uqactualites\/2020\/10\/30\/15-000-pour-le-projet-partenariat-recherche-pratique-en-education\/","url":"https:\/\/www.uqac.ca\/uqactualites\/2020\/10\/30\/15-000-pour-le-projet-partenariat-recherche-pratique-en-education\/","name":"15 000$ pour le projet : Partenariat recherche-pratique en \u00e9ducation - UQACtualit\u00e9s","isPartOf":{"@id":"https:\/\/www.uqac.ca\/uqactualites\/#website"},"primaryImageOfPage":{"@id":"https:\/\/www.uqac.ca\/uqactualites\/2020\/10\/30\/15-000-pour-le-projet-partenariat-recherche-pratique-en-education\/#primaryimage"},"image":{"@id":"https:\/\/www.uqac.ca\/uqactualites\/2020\/10\/30\/15-000-pour-le-projet-partenariat-recherche-pratique-en-education\/#primaryimage"},"thumbnailUrl":"https:\/\/www.uqac.ca\/uqactualites\/wp-content\/uploads\/2020\/10\/120929269_2801098446792238_4160075351084118088_n-1-scaled.jpg","datePublished":"2020-10-30T13:00:38+00:00","dateModified":"2020-10-30T13:00:38+00:00","author":{"@id":"https:\/\/www.uqac.ca\/uqactualites\/#\/schema\/person\/366c45a0c4f0e677b41b4af5886e2018"},"breadcrumb":{"@id":"https:\/\/www.uqac.ca\/uqactualites\/2020\/10\/30\/15-000-pour-le-projet-partenariat-recherche-pratique-en-education\/#breadcrumb"},"inLanguage":"fr-CA","potentialAction":[{"@type":"ReadAction","target":["https:\/\/www.uqac.ca\/uqactualites\/2020\/10\/30\/15-000-pour-le-projet-partenariat-recherche-pratique-en-education\/"]}]},{"@type":"ImageObject","inLanguage":"fr-CA","@id":"https:\/\/www.uqac.ca\/uqactualites\/2020\/10\/30\/15-000-pour-le-projet-partenariat-recherche-pratique-en-education\/#primaryimage","url":"https:\/\/www.uqac.ca\/uqactualites\/wp-content\/uploads\/2020\/10\/120929269_2801098446792238_4160075351084118088_n-1-scaled.jpg","contentUrl":"https:\/\/www.uqac.ca\/uqactualites\/wp-content\/uploads\/2020\/10\/120929269_2801098446792238_4160075351084118088_n-1-scaled.jpg","width":2560,"height":2180},{"@type":"BreadcrumbList","@id":"https:\/\/www.uqac.ca\/uqactualites\/2020\/10\/30\/15-000-pour-le-projet-partenariat-recherche-pratique-en-education\/#breadcrumb","itemListElement":[{"@type":"ListItem","position":1,"name":"Home","item":"https:\/\/www.uqac.ca\/uqactualites\/"},{"@type":"ListItem","position":2,"name":"15 000$ pour le projet : Partenariat recherche-pratique en \u00e9ducation"}]},{"@type":"WebSite","@id":"https:\/\/www.uqac.ca\/uqactualites\/#website","url":"https:\/\/www.uqac.ca\/uqactualites\/","name":"UQACtualit\u00e9s","description":"Le portail des nouvelles de l&#039;UQAC","potentialAction":[{"@type":"SearchAction","target":{"@type":"EntryPoint","urlTemplate":"https:\/\/www.uqac.ca\/uqactualites\/?s={search_term_string}"},"query-input":{"@type":"PropertyValueSpecification","valueRequired":true,"valueName":"search_term_string"}}],"inLanguage":"fr-CA"},{"@type":"Person","@id":"https:\/\/www.uqac.ca\/uqactualites\/#\/schema\/person\/366c45a0c4f0e677b41b4af5886e2018","name":"Service des communications et des relations publiques","image":{"@type":"ImageObject","inLanguage":"fr-CA","@id":"https:\/\/www.uqac.ca\/uqactualites\/#\/schema\/person\/image\/","url":"https:\/\/secure.gravatar.com\/avatar\/20fbbda8a292f59f2d3461a5b999c00b?s=96&d=mm&r=g","contentUrl":"https:\/\/secure.gravatar.com\/avatar\/20fbbda8a292f59f2d3461a5b999c00b?s=96&d=mm&r=g","caption":"Service des communications et des relations publiques"},"url":"https:\/\/www.uqac.ca\/uqactualites\/author\/bap\/"}]}},"_links":{"self":[{"href":"https:\/\/www.uqac.ca\/uqactualites\/wp-json\/wp\/v2\/posts\/38856"}],"collection":[{"href":"https:\/\/www.uqac.ca\/uqactualites\/wp-json\/wp\/v2\/posts"}],"about":[{"href":"https:\/\/www.uqac.ca\/uqactualites\/wp-json\/wp\/v2\/types\/post"}],"author":[{"embeddable":true,"href":"https:\/\/www.uqac.ca\/uqactualites\/wp-json\/wp\/v2\/users\/5"}],"replies":[{"embeddable":true,"href":"https:\/\/www.uqac.ca\/uqactualites\/wp-json\/wp\/v2\/comments?post=38856"}],"version-history":[{"count":0,"href":"https:\/\/www.uqac.ca\/uqactualites\/wp-json\/wp\/v2\/posts\/38856\/revisions"}],"wp:featuredmedia":[{"embeddable":true,"href":"https:\/\/www.uqac.ca\/uqactualites\/wp-json\/wp\/v2\/media\/38866"}],"wp:attachment":[{"href":"https:\/\/www.uqac.ca\/uqactualites\/wp-json\/wp\/v2\/media?parent=38856"}],"wp:term":[{"taxonomy":"category","embeddable":true,"href":"https:\/\/www.uqac.ca\/uqactualites\/wp-json\/wp\/v2\/categories?post=38856"},{"taxonomy":"post_tag","embeddable":true,"href":"https:\/\/www.uqac.ca\/uqactualites\/wp-json\/wp\/v2\/tags?post=38856"}],"curies":[{"name":"wp","href":"https:\/\/api.w.org\/{rel}","templated":true}]}}