{"id":38892,"date":"2020-11-03T08:28:32","date_gmt":"2020-11-03T13:28:32","guid":{"rendered":"https:\/\/www.uqac.ca\/?p=38892"},"modified":"2020-11-03T08:28:32","modified_gmt":"2020-11-03T13:28:32","slug":"24-940-pour-le-projet-etude-valo-maximisation-des-retombees-de-la-valorisation-energetique-provenant-de-lincinerateur-regional-et-du-centre-de-biomethanisation-de-quebec-dans-un","status":"publish","type":"post","link":"https:\/\/www.uqac.ca\/uqactualites\/2020\/11\/03\/24-940-pour-le-projet-etude-valo-maximisation-des-retombees-de-la-valorisation-energetique-provenant-de-lincinerateur-regional-et-du-centre-de-biomethanisation-de-quebec-dans-un\/","title":{"rendered":"24 940$ pour le projet \u00ab \u00c9tude &#8211; Valo &#8211; Maximisation des retomb\u00e9es de la valorisation \u00e9nerg\u00e9tique provenant de l\u2019incin\u00e9rateur r\u00e9gional et du Centre de biom\u00e9thanisation de Qu\u00e9bec dans un contexte agroalimentaire \u00bb"},"content":{"rendered":"<p>M. Claude Villeneuve, directeur de la Chaire en \u00e9co-conseil et professeur au D\u00e9partement des sciences fondamentales, a obtenu un financement de 24\u00a0940$ provenant de la Ville de Qu\u00e9bec, pour le projet intitul\u00e9 : \u00ab\u00c9tude &#8211; Valo &#8211; Maximisation des retomb\u00e9es de la valorisation \u00e9nerg\u00e9tique provenant de l\u2019incin\u00e9rateur r\u00e9gional et du Centre de biom\u00e9thanisation de Qu\u00e9bec dans un contexte agroalimentaire\u00bb.<\/p>\n<p>La Ville de Qu\u00e9bec dispose, dans le quartier Limoilou d\u2019un incin\u00e9rateur pour traiter ses mati\u00e8res r\u00e9siduelles. Cet incin\u00e9rateur g\u00e9n\u00e8re d\u2019importants surplus d\u2019\u00e9nergie sous forme de vapeur qui doit \u00eatre dissip\u00e9e \u00e0 l\u2019atmosph\u00e8re. Dans sa nouvelle strat\u00e9gie de gestion des mati\u00e8res r\u00e9siduelles, la Ville construit un Centre de biom\u00e9thanisation pour traiter la portion organique des mati\u00e8res r\u00e9siduelles par digestion ana\u00e9robie pour produire du gaz naturel renouvelable. Une importante quantit\u00e9 de CO2 sera aussi produite dans l\u2019\u00e9puration du biogaz afin de r\u00e9pondre aux exigences du r\u00e9seau d\u2019\u00c9nergir. Le mandat de recherche a pour but d\u2019explorer les types de projets dans la fili\u00e8re agroalimentaire qui pourraient utiliser l\u2019\u00e9nergie et le CO2 sur des terrains adjacents dans un projet d\u2019\u00e9cologie industrielle visant \u00e0 am\u00e9liorer la s\u00e9curit\u00e9 alimentaire, l\u2019efficacit\u00e9 \u00e9nerg\u00e9tique et \u00e0 r\u00e9duire les \u00e9missions de gaz \u00e0 effet de serre en conformit\u00e9 avec les objectifs de d\u00e9veloppement durable des Nations Unies. \u00bb<\/p>\n<p>Patrick Faubert est co-chercheur dans ce projet.<\/p>\n","protected":false},"excerpt":{"rendered":"<p>M. Claude Villeneuve, directeur de la Chaire en \u00e9co-conseil et professeur au D\u00e9partement des sciences fondamentales, a obtenu un financement de 24\u00a0940$ provenant de la Ville de Qu\u00e9bec, pour le projet intitul\u00e9 : \u00ab\u00c9tude &#8211; Valo &#8211; Maximisation des retomb\u00e9es de la valorisation \u00e9nerg\u00e9tique provenant de l\u2019incin\u00e9rateur r\u00e9gional et du Centre de biom\u00e9thanisation de Qu\u00e9bec [&hellip;]<\/p>\n","protected":false},"author":5,"featured_media":23588,"comment_status":"closed","ping_status":"open","sticky":false,"template":"","format":"standard","meta":{"footnotes":""},"categories":[2],"tags":[3,16],"yoast_head":"<!-- This site is optimized with the Yoast SEO plugin v24.2 - https:\/\/yoast.com\/wordpress\/plugins\/seo\/ -->\r\n<title>24 940$ pour le projet \u00ab \u00c9tude - Valo - Maximisation des retomb\u00e9es de la valorisation \u00e9nerg\u00e9tique provenant de l\u2019incin\u00e9rateur r\u00e9gional et du Centre de biom\u00e9thanisation de Qu\u00e9bec dans un contexte agroalimentaire \u00bb - UQACtualit\u00e9s<\/title>\r\n<meta name=\"robots\" content=\"index, follow, max-snippet:-1, max-image-preview:large, max-video-preview:-1\" \/>\r\n<link rel=\"canonical\" href=\"https:\/\/www.uqac.ca\/uqactualites\/2020\/11\/03\/24-940-pour-le-projet-etude-valo-maximisation-des-retombees-de-la-valorisation-energetique-provenant-de-lincinerateur-regional-et-du-centre-de-biomethanisation-de-quebec-dans-un\/\" \/>\r\n<meta property=\"og:locale\" content=\"fr_CA\" \/>\r\n<meta property=\"og:type\" content=\"article\" \/>\r\n<meta property=\"og:title\" content=\"24 940$ pour le projet \u00ab \u00c9tude - Valo - Maximisation des retomb\u00e9es de la valorisation \u00e9nerg\u00e9tique provenant de l\u2019incin\u00e9rateur r\u00e9gional et du Centre de biom\u00e9thanisation de Qu\u00e9bec dans un contexte agroalimentaire \u00bb - UQACtualit\u00e9s\" \/>\r\n<meta property=\"og:description\" content=\"M. Claude Villeneuve, directeur de la Chaire en \u00e9co-conseil et professeur au D\u00e9partement des sciences fondamentales, a obtenu un financement de 24\u00a0940$ provenant de la Ville de Qu\u00e9bec, pour le projet intitul\u00e9 : \u00ab\u00c9tude &#8211; Valo &#8211; Maximisation des retomb\u00e9es de la valorisation \u00e9nerg\u00e9tique provenant de l\u2019incin\u00e9rateur r\u00e9gional et du Centre de biom\u00e9thanisation de Qu\u00e9bec [&hellip;]\" \/>\r\n<meta property=\"og:url\" content=\"https:\/\/www.uqac.ca\/uqactualites\/2020\/11\/03\/24-940-pour-le-projet-etude-valo-maximisation-des-retombees-de-la-valorisation-energetique-provenant-de-lincinerateur-regional-et-du-centre-de-biomethanisation-de-quebec-dans-un\/\" \/>\r\n<meta property=\"og:site_name\" content=\"UQACtualit\u00e9s\" \/>\r\n<meta property=\"article:published_time\" content=\"2020-11-03T13:28:32+00:00\" \/>\r\n<meta property=\"og:image\" content=\"https:\/\/www.uqac.ca\/uqactualites\/wp-content\/uploads\/2013\/03\/Claude-Villeneuve-Jeannot-L\u00e9vesque.jpg\" \/>\r\n\t<meta property=\"og:image:width\" content=\"620\" \/>\r\n\t<meta property=\"og:image:height\" content=\"300\" \/>\r\n\t<meta property=\"og:image:type\" content=\"image\/jpeg\" \/>\r\n<meta name=\"author\" content=\"Service des communications et des relations publiques\" \/>\r\n<meta name=\"twitter:card\" content=\"summary_large_image\" \/>\r\n<meta name=\"twitter:label1\" content=\"\u00c9crit par\" \/>\n\t<meta name=\"twitter:data1\" content=\"Service des communications et des relations publiques\" \/>\n\t<meta name=\"twitter:label2\" content=\"Estimation du temps de lecture\" \/>\n\t<meta name=\"twitter:data2\" content=\"1 minute\" \/>\r\n<script type=\"application\/ld+json\" class=\"yoast-schema-graph\">{\"@context\":\"https:\/\/schema.org\",\"@graph\":[{\"@type\":\"WebPage\",\"@id\":\"https:\/\/www.uqac.ca\/uqactualites\/2020\/11\/03\/24-940-pour-le-projet-etude-valo-maximisation-des-retombees-de-la-valorisation-energetique-provenant-de-lincinerateur-regional-et-du-centre-de-biomethanisation-de-quebec-dans-un\/\",\"url\":\"https:\/\/www.uqac.ca\/uqactualites\/2020\/11\/03\/24-940-pour-le-projet-etude-valo-maximisation-des-retombees-de-la-valorisation-energetique-provenant-de-lincinerateur-regional-et-du-centre-de-biomethanisation-de-quebec-dans-un\/\",\"name\":\"24 940$ pour le projet \u00ab \u00c9tude - Valo - Maximisation des retomb\u00e9es de la valorisation \u00e9nerg\u00e9tique provenant de l\u2019incin\u00e9rateur r\u00e9gional et du Centre de biom\u00e9thanisation de Qu\u00e9bec dans un contexte agroalimentaire \u00bb - UQACtualit\u00e9s\",\"isPartOf\":{\"@id\":\"https:\/\/www.uqac.ca\/uqactualites\/#website\"},\"primaryImageOfPage\":{\"@id\":\"https:\/\/www.uqac.ca\/uqactualites\/2020\/11\/03\/24-940-pour-le-projet-etude-valo-maximisation-des-retombees-de-la-valorisation-energetique-provenant-de-lincinerateur-regional-et-du-centre-de-biomethanisation-de-quebec-dans-un\/#primaryimage\"},\"image\":{\"@id\":\"https:\/\/www.uqac.ca\/uqactualites\/2020\/11\/03\/24-940-pour-le-projet-etude-valo-maximisation-des-retombees-de-la-valorisation-energetique-provenant-de-lincinerateur-regional-et-du-centre-de-biomethanisation-de-quebec-dans-un\/#primaryimage\"},\"thumbnailUrl\":\"https:\/\/www.uqac.ca\/uqactualites\/wp-content\/uploads\/2013\/03\/Claude-Villeneuve-Jeannot-L\u00e9vesque.jpg\",\"datePublished\":\"2020-11-03T13:28:32+00:00\",\"dateModified\":\"2020-11-03T13:28:32+00:00\",\"author\":{\"@id\":\"https:\/\/www.uqac.ca\/uqactualites\/#\/schema\/person\/366c45a0c4f0e677b41b4af5886e2018\"},\"breadcrumb\":{\"@id\":\"https:\/\/www.uqac.ca\/uqactualites\/2020\/11\/03\/24-940-pour-le-projet-etude-valo-maximisation-des-retombees-de-la-valorisation-energetique-provenant-de-lincinerateur-regional-et-du-centre-de-biomethanisation-de-quebec-dans-un\/#breadcrumb\"},\"inLanguage\":\"fr-CA\",\"potentialAction\":[{\"@type\":\"ReadAction\",\"target\":[\"https:\/\/www.uqac.ca\/uqactualites\/2020\/11\/03\/24-940-pour-le-projet-etude-valo-maximisation-des-retombees-de-la-valorisation-energetique-provenant-de-lincinerateur-regional-et-du-centre-de-biomethanisation-de-quebec-dans-un\/\"]}]},{\"@type\":\"ImageObject\",\"inLanguage\":\"fr-CA\",\"@id\":\"https:\/\/www.uqac.ca\/uqactualites\/2020\/11\/03\/24-940-pour-le-projet-etude-valo-maximisation-des-retombees-de-la-valorisation-energetique-provenant-de-lincinerateur-regional-et-du-centre-de-biomethanisation-de-quebec-dans-un\/#primaryimage\",\"url\":\"https:\/\/www.uqac.ca\/uqactualites\/wp-content\/uploads\/2013\/03\/Claude-Villeneuve-Jeannot-L\u00e9vesque.jpg\",\"contentUrl\":\"https:\/\/www.uqac.ca\/uqactualites\/wp-content\/uploads\/2013\/03\/Claude-Villeneuve-Jeannot-L\u00e9vesque.jpg\",\"width\":620,\"height\":300},{\"@type\":\"BreadcrumbList\",\"@id\":\"https:\/\/www.uqac.ca\/uqactualites\/2020\/11\/03\/24-940-pour-le-projet-etude-valo-maximisation-des-retombees-de-la-valorisation-energetique-provenant-de-lincinerateur-regional-et-du-centre-de-biomethanisation-de-quebec-dans-un\/#breadcrumb\",\"itemListElement\":[{\"@type\":\"ListItem\",\"position\":1,\"name\":\"Home\",\"item\":\"https:\/\/www.uqac.ca\/uqactualites\/\"},{\"@type\":\"ListItem\",\"position\":2,\"name\":\"24 940$ pour le projet \u00ab \u00c9tude &#8211; Valo &#8211; Maximisation des retomb\u00e9es de la valorisation \u00e9nerg\u00e9tique provenant de l\u2019incin\u00e9rateur r\u00e9gional et du Centre de biom\u00e9thanisation de Qu\u00e9bec dans un contexte agroalimentaire \u00bb\"}]},{\"@type\":\"WebSite\",\"@id\":\"https:\/\/www.uqac.ca\/uqactualites\/#website\",\"url\":\"https:\/\/www.uqac.ca\/uqactualites\/\",\"name\":\"UQACtualit\u00e9s\",\"description\":\"Le portail des nouvelles de l&#039;UQAC\",\"potentialAction\":[{\"@type\":\"SearchAction\",\"target\":{\"@type\":\"EntryPoint\",\"urlTemplate\":\"https:\/\/www.uqac.ca\/uqactualites\/?s={search_term_string}\"},\"query-input\":{\"@type\":\"PropertyValueSpecification\",\"valueRequired\":true,\"valueName\":\"search_term_string\"}}],\"inLanguage\":\"fr-CA\"},{\"@type\":\"Person\",\"@id\":\"https:\/\/www.uqac.ca\/uqactualites\/#\/schema\/person\/366c45a0c4f0e677b41b4af5886e2018\",\"name\":\"Service des communications et des relations publiques\",\"image\":{\"@type\":\"ImageObject\",\"inLanguage\":\"fr-CA\",\"@id\":\"https:\/\/www.uqac.ca\/uqactualites\/#\/schema\/person\/image\/\",\"url\":\"https:\/\/secure.gravatar.com\/avatar\/20fbbda8a292f59f2d3461a5b999c00b?s=96&d=mm&r=g\",\"contentUrl\":\"https:\/\/secure.gravatar.com\/avatar\/20fbbda8a292f59f2d3461a5b999c00b?s=96&d=mm&r=g\",\"caption\":\"Service des communications et des relations publiques\"},\"url\":\"https:\/\/www.uqac.ca\/uqactualites\/author\/bap\/\"}]}<\/script>\r\n<!-- \/ Yoast SEO plugin. -->","yoast_head_json":{"title":"24 940$ pour le projet \u00ab \u00c9tude - Valo - Maximisation des retomb\u00e9es de la valorisation \u00e9nerg\u00e9tique provenant de l\u2019incin\u00e9rateur r\u00e9gional et du Centre de biom\u00e9thanisation de Qu\u00e9bec dans un contexte agroalimentaire \u00bb - UQACtualit\u00e9s","robots":{"index":"index","follow":"follow","max-snippet":"max-snippet:-1","max-image-preview":"max-image-preview:large","max-video-preview":"max-video-preview:-1"},"canonical":"https:\/\/www.uqac.ca\/uqactualites\/2020\/11\/03\/24-940-pour-le-projet-etude-valo-maximisation-des-retombees-de-la-valorisation-energetique-provenant-de-lincinerateur-regional-et-du-centre-de-biomethanisation-de-quebec-dans-un\/","og_locale":"fr_CA","og_type":"article","og_title":"24 940$ pour le projet \u00ab \u00c9tude - Valo - Maximisation des retomb\u00e9es de la valorisation \u00e9nerg\u00e9tique provenant de l\u2019incin\u00e9rateur r\u00e9gional et du Centre de biom\u00e9thanisation de Qu\u00e9bec dans un contexte agroalimentaire \u00bb - UQACtualit\u00e9s","og_description":"M. Claude Villeneuve, directeur de la Chaire en \u00e9co-conseil et professeur au D\u00e9partement des sciences fondamentales, a obtenu un financement de 24\u00a0940$ provenant de la Ville de Qu\u00e9bec, pour le projet intitul\u00e9 : \u00ab\u00c9tude &#8211; Valo &#8211; Maximisation des retomb\u00e9es de la valorisation \u00e9nerg\u00e9tique provenant de l\u2019incin\u00e9rateur r\u00e9gional et du Centre de biom\u00e9thanisation de Qu\u00e9bec [&hellip;]","og_url":"https:\/\/www.uqac.ca\/uqactualites\/2020\/11\/03\/24-940-pour-le-projet-etude-valo-maximisation-des-retombees-de-la-valorisation-energetique-provenant-de-lincinerateur-regional-et-du-centre-de-biomethanisation-de-quebec-dans-un\/","og_site_name":"UQACtualit\u00e9s","article_published_time":"2020-11-03T13:28:32+00:00","og_image":[{"width":620,"height":300,"url":"https:\/\/www.uqac.ca\/uqactualites\/wp-content\/uploads\/2013\/03\/Claude-Villeneuve-Jeannot-L\u00e9vesque.jpg","type":"image\/jpeg"}],"author":"Service des communications et des relations publiques","twitter_card":"summary_large_image","twitter_misc":{"\u00c9crit par":"Service des communications et des relations publiques","Estimation du temps de lecture":"1 minute"},"schema":{"@context":"https:\/\/schema.org","@graph":[{"@type":"WebPage","@id":"https:\/\/www.uqac.ca\/uqactualites\/2020\/11\/03\/24-940-pour-le-projet-etude-valo-maximisation-des-retombees-de-la-valorisation-energetique-provenant-de-lincinerateur-regional-et-du-centre-de-biomethanisation-de-quebec-dans-un\/","url":"https:\/\/www.uqac.ca\/uqactualites\/2020\/11\/03\/24-940-pour-le-projet-etude-valo-maximisation-des-retombees-de-la-valorisation-energetique-provenant-de-lincinerateur-regional-et-du-centre-de-biomethanisation-de-quebec-dans-un\/","name":"24 940$ pour le projet \u00ab \u00c9tude - Valo - Maximisation des retomb\u00e9es de la valorisation \u00e9nerg\u00e9tique provenant de l\u2019incin\u00e9rateur r\u00e9gional et du Centre de biom\u00e9thanisation de Qu\u00e9bec dans un contexte agroalimentaire \u00bb - UQACtualit\u00e9s","isPartOf":{"@id":"https:\/\/www.uqac.ca\/uqactualites\/#website"},"primaryImageOfPage":{"@id":"https:\/\/www.uqac.ca\/uqactualites\/2020\/11\/03\/24-940-pour-le-projet-etude-valo-maximisation-des-retombees-de-la-valorisation-energetique-provenant-de-lincinerateur-regional-et-du-centre-de-biomethanisation-de-quebec-dans-un\/#primaryimage"},"image":{"@id":"https:\/\/www.uqac.ca\/uqactualites\/2020\/11\/03\/24-940-pour-le-projet-etude-valo-maximisation-des-retombees-de-la-valorisation-energetique-provenant-de-lincinerateur-regional-et-du-centre-de-biomethanisation-de-quebec-dans-un\/#primaryimage"},"thumbnailUrl":"https:\/\/www.uqac.ca\/uqactualites\/wp-content\/uploads\/2013\/03\/Claude-Villeneuve-Jeannot-L\u00e9vesque.jpg","datePublished":"2020-11-03T13:28:32+00:00","dateModified":"2020-11-03T13:28:32+00:00","author":{"@id":"https:\/\/www.uqac.ca\/uqactualites\/#\/schema\/person\/366c45a0c4f0e677b41b4af5886e2018"},"breadcrumb":{"@id":"https:\/\/www.uqac.ca\/uqactualites\/2020\/11\/03\/24-940-pour-le-projet-etude-valo-maximisation-des-retombees-de-la-valorisation-energetique-provenant-de-lincinerateur-regional-et-du-centre-de-biomethanisation-de-quebec-dans-un\/#breadcrumb"},"inLanguage":"fr-CA","potentialAction":[{"@type":"ReadAction","target":["https:\/\/www.uqac.ca\/uqactualites\/2020\/11\/03\/24-940-pour-le-projet-etude-valo-maximisation-des-retombees-de-la-valorisation-energetique-provenant-de-lincinerateur-regional-et-du-centre-de-biomethanisation-de-quebec-dans-un\/"]}]},{"@type":"ImageObject","inLanguage":"fr-CA","@id":"https:\/\/www.uqac.ca\/uqactualites\/2020\/11\/03\/24-940-pour-le-projet-etude-valo-maximisation-des-retombees-de-la-valorisation-energetique-provenant-de-lincinerateur-regional-et-du-centre-de-biomethanisation-de-quebec-dans-un\/#primaryimage","url":"https:\/\/www.uqac.ca\/uqactualites\/wp-content\/uploads\/2013\/03\/Claude-Villeneuve-Jeannot-L\u00e9vesque.jpg","contentUrl":"https:\/\/www.uqac.ca\/uqactualites\/wp-content\/uploads\/2013\/03\/Claude-Villeneuve-Jeannot-L\u00e9vesque.jpg","width":620,"height":300},{"@type":"BreadcrumbList","@id":"https:\/\/www.uqac.ca\/uqactualites\/2020\/11\/03\/24-940-pour-le-projet-etude-valo-maximisation-des-retombees-de-la-valorisation-energetique-provenant-de-lincinerateur-regional-et-du-centre-de-biomethanisation-de-quebec-dans-un\/#breadcrumb","itemListElement":[{"@type":"ListItem","position":1,"name":"Home","item":"https:\/\/www.uqac.ca\/uqactualites\/"},{"@type":"ListItem","position":2,"name":"24 940$ pour le projet \u00ab \u00c9tude &#8211; Valo &#8211; Maximisation des retomb\u00e9es de la valorisation \u00e9nerg\u00e9tique provenant de l\u2019incin\u00e9rateur r\u00e9gional et du Centre de biom\u00e9thanisation de Qu\u00e9bec dans un contexte agroalimentaire \u00bb"}]},{"@type":"WebSite","@id":"https:\/\/www.uqac.ca\/uqactualites\/#website","url":"https:\/\/www.uqac.ca\/uqactualites\/","name":"UQACtualit\u00e9s","description":"Le portail des nouvelles de l&#039;UQAC","potentialAction":[{"@type":"SearchAction","target":{"@type":"EntryPoint","urlTemplate":"https:\/\/www.uqac.ca\/uqactualites\/?s={search_term_string}"},"query-input":{"@type":"PropertyValueSpecification","valueRequired":true,"valueName":"search_term_string"}}],"inLanguage":"fr-CA"},{"@type":"Person","@id":"https:\/\/www.uqac.ca\/uqactualites\/#\/schema\/person\/366c45a0c4f0e677b41b4af5886e2018","name":"Service des communications et des relations publiques","image":{"@type":"ImageObject","inLanguage":"fr-CA","@id":"https:\/\/www.uqac.ca\/uqactualites\/#\/schema\/person\/image\/","url":"https:\/\/secure.gravatar.com\/avatar\/20fbbda8a292f59f2d3461a5b999c00b?s=96&d=mm&r=g","contentUrl":"https:\/\/secure.gravatar.com\/avatar\/20fbbda8a292f59f2d3461a5b999c00b?s=96&d=mm&r=g","caption":"Service des communications et des relations publiques"},"url":"https:\/\/www.uqac.ca\/uqactualites\/author\/bap\/"}]}},"_links":{"self":[{"href":"https:\/\/www.uqac.ca\/uqactualites\/wp-json\/wp\/v2\/posts\/38892"}],"collection":[{"href":"https:\/\/www.uqac.ca\/uqactualites\/wp-json\/wp\/v2\/posts"}],"about":[{"href":"https:\/\/www.uqac.ca\/uqactualites\/wp-json\/wp\/v2\/types\/post"}],"author":[{"embeddable":true,"href":"https:\/\/www.uqac.ca\/uqactualites\/wp-json\/wp\/v2\/users\/5"}],"replies":[{"embeddable":true,"href":"https:\/\/www.uqac.ca\/uqactualites\/wp-json\/wp\/v2\/comments?post=38892"}],"version-history":[{"count":0,"href":"https:\/\/www.uqac.ca\/uqactualites\/wp-json\/wp\/v2\/posts\/38892\/revisions"}],"wp:featuredmedia":[{"embeddable":true,"href":"https:\/\/www.uqac.ca\/uqactualites\/wp-json\/wp\/v2\/media\/23588"}],"wp:attachment":[{"href":"https:\/\/www.uqac.ca\/uqactualites\/wp-json\/wp\/v2\/media?parent=38892"}],"wp:term":[{"taxonomy":"category","embeddable":true,"href":"https:\/\/www.uqac.ca\/uqactualites\/wp-json\/wp\/v2\/categories?post=38892"},{"taxonomy":"post_tag","embeddable":true,"href":"https:\/\/www.uqac.ca\/uqactualites\/wp-json\/wp\/v2\/tags?post=38892"}],"curies":[{"name":"wp","href":"https:\/\/api.w.org\/{rel}","templated":true}]}}