{"id":38944,"date":"2020-11-13T14:44:00","date_gmt":"2020-11-13T19:44:00","guid":{"rendered":"https:\/\/www.uqac.ca\/?p=38944"},"modified":"2020-11-13T14:44:00","modified_gmt":"2020-11-13T19:44:00","slug":"jean-paul-quinnec-codirecteur-dune-nouvelle-revue-dediee-aux-arts-vivants","status":"publish","type":"post","link":"https:\/\/www.uqac.ca\/uqactualites\/2020\/11\/13\/jean-paul-quinnec-codirecteur-dune-nouvelle-revue-dediee-aux-arts-vivants\/","title":{"rendered":"Jean-Paul Qu\u00e9innec, codirecteur d&rsquo;une nouvelle revue d\u00e9di\u00e9e aux arts vivants"},"content":{"rendered":"<p>Une nouvelle revue francophone d\u00e9di\u00e9e aux arts vivants\u00a0vient de voir le jour.\u00a0<a href=\"https:\/\/percees.uqam.ca\"><em>Perc\u00e9es \u2013 Explorations en arts vivants<\/em><\/a>, s&rsquo;int\u00e9resse au th\u00e9\u00e2tre, \u00e0 la danse, au cirque, \u00e0 la performance ainsi qu&rsquo;aux pratiques artistiques interdisciplinaires.\u00a0Directeur du D\u00e9partement des arts et lettres de l&rsquo;UQAC et titulaire de la <a href=\"http:\/\/www.dramaturgiesonore.com\/\">Chaire de recherche du Canada en dramaturgie sonore au th\u00e9\u00e2tre<\/a>,\u00a0Jean-Paul Qu\u00e9innec en est le codirecteur. La revue \u00e9lectronique, qui est d&rsquo;ailleurs offerte en libre acc\u00e8s, dispose \u00e9galement d&rsquo;une plateforme multimodale :\u00a0<a href=\"https:\/\/percees.uqam.ca\/fr\/extension\"><em>L\u2019extension R&amp;C<\/em><\/a>.<\/p>\n<p>Publi\u00e9e par la Soci\u00e9t\u00e9 qu\u00e9b\u00e9coise d\u2019\u00e9tudes th\u00e9\u00e2trales (SQET) et affili\u00e9e \u00e0 Figura \u2013 Centre de recherche sur le texte et l\u2019imaginaire, la revue propose, pour son num\u00e9ro inaugural, un dossier intitul\u00e9\u00a0\u00ab\u00a0Corps sc\u00e9niques, textes, textualit\u00e9s\u00a0\u00bb et conduit par Catherine Cyr (UQAM) et Louis Patrick Leroux (Universit\u00e9 Concordia) qui s&rsquo;int\u00e9resse aux relations entre corps, texte et cr\u00e9ation dans le champ des arts vivants.<\/p>\n","protected":false},"excerpt":{"rendered":"<p>Une nouvelle revue francophone d\u00e9di\u00e9e aux arts vivants\u00a0vient de voir le jour.\u00a0Perc\u00e9es \u2013 Explorations en arts vivants, s&rsquo;int\u00e9resse au th\u00e9\u00e2tre, \u00e0 la danse, au cirque, \u00e0 la performance ainsi qu&rsquo;aux pratiques artistiques interdisciplinaires.\u00a0Directeur du D\u00e9partement des arts et lettres de l&rsquo;UQAC et titulaire de la Chaire de recherche du Canada en dramaturgie sonore au th\u00e9\u00e2tre,\u00a0Jean-Paul [&hellip;]<\/p>\n","protected":false},"author":5,"featured_media":38957,"comment_status":"closed","ping_status":"open","sticky":false,"template":"","format":"standard","meta":{"footnotes":""},"categories":[2],"tags":[152],"yoast_head":"<!-- This site is optimized with the Yoast SEO plugin v24.2 - https:\/\/yoast.com\/wordpress\/plugins\/seo\/ -->\r\n<title>Jean-Paul Qu\u00e9innec, codirecteur d&#039;une nouvelle revue d\u00e9di\u00e9e aux arts vivants - UQACtualit\u00e9s<\/title>\r\n<meta name=\"robots\" content=\"index, follow, max-snippet:-1, max-image-preview:large, max-video-preview:-1\" \/>\r\n<link rel=\"canonical\" href=\"https:\/\/www.uqac.ca\/uqactualites\/2020\/11\/13\/jean-paul-quinnec-codirecteur-dune-nouvelle-revue-dediee-aux-arts-vivants\/\" \/>\r\n<meta property=\"og:locale\" content=\"fr_CA\" \/>\r\n<meta property=\"og:type\" content=\"article\" \/>\r\n<meta property=\"og:title\" content=\"Jean-Paul Qu\u00e9innec, codirecteur d&#039;une nouvelle revue d\u00e9di\u00e9e aux arts vivants - UQACtualit\u00e9s\" \/>\r\n<meta property=\"og:description\" content=\"Une nouvelle revue francophone d\u00e9di\u00e9e aux arts vivants\u00a0vient de voir le jour.\u00a0Perc\u00e9es \u2013 Explorations en arts vivants, s&rsquo;int\u00e9resse au th\u00e9\u00e2tre, \u00e0 la danse, au cirque, \u00e0 la performance ainsi qu&rsquo;aux pratiques artistiques interdisciplinaires.\u00a0Directeur du D\u00e9partement des arts et lettres de l&rsquo;UQAC et titulaire de la Chaire de recherche du Canada en dramaturgie sonore au th\u00e9\u00e2tre,\u00a0Jean-Paul [&hellip;]\" \/>\r\n<meta property=\"og:url\" content=\"https:\/\/www.uqac.ca\/uqactualites\/2020\/11\/13\/jean-paul-quinnec-codirecteur-dune-nouvelle-revue-dediee-aux-arts-vivants\/\" \/>\r\n<meta property=\"og:site_name\" content=\"UQACtualit\u00e9s\" \/>\r\n<meta property=\"article:published_time\" content=\"2020-11-13T19:44:00+00:00\" \/>\r\n<meta property=\"og:image\" content=\"https:\/\/www.uqac.ca\/uqactualites\/wp-content\/uploads\/2020\/11\/BandeauIntroPercees1000x430-Final@2x-1.png\" \/>\r\n\t<meta property=\"og:image:width\" content=\"1201\" \/>\r\n\t<meta property=\"og:image:height\" content=\"800\" \/>\r\n\t<meta property=\"og:image:type\" content=\"image\/png\" \/>\r\n<meta name=\"author\" content=\"Service des communications et des relations publiques\" \/>\r\n<meta name=\"twitter:card\" content=\"summary_large_image\" \/>\r\n<meta name=\"twitter:label1\" content=\"\u00c9crit par\" \/>\n\t<meta name=\"twitter:data1\" content=\"Service des communications et des relations publiques\" \/>\n\t<meta name=\"twitter:label2\" content=\"Estimation du temps de lecture\" \/>\n\t<meta name=\"twitter:data2\" content=\"1 minute\" \/>\r\n<script type=\"application\/ld+json\" class=\"yoast-schema-graph\">{\"@context\":\"https:\/\/schema.org\",\"@graph\":[{\"@type\":\"WebPage\",\"@id\":\"https:\/\/www.uqac.ca\/uqactualites\/2020\/11\/13\/jean-paul-quinnec-codirecteur-dune-nouvelle-revue-dediee-aux-arts-vivants\/\",\"url\":\"https:\/\/www.uqac.ca\/uqactualites\/2020\/11\/13\/jean-paul-quinnec-codirecteur-dune-nouvelle-revue-dediee-aux-arts-vivants\/\",\"name\":\"Jean-Paul Qu\u00e9innec, codirecteur d'une nouvelle revue d\u00e9di\u00e9e aux arts vivants - UQACtualit\u00e9s\",\"isPartOf\":{\"@id\":\"https:\/\/www.uqac.ca\/uqactualites\/#website\"},\"primaryImageOfPage\":{\"@id\":\"https:\/\/www.uqac.ca\/uqactualites\/2020\/11\/13\/jean-paul-quinnec-codirecteur-dune-nouvelle-revue-dediee-aux-arts-vivants\/#primaryimage\"},\"image\":{\"@id\":\"https:\/\/www.uqac.ca\/uqactualites\/2020\/11\/13\/jean-paul-quinnec-codirecteur-dune-nouvelle-revue-dediee-aux-arts-vivants\/#primaryimage\"},\"thumbnailUrl\":\"https:\/\/www.uqac.ca\/uqactualites\/wp-content\/uploads\/2020\/11\/BandeauIntroPercees1000x430-Final@2x-1.png\",\"datePublished\":\"2020-11-13T19:44:00+00:00\",\"dateModified\":\"2020-11-13T19:44:00+00:00\",\"author\":{\"@id\":\"https:\/\/www.uqac.ca\/uqactualites\/#\/schema\/person\/366c45a0c4f0e677b41b4af5886e2018\"},\"breadcrumb\":{\"@id\":\"https:\/\/www.uqac.ca\/uqactualites\/2020\/11\/13\/jean-paul-quinnec-codirecteur-dune-nouvelle-revue-dediee-aux-arts-vivants\/#breadcrumb\"},\"inLanguage\":\"fr-CA\",\"potentialAction\":[{\"@type\":\"ReadAction\",\"target\":[\"https:\/\/www.uqac.ca\/uqactualites\/2020\/11\/13\/jean-paul-quinnec-codirecteur-dune-nouvelle-revue-dediee-aux-arts-vivants\/\"]}]},{\"@type\":\"ImageObject\",\"inLanguage\":\"fr-CA\",\"@id\":\"https:\/\/www.uqac.ca\/uqactualites\/2020\/11\/13\/jean-paul-quinnec-codirecteur-dune-nouvelle-revue-dediee-aux-arts-vivants\/#primaryimage\",\"url\":\"https:\/\/www.uqac.ca\/uqactualites\/wp-content\/uploads\/2020\/11\/BandeauIntroPercees1000x430-Final@2x-1.png\",\"contentUrl\":\"https:\/\/www.uqac.ca\/uqactualites\/wp-content\/uploads\/2020\/11\/BandeauIntroPercees1000x430-Final@2x-1.png\",\"width\":1201,\"height\":800},{\"@type\":\"BreadcrumbList\",\"@id\":\"https:\/\/www.uqac.ca\/uqactualites\/2020\/11\/13\/jean-paul-quinnec-codirecteur-dune-nouvelle-revue-dediee-aux-arts-vivants\/#breadcrumb\",\"itemListElement\":[{\"@type\":\"ListItem\",\"position\":1,\"name\":\"Home\",\"item\":\"https:\/\/www.uqac.ca\/uqactualites\/\"},{\"@type\":\"ListItem\",\"position\":2,\"name\":\"Jean-Paul Qu\u00e9innec, codirecteur d&rsquo;une nouvelle revue d\u00e9di\u00e9e aux arts vivants\"}]},{\"@type\":\"WebSite\",\"@id\":\"https:\/\/www.uqac.ca\/uqactualites\/#website\",\"url\":\"https:\/\/www.uqac.ca\/uqactualites\/\",\"name\":\"UQACtualit\u00e9s\",\"description\":\"Le portail des nouvelles de l&#039;UQAC\",\"potentialAction\":[{\"@type\":\"SearchAction\",\"target\":{\"@type\":\"EntryPoint\",\"urlTemplate\":\"https:\/\/www.uqac.ca\/uqactualites\/?s={search_term_string}\"},\"query-input\":{\"@type\":\"PropertyValueSpecification\",\"valueRequired\":true,\"valueName\":\"search_term_string\"}}],\"inLanguage\":\"fr-CA\"},{\"@type\":\"Person\",\"@id\":\"https:\/\/www.uqac.ca\/uqactualites\/#\/schema\/person\/366c45a0c4f0e677b41b4af5886e2018\",\"name\":\"Service des communications et des relations publiques\",\"image\":{\"@type\":\"ImageObject\",\"inLanguage\":\"fr-CA\",\"@id\":\"https:\/\/www.uqac.ca\/uqactualites\/#\/schema\/person\/image\/\",\"url\":\"https:\/\/secure.gravatar.com\/avatar\/20fbbda8a292f59f2d3461a5b999c00b?s=96&d=mm&r=g\",\"contentUrl\":\"https:\/\/secure.gravatar.com\/avatar\/20fbbda8a292f59f2d3461a5b999c00b?s=96&d=mm&r=g\",\"caption\":\"Service des communications et des relations publiques\"},\"url\":\"https:\/\/www.uqac.ca\/uqactualites\/author\/bap\/\"}]}<\/script>\r\n<!-- \/ Yoast SEO plugin. -->","yoast_head_json":{"title":"Jean-Paul Qu\u00e9innec, codirecteur d'une nouvelle revue d\u00e9di\u00e9e aux arts vivants - UQACtualit\u00e9s","robots":{"index":"index","follow":"follow","max-snippet":"max-snippet:-1","max-image-preview":"max-image-preview:large","max-video-preview":"max-video-preview:-1"},"canonical":"https:\/\/www.uqac.ca\/uqactualites\/2020\/11\/13\/jean-paul-quinnec-codirecteur-dune-nouvelle-revue-dediee-aux-arts-vivants\/","og_locale":"fr_CA","og_type":"article","og_title":"Jean-Paul Qu\u00e9innec, codirecteur d'une nouvelle revue d\u00e9di\u00e9e aux arts vivants - UQACtualit\u00e9s","og_description":"Une nouvelle revue francophone d\u00e9di\u00e9e aux arts vivants\u00a0vient de voir le jour.\u00a0Perc\u00e9es \u2013 Explorations en arts vivants, s&rsquo;int\u00e9resse au th\u00e9\u00e2tre, \u00e0 la danse, au cirque, \u00e0 la performance ainsi qu&rsquo;aux pratiques artistiques interdisciplinaires.\u00a0Directeur du D\u00e9partement des arts et lettres de l&rsquo;UQAC et titulaire de la Chaire de recherche du Canada en dramaturgie sonore au th\u00e9\u00e2tre,\u00a0Jean-Paul [&hellip;]","og_url":"https:\/\/www.uqac.ca\/uqactualites\/2020\/11\/13\/jean-paul-quinnec-codirecteur-dune-nouvelle-revue-dediee-aux-arts-vivants\/","og_site_name":"UQACtualit\u00e9s","article_published_time":"2020-11-13T19:44:00+00:00","og_image":[{"width":1201,"height":800,"url":"https:\/\/www.uqac.ca\/uqactualites\/wp-content\/uploads\/2020\/11\/BandeauIntroPercees1000x430-Final@2x-1.png","type":"image\/png"}],"author":"Service des communications et des relations publiques","twitter_card":"summary_large_image","twitter_misc":{"\u00c9crit par":"Service des communications et des relations publiques","Estimation du temps de lecture":"1 minute"},"schema":{"@context":"https:\/\/schema.org","@graph":[{"@type":"WebPage","@id":"https:\/\/www.uqac.ca\/uqactualites\/2020\/11\/13\/jean-paul-quinnec-codirecteur-dune-nouvelle-revue-dediee-aux-arts-vivants\/","url":"https:\/\/www.uqac.ca\/uqactualites\/2020\/11\/13\/jean-paul-quinnec-codirecteur-dune-nouvelle-revue-dediee-aux-arts-vivants\/","name":"Jean-Paul Qu\u00e9innec, codirecteur d'une nouvelle revue d\u00e9di\u00e9e aux arts vivants - UQACtualit\u00e9s","isPartOf":{"@id":"https:\/\/www.uqac.ca\/uqactualites\/#website"},"primaryImageOfPage":{"@id":"https:\/\/www.uqac.ca\/uqactualites\/2020\/11\/13\/jean-paul-quinnec-codirecteur-dune-nouvelle-revue-dediee-aux-arts-vivants\/#primaryimage"},"image":{"@id":"https:\/\/www.uqac.ca\/uqactualites\/2020\/11\/13\/jean-paul-quinnec-codirecteur-dune-nouvelle-revue-dediee-aux-arts-vivants\/#primaryimage"},"thumbnailUrl":"https:\/\/www.uqac.ca\/uqactualites\/wp-content\/uploads\/2020\/11\/BandeauIntroPercees1000x430-Final@2x-1.png","datePublished":"2020-11-13T19:44:00+00:00","dateModified":"2020-11-13T19:44:00+00:00","author":{"@id":"https:\/\/www.uqac.ca\/uqactualites\/#\/schema\/person\/366c45a0c4f0e677b41b4af5886e2018"},"breadcrumb":{"@id":"https:\/\/www.uqac.ca\/uqactualites\/2020\/11\/13\/jean-paul-quinnec-codirecteur-dune-nouvelle-revue-dediee-aux-arts-vivants\/#breadcrumb"},"inLanguage":"fr-CA","potentialAction":[{"@type":"ReadAction","target":["https:\/\/www.uqac.ca\/uqactualites\/2020\/11\/13\/jean-paul-quinnec-codirecteur-dune-nouvelle-revue-dediee-aux-arts-vivants\/"]}]},{"@type":"ImageObject","inLanguage":"fr-CA","@id":"https:\/\/www.uqac.ca\/uqactualites\/2020\/11\/13\/jean-paul-quinnec-codirecteur-dune-nouvelle-revue-dediee-aux-arts-vivants\/#primaryimage","url":"https:\/\/www.uqac.ca\/uqactualites\/wp-content\/uploads\/2020\/11\/BandeauIntroPercees1000x430-Final@2x-1.png","contentUrl":"https:\/\/www.uqac.ca\/uqactualites\/wp-content\/uploads\/2020\/11\/BandeauIntroPercees1000x430-Final@2x-1.png","width":1201,"height":800},{"@type":"BreadcrumbList","@id":"https:\/\/www.uqac.ca\/uqactualites\/2020\/11\/13\/jean-paul-quinnec-codirecteur-dune-nouvelle-revue-dediee-aux-arts-vivants\/#breadcrumb","itemListElement":[{"@type":"ListItem","position":1,"name":"Home","item":"https:\/\/www.uqac.ca\/uqactualites\/"},{"@type":"ListItem","position":2,"name":"Jean-Paul Qu\u00e9innec, codirecteur d&rsquo;une nouvelle revue d\u00e9di\u00e9e aux arts vivants"}]},{"@type":"WebSite","@id":"https:\/\/www.uqac.ca\/uqactualites\/#website","url":"https:\/\/www.uqac.ca\/uqactualites\/","name":"UQACtualit\u00e9s","description":"Le portail des nouvelles de l&#039;UQAC","potentialAction":[{"@type":"SearchAction","target":{"@type":"EntryPoint","urlTemplate":"https:\/\/www.uqac.ca\/uqactualites\/?s={search_term_string}"},"query-input":{"@type":"PropertyValueSpecification","valueRequired":true,"valueName":"search_term_string"}}],"inLanguage":"fr-CA"},{"@type":"Person","@id":"https:\/\/www.uqac.ca\/uqactualites\/#\/schema\/person\/366c45a0c4f0e677b41b4af5886e2018","name":"Service des communications et des relations publiques","image":{"@type":"ImageObject","inLanguage":"fr-CA","@id":"https:\/\/www.uqac.ca\/uqactualites\/#\/schema\/person\/image\/","url":"https:\/\/secure.gravatar.com\/avatar\/20fbbda8a292f59f2d3461a5b999c00b?s=96&d=mm&r=g","contentUrl":"https:\/\/secure.gravatar.com\/avatar\/20fbbda8a292f59f2d3461a5b999c00b?s=96&d=mm&r=g","caption":"Service des communications et des relations publiques"},"url":"https:\/\/www.uqac.ca\/uqactualites\/author\/bap\/"}]}},"_links":{"self":[{"href":"https:\/\/www.uqac.ca\/uqactualites\/wp-json\/wp\/v2\/posts\/38944"}],"collection":[{"href":"https:\/\/www.uqac.ca\/uqactualites\/wp-json\/wp\/v2\/posts"}],"about":[{"href":"https:\/\/www.uqac.ca\/uqactualites\/wp-json\/wp\/v2\/types\/post"}],"author":[{"embeddable":true,"href":"https:\/\/www.uqac.ca\/uqactualites\/wp-json\/wp\/v2\/users\/5"}],"replies":[{"embeddable":true,"href":"https:\/\/www.uqac.ca\/uqactualites\/wp-json\/wp\/v2\/comments?post=38944"}],"version-history":[{"count":0,"href":"https:\/\/www.uqac.ca\/uqactualites\/wp-json\/wp\/v2\/posts\/38944\/revisions"}],"wp:featuredmedia":[{"embeddable":true,"href":"https:\/\/www.uqac.ca\/uqactualites\/wp-json\/wp\/v2\/media\/38957"}],"wp:attachment":[{"href":"https:\/\/www.uqac.ca\/uqactualites\/wp-json\/wp\/v2\/media?parent=38944"}],"wp:term":[{"taxonomy":"category","embeddable":true,"href":"https:\/\/www.uqac.ca\/uqactualites\/wp-json\/wp\/v2\/categories?post=38944"},{"taxonomy":"post_tag","embeddable":true,"href":"https:\/\/www.uqac.ca\/uqactualites\/wp-json\/wp\/v2\/tags?post=38944"}],"curies":[{"name":"wp","href":"https:\/\/api.w.org\/{rel}","templated":true}]}}