{"id":39024,"date":"2020-11-30T21:39:25","date_gmt":"2020-12-01T02:39:25","guid":{"rendered":"https:\/\/www.uqac.ca\/?p=39024"},"modified":"2020-11-30T21:39:25","modified_gmt":"2020-12-01T02:39:25","slug":"le-cee-uqac-stimulera-le-dynamisme-entrepreneurial-dans-la-region","status":"publish","type":"post","link":"https:\/\/www.uqac.ca\/uqactualites\/2020\/11\/30\/le-cee-uqac-stimulera-le-dynamisme-entrepreneurial-dans-la-region\/","title":{"rendered":"Le CEE-UQAC stimulera le dynamisme entrepreneurial dans la r\u00e9gion"},"content":{"rendered":"<p>Le <a href=\"https:\/\/www.uqac.ca\/ceeuqac\/\">Centre d&rsquo;entrepreneuriat et d&rsquo;essaimage de l\u2019UQAC<\/a> (CEE-UQAC) a re\u00e7u un soutien financier de 795\u00a0000\u00a0$ de D\u00e9veloppement \u00e9conomique\u00a0Canada\u00a0pour les r\u00e9gions du Qu\u00e9bec afin de stimuler l&rsquo;entrepreneuriat et le transfert technologique au Saguenay\u2013Lac-Saint-Jean. Ce financement a \u00e9t\u00e9 annonc\u00e9 par \u00c9lisabeth\u00a0Bri\u00e8re, d\u00e9put\u00e9e de Sherbrooke et secr\u00e9taire parlementaire de l&rsquo;honorable M\u00e9lanie\u00a0Joly, ministre du D\u00e9veloppement \u00e9conomique et des Langues officielles (Agence de d\u00e9veloppement \u00e9conomique du\u00a0Canada\u00a0pour les r\u00e9gions du Qu\u00e9bec).<\/p>\n<p>Depuis plus de 20\u00a0ans, le CEE-UQAC promeut l&rsquo;esprit entrepreneurial et la cr\u00e9ation d&rsquo;entreprises aupr\u00e8s de la communaut\u00e9 \u00e9tudiante de l&rsquo;Universit\u00e9 du Qu\u00e9bec \u00e0\u00a0Chicoutimi\u00a0et des coll\u00e8ges de la r\u00e9gion. Son projet pr\u00e9voit notamment la r\u00e9alisation de 60\u00a0stages technologiques. Cette synergie entre le milieu des affaires et le milieu universitaire et coll\u00e9gial permettra l&rsquo;\u00e9mergence d&rsquo;occasions d&rsquo;affaires et le d\u00e9veloppement de produits novateurs, en plus de contribuer \u00e0 stimuler l&rsquo;entrepreneuriat \u00e9tudiant et de mener \u00e0 la cr\u00e9ation de nouvelles entreprises et d&#8217;emplois bien r\u00e9mun\u00e9r\u00e9s, entre autres dans le secteur des sciences, des technologies num\u00e9riques et de l&rsquo;aluminium.<\/p>\n<p>L&rsquo;aide du gouvernement du\u00a0Canada, sous forme de contribution non remboursable, portera plus sp\u00e9cifiquement sur le salaire du personnel d\u00e9di\u00e9 \u00e0 l&rsquo;offre de services personnalis\u00e9s en d\u00e9marrage d&rsquo;entreprises, les frais de fonctionnement et le salaire des finissants coll\u00e9giaux ou universitaires participant \u00e0 la r\u00e9alisation de projets technologiques en entreprise.<\/p>\n<p>&nbsp;<\/p>\n<p>Source:\u00a0<a href=\"https:\/\/www.newswire.ca\/fr\/news-releases\/le-centre-d-entrepreneuriat-et-d-essaimage-de-l-universite-du-quebec-a-chicoutimi-stimulera-le-dynamisme-entrepreneurial-au-saguenay-lac-saint-jean-897886608.html\">https:\/\/www.newswire.ca\/fr\/news-releases\/le-centre-d-entrepreneuriat-et-d-essaimage-de-l-universite-du-quebec-a-chicoutimi-stimulera-le-dynamisme-entrepreneurial-au-saguenay-lac-saint-jean-897886608.html\u00a0<\/a><\/p>\n","protected":false},"excerpt":{"rendered":"<p>Le Centre d&rsquo;entrepreneuriat et d&rsquo;essaimage de l\u2019UQAC (CEE-UQAC) a re\u00e7u un soutien financier de 795\u00a0000\u00a0$ de D\u00e9veloppement \u00e9conomique\u00a0Canada\u00a0pour les r\u00e9gions du Qu\u00e9bec afin de stimuler l&rsquo;entrepreneuriat et le transfert technologique au Saguenay\u2013Lac-Saint-Jean. Ce financement a \u00e9t\u00e9 annonc\u00e9 par \u00c9lisabeth\u00a0Bri\u00e8re, d\u00e9put\u00e9e de Sherbrooke et secr\u00e9taire parlementaire de l&rsquo;honorable M\u00e9lanie\u00a0Joly, ministre du D\u00e9veloppement \u00e9conomique et des Langues [&hellip;]<\/p>\n","protected":false},"author":5,"featured_media":39025,"comment_status":"closed","ping_status":"open","sticky":false,"template":"","format":"standard","meta":{"footnotes":""},"categories":[2],"tags":[8],"yoast_head":"<!-- This site is optimized with the Yoast SEO plugin v24.2 - https:\/\/yoast.com\/wordpress\/plugins\/seo\/ -->\r\n<title>Le CEE-UQAC stimulera le dynamisme entrepreneurial dans la r\u00e9gion - UQACtualit\u00e9s<\/title>\r\n<meta name=\"robots\" content=\"index, follow, max-snippet:-1, max-image-preview:large, max-video-preview:-1\" \/>\r\n<link rel=\"canonical\" href=\"https:\/\/www.uqac.ca\/uqactualites\/2020\/11\/30\/le-cee-uqac-stimulera-le-dynamisme-entrepreneurial-dans-la-region\/\" \/>\r\n<meta property=\"og:locale\" content=\"fr_CA\" \/>\r\n<meta property=\"og:type\" content=\"article\" \/>\r\n<meta property=\"og:title\" content=\"Le CEE-UQAC stimulera le dynamisme entrepreneurial dans la r\u00e9gion - UQACtualit\u00e9s\" \/>\r\n<meta property=\"og:description\" content=\"Le Centre d&rsquo;entrepreneuriat et d&rsquo;essaimage de l\u2019UQAC (CEE-UQAC) a re\u00e7u un soutien financier de 795\u00a0000\u00a0$ de D\u00e9veloppement \u00e9conomique\u00a0Canada\u00a0pour les r\u00e9gions du Qu\u00e9bec afin de stimuler l&rsquo;entrepreneuriat et le transfert technologique au Saguenay\u2013Lac-Saint-Jean. Ce financement a \u00e9t\u00e9 annonc\u00e9 par \u00c9lisabeth\u00a0Bri\u00e8re, d\u00e9put\u00e9e de Sherbrooke et secr\u00e9taire parlementaire de l&rsquo;honorable M\u00e9lanie\u00a0Joly, ministre du D\u00e9veloppement \u00e9conomique et des Langues [&hellip;]\" \/>\r\n<meta property=\"og:url\" content=\"https:\/\/www.uqac.ca\/uqactualites\/2020\/11\/30\/le-cee-uqac-stimulera-le-dynamisme-entrepreneurial-dans-la-region\/\" \/>\r\n<meta property=\"og:site_name\" content=\"UQACtualit\u00e9s\" \/>\r\n<meta property=\"article:published_time\" content=\"2020-12-01T02:39:25+00:00\" \/>\r\n<meta property=\"og:image\" content=\"https:\/\/www.uqac.ca\/uqactualites\/wp-content\/uploads\/2020\/11\/cee.jpg\" \/>\r\n\t<meta property=\"og:image:width\" content=\"1170\" \/>\r\n\t<meta property=\"og:image:height\" content=\"660\" \/>\r\n\t<meta property=\"og:image:type\" content=\"image\/jpeg\" \/>\r\n<meta name=\"author\" content=\"Service des communications et des relations publiques\" \/>\r\n<meta name=\"twitter:card\" content=\"summary_large_image\" \/>\r\n<meta name=\"twitter:label1\" content=\"\u00c9crit par\" \/>\n\t<meta name=\"twitter:data1\" content=\"Service des communications et des relations publiques\" \/>\n\t<meta name=\"twitter:label2\" content=\"Estimation du temps de lecture\" \/>\n\t<meta name=\"twitter:data2\" content=\"1 minute\" \/>\r\n<script type=\"application\/ld+json\" class=\"yoast-schema-graph\">{\"@context\":\"https:\/\/schema.org\",\"@graph\":[{\"@type\":\"WebPage\",\"@id\":\"https:\/\/www.uqac.ca\/uqactualites\/2020\/11\/30\/le-cee-uqac-stimulera-le-dynamisme-entrepreneurial-dans-la-region\/\",\"url\":\"https:\/\/www.uqac.ca\/uqactualites\/2020\/11\/30\/le-cee-uqac-stimulera-le-dynamisme-entrepreneurial-dans-la-region\/\",\"name\":\"Le CEE-UQAC stimulera le dynamisme entrepreneurial dans la r\u00e9gion - UQACtualit\u00e9s\",\"isPartOf\":{\"@id\":\"https:\/\/www.uqac.ca\/uqactualites\/#website\"},\"primaryImageOfPage\":{\"@id\":\"https:\/\/www.uqac.ca\/uqactualites\/2020\/11\/30\/le-cee-uqac-stimulera-le-dynamisme-entrepreneurial-dans-la-region\/#primaryimage\"},\"image\":{\"@id\":\"https:\/\/www.uqac.ca\/uqactualites\/2020\/11\/30\/le-cee-uqac-stimulera-le-dynamisme-entrepreneurial-dans-la-region\/#primaryimage\"},\"thumbnailUrl\":\"https:\/\/www.uqac.ca\/uqactualites\/wp-content\/uploads\/2020\/11\/cee.jpg\",\"datePublished\":\"2020-12-01T02:39:25+00:00\",\"dateModified\":\"2020-12-01T02:39:25+00:00\",\"author\":{\"@id\":\"https:\/\/www.uqac.ca\/uqactualites\/#\/schema\/person\/366c45a0c4f0e677b41b4af5886e2018\"},\"breadcrumb\":{\"@id\":\"https:\/\/www.uqac.ca\/uqactualites\/2020\/11\/30\/le-cee-uqac-stimulera-le-dynamisme-entrepreneurial-dans-la-region\/#breadcrumb\"},\"inLanguage\":\"fr-CA\",\"potentialAction\":[{\"@type\":\"ReadAction\",\"target\":[\"https:\/\/www.uqac.ca\/uqactualites\/2020\/11\/30\/le-cee-uqac-stimulera-le-dynamisme-entrepreneurial-dans-la-region\/\"]}]},{\"@type\":\"ImageObject\",\"inLanguage\":\"fr-CA\",\"@id\":\"https:\/\/www.uqac.ca\/uqactualites\/2020\/11\/30\/le-cee-uqac-stimulera-le-dynamisme-entrepreneurial-dans-la-region\/#primaryimage\",\"url\":\"https:\/\/www.uqac.ca\/uqactualites\/wp-content\/uploads\/2020\/11\/cee.jpg\",\"contentUrl\":\"https:\/\/www.uqac.ca\/uqactualites\/wp-content\/uploads\/2020\/11\/cee.jpg\",\"width\":1170,\"height\":660},{\"@type\":\"BreadcrumbList\",\"@id\":\"https:\/\/www.uqac.ca\/uqactualites\/2020\/11\/30\/le-cee-uqac-stimulera-le-dynamisme-entrepreneurial-dans-la-region\/#breadcrumb\",\"itemListElement\":[{\"@type\":\"ListItem\",\"position\":1,\"name\":\"Home\",\"item\":\"https:\/\/www.uqac.ca\/uqactualites\/\"},{\"@type\":\"ListItem\",\"position\":2,\"name\":\"Le CEE-UQAC stimulera le dynamisme entrepreneurial dans la r\u00e9gion\"}]},{\"@type\":\"WebSite\",\"@id\":\"https:\/\/www.uqac.ca\/uqactualites\/#website\",\"url\":\"https:\/\/www.uqac.ca\/uqactualites\/\",\"name\":\"UQACtualit\u00e9s\",\"description\":\"Le portail des nouvelles de l&#039;UQAC\",\"potentialAction\":[{\"@type\":\"SearchAction\",\"target\":{\"@type\":\"EntryPoint\",\"urlTemplate\":\"https:\/\/www.uqac.ca\/uqactualites\/?s={search_term_string}\"},\"query-input\":{\"@type\":\"PropertyValueSpecification\",\"valueRequired\":true,\"valueName\":\"search_term_string\"}}],\"inLanguage\":\"fr-CA\"},{\"@type\":\"Person\",\"@id\":\"https:\/\/www.uqac.ca\/uqactualites\/#\/schema\/person\/366c45a0c4f0e677b41b4af5886e2018\",\"name\":\"Service des communications et des relations publiques\",\"image\":{\"@type\":\"ImageObject\",\"inLanguage\":\"fr-CA\",\"@id\":\"https:\/\/www.uqac.ca\/uqactualites\/#\/schema\/person\/image\/\",\"url\":\"https:\/\/secure.gravatar.com\/avatar\/20fbbda8a292f59f2d3461a5b999c00b?s=96&d=mm&r=g\",\"contentUrl\":\"https:\/\/secure.gravatar.com\/avatar\/20fbbda8a292f59f2d3461a5b999c00b?s=96&d=mm&r=g\",\"caption\":\"Service des communications et des relations publiques\"},\"url\":\"https:\/\/www.uqac.ca\/uqactualites\/author\/bap\/\"}]}<\/script>\r\n<!-- \/ Yoast SEO plugin. -->","yoast_head_json":{"title":"Le CEE-UQAC stimulera le dynamisme entrepreneurial dans la r\u00e9gion - UQACtualit\u00e9s","robots":{"index":"index","follow":"follow","max-snippet":"max-snippet:-1","max-image-preview":"max-image-preview:large","max-video-preview":"max-video-preview:-1"},"canonical":"https:\/\/www.uqac.ca\/uqactualites\/2020\/11\/30\/le-cee-uqac-stimulera-le-dynamisme-entrepreneurial-dans-la-region\/","og_locale":"fr_CA","og_type":"article","og_title":"Le CEE-UQAC stimulera le dynamisme entrepreneurial dans la r\u00e9gion - UQACtualit\u00e9s","og_description":"Le Centre d&rsquo;entrepreneuriat et d&rsquo;essaimage de l\u2019UQAC (CEE-UQAC) a re\u00e7u un soutien financier de 795\u00a0000\u00a0$ de D\u00e9veloppement \u00e9conomique\u00a0Canada\u00a0pour les r\u00e9gions du Qu\u00e9bec afin de stimuler l&rsquo;entrepreneuriat et le transfert technologique au Saguenay\u2013Lac-Saint-Jean. Ce financement a \u00e9t\u00e9 annonc\u00e9 par \u00c9lisabeth\u00a0Bri\u00e8re, d\u00e9put\u00e9e de Sherbrooke et secr\u00e9taire parlementaire de l&rsquo;honorable M\u00e9lanie\u00a0Joly, ministre du D\u00e9veloppement \u00e9conomique et des Langues [&hellip;]","og_url":"https:\/\/www.uqac.ca\/uqactualites\/2020\/11\/30\/le-cee-uqac-stimulera-le-dynamisme-entrepreneurial-dans-la-region\/","og_site_name":"UQACtualit\u00e9s","article_published_time":"2020-12-01T02:39:25+00:00","og_image":[{"width":1170,"height":660,"url":"https:\/\/www.uqac.ca\/uqactualites\/wp-content\/uploads\/2020\/11\/cee.jpg","type":"image\/jpeg"}],"author":"Service des communications et des relations publiques","twitter_card":"summary_large_image","twitter_misc":{"\u00c9crit par":"Service des communications et des relations publiques","Estimation du temps de lecture":"1 minute"},"schema":{"@context":"https:\/\/schema.org","@graph":[{"@type":"WebPage","@id":"https:\/\/www.uqac.ca\/uqactualites\/2020\/11\/30\/le-cee-uqac-stimulera-le-dynamisme-entrepreneurial-dans-la-region\/","url":"https:\/\/www.uqac.ca\/uqactualites\/2020\/11\/30\/le-cee-uqac-stimulera-le-dynamisme-entrepreneurial-dans-la-region\/","name":"Le CEE-UQAC stimulera le dynamisme entrepreneurial dans la r\u00e9gion - UQACtualit\u00e9s","isPartOf":{"@id":"https:\/\/www.uqac.ca\/uqactualites\/#website"},"primaryImageOfPage":{"@id":"https:\/\/www.uqac.ca\/uqactualites\/2020\/11\/30\/le-cee-uqac-stimulera-le-dynamisme-entrepreneurial-dans-la-region\/#primaryimage"},"image":{"@id":"https:\/\/www.uqac.ca\/uqactualites\/2020\/11\/30\/le-cee-uqac-stimulera-le-dynamisme-entrepreneurial-dans-la-region\/#primaryimage"},"thumbnailUrl":"https:\/\/www.uqac.ca\/uqactualites\/wp-content\/uploads\/2020\/11\/cee.jpg","datePublished":"2020-12-01T02:39:25+00:00","dateModified":"2020-12-01T02:39:25+00:00","author":{"@id":"https:\/\/www.uqac.ca\/uqactualites\/#\/schema\/person\/366c45a0c4f0e677b41b4af5886e2018"},"breadcrumb":{"@id":"https:\/\/www.uqac.ca\/uqactualites\/2020\/11\/30\/le-cee-uqac-stimulera-le-dynamisme-entrepreneurial-dans-la-region\/#breadcrumb"},"inLanguage":"fr-CA","potentialAction":[{"@type":"ReadAction","target":["https:\/\/www.uqac.ca\/uqactualites\/2020\/11\/30\/le-cee-uqac-stimulera-le-dynamisme-entrepreneurial-dans-la-region\/"]}]},{"@type":"ImageObject","inLanguage":"fr-CA","@id":"https:\/\/www.uqac.ca\/uqactualites\/2020\/11\/30\/le-cee-uqac-stimulera-le-dynamisme-entrepreneurial-dans-la-region\/#primaryimage","url":"https:\/\/www.uqac.ca\/uqactualites\/wp-content\/uploads\/2020\/11\/cee.jpg","contentUrl":"https:\/\/www.uqac.ca\/uqactualites\/wp-content\/uploads\/2020\/11\/cee.jpg","width":1170,"height":660},{"@type":"BreadcrumbList","@id":"https:\/\/www.uqac.ca\/uqactualites\/2020\/11\/30\/le-cee-uqac-stimulera-le-dynamisme-entrepreneurial-dans-la-region\/#breadcrumb","itemListElement":[{"@type":"ListItem","position":1,"name":"Home","item":"https:\/\/www.uqac.ca\/uqactualites\/"},{"@type":"ListItem","position":2,"name":"Le CEE-UQAC stimulera le dynamisme entrepreneurial dans la r\u00e9gion"}]},{"@type":"WebSite","@id":"https:\/\/www.uqac.ca\/uqactualites\/#website","url":"https:\/\/www.uqac.ca\/uqactualites\/","name":"UQACtualit\u00e9s","description":"Le portail des nouvelles de l&#039;UQAC","potentialAction":[{"@type":"SearchAction","target":{"@type":"EntryPoint","urlTemplate":"https:\/\/www.uqac.ca\/uqactualites\/?s={search_term_string}"},"query-input":{"@type":"PropertyValueSpecification","valueRequired":true,"valueName":"search_term_string"}}],"inLanguage":"fr-CA"},{"@type":"Person","@id":"https:\/\/www.uqac.ca\/uqactualites\/#\/schema\/person\/366c45a0c4f0e677b41b4af5886e2018","name":"Service des communications et des relations publiques","image":{"@type":"ImageObject","inLanguage":"fr-CA","@id":"https:\/\/www.uqac.ca\/uqactualites\/#\/schema\/person\/image\/","url":"https:\/\/secure.gravatar.com\/avatar\/20fbbda8a292f59f2d3461a5b999c00b?s=96&d=mm&r=g","contentUrl":"https:\/\/secure.gravatar.com\/avatar\/20fbbda8a292f59f2d3461a5b999c00b?s=96&d=mm&r=g","caption":"Service des communications et des relations publiques"},"url":"https:\/\/www.uqac.ca\/uqactualites\/author\/bap\/"}]}},"_links":{"self":[{"href":"https:\/\/www.uqac.ca\/uqactualites\/wp-json\/wp\/v2\/posts\/39024"}],"collection":[{"href":"https:\/\/www.uqac.ca\/uqactualites\/wp-json\/wp\/v2\/posts"}],"about":[{"href":"https:\/\/www.uqac.ca\/uqactualites\/wp-json\/wp\/v2\/types\/post"}],"author":[{"embeddable":true,"href":"https:\/\/www.uqac.ca\/uqactualites\/wp-json\/wp\/v2\/users\/5"}],"replies":[{"embeddable":true,"href":"https:\/\/www.uqac.ca\/uqactualites\/wp-json\/wp\/v2\/comments?post=39024"}],"version-history":[{"count":0,"href":"https:\/\/www.uqac.ca\/uqactualites\/wp-json\/wp\/v2\/posts\/39024\/revisions"}],"wp:featuredmedia":[{"embeddable":true,"href":"https:\/\/www.uqac.ca\/uqactualites\/wp-json\/wp\/v2\/media\/39025"}],"wp:attachment":[{"href":"https:\/\/www.uqac.ca\/uqactualites\/wp-json\/wp\/v2\/media?parent=39024"}],"wp:term":[{"taxonomy":"category","embeddable":true,"href":"https:\/\/www.uqac.ca\/uqactualites\/wp-json\/wp\/v2\/categories?post=39024"},{"taxonomy":"post_tag","embeddable":true,"href":"https:\/\/www.uqac.ca\/uqactualites\/wp-json\/wp\/v2\/tags?post=39024"}],"curies":[{"name":"wp","href":"https:\/\/api.w.org\/{rel}","templated":true}]}}