{"id":39031,"date":"2020-12-02T14:59:58","date_gmt":"2020-12-02T19:59:58","guid":{"rendered":"https:\/\/www.uqac.ca\/?p=39031"},"modified":"2020-12-02T14:59:58","modified_gmt":"2020-12-02T19:59:58","slug":"mohamed-bouazara-nomme-au-poste-de-vice-recteur-a-la-recherche-a-la-creation-et-a-linnovation","status":"publish","type":"post","link":"https:\/\/www.uqac.ca\/uqactualites\/2020\/12\/02\/mohamed-bouazara-nomme-au-poste-de-vice-recteur-a-la-recherche-a-la-creation-et-a-linnovation\/","title":{"rendered":"Mohamed Bouazara nomm\u00e9 au poste de vice-recteur \u00e0 la recherche, \u00e0 la cr\u00e9ation et \u00e0 l\u2019innovation"},"content":{"rendered":"<p style=\"margin: 0cm; margin-bottom: .0001pt;\"><span style=\"font-size: 10.0pt; font-family: 'Arial',sans-serif; color: black;\">Les membres du Conseil d\u2019administration de l\u2019Universit\u00e9 du Qu\u00e9bec \u00e0 Chicoutimi ont proc\u00e9d\u00e9, lors de la s\u00e9ance extraordinaire du 30 novembre dernier, \u00e0 la nomination de <span style=\"font-family: 'Arial',sans-serif;\">Mohamed Bouazara<\/span> au poste <span style=\"font-family: 'Arial',sans-serif;\">de vice-recteur \u00e0 la recherche, \u00e0 la cr\u00e9ation et \u00e0 l\u2019innovation.<\/span><\/span><\/p>\n<p style=\"margin: 0cm; margin-bottom: .0001pt;\"><span style=\"font-size: 10.0pt; font-family: 'Arial',sans-serif; color: black;\">\u00a0<\/span><\/p>\n<p style=\"margin: 0cm; margin-bottom: .0001pt;\"><span style=\"font-size: 10.0pt; font-family: 'Arial',sans-serif; color: black;\">D\u00e9tenteur d\u2019un Ph. D. en g\u00e9nie m\u00e9canique de l\u2019Universit\u00e9 Laval depuis 1997, <span style=\"font-family: 'Arial',sans-serif;\">Mohamed Bouazara<\/span> est professeur titulaire \u00e0 l\u2019UQAC depuis 2000. <\/span><\/p>\n<p style=\"margin: 0cm; margin-bottom: .0001pt;\"><span style=\"font-size: 10.0pt; font-family: 'Arial',sans-serif; color: black;\">\u00a0<\/span><\/p>\n<p style=\"margin: 0cm; margin-bottom: .0001pt;\"><span style=\"font-size: 10.0pt; font-family: 'Arial',sans-serif; color: black;\">Disposant d\u2019une importante feuille de route comme chercheur cumulant plusieurs subventions de diff\u00e9rents organismes, M. Bouazara a supervis\u00e9 de nombreux projets de 2<sup>e<\/sup> et 3<sup>e<\/sup> cycles. Au fil de sa carri\u00e8re, les r\u00e9sultats de ces recherches ont \u00e9t\u00e9 diffus\u00e9s dans des revues et conf\u00e9rences nationale et internationale. Au cours des derni\u00e8res ann\u00e9es, il a publi\u00e9 au-del\u00e0 d\u2019une centaine d\u2019articles de revues et de conf\u00e9rences.<\/span><\/p>\n<p style=\"margin: 0cm; margin-bottom: .0001pt;\"><span style=\"font-size: 10.0pt; font-family: 'Arial',sans-serif; color: black;\">\u00a0<\/span><\/p>\n<p style=\"margin: 0cm; margin-bottom: .0001pt;\"><span style=\"font-size: 10.0pt; font-family: 'Arial',sans-serif; color: black;\">Tr\u00e8s impliqu\u00e9 dans l\u2019enseignement, et ce, \u00e0 tous les cycles d\u2019\u00e9tudes, M.<span style=\"font-family: 'Arial',sans-serif;\"> Bouazara<\/span> est membre de divers comit\u00e9s internes et externes de l\u2019UQAC tels que le comit\u00e9 de la cr\u00e9ation, de l\u2019innovation et brevet, le comit\u00e9 de planification strat\u00e9gique, le comit\u00e9 d\u2019\u00e9quit\u00e9 diversit\u00e9 et inclusion (CEDI) ainsi que plusieurs autres. <\/span><\/p>\n<p style=\"margin: 0cm; margin-bottom: .0001pt;\"><span style=\"font-size: 10.0pt; font-family: 'Arial',sans-serif; color: black;\">\u00a0<\/span><\/p>\n<p style=\"margin: 0cm; margin-bottom: .0001pt;\"><span style=\"font-size: 10.0pt; font-family: 'Arial',sans-serif; color: black;\">M. Bouazara si\u00e8ge \u00e9galement sur plusieurs comit\u00e9s interuniversitaires notamment aupr\u00e8s de l\u2019Ordre des ing\u00e9nieurs du Qu\u00e9bec, Conseil des doyens d\u2019ing\u00e9nierie du Qu\u00e9bec et Engineering Dean Canada. \u00c9galement, il participe \u00e0 certains comit\u00e9s d\u2019\u00e9valuation de subvention du CRSNG et FQRNT<\/span><\/p>\n<p style=\"margin: 0cm; margin-bottom: .0001pt;\"><span style=\"font-size: 10.0pt; font-family: 'Arial',sans-serif; color: black;\">\u00a0<\/span><\/p>\n<p style=\"margin: 0cm; margin-bottom: .0001pt;\"><span style=\"font-size: 10.0pt; font-family: 'Arial',sans-serif; color: black;\">De 2005 \u00e0 2007, il a occup\u00e9 la fonction de directeur par int\u00e9rim du Module d\u2019ing\u00e9nierie. Depuis 2014, il est directeur du D\u00e9partement des sciences appliqu\u00e9es.<\/span><\/p>\n<p style=\"margin: 0cm; margin-bottom: .0001pt;\"><span style=\"font-size: 10.0pt;\">\u00a0<\/span><\/p>\n<p style=\"margin: 0cm; margin-bottom: .0001pt;\"><span style=\"font-size: 10.0pt; font-family: 'Arial',sans-serif; color: black;\">Le mandat M. Bouazara au poste <span style=\"font-family: 'Arial',sans-serif;\">de vice-recteur \u00e0 la recherche, \u00e0 la cr\u00e9ation et \u00e0 l\u2019innovation<\/span> sera d\u2019une dur\u00e9e de cinq ans et son entr\u00e9e en fonction est pr\u00e9vue le 7 d\u00e9cembre prochain.<\/span><span style=\"font-size: 10.0pt; font-family: 'Arial',sans-serif;\"> Il assurera toutefois une transition en ce qui a trait \u00e0 la direction du D\u00e9partement des sciences appliqu\u00e9es jusqu\u2019au 11 janvier 2021.<\/span><\/p>\n<p>&nbsp;<\/p>\n","protected":false},"excerpt":{"rendered":"<p>Les membres du Conseil d\u2019administration de l\u2019Universit\u00e9 du Qu\u00e9bec \u00e0 Chicoutimi ont proc\u00e9d\u00e9, lors de la s\u00e9ance extraordinaire du 30 novembre dernier, \u00e0 la nomination de Mohamed Bouazara au poste de vice-recteur \u00e0 la recherche, \u00e0 la cr\u00e9ation et \u00e0 l\u2019innovation. \u00a0 D\u00e9tenteur d\u2019un Ph. D. en g\u00e9nie m\u00e9canique de l\u2019Universit\u00e9 Laval depuis 1997, Mohamed [&hellip;]<\/p>\n","protected":false},"author":5,"featured_media":39033,"comment_status":"closed","ping_status":"open","sticky":false,"template":"","format":"standard","meta":{"footnotes":""},"categories":[2],"tags":[],"yoast_head":"<!-- This site is optimized with the Yoast SEO plugin v24.2 - https:\/\/yoast.com\/wordpress\/plugins\/seo\/ -->\r\n<title>Mohamed Bouazara nomm\u00e9 au poste de vice-recteur \u00e0 la recherche, \u00e0 la cr\u00e9ation et \u00e0 l\u2019innovation - UQACtualit\u00e9s<\/title>\r\n<meta name=\"robots\" content=\"index, follow, max-snippet:-1, max-image-preview:large, max-video-preview:-1\" \/>\r\n<link rel=\"canonical\" href=\"https:\/\/www.uqac.ca\/uqactualites\/2020\/12\/02\/mohamed-bouazara-nomme-au-poste-de-vice-recteur-a-la-recherche-a-la-creation-et-a-linnovation\/\" \/>\r\n<meta property=\"og:locale\" content=\"fr_CA\" \/>\r\n<meta property=\"og:type\" content=\"article\" \/>\r\n<meta property=\"og:title\" content=\"Mohamed Bouazara nomm\u00e9 au poste de vice-recteur \u00e0 la recherche, \u00e0 la cr\u00e9ation et \u00e0 l\u2019innovation - UQACtualit\u00e9s\" \/>\r\n<meta property=\"og:description\" content=\"Les membres du Conseil d\u2019administration de l\u2019Universit\u00e9 du Qu\u00e9bec \u00e0 Chicoutimi ont proc\u00e9d\u00e9, lors de la s\u00e9ance extraordinaire du 30 novembre dernier, \u00e0 la nomination de Mohamed Bouazara au poste de vice-recteur \u00e0 la recherche, \u00e0 la cr\u00e9ation et \u00e0 l\u2019innovation. \u00a0 D\u00e9tenteur d\u2019un Ph. D. en g\u00e9nie m\u00e9canique de l\u2019Universit\u00e9 Laval depuis 1997, Mohamed [&hellip;]\" \/>\r\n<meta property=\"og:url\" content=\"https:\/\/www.uqac.ca\/uqactualites\/2020\/12\/02\/mohamed-bouazara-nomme-au-poste-de-vice-recteur-a-la-recherche-a-la-creation-et-a-linnovation\/\" \/>\r\n<meta property=\"og:site_name\" content=\"UQACtualit\u00e9s\" \/>\r\n<meta property=\"article:published_time\" content=\"2020-12-02T19:59:58+00:00\" \/>\r\n<meta property=\"og:image\" content=\"https:\/\/www.uqac.ca\/uqactualites\/wp-content\/uploads\/2020\/12\/MBouazara.jpg\" \/>\r\n\t<meta property=\"og:image:width\" content=\"867\" \/>\r\n\t<meta property=\"og:image:height\" content=\"580\" \/>\r\n\t<meta property=\"og:image:type\" content=\"image\/jpeg\" \/>\r\n<meta name=\"author\" content=\"Service des communications et des relations publiques\" \/>\r\n<meta name=\"twitter:card\" content=\"summary_large_image\" \/>\r\n<meta name=\"twitter:label1\" content=\"\u00c9crit par\" \/>\n\t<meta name=\"twitter:data1\" content=\"Service des communications et des relations publiques\" \/>\n\t<meta name=\"twitter:label2\" content=\"Estimation du temps de lecture\" \/>\n\t<meta name=\"twitter:data2\" content=\"2 minutes\" \/>\r\n<script type=\"application\/ld+json\" class=\"yoast-schema-graph\">{\"@context\":\"https:\/\/schema.org\",\"@graph\":[{\"@type\":\"WebPage\",\"@id\":\"https:\/\/www.uqac.ca\/uqactualites\/2020\/12\/02\/mohamed-bouazara-nomme-au-poste-de-vice-recteur-a-la-recherche-a-la-creation-et-a-linnovation\/\",\"url\":\"https:\/\/www.uqac.ca\/uqactualites\/2020\/12\/02\/mohamed-bouazara-nomme-au-poste-de-vice-recteur-a-la-recherche-a-la-creation-et-a-linnovation\/\",\"name\":\"Mohamed Bouazara nomm\u00e9 au poste de vice-recteur \u00e0 la recherche, \u00e0 la cr\u00e9ation et \u00e0 l\u2019innovation - UQACtualit\u00e9s\",\"isPartOf\":{\"@id\":\"https:\/\/www.uqac.ca\/uqactualites\/#website\"},\"primaryImageOfPage\":{\"@id\":\"https:\/\/www.uqac.ca\/uqactualites\/2020\/12\/02\/mohamed-bouazara-nomme-au-poste-de-vice-recteur-a-la-recherche-a-la-creation-et-a-linnovation\/#primaryimage\"},\"image\":{\"@id\":\"https:\/\/www.uqac.ca\/uqactualites\/2020\/12\/02\/mohamed-bouazara-nomme-au-poste-de-vice-recteur-a-la-recherche-a-la-creation-et-a-linnovation\/#primaryimage\"},\"thumbnailUrl\":\"https:\/\/www.uqac.ca\/uqactualites\/wp-content\/uploads\/2020\/12\/MBouazara.jpg\",\"datePublished\":\"2020-12-02T19:59:58+00:00\",\"dateModified\":\"2020-12-02T19:59:58+00:00\",\"author\":{\"@id\":\"https:\/\/www.uqac.ca\/uqactualites\/#\/schema\/person\/366c45a0c4f0e677b41b4af5886e2018\"},\"breadcrumb\":{\"@id\":\"https:\/\/www.uqac.ca\/uqactualites\/2020\/12\/02\/mohamed-bouazara-nomme-au-poste-de-vice-recteur-a-la-recherche-a-la-creation-et-a-linnovation\/#breadcrumb\"},\"inLanguage\":\"fr-CA\",\"potentialAction\":[{\"@type\":\"ReadAction\",\"target\":[\"https:\/\/www.uqac.ca\/uqactualites\/2020\/12\/02\/mohamed-bouazara-nomme-au-poste-de-vice-recteur-a-la-recherche-a-la-creation-et-a-linnovation\/\"]}]},{\"@type\":\"ImageObject\",\"inLanguage\":\"fr-CA\",\"@id\":\"https:\/\/www.uqac.ca\/uqactualites\/2020\/12\/02\/mohamed-bouazara-nomme-au-poste-de-vice-recteur-a-la-recherche-a-la-creation-et-a-linnovation\/#primaryimage\",\"url\":\"https:\/\/www.uqac.ca\/uqactualites\/wp-content\/uploads\/2020\/12\/MBouazara.jpg\",\"contentUrl\":\"https:\/\/www.uqac.ca\/uqactualites\/wp-content\/uploads\/2020\/12\/MBouazara.jpg\",\"width\":867,\"height\":580},{\"@type\":\"BreadcrumbList\",\"@id\":\"https:\/\/www.uqac.ca\/uqactualites\/2020\/12\/02\/mohamed-bouazara-nomme-au-poste-de-vice-recteur-a-la-recherche-a-la-creation-et-a-linnovation\/#breadcrumb\",\"itemListElement\":[{\"@type\":\"ListItem\",\"position\":1,\"name\":\"Home\",\"item\":\"https:\/\/www.uqac.ca\/uqactualites\/\"},{\"@type\":\"ListItem\",\"position\":2,\"name\":\"Mohamed Bouazara nomm\u00e9 au poste de vice-recteur \u00e0 la recherche, \u00e0 la cr\u00e9ation et \u00e0 l\u2019innovation\"}]},{\"@type\":\"WebSite\",\"@id\":\"https:\/\/www.uqac.ca\/uqactualites\/#website\",\"url\":\"https:\/\/www.uqac.ca\/uqactualites\/\",\"name\":\"UQACtualit\u00e9s\",\"description\":\"Le portail des nouvelles de l&#039;UQAC\",\"potentialAction\":[{\"@type\":\"SearchAction\",\"target\":{\"@type\":\"EntryPoint\",\"urlTemplate\":\"https:\/\/www.uqac.ca\/uqactualites\/?s={search_term_string}\"},\"query-input\":{\"@type\":\"PropertyValueSpecification\",\"valueRequired\":true,\"valueName\":\"search_term_string\"}}],\"inLanguage\":\"fr-CA\"},{\"@type\":\"Person\",\"@id\":\"https:\/\/www.uqac.ca\/uqactualites\/#\/schema\/person\/366c45a0c4f0e677b41b4af5886e2018\",\"name\":\"Service des communications et des relations publiques\",\"image\":{\"@type\":\"ImageObject\",\"inLanguage\":\"fr-CA\",\"@id\":\"https:\/\/www.uqac.ca\/uqactualites\/#\/schema\/person\/image\/\",\"url\":\"https:\/\/secure.gravatar.com\/avatar\/20fbbda8a292f59f2d3461a5b999c00b?s=96&d=mm&r=g\",\"contentUrl\":\"https:\/\/secure.gravatar.com\/avatar\/20fbbda8a292f59f2d3461a5b999c00b?s=96&d=mm&r=g\",\"caption\":\"Service des communications et des relations publiques\"},\"url\":\"https:\/\/www.uqac.ca\/uqactualites\/author\/bap\/\"}]}<\/script>\r\n<!-- \/ Yoast SEO plugin. -->","yoast_head_json":{"title":"Mohamed Bouazara nomm\u00e9 au poste de vice-recteur \u00e0 la recherche, \u00e0 la cr\u00e9ation et \u00e0 l\u2019innovation - UQACtualit\u00e9s","robots":{"index":"index","follow":"follow","max-snippet":"max-snippet:-1","max-image-preview":"max-image-preview:large","max-video-preview":"max-video-preview:-1"},"canonical":"https:\/\/www.uqac.ca\/uqactualites\/2020\/12\/02\/mohamed-bouazara-nomme-au-poste-de-vice-recteur-a-la-recherche-a-la-creation-et-a-linnovation\/","og_locale":"fr_CA","og_type":"article","og_title":"Mohamed Bouazara nomm\u00e9 au poste de vice-recteur \u00e0 la recherche, \u00e0 la cr\u00e9ation et \u00e0 l\u2019innovation - UQACtualit\u00e9s","og_description":"Les membres du Conseil d\u2019administration de l\u2019Universit\u00e9 du Qu\u00e9bec \u00e0 Chicoutimi ont proc\u00e9d\u00e9, lors de la s\u00e9ance extraordinaire du 30 novembre dernier, \u00e0 la nomination de Mohamed Bouazara au poste de vice-recteur \u00e0 la recherche, \u00e0 la cr\u00e9ation et \u00e0 l\u2019innovation. \u00a0 D\u00e9tenteur d\u2019un Ph. D. en g\u00e9nie m\u00e9canique de l\u2019Universit\u00e9 Laval depuis 1997, Mohamed [&hellip;]","og_url":"https:\/\/www.uqac.ca\/uqactualites\/2020\/12\/02\/mohamed-bouazara-nomme-au-poste-de-vice-recteur-a-la-recherche-a-la-creation-et-a-linnovation\/","og_site_name":"UQACtualit\u00e9s","article_published_time":"2020-12-02T19:59:58+00:00","og_image":[{"width":867,"height":580,"url":"https:\/\/www.uqac.ca\/uqactualites\/wp-content\/uploads\/2020\/12\/MBouazara.jpg","type":"image\/jpeg"}],"author":"Service des communications et des relations publiques","twitter_card":"summary_large_image","twitter_misc":{"\u00c9crit par":"Service des communications et des relations publiques","Estimation du temps de lecture":"2 minutes"},"schema":{"@context":"https:\/\/schema.org","@graph":[{"@type":"WebPage","@id":"https:\/\/www.uqac.ca\/uqactualites\/2020\/12\/02\/mohamed-bouazara-nomme-au-poste-de-vice-recteur-a-la-recherche-a-la-creation-et-a-linnovation\/","url":"https:\/\/www.uqac.ca\/uqactualites\/2020\/12\/02\/mohamed-bouazara-nomme-au-poste-de-vice-recteur-a-la-recherche-a-la-creation-et-a-linnovation\/","name":"Mohamed Bouazara nomm\u00e9 au poste de vice-recteur \u00e0 la recherche, \u00e0 la cr\u00e9ation et \u00e0 l\u2019innovation - UQACtualit\u00e9s","isPartOf":{"@id":"https:\/\/www.uqac.ca\/uqactualites\/#website"},"primaryImageOfPage":{"@id":"https:\/\/www.uqac.ca\/uqactualites\/2020\/12\/02\/mohamed-bouazara-nomme-au-poste-de-vice-recteur-a-la-recherche-a-la-creation-et-a-linnovation\/#primaryimage"},"image":{"@id":"https:\/\/www.uqac.ca\/uqactualites\/2020\/12\/02\/mohamed-bouazara-nomme-au-poste-de-vice-recteur-a-la-recherche-a-la-creation-et-a-linnovation\/#primaryimage"},"thumbnailUrl":"https:\/\/www.uqac.ca\/uqactualites\/wp-content\/uploads\/2020\/12\/MBouazara.jpg","datePublished":"2020-12-02T19:59:58+00:00","dateModified":"2020-12-02T19:59:58+00:00","author":{"@id":"https:\/\/www.uqac.ca\/uqactualites\/#\/schema\/person\/366c45a0c4f0e677b41b4af5886e2018"},"breadcrumb":{"@id":"https:\/\/www.uqac.ca\/uqactualites\/2020\/12\/02\/mohamed-bouazara-nomme-au-poste-de-vice-recteur-a-la-recherche-a-la-creation-et-a-linnovation\/#breadcrumb"},"inLanguage":"fr-CA","potentialAction":[{"@type":"ReadAction","target":["https:\/\/www.uqac.ca\/uqactualites\/2020\/12\/02\/mohamed-bouazara-nomme-au-poste-de-vice-recteur-a-la-recherche-a-la-creation-et-a-linnovation\/"]}]},{"@type":"ImageObject","inLanguage":"fr-CA","@id":"https:\/\/www.uqac.ca\/uqactualites\/2020\/12\/02\/mohamed-bouazara-nomme-au-poste-de-vice-recteur-a-la-recherche-a-la-creation-et-a-linnovation\/#primaryimage","url":"https:\/\/www.uqac.ca\/uqactualites\/wp-content\/uploads\/2020\/12\/MBouazara.jpg","contentUrl":"https:\/\/www.uqac.ca\/uqactualites\/wp-content\/uploads\/2020\/12\/MBouazara.jpg","width":867,"height":580},{"@type":"BreadcrumbList","@id":"https:\/\/www.uqac.ca\/uqactualites\/2020\/12\/02\/mohamed-bouazara-nomme-au-poste-de-vice-recteur-a-la-recherche-a-la-creation-et-a-linnovation\/#breadcrumb","itemListElement":[{"@type":"ListItem","position":1,"name":"Home","item":"https:\/\/www.uqac.ca\/uqactualites\/"},{"@type":"ListItem","position":2,"name":"Mohamed Bouazara nomm\u00e9 au poste de vice-recteur \u00e0 la recherche, \u00e0 la cr\u00e9ation et \u00e0 l\u2019innovation"}]},{"@type":"WebSite","@id":"https:\/\/www.uqac.ca\/uqactualites\/#website","url":"https:\/\/www.uqac.ca\/uqactualites\/","name":"UQACtualit\u00e9s","description":"Le portail des nouvelles de l&#039;UQAC","potentialAction":[{"@type":"SearchAction","target":{"@type":"EntryPoint","urlTemplate":"https:\/\/www.uqac.ca\/uqactualites\/?s={search_term_string}"},"query-input":{"@type":"PropertyValueSpecification","valueRequired":true,"valueName":"search_term_string"}}],"inLanguage":"fr-CA"},{"@type":"Person","@id":"https:\/\/www.uqac.ca\/uqactualites\/#\/schema\/person\/366c45a0c4f0e677b41b4af5886e2018","name":"Service des communications et des relations publiques","image":{"@type":"ImageObject","inLanguage":"fr-CA","@id":"https:\/\/www.uqac.ca\/uqactualites\/#\/schema\/person\/image\/","url":"https:\/\/secure.gravatar.com\/avatar\/20fbbda8a292f59f2d3461a5b999c00b?s=96&d=mm&r=g","contentUrl":"https:\/\/secure.gravatar.com\/avatar\/20fbbda8a292f59f2d3461a5b999c00b?s=96&d=mm&r=g","caption":"Service des communications et des relations publiques"},"url":"https:\/\/www.uqac.ca\/uqactualites\/author\/bap\/"}]}},"_links":{"self":[{"href":"https:\/\/www.uqac.ca\/uqactualites\/wp-json\/wp\/v2\/posts\/39031"}],"collection":[{"href":"https:\/\/www.uqac.ca\/uqactualites\/wp-json\/wp\/v2\/posts"}],"about":[{"href":"https:\/\/www.uqac.ca\/uqactualites\/wp-json\/wp\/v2\/types\/post"}],"author":[{"embeddable":true,"href":"https:\/\/www.uqac.ca\/uqactualites\/wp-json\/wp\/v2\/users\/5"}],"replies":[{"embeddable":true,"href":"https:\/\/www.uqac.ca\/uqactualites\/wp-json\/wp\/v2\/comments?post=39031"}],"version-history":[{"count":0,"href":"https:\/\/www.uqac.ca\/uqactualites\/wp-json\/wp\/v2\/posts\/39031\/revisions"}],"wp:featuredmedia":[{"embeddable":true,"href":"https:\/\/www.uqac.ca\/uqactualites\/wp-json\/wp\/v2\/media\/39033"}],"wp:attachment":[{"href":"https:\/\/www.uqac.ca\/uqactualites\/wp-json\/wp\/v2\/media?parent=39031"}],"wp:term":[{"taxonomy":"category","embeddable":true,"href":"https:\/\/www.uqac.ca\/uqactualites\/wp-json\/wp\/v2\/categories?post=39031"},{"taxonomy":"post_tag","embeddable":true,"href":"https:\/\/www.uqac.ca\/uqactualites\/wp-json\/wp\/v2\/tags?post=39031"}],"curies":[{"name":"wp","href":"https:\/\/api.w.org\/{rel}","templated":true}]}}