{"id":39090,"date":"2020-12-15T09:18:03","date_gmt":"2020-12-15T14:18:03","guid":{"rendered":"https:\/\/www.uqac.ca\/?p=39090"},"modified":"2020-12-15T09:18:03","modified_gmt":"2020-12-15T14:18:03","slug":"le-fichier-de-population-balsac-au-coeur-dune-importante-collaboration-en-genomique","status":"publish","type":"post","link":"https:\/\/www.uqac.ca\/uqactualites\/2020\/12\/15\/le-fichier-de-population-balsac-au-coeur-dune-importante-collaboration-en-genomique\/","title":{"rendered":"Le fichier de population BALSAC au coeur d&rsquo;une importante collaboration en g\u00e9nomique"},"content":{"rendered":"<p>Le fichier de population\u00a0<em>BALSAC collabore \u00e0 <\/em>la r\u00e9alisation de l\u2019<em>Initiative GenoRef-Q<\/em>, un\u00a0projet qui permettra de s\u00e9quencer le g\u00e9nome de plus de 2\u2009000 personnes, recrut\u00e9es parmi les 30\u2009000 participants issus de la cohorte populationnelle CARTaGENE.<\/p>\n<p>En effet, G\u00e9nome Qu\u00e9bec, en partenariat avec G\u00e9nome Canada,\u00a0annonce un octroi de plus de trois millions de dollars \u00e0 deux directeurs scientifiques de CARTaGENE, Guillaume Lettre, Ph. D. et Simon Gravel, Ph. D., pour la r\u00e9alisation de\u00a0l\u2019<em>Initiative GenoRef-Q<\/em>. Ce projet permettra de s\u00e9quencer le g\u00e9nome de plus de 2\u2009000 participants, une initiative unique et prometteuse pour le Qu\u00e9bec.<\/p>\n<p>Cette initiative sera men\u00e9e en collaboration avec le fichier de population\u00a0<em>BALSAC<\/em>, qui constitue un outil unique \u00e0 la jonction des sciences humaines et des sciences biom\u00e9dicales. Le fichier de population BALSAC est construit \u00e0 partir des actes de l\u2019\u00e9tat civil du Qu\u00e9bec permettant la reconstitution automatique des familles et des lign\u00e9es g\u00e9n\u00e9alogiques sur quatre si\u00e8cles. BALSAC, en d\u00e9veloppement depuis 50 ans \u00e0 l\u2019Universit\u00e9 du Qu\u00e9bec \u00e0 Chicoutimi, couvre aujourd\u2019hui l\u2019ensemble des r\u00e9gions du territoire qu\u00e9b\u00e9cois depuis les d\u00e9buts du peuplement europ\u00e9en, au 17e si\u00e8cle, jusqu\u2019\u00e0 la p\u00e9riode contemporaine. La capacit\u00e9 de suivre les parcours individuels ainsi que l\u2019histoire familiale et g\u00e9n\u00e9alogique de toute une population ouvre la voie \u00e0 des recherches qui mettent en valeur les caract\u00e9ristiques de la population du Qu\u00e9bec en termes d\u2019effet fondateur, de croissance, de diversit\u00e9 et de structures r\u00e9gionales. Selon H\u00e9l\u00e8ne V\u00e9zina, directrice du projet <em>BALSAC<\/em> et professeure \u00e0 l\u2019Universit\u00e9 du Qu\u00e9bec \u00e0 Chicoutimi, \u00ab\u2009la synergie entre l\u2019<em>initiative GenoRef-Q<\/em> et <em>BALSAC <\/em>permettra non seulement de bonifier le projet en y ajoutant une dimension sociohistorique, mais aussi de r\u00e9affirmer la pertinence du projet <em>BALSAC <\/em>\u00e0 l\u2019aube de ses 50 ans d\u2019existence.\u2009\u00bb<\/p>\n<p>&nbsp;<\/p>\n<p>source: <a href=\"http:\/\/www.genomequebec.com\/DATA\/COMMUNIQUE\/359_fr.pdf\">communiqu\u00e9 de presse G\u00e9nome Qu\u00e9bec<\/a><\/p>\n","protected":false},"excerpt":{"rendered":"<p>Le fichier de population\u00a0BALSAC collabore \u00e0 la r\u00e9alisation de l\u2019Initiative GenoRef-Q, un\u00a0projet qui permettra de s\u00e9quencer le g\u00e9nome de plus de 2\u2009000 personnes, recrut\u00e9es parmi les 30\u2009000 participants issus de la cohorte populationnelle CARTaGENE. En effet, G\u00e9nome Qu\u00e9bec, en partenariat avec G\u00e9nome Canada,\u00a0annonce un octroi de plus de trois millions de dollars \u00e0 deux directeurs [&hellip;]<\/p>\n","protected":false},"author":5,"featured_media":39091,"comment_status":"closed","ping_status":"open","sticky":false,"template":"","format":"standard","meta":{"footnotes":""},"categories":[2],"tags":[340,341,342],"yoast_head":"<!-- This site is optimized with the Yoast SEO plugin v24.2 - https:\/\/yoast.com\/wordpress\/plugins\/seo\/ -->\r\n<title>Le fichier de population BALSAC au coeur d&#039;une importante collaboration en g\u00e9nomique - UQACtualit\u00e9s<\/title>\r\n<meta name=\"robots\" content=\"index, follow, max-snippet:-1, max-image-preview:large, max-video-preview:-1\" \/>\r\n<link rel=\"canonical\" href=\"https:\/\/www.uqac.ca\/uqactualites\/2020\/12\/15\/le-fichier-de-population-balsac-au-coeur-dune-importante-collaboration-en-genomique\/\" \/>\r\n<meta property=\"og:locale\" content=\"fr_CA\" \/>\r\n<meta property=\"og:type\" content=\"article\" \/>\r\n<meta property=\"og:title\" content=\"Le fichier de population BALSAC au coeur d&#039;une importante collaboration en g\u00e9nomique - UQACtualit\u00e9s\" \/>\r\n<meta property=\"og:description\" content=\"Le fichier de population\u00a0BALSAC collabore \u00e0 la r\u00e9alisation de l\u2019Initiative GenoRef-Q, un\u00a0projet qui permettra de s\u00e9quencer le g\u00e9nome de plus de 2\u2009000 personnes, recrut\u00e9es parmi les 30\u2009000 participants issus de la cohorte populationnelle CARTaGENE. En effet, G\u00e9nome Qu\u00e9bec, en partenariat avec G\u00e9nome Canada,\u00a0annonce un octroi de plus de trois millions de dollars \u00e0 deux directeurs [&hellip;]\" \/>\r\n<meta property=\"og:url\" content=\"https:\/\/www.uqac.ca\/uqactualites\/2020\/12\/15\/le-fichier-de-population-balsac-au-coeur-dune-importante-collaboration-en-genomique\/\" \/>\r\n<meta property=\"og:site_name\" content=\"UQACtualit\u00e9s\" \/>\r\n<meta property=\"article:published_time\" content=\"2020-12-15T14:18:03+00:00\" \/>\r\n<meta property=\"og:image\" content=\"https:\/\/www.uqac.ca\/uqactualites\/wp-content\/uploads\/2020\/12\/GRAF_650X400UqactualiteBalsacA20.jpg\" \/>\r\n\t<meta property=\"og:image:width\" content=\"867\" \/>\r\n\t<meta property=\"og:image:height\" content=\"534\" \/>\r\n\t<meta property=\"og:image:type\" content=\"image\/jpeg\" \/>\r\n<meta name=\"author\" content=\"Service des communications et des relations publiques\" \/>\r\n<meta name=\"twitter:card\" content=\"summary_large_image\" \/>\r\n<meta name=\"twitter:label1\" content=\"\u00c9crit par\" \/>\n\t<meta name=\"twitter:data1\" content=\"Service des communications et des relations publiques\" \/>\n\t<meta name=\"twitter:label2\" content=\"Estimation du temps de lecture\" \/>\n\t<meta name=\"twitter:data2\" content=\"2 minutes\" \/>\r\n<script type=\"application\/ld+json\" class=\"yoast-schema-graph\">{\"@context\":\"https:\/\/schema.org\",\"@graph\":[{\"@type\":\"WebPage\",\"@id\":\"https:\/\/www.uqac.ca\/uqactualites\/2020\/12\/15\/le-fichier-de-population-balsac-au-coeur-dune-importante-collaboration-en-genomique\/\",\"url\":\"https:\/\/www.uqac.ca\/uqactualites\/2020\/12\/15\/le-fichier-de-population-balsac-au-coeur-dune-importante-collaboration-en-genomique\/\",\"name\":\"Le fichier de population BALSAC au coeur d'une importante collaboration en g\u00e9nomique - UQACtualit\u00e9s\",\"isPartOf\":{\"@id\":\"https:\/\/www.uqac.ca\/uqactualites\/#website\"},\"primaryImageOfPage\":{\"@id\":\"https:\/\/www.uqac.ca\/uqactualites\/2020\/12\/15\/le-fichier-de-population-balsac-au-coeur-dune-importante-collaboration-en-genomique\/#primaryimage\"},\"image\":{\"@id\":\"https:\/\/www.uqac.ca\/uqactualites\/2020\/12\/15\/le-fichier-de-population-balsac-au-coeur-dune-importante-collaboration-en-genomique\/#primaryimage\"},\"thumbnailUrl\":\"https:\/\/www.uqac.ca\/uqactualites\/wp-content\/uploads\/2020\/12\/GRAF_650X400UqactualiteBalsacA20.jpg\",\"datePublished\":\"2020-12-15T14:18:03+00:00\",\"dateModified\":\"2020-12-15T14:18:03+00:00\",\"author\":{\"@id\":\"https:\/\/www.uqac.ca\/uqactualites\/#\/schema\/person\/366c45a0c4f0e677b41b4af5886e2018\"},\"breadcrumb\":{\"@id\":\"https:\/\/www.uqac.ca\/uqactualites\/2020\/12\/15\/le-fichier-de-population-balsac-au-coeur-dune-importante-collaboration-en-genomique\/#breadcrumb\"},\"inLanguage\":\"fr-CA\",\"potentialAction\":[{\"@type\":\"ReadAction\",\"target\":[\"https:\/\/www.uqac.ca\/uqactualites\/2020\/12\/15\/le-fichier-de-population-balsac-au-coeur-dune-importante-collaboration-en-genomique\/\"]}]},{\"@type\":\"ImageObject\",\"inLanguage\":\"fr-CA\",\"@id\":\"https:\/\/www.uqac.ca\/uqactualites\/2020\/12\/15\/le-fichier-de-population-balsac-au-coeur-dune-importante-collaboration-en-genomique\/#primaryimage\",\"url\":\"https:\/\/www.uqac.ca\/uqactualites\/wp-content\/uploads\/2020\/12\/GRAF_650X400UqactualiteBalsacA20.jpg\",\"contentUrl\":\"https:\/\/www.uqac.ca\/uqactualites\/wp-content\/uploads\/2020\/12\/GRAF_650X400UqactualiteBalsacA20.jpg\",\"width\":867,\"height\":534},{\"@type\":\"BreadcrumbList\",\"@id\":\"https:\/\/www.uqac.ca\/uqactualites\/2020\/12\/15\/le-fichier-de-population-balsac-au-coeur-dune-importante-collaboration-en-genomique\/#breadcrumb\",\"itemListElement\":[{\"@type\":\"ListItem\",\"position\":1,\"name\":\"Home\",\"item\":\"https:\/\/www.uqac.ca\/uqactualites\/\"},{\"@type\":\"ListItem\",\"position\":2,\"name\":\"Le fichier de population BALSAC au coeur d&rsquo;une importante collaboration en g\u00e9nomique\"}]},{\"@type\":\"WebSite\",\"@id\":\"https:\/\/www.uqac.ca\/uqactualites\/#website\",\"url\":\"https:\/\/www.uqac.ca\/uqactualites\/\",\"name\":\"UQACtualit\u00e9s\",\"description\":\"Le portail des nouvelles de l&#039;UQAC\",\"potentialAction\":[{\"@type\":\"SearchAction\",\"target\":{\"@type\":\"EntryPoint\",\"urlTemplate\":\"https:\/\/www.uqac.ca\/uqactualites\/?s={search_term_string}\"},\"query-input\":{\"@type\":\"PropertyValueSpecification\",\"valueRequired\":true,\"valueName\":\"search_term_string\"}}],\"inLanguage\":\"fr-CA\"},{\"@type\":\"Person\",\"@id\":\"https:\/\/www.uqac.ca\/uqactualites\/#\/schema\/person\/366c45a0c4f0e677b41b4af5886e2018\",\"name\":\"Service des communications et des relations publiques\",\"image\":{\"@type\":\"ImageObject\",\"inLanguage\":\"fr-CA\",\"@id\":\"https:\/\/www.uqac.ca\/uqactualites\/#\/schema\/person\/image\/\",\"url\":\"https:\/\/secure.gravatar.com\/avatar\/20fbbda8a292f59f2d3461a5b999c00b?s=96&d=mm&r=g\",\"contentUrl\":\"https:\/\/secure.gravatar.com\/avatar\/20fbbda8a292f59f2d3461a5b999c00b?s=96&d=mm&r=g\",\"caption\":\"Service des communications et des relations publiques\"},\"url\":\"https:\/\/www.uqac.ca\/uqactualites\/author\/bap\/\"}]}<\/script>\r\n<!-- \/ Yoast SEO plugin. -->","yoast_head_json":{"title":"Le fichier de population BALSAC au coeur d'une importante collaboration en g\u00e9nomique - UQACtualit\u00e9s","robots":{"index":"index","follow":"follow","max-snippet":"max-snippet:-1","max-image-preview":"max-image-preview:large","max-video-preview":"max-video-preview:-1"},"canonical":"https:\/\/www.uqac.ca\/uqactualites\/2020\/12\/15\/le-fichier-de-population-balsac-au-coeur-dune-importante-collaboration-en-genomique\/","og_locale":"fr_CA","og_type":"article","og_title":"Le fichier de population BALSAC au coeur d'une importante collaboration en g\u00e9nomique - UQACtualit\u00e9s","og_description":"Le fichier de population\u00a0BALSAC collabore \u00e0 la r\u00e9alisation de l\u2019Initiative GenoRef-Q, un\u00a0projet qui permettra de s\u00e9quencer le g\u00e9nome de plus de 2\u2009000 personnes, recrut\u00e9es parmi les 30\u2009000 participants issus de la cohorte populationnelle CARTaGENE. En effet, G\u00e9nome Qu\u00e9bec, en partenariat avec G\u00e9nome Canada,\u00a0annonce un octroi de plus de trois millions de dollars \u00e0 deux directeurs [&hellip;]","og_url":"https:\/\/www.uqac.ca\/uqactualites\/2020\/12\/15\/le-fichier-de-population-balsac-au-coeur-dune-importante-collaboration-en-genomique\/","og_site_name":"UQACtualit\u00e9s","article_published_time":"2020-12-15T14:18:03+00:00","og_image":[{"width":867,"height":534,"url":"https:\/\/www.uqac.ca\/uqactualites\/wp-content\/uploads\/2020\/12\/GRAF_650X400UqactualiteBalsacA20.jpg","type":"image\/jpeg"}],"author":"Service des communications et des relations publiques","twitter_card":"summary_large_image","twitter_misc":{"\u00c9crit par":"Service des communications et des relations publiques","Estimation du temps de lecture":"2 minutes"},"schema":{"@context":"https:\/\/schema.org","@graph":[{"@type":"WebPage","@id":"https:\/\/www.uqac.ca\/uqactualites\/2020\/12\/15\/le-fichier-de-population-balsac-au-coeur-dune-importante-collaboration-en-genomique\/","url":"https:\/\/www.uqac.ca\/uqactualites\/2020\/12\/15\/le-fichier-de-population-balsac-au-coeur-dune-importante-collaboration-en-genomique\/","name":"Le fichier de population BALSAC au coeur d'une importante collaboration en g\u00e9nomique - UQACtualit\u00e9s","isPartOf":{"@id":"https:\/\/www.uqac.ca\/uqactualites\/#website"},"primaryImageOfPage":{"@id":"https:\/\/www.uqac.ca\/uqactualites\/2020\/12\/15\/le-fichier-de-population-balsac-au-coeur-dune-importante-collaboration-en-genomique\/#primaryimage"},"image":{"@id":"https:\/\/www.uqac.ca\/uqactualites\/2020\/12\/15\/le-fichier-de-population-balsac-au-coeur-dune-importante-collaboration-en-genomique\/#primaryimage"},"thumbnailUrl":"https:\/\/www.uqac.ca\/uqactualites\/wp-content\/uploads\/2020\/12\/GRAF_650X400UqactualiteBalsacA20.jpg","datePublished":"2020-12-15T14:18:03+00:00","dateModified":"2020-12-15T14:18:03+00:00","author":{"@id":"https:\/\/www.uqac.ca\/uqactualites\/#\/schema\/person\/366c45a0c4f0e677b41b4af5886e2018"},"breadcrumb":{"@id":"https:\/\/www.uqac.ca\/uqactualites\/2020\/12\/15\/le-fichier-de-population-balsac-au-coeur-dune-importante-collaboration-en-genomique\/#breadcrumb"},"inLanguage":"fr-CA","potentialAction":[{"@type":"ReadAction","target":["https:\/\/www.uqac.ca\/uqactualites\/2020\/12\/15\/le-fichier-de-population-balsac-au-coeur-dune-importante-collaboration-en-genomique\/"]}]},{"@type":"ImageObject","inLanguage":"fr-CA","@id":"https:\/\/www.uqac.ca\/uqactualites\/2020\/12\/15\/le-fichier-de-population-balsac-au-coeur-dune-importante-collaboration-en-genomique\/#primaryimage","url":"https:\/\/www.uqac.ca\/uqactualites\/wp-content\/uploads\/2020\/12\/GRAF_650X400UqactualiteBalsacA20.jpg","contentUrl":"https:\/\/www.uqac.ca\/uqactualites\/wp-content\/uploads\/2020\/12\/GRAF_650X400UqactualiteBalsacA20.jpg","width":867,"height":534},{"@type":"BreadcrumbList","@id":"https:\/\/www.uqac.ca\/uqactualites\/2020\/12\/15\/le-fichier-de-population-balsac-au-coeur-dune-importante-collaboration-en-genomique\/#breadcrumb","itemListElement":[{"@type":"ListItem","position":1,"name":"Home","item":"https:\/\/www.uqac.ca\/uqactualites\/"},{"@type":"ListItem","position":2,"name":"Le fichier de population BALSAC au coeur d&rsquo;une importante collaboration en g\u00e9nomique"}]},{"@type":"WebSite","@id":"https:\/\/www.uqac.ca\/uqactualites\/#website","url":"https:\/\/www.uqac.ca\/uqactualites\/","name":"UQACtualit\u00e9s","description":"Le portail des nouvelles de l&#039;UQAC","potentialAction":[{"@type":"SearchAction","target":{"@type":"EntryPoint","urlTemplate":"https:\/\/www.uqac.ca\/uqactualites\/?s={search_term_string}"},"query-input":{"@type":"PropertyValueSpecification","valueRequired":true,"valueName":"search_term_string"}}],"inLanguage":"fr-CA"},{"@type":"Person","@id":"https:\/\/www.uqac.ca\/uqactualites\/#\/schema\/person\/366c45a0c4f0e677b41b4af5886e2018","name":"Service des communications et des relations publiques","image":{"@type":"ImageObject","inLanguage":"fr-CA","@id":"https:\/\/www.uqac.ca\/uqactualites\/#\/schema\/person\/image\/","url":"https:\/\/secure.gravatar.com\/avatar\/20fbbda8a292f59f2d3461a5b999c00b?s=96&d=mm&r=g","contentUrl":"https:\/\/secure.gravatar.com\/avatar\/20fbbda8a292f59f2d3461a5b999c00b?s=96&d=mm&r=g","caption":"Service des communications et des relations publiques"},"url":"https:\/\/www.uqac.ca\/uqactualites\/author\/bap\/"}]}},"_links":{"self":[{"href":"https:\/\/www.uqac.ca\/uqactualites\/wp-json\/wp\/v2\/posts\/39090"}],"collection":[{"href":"https:\/\/www.uqac.ca\/uqactualites\/wp-json\/wp\/v2\/posts"}],"about":[{"href":"https:\/\/www.uqac.ca\/uqactualites\/wp-json\/wp\/v2\/types\/post"}],"author":[{"embeddable":true,"href":"https:\/\/www.uqac.ca\/uqactualites\/wp-json\/wp\/v2\/users\/5"}],"replies":[{"embeddable":true,"href":"https:\/\/www.uqac.ca\/uqactualites\/wp-json\/wp\/v2\/comments?post=39090"}],"version-history":[{"count":0,"href":"https:\/\/www.uqac.ca\/uqactualites\/wp-json\/wp\/v2\/posts\/39090\/revisions"}],"wp:featuredmedia":[{"embeddable":true,"href":"https:\/\/www.uqac.ca\/uqactualites\/wp-json\/wp\/v2\/media\/39091"}],"wp:attachment":[{"href":"https:\/\/www.uqac.ca\/uqactualites\/wp-json\/wp\/v2\/media?parent=39090"}],"wp:term":[{"taxonomy":"category","embeddable":true,"href":"https:\/\/www.uqac.ca\/uqactualites\/wp-json\/wp\/v2\/categories?post=39090"},{"taxonomy":"post_tag","embeddable":true,"href":"https:\/\/www.uqac.ca\/uqactualites\/wp-json\/wp\/v2\/tags?post=39090"}],"curies":[{"name":"wp","href":"https:\/\/api.w.org\/{rel}","templated":true}]}}