{"id":39240,"date":"2021-02-01T08:25:16","date_gmt":"2021-02-01T13:25:16","guid":{"rendered":"https:\/\/www.uqac.ca\/?p=39240"},"modified":"2021-02-01T08:25:16","modified_gmt":"2021-02-01T13:25:16","slug":"5-stagiaires-en-enseignement-recoivent-une-bourse-en-reconnaissance-de-leur-engagement-exceptionnel","status":"publish","type":"post","link":"https:\/\/www.uqac.ca\/uqactualites\/2021\/02\/01\/5-stagiaires-en-enseignement-recoivent-une-bourse-en-reconnaissance-de-leur-engagement-exceptionnel\/","title":{"rendered":"5 stagiaires en enseignement re\u00e7oivent une bourse en reconnaissance de leur engagement exceptionnel"},"content":{"rendered":"<p>La 11<sup>e<\/sup> \u00e9dition de la remise de prix aux stagiaires en enseignement nous a encore permis de d\u00e9couvrir des \u00e9tudiants passionn\u00e9s, engag\u00e9s et qui ont su s\u2019adapter aux changements n\u00e9cessaires en contexte de pand\u00e9mie. Cela fait 6 ans, depuis 2015, que le D\u00e9partement des sciences de l\u2019\u00e9ducation et le D\u00e9partement des arts et lettres remettent chaque trimestre des bourses d\u2019une valeur de 350\u00a0$ chacune \u00e0 des \u00e9tudiants s\u2019\u00e9tant d\u00e9marqu\u00e9s de fa\u00e7on exceptionnelle lors d\u2019un de leur stage en enseignement.<\/p>\n<p>\u00c0 ce jour, nous avons remis 64 bourses de 350\u00a0$ chacune, pour un total de 22\u2009400\u00a0$, qui provient du budget R\u00e9ussite du D\u00e9partement des sciences de l\u2019\u00e9ducation et du D\u00e9partement des arts et lettres.<\/p>\n<p>Pour le trimestre d\u2019automne\u00a02020, cinq \u00e9tudiants ont \u00e9t\u00e9 s\u00e9lectionn\u00e9s parmi les 20 candidatures qui nous ont \u00e9t\u00e9 soumises par l\u2019entremise des superviseurs de stage en collaboration avec les enseignants associ\u00e9s des stagiaires. Les gagnants sont (en ordre de gauche \u00e0 droite sur la photo)\u00a0:<\/p>\n<ul>\n<li>Laurie Lavoie-Boudreault, \u00e9tudiante de 2e ann\u00e9e en <a href=\"https:\/\/www.uqac.ca\/programme\/7651-bacc-en-ens-secondaire-profil-francais\/\">enseignement au secondaire \u00ab\u2009profil fran\u00e7ais\u2009\u00bb<\/a>, qui a effectu\u00e9 son stage \u00e0 la Polyvalente de Normandin avec Nancy Roy et qui a \u00e9t\u00e9 supervis\u00e9e par France Gagnon.<\/li>\n<li>Mary-Lisa Roussel, \u00e9tudiante de 1re ann\u00e9e en <a href=\"https:\/\/www.uqac.ca\/programme\/7654-bacc-en-ens-secondaire-profil-mathematique\/\">enseignement au secondaire \u00ab\u2009profil math\u00e9matique\u2009\u00bb<\/a>, qui a effectu\u00e9 son stage \u00e0 la polyvalente d\u2019Arvida avec Marie-H\u00e9l\u00e8ne Ste-Croix et qui a \u00e9t\u00e9 supervis\u00e9e par Jo\u00eblle Duval.<\/li>\n<li>Emmanuelle Narinx, \u00e9tudiante de 3e ann\u00e9e en <a href=\"https:\/\/www.uqac.ca\/programme\/7208-bac-ens-education-physique-et-a-la-sante\/\">enseignement de l\u2019\u00e9ducation physique et \u00e0 la sant\u00e9<\/a>, qui a effectu\u00e9 son stage \u00e0 l\u2019\u00e9cole Des Rapides-Desch\u00eanes avec Chantal St-Laurent et qui a \u00e9t\u00e9 supervis\u00e9e par Claude Bordeleau.<\/li>\n<li>Thierry Imbeault, \u00e9tudiant de 2e ann\u00e9e en <a href=\"https:\/\/www.uqac.ca\/programme\/7080-bac-ens-adaptation-scolaire-et-sociale\/\">enseignement en adaptation scolaire et sociale<\/a>, qui a effectu\u00e9 son stage \u00e0 l\u2019\u00e9cole Le Roseau avec Anne-Sophie Desforges et qui a \u00e9t\u00e9 supervis\u00e9 par Louis-Antoine Pouliot.<\/li>\n<li>Marc-Andr\u00e9 Therrien, \u00e9tudiant de 3e ann\u00e9e en <a href=\"https:\/\/www.uqac.ca\/programme\/7991-bacc-en-education-prescolaire-et-en-enseignement-primaire\/\">\u00e9ducation pr\u00e9scolaire et enseignement primaire<\/a>, qui a effectu\u00e9 son stage \u00e0 l\u2019\u00e9cole Notre-Dame avec Dalia Dechamplain et qui a \u00e9t\u00e9 supervis\u00e9 par Chantal Poisson.<\/li>\n<\/ul>\n<p>&nbsp;<\/p>\n<p>Merci \u00e0 nos partenaires scolaires et universitaires qui nous permettent de reconna\u00eetre l\u2019excellence parmi nos \u00e9tudiants en enseignement.<\/p>\n<p>&nbsp;<\/p>\n","protected":false},"excerpt":{"rendered":"<p>La 11e \u00e9dition de la remise de prix aux stagiaires en enseignement nous a encore permis de d\u00e9couvrir des \u00e9tudiants passionn\u00e9s, engag\u00e9s et qui ont su s\u2019adapter aux changements n\u00e9cessaires en contexte de pand\u00e9mie. Cela fait 6 ans, depuis 2015, que le D\u00e9partement des sciences de l\u2019\u00e9ducation et le D\u00e9partement des arts et lettres remettent [&hellip;]<\/p>\n","protected":false},"author":5,"featured_media":39241,"comment_status":"closed","ping_status":"open","sticky":false,"template":"","format":"standard","meta":{"footnotes":""},"categories":[2],"tags":[152,5],"yoast_head":"<!-- This site is optimized with the Yoast SEO plugin v24.2 - https:\/\/yoast.com\/wordpress\/plugins\/seo\/ -->\r\n<title>5 stagiaires en enseignement re\u00e7oivent une bourse en reconnaissance de leur engagement exceptionnel - UQACtualit\u00e9s<\/title>\r\n<meta name=\"robots\" content=\"index, follow, max-snippet:-1, max-image-preview:large, max-video-preview:-1\" \/>\r\n<link rel=\"canonical\" href=\"https:\/\/www.uqac.ca\/uqactualites\/2021\/02\/01\/5-stagiaires-en-enseignement-recoivent-une-bourse-en-reconnaissance-de-leur-engagement-exceptionnel\/\" \/>\r\n<meta property=\"og:locale\" content=\"fr_CA\" \/>\r\n<meta property=\"og:type\" content=\"article\" \/>\r\n<meta property=\"og:title\" content=\"5 stagiaires en enseignement re\u00e7oivent une bourse en reconnaissance de leur engagement exceptionnel - UQACtualit\u00e9s\" \/>\r\n<meta property=\"og:description\" content=\"La 11e \u00e9dition de la remise de prix aux stagiaires en enseignement nous a encore permis de d\u00e9couvrir des \u00e9tudiants passionn\u00e9s, engag\u00e9s et qui ont su s\u2019adapter aux changements n\u00e9cessaires en contexte de pand\u00e9mie. Cela fait 6 ans, depuis 2015, que le D\u00e9partement des sciences de l\u2019\u00e9ducation et le D\u00e9partement des arts et lettres remettent [&hellip;]\" \/>\r\n<meta property=\"og:url\" content=\"https:\/\/www.uqac.ca\/uqactualites\/2021\/02\/01\/5-stagiaires-en-enseignement-recoivent-une-bourse-en-reconnaissance-de-leur-engagement-exceptionnel\/\" \/>\r\n<meta property=\"og:site_name\" content=\"UQACtualit\u00e9s\" \/>\r\n<meta property=\"article:published_time\" content=\"2021-02-01T13:25:16+00:00\" \/>\r\n<meta property=\"og:image\" content=\"https:\/\/www.uqac.ca\/uqactualites\/wp-content\/uploads\/2021\/01\/uqac-stagiaires_enseignement.jpg\" \/>\r\n\t<meta property=\"og:image:width\" content=\"1143\" \/>\r\n\t<meta property=\"og:image:height\" content=\"656\" \/>\r\n\t<meta property=\"og:image:type\" content=\"image\/jpeg\" \/>\r\n<meta name=\"author\" content=\"Service des communications et des relations publiques\" \/>\r\n<meta name=\"twitter:card\" content=\"summary_large_image\" \/>\r\n<meta name=\"twitter:label1\" content=\"\u00c9crit par\" \/>\n\t<meta name=\"twitter:data1\" content=\"Service des communications et des relations publiques\" \/>\n\t<meta name=\"twitter:label2\" content=\"Estimation du temps de lecture\" \/>\n\t<meta name=\"twitter:data2\" content=\"2 minutes\" \/>\r\n<script type=\"application\/ld+json\" class=\"yoast-schema-graph\">{\"@context\":\"https:\/\/schema.org\",\"@graph\":[{\"@type\":\"WebPage\",\"@id\":\"https:\/\/www.uqac.ca\/uqactualites\/2021\/02\/01\/5-stagiaires-en-enseignement-recoivent-une-bourse-en-reconnaissance-de-leur-engagement-exceptionnel\/\",\"url\":\"https:\/\/www.uqac.ca\/uqactualites\/2021\/02\/01\/5-stagiaires-en-enseignement-recoivent-une-bourse-en-reconnaissance-de-leur-engagement-exceptionnel\/\",\"name\":\"5 stagiaires en enseignement re\u00e7oivent une bourse en reconnaissance de leur engagement exceptionnel - UQACtualit\u00e9s\",\"isPartOf\":{\"@id\":\"https:\/\/www.uqac.ca\/uqactualites\/#website\"},\"primaryImageOfPage\":{\"@id\":\"https:\/\/www.uqac.ca\/uqactualites\/2021\/02\/01\/5-stagiaires-en-enseignement-recoivent-une-bourse-en-reconnaissance-de-leur-engagement-exceptionnel\/#primaryimage\"},\"image\":{\"@id\":\"https:\/\/www.uqac.ca\/uqactualites\/2021\/02\/01\/5-stagiaires-en-enseignement-recoivent-une-bourse-en-reconnaissance-de-leur-engagement-exceptionnel\/#primaryimage\"},\"thumbnailUrl\":\"https:\/\/www.uqac.ca\/uqactualites\/wp-content\/uploads\/2021\/01\/uqac-stagiaires_enseignement.jpg\",\"datePublished\":\"2021-02-01T13:25:16+00:00\",\"dateModified\":\"2021-02-01T13:25:16+00:00\",\"author\":{\"@id\":\"https:\/\/www.uqac.ca\/uqactualites\/#\/schema\/person\/366c45a0c4f0e677b41b4af5886e2018\"},\"breadcrumb\":{\"@id\":\"https:\/\/www.uqac.ca\/uqactualites\/2021\/02\/01\/5-stagiaires-en-enseignement-recoivent-une-bourse-en-reconnaissance-de-leur-engagement-exceptionnel\/#breadcrumb\"},\"inLanguage\":\"fr-CA\",\"potentialAction\":[{\"@type\":\"ReadAction\",\"target\":[\"https:\/\/www.uqac.ca\/uqactualites\/2021\/02\/01\/5-stagiaires-en-enseignement-recoivent-une-bourse-en-reconnaissance-de-leur-engagement-exceptionnel\/\"]}]},{\"@type\":\"ImageObject\",\"inLanguage\":\"fr-CA\",\"@id\":\"https:\/\/www.uqac.ca\/uqactualites\/2021\/02\/01\/5-stagiaires-en-enseignement-recoivent-une-bourse-en-reconnaissance-de-leur-engagement-exceptionnel\/#primaryimage\",\"url\":\"https:\/\/www.uqac.ca\/uqactualites\/wp-content\/uploads\/2021\/01\/uqac-stagiaires_enseignement.jpg\",\"contentUrl\":\"https:\/\/www.uqac.ca\/uqactualites\/wp-content\/uploads\/2021\/01\/uqac-stagiaires_enseignement.jpg\",\"width\":1143,\"height\":656},{\"@type\":\"BreadcrumbList\",\"@id\":\"https:\/\/www.uqac.ca\/uqactualites\/2021\/02\/01\/5-stagiaires-en-enseignement-recoivent-une-bourse-en-reconnaissance-de-leur-engagement-exceptionnel\/#breadcrumb\",\"itemListElement\":[{\"@type\":\"ListItem\",\"position\":1,\"name\":\"Home\",\"item\":\"https:\/\/www.uqac.ca\/uqactualites\/\"},{\"@type\":\"ListItem\",\"position\":2,\"name\":\"5 stagiaires en enseignement re\u00e7oivent une bourse en reconnaissance de leur engagement exceptionnel\"}]},{\"@type\":\"WebSite\",\"@id\":\"https:\/\/www.uqac.ca\/uqactualites\/#website\",\"url\":\"https:\/\/www.uqac.ca\/uqactualites\/\",\"name\":\"UQACtualit\u00e9s\",\"description\":\"Le portail des nouvelles de l&#039;UQAC\",\"potentialAction\":[{\"@type\":\"SearchAction\",\"target\":{\"@type\":\"EntryPoint\",\"urlTemplate\":\"https:\/\/www.uqac.ca\/uqactualites\/?s={search_term_string}\"},\"query-input\":{\"@type\":\"PropertyValueSpecification\",\"valueRequired\":true,\"valueName\":\"search_term_string\"}}],\"inLanguage\":\"fr-CA\"},{\"@type\":\"Person\",\"@id\":\"https:\/\/www.uqac.ca\/uqactualites\/#\/schema\/person\/366c45a0c4f0e677b41b4af5886e2018\",\"name\":\"Service des communications et des relations publiques\",\"image\":{\"@type\":\"ImageObject\",\"inLanguage\":\"fr-CA\",\"@id\":\"https:\/\/www.uqac.ca\/uqactualites\/#\/schema\/person\/image\/\",\"url\":\"https:\/\/secure.gravatar.com\/avatar\/20fbbda8a292f59f2d3461a5b999c00b?s=96&d=mm&r=g\",\"contentUrl\":\"https:\/\/secure.gravatar.com\/avatar\/20fbbda8a292f59f2d3461a5b999c00b?s=96&d=mm&r=g\",\"caption\":\"Service des communications et des relations publiques\"},\"url\":\"https:\/\/www.uqac.ca\/uqactualites\/author\/bap\/\"}]}<\/script>\r\n<!-- \/ Yoast SEO plugin. -->","yoast_head_json":{"title":"5 stagiaires en enseignement re\u00e7oivent une bourse en reconnaissance de leur engagement exceptionnel - UQACtualit\u00e9s","robots":{"index":"index","follow":"follow","max-snippet":"max-snippet:-1","max-image-preview":"max-image-preview:large","max-video-preview":"max-video-preview:-1"},"canonical":"https:\/\/www.uqac.ca\/uqactualites\/2021\/02\/01\/5-stagiaires-en-enseignement-recoivent-une-bourse-en-reconnaissance-de-leur-engagement-exceptionnel\/","og_locale":"fr_CA","og_type":"article","og_title":"5 stagiaires en enseignement re\u00e7oivent une bourse en reconnaissance de leur engagement exceptionnel - UQACtualit\u00e9s","og_description":"La 11e \u00e9dition de la remise de prix aux stagiaires en enseignement nous a encore permis de d\u00e9couvrir des \u00e9tudiants passionn\u00e9s, engag\u00e9s et qui ont su s\u2019adapter aux changements n\u00e9cessaires en contexte de pand\u00e9mie. Cela fait 6 ans, depuis 2015, que le D\u00e9partement des sciences de l\u2019\u00e9ducation et le D\u00e9partement des arts et lettres remettent [&hellip;]","og_url":"https:\/\/www.uqac.ca\/uqactualites\/2021\/02\/01\/5-stagiaires-en-enseignement-recoivent-une-bourse-en-reconnaissance-de-leur-engagement-exceptionnel\/","og_site_name":"UQACtualit\u00e9s","article_published_time":"2021-02-01T13:25:16+00:00","og_image":[{"width":1143,"height":656,"url":"https:\/\/www.uqac.ca\/uqactualites\/wp-content\/uploads\/2021\/01\/uqac-stagiaires_enseignement.jpg","type":"image\/jpeg"}],"author":"Service des communications et des relations publiques","twitter_card":"summary_large_image","twitter_misc":{"\u00c9crit par":"Service des communications et des relations publiques","Estimation du temps de lecture":"2 minutes"},"schema":{"@context":"https:\/\/schema.org","@graph":[{"@type":"WebPage","@id":"https:\/\/www.uqac.ca\/uqactualites\/2021\/02\/01\/5-stagiaires-en-enseignement-recoivent-une-bourse-en-reconnaissance-de-leur-engagement-exceptionnel\/","url":"https:\/\/www.uqac.ca\/uqactualites\/2021\/02\/01\/5-stagiaires-en-enseignement-recoivent-une-bourse-en-reconnaissance-de-leur-engagement-exceptionnel\/","name":"5 stagiaires en enseignement re\u00e7oivent une bourse en reconnaissance de leur engagement exceptionnel - UQACtualit\u00e9s","isPartOf":{"@id":"https:\/\/www.uqac.ca\/uqactualites\/#website"},"primaryImageOfPage":{"@id":"https:\/\/www.uqac.ca\/uqactualites\/2021\/02\/01\/5-stagiaires-en-enseignement-recoivent-une-bourse-en-reconnaissance-de-leur-engagement-exceptionnel\/#primaryimage"},"image":{"@id":"https:\/\/www.uqac.ca\/uqactualites\/2021\/02\/01\/5-stagiaires-en-enseignement-recoivent-une-bourse-en-reconnaissance-de-leur-engagement-exceptionnel\/#primaryimage"},"thumbnailUrl":"https:\/\/www.uqac.ca\/uqactualites\/wp-content\/uploads\/2021\/01\/uqac-stagiaires_enseignement.jpg","datePublished":"2021-02-01T13:25:16+00:00","dateModified":"2021-02-01T13:25:16+00:00","author":{"@id":"https:\/\/www.uqac.ca\/uqactualites\/#\/schema\/person\/366c45a0c4f0e677b41b4af5886e2018"},"breadcrumb":{"@id":"https:\/\/www.uqac.ca\/uqactualites\/2021\/02\/01\/5-stagiaires-en-enseignement-recoivent-une-bourse-en-reconnaissance-de-leur-engagement-exceptionnel\/#breadcrumb"},"inLanguage":"fr-CA","potentialAction":[{"@type":"ReadAction","target":["https:\/\/www.uqac.ca\/uqactualites\/2021\/02\/01\/5-stagiaires-en-enseignement-recoivent-une-bourse-en-reconnaissance-de-leur-engagement-exceptionnel\/"]}]},{"@type":"ImageObject","inLanguage":"fr-CA","@id":"https:\/\/www.uqac.ca\/uqactualites\/2021\/02\/01\/5-stagiaires-en-enseignement-recoivent-une-bourse-en-reconnaissance-de-leur-engagement-exceptionnel\/#primaryimage","url":"https:\/\/www.uqac.ca\/uqactualites\/wp-content\/uploads\/2021\/01\/uqac-stagiaires_enseignement.jpg","contentUrl":"https:\/\/www.uqac.ca\/uqactualites\/wp-content\/uploads\/2021\/01\/uqac-stagiaires_enseignement.jpg","width":1143,"height":656},{"@type":"BreadcrumbList","@id":"https:\/\/www.uqac.ca\/uqactualites\/2021\/02\/01\/5-stagiaires-en-enseignement-recoivent-une-bourse-en-reconnaissance-de-leur-engagement-exceptionnel\/#breadcrumb","itemListElement":[{"@type":"ListItem","position":1,"name":"Home","item":"https:\/\/www.uqac.ca\/uqactualites\/"},{"@type":"ListItem","position":2,"name":"5 stagiaires en enseignement re\u00e7oivent une bourse en reconnaissance de leur engagement exceptionnel"}]},{"@type":"WebSite","@id":"https:\/\/www.uqac.ca\/uqactualites\/#website","url":"https:\/\/www.uqac.ca\/uqactualites\/","name":"UQACtualit\u00e9s","description":"Le portail des nouvelles de l&#039;UQAC","potentialAction":[{"@type":"SearchAction","target":{"@type":"EntryPoint","urlTemplate":"https:\/\/www.uqac.ca\/uqactualites\/?s={search_term_string}"},"query-input":{"@type":"PropertyValueSpecification","valueRequired":true,"valueName":"search_term_string"}}],"inLanguage":"fr-CA"},{"@type":"Person","@id":"https:\/\/www.uqac.ca\/uqactualites\/#\/schema\/person\/366c45a0c4f0e677b41b4af5886e2018","name":"Service des communications et des relations publiques","image":{"@type":"ImageObject","inLanguage":"fr-CA","@id":"https:\/\/www.uqac.ca\/uqactualites\/#\/schema\/person\/image\/","url":"https:\/\/secure.gravatar.com\/avatar\/20fbbda8a292f59f2d3461a5b999c00b?s=96&d=mm&r=g","contentUrl":"https:\/\/secure.gravatar.com\/avatar\/20fbbda8a292f59f2d3461a5b999c00b?s=96&d=mm&r=g","caption":"Service des communications et des relations publiques"},"url":"https:\/\/www.uqac.ca\/uqactualites\/author\/bap\/"}]}},"_links":{"self":[{"href":"https:\/\/www.uqac.ca\/uqactualites\/wp-json\/wp\/v2\/posts\/39240"}],"collection":[{"href":"https:\/\/www.uqac.ca\/uqactualites\/wp-json\/wp\/v2\/posts"}],"about":[{"href":"https:\/\/www.uqac.ca\/uqactualites\/wp-json\/wp\/v2\/types\/post"}],"author":[{"embeddable":true,"href":"https:\/\/www.uqac.ca\/uqactualites\/wp-json\/wp\/v2\/users\/5"}],"replies":[{"embeddable":true,"href":"https:\/\/www.uqac.ca\/uqactualites\/wp-json\/wp\/v2\/comments?post=39240"}],"version-history":[{"count":0,"href":"https:\/\/www.uqac.ca\/uqactualites\/wp-json\/wp\/v2\/posts\/39240\/revisions"}],"wp:featuredmedia":[{"embeddable":true,"href":"https:\/\/www.uqac.ca\/uqactualites\/wp-json\/wp\/v2\/media\/39241"}],"wp:attachment":[{"href":"https:\/\/www.uqac.ca\/uqactualites\/wp-json\/wp\/v2\/media?parent=39240"}],"wp:term":[{"taxonomy":"category","embeddable":true,"href":"https:\/\/www.uqac.ca\/uqactualites\/wp-json\/wp\/v2\/categories?post=39240"},{"taxonomy":"post_tag","embeddable":true,"href":"https:\/\/www.uqac.ca\/uqactualites\/wp-json\/wp\/v2\/tags?post=39240"}],"curies":[{"name":"wp","href":"https:\/\/api.w.org\/{rel}","templated":true}]}}