{"id":39251,"date":"2021-02-01T08:58:41","date_gmt":"2021-02-01T13:58:41","guid":{"rendered":"https:\/\/www.uqac.ca\/?p=39251"},"modified":"2021-02-01T08:58:41","modified_gmt":"2021-02-01T13:58:41","slug":"si-eloignes-et-pourtant-si-proches","status":"publish","type":"post","link":"https:\/\/www.uqac.ca\/uqactualites\/2021\/02\/01\/si-eloignes-et-pourtant-si-proches\/","title":{"rendered":"Si \u00e9loign\u00e9s et pourtant si proches"},"content":{"rendered":"<div dir=\"auto\"><\/div>\n<div dir=\"auto\"><strong\n><em>Zoom sur les professeurs-chercheurs.<\/em><\/strong><\/div>\n<div dir=\"auto\"><\/div>\n<div dir=\"auto\">Roberto Gauthier est professeur au D\u00e9partement des sciences de l\u2019\u00e9ducation et s\u2019int\u00e9resse particuli\u00e8rement \u00e0 la pers\u00e9v\u00e9rance scolaire chez les Premiers Peuples.<\/div>\n<div dir=\"auto\">Il est le directeur du comit\u00e9 scientifique de la Revue de la pers\u00e9v\u00e9rance et la r\u00e9ussite scolaires chez les Premiers Peuples qui vient tout juste d&rsquo;\u00eatre lanc\u00e9e.<\/div>\n<div dir=\"auto\"><\/div>\n<div dir=\"auto\">Si \u00e9loign\u00e9s et pourtant si proches est le titre de son article publi\u00e9 dans le journal le Quotidien du samedi 30 janvier.<\/div>\n<div dir=\"auto\"><\/div>\n<div dir=\"auto\">Un regard sur les diff\u00e9rences et les similitudes entre les diff\u00e9rents peuples lorsqu&rsquo;il est question de difficult\u00e9s d&rsquo;apprentissage et de pers\u00e9v\u00e9rance.<\/div>\n<div dir=\"auto\"><\/div>\n<div dir=\"auto\"><a href=\"https:\/\/www.lequotidien.com\/ma-region\/si-eloignes-et-pourtant-si-proches-948f7b242f808441410a3dc2fceb1ec6?utm_source=dlvr.it&amp;utm_medium=facebook&amp;fbclid=IwAR1ij2cmcg-6jVFedlfuDvfcxGOpFQRJM_YzI_i-ywZlsoA4resZlMYM_ko\">Pour consulter l&rsquo;article<\/a><\/div>\n<div dir=\"auto\"><\/div>\n<div dir=\"auto\"><\/div>\n<div dir=\"auto\">Venez discuter avec Roberto Gauthier, le mercredi 3 f\u00e9vrier d\u00e8s midi sur <a href=\"https:\/\/uqac.zoom.us\/my\/quotidien\">Zoom<\/a><\/div>\n<p>&nbsp;<\/p>\n<p>&nbsp;<\/p>\n<p>&nbsp;<\/p>\n","protected":false},"excerpt":{"rendered":"<p>Zoom sur les professeurs-chercheurs. Roberto Gauthier est professeur au D\u00e9partement des sciences de l\u2019\u00e9ducation et s\u2019int\u00e9resse particuli\u00e8rement \u00e0 la pers\u00e9v\u00e9rance scolaire chez les Premiers Peuples. Il est le directeur du comit\u00e9 scientifique de la Revue de la pers\u00e9v\u00e9rance et la r\u00e9ussite scolaires chez les Premiers Peuples qui vient tout juste d&rsquo;\u00eatre lanc\u00e9e. Si \u00e9loign\u00e9s et [&hellip;]<\/p>\n","protected":false},"author":5,"featured_media":39258,"comment_status":"closed","ping_status":"open","sticky":false,"template":"","format":"standard","meta":{"footnotes":""},"categories":[2],"tags":[154,155],"yoast_head":"<!-- This site is optimized with the Yoast SEO plugin v24.2 - https:\/\/yoast.com\/wordpress\/plugins\/seo\/ -->\r\n<title>Si \u00e9loign\u00e9s et pourtant si proches - UQACtualit\u00e9s<\/title>\r\n<meta name=\"robots\" content=\"index, follow, max-snippet:-1, max-image-preview:large, max-video-preview:-1\" \/>\r\n<link rel=\"canonical\" href=\"https:\/\/www.uqac.ca\/uqactualites\/2021\/02\/01\/si-eloignes-et-pourtant-si-proches\/\" \/>\r\n<meta property=\"og:locale\" content=\"fr_CA\" \/>\r\n<meta property=\"og:type\" content=\"article\" \/>\r\n<meta property=\"og:title\" content=\"Si \u00e9loign\u00e9s et pourtant si proches - UQACtualit\u00e9s\" \/>\r\n<meta property=\"og:description\" content=\"Zoom sur les professeurs-chercheurs. Roberto Gauthier est professeur au D\u00e9partement des sciences de l\u2019\u00e9ducation et s\u2019int\u00e9resse particuli\u00e8rement \u00e0 la pers\u00e9v\u00e9rance scolaire chez les Premiers Peuples. Il est le directeur du comit\u00e9 scientifique de la Revue de la pers\u00e9v\u00e9rance et la r\u00e9ussite scolaires chez les Premiers Peuples qui vient tout juste d&rsquo;\u00eatre lanc\u00e9e. Si \u00e9loign\u00e9s et [&hellip;]\" \/>\r\n<meta property=\"og:url\" content=\"https:\/\/www.uqac.ca\/uqactualites\/2021\/02\/01\/si-eloignes-et-pourtant-si-proches\/\" \/>\r\n<meta property=\"og:site_name\" content=\"UQACtualit\u00e9s\" \/>\r\n<meta property=\"article:published_time\" content=\"2021-02-01T13:58:41+00:00\" \/>\r\n<meta property=\"og:image\" content=\"https:\/\/www.uqac.ca\/uqactualites\/wp-content\/uploads\/2021\/02\/Roberto-Gauthier-2-scaled.jpg\" \/>\r\n\t<meta property=\"og:image:width\" content=\"2560\" \/>\r\n\t<meta property=\"og:image:height\" content=\"2047\" \/>\r\n\t<meta property=\"og:image:type\" content=\"image\/jpeg\" \/>\r\n<meta name=\"author\" content=\"Service des communications et des relations publiques\" \/>\r\n<meta name=\"twitter:card\" content=\"summary_large_image\" \/>\r\n<meta name=\"twitter:label1\" content=\"\u00c9crit par\" \/>\n\t<meta name=\"twitter:data1\" content=\"Service des communications et des relations publiques\" \/>\n\t<meta name=\"twitter:label2\" content=\"Estimation du temps de lecture\" \/>\n\t<meta name=\"twitter:data2\" content=\"1 minute\" \/>\r\n<script type=\"application\/ld+json\" class=\"yoast-schema-graph\">{\"@context\":\"https:\/\/schema.org\",\"@graph\":[{\"@type\":\"WebPage\",\"@id\":\"https:\/\/www.uqac.ca\/uqactualites\/2021\/02\/01\/si-eloignes-et-pourtant-si-proches\/\",\"url\":\"https:\/\/www.uqac.ca\/uqactualites\/2021\/02\/01\/si-eloignes-et-pourtant-si-proches\/\",\"name\":\"Si \u00e9loign\u00e9s et pourtant si proches - UQACtualit\u00e9s\",\"isPartOf\":{\"@id\":\"https:\/\/www.uqac.ca\/uqactualites\/#website\"},\"primaryImageOfPage\":{\"@id\":\"https:\/\/www.uqac.ca\/uqactualites\/2021\/02\/01\/si-eloignes-et-pourtant-si-proches\/#primaryimage\"},\"image\":{\"@id\":\"https:\/\/www.uqac.ca\/uqactualites\/2021\/02\/01\/si-eloignes-et-pourtant-si-proches\/#primaryimage\"},\"thumbnailUrl\":\"https:\/\/www.uqac.ca\/uqactualites\/wp-content\/uploads\/2021\/02\/Roberto-Gauthier-2-scaled.jpg\",\"datePublished\":\"2021-02-01T13:58:41+00:00\",\"dateModified\":\"2021-02-01T13:58:41+00:00\",\"author\":{\"@id\":\"https:\/\/www.uqac.ca\/uqactualites\/#\/schema\/person\/366c45a0c4f0e677b41b4af5886e2018\"},\"breadcrumb\":{\"@id\":\"https:\/\/www.uqac.ca\/uqactualites\/2021\/02\/01\/si-eloignes-et-pourtant-si-proches\/#breadcrumb\"},\"inLanguage\":\"fr-CA\",\"potentialAction\":[{\"@type\":\"ReadAction\",\"target\":[\"https:\/\/www.uqac.ca\/uqactualites\/2021\/02\/01\/si-eloignes-et-pourtant-si-proches\/\"]}]},{\"@type\":\"ImageObject\",\"inLanguage\":\"fr-CA\",\"@id\":\"https:\/\/www.uqac.ca\/uqactualites\/2021\/02\/01\/si-eloignes-et-pourtant-si-proches\/#primaryimage\",\"url\":\"https:\/\/www.uqac.ca\/uqactualites\/wp-content\/uploads\/2021\/02\/Roberto-Gauthier-2-scaled.jpg\",\"contentUrl\":\"https:\/\/www.uqac.ca\/uqactualites\/wp-content\/uploads\/2021\/02\/Roberto-Gauthier-2-scaled.jpg\",\"width\":2560,\"height\":2047},{\"@type\":\"BreadcrumbList\",\"@id\":\"https:\/\/www.uqac.ca\/uqactualites\/2021\/02\/01\/si-eloignes-et-pourtant-si-proches\/#breadcrumb\",\"itemListElement\":[{\"@type\":\"ListItem\",\"position\":1,\"name\":\"Home\",\"item\":\"https:\/\/www.uqac.ca\/uqactualites\/\"},{\"@type\":\"ListItem\",\"position\":2,\"name\":\"Si \u00e9loign\u00e9s et pourtant si proches\"}]},{\"@type\":\"WebSite\",\"@id\":\"https:\/\/www.uqac.ca\/uqactualites\/#website\",\"url\":\"https:\/\/www.uqac.ca\/uqactualites\/\",\"name\":\"UQACtualit\u00e9s\",\"description\":\"Le portail des nouvelles de l&#039;UQAC\",\"potentialAction\":[{\"@type\":\"SearchAction\",\"target\":{\"@type\":\"EntryPoint\",\"urlTemplate\":\"https:\/\/www.uqac.ca\/uqactualites\/?s={search_term_string}\"},\"query-input\":{\"@type\":\"PropertyValueSpecification\",\"valueRequired\":true,\"valueName\":\"search_term_string\"}}],\"inLanguage\":\"fr-CA\"},{\"@type\":\"Person\",\"@id\":\"https:\/\/www.uqac.ca\/uqactualites\/#\/schema\/person\/366c45a0c4f0e677b41b4af5886e2018\",\"name\":\"Service des communications et des relations publiques\",\"image\":{\"@type\":\"ImageObject\",\"inLanguage\":\"fr-CA\",\"@id\":\"https:\/\/www.uqac.ca\/uqactualites\/#\/schema\/person\/image\/\",\"url\":\"https:\/\/secure.gravatar.com\/avatar\/20fbbda8a292f59f2d3461a5b999c00b?s=96&d=mm&r=g\",\"contentUrl\":\"https:\/\/secure.gravatar.com\/avatar\/20fbbda8a292f59f2d3461a5b999c00b?s=96&d=mm&r=g\",\"caption\":\"Service des communications et des relations publiques\"},\"url\":\"https:\/\/www.uqac.ca\/uqactualites\/author\/bap\/\"}]}<\/script>\r\n<!-- \/ Yoast SEO plugin. -->","yoast_head_json":{"title":"Si \u00e9loign\u00e9s et pourtant si proches - UQACtualit\u00e9s","robots":{"index":"index","follow":"follow","max-snippet":"max-snippet:-1","max-image-preview":"max-image-preview:large","max-video-preview":"max-video-preview:-1"},"canonical":"https:\/\/www.uqac.ca\/uqactualites\/2021\/02\/01\/si-eloignes-et-pourtant-si-proches\/","og_locale":"fr_CA","og_type":"article","og_title":"Si \u00e9loign\u00e9s et pourtant si proches - UQACtualit\u00e9s","og_description":"Zoom sur les professeurs-chercheurs. Roberto Gauthier est professeur au D\u00e9partement des sciences de l\u2019\u00e9ducation et s\u2019int\u00e9resse particuli\u00e8rement \u00e0 la pers\u00e9v\u00e9rance scolaire chez les Premiers Peuples. Il est le directeur du comit\u00e9 scientifique de la Revue de la pers\u00e9v\u00e9rance et la r\u00e9ussite scolaires chez les Premiers Peuples qui vient tout juste d&rsquo;\u00eatre lanc\u00e9e. Si \u00e9loign\u00e9s et [&hellip;]","og_url":"https:\/\/www.uqac.ca\/uqactualites\/2021\/02\/01\/si-eloignes-et-pourtant-si-proches\/","og_site_name":"UQACtualit\u00e9s","article_published_time":"2021-02-01T13:58:41+00:00","og_image":[{"width":2560,"height":2047,"url":"https:\/\/www.uqac.ca\/uqactualites\/wp-content\/uploads\/2021\/02\/Roberto-Gauthier-2-scaled.jpg","type":"image\/jpeg"}],"author":"Service des communications et des relations publiques","twitter_card":"summary_large_image","twitter_misc":{"\u00c9crit par":"Service des communications et des relations publiques","Estimation du temps de lecture":"1 minute"},"schema":{"@context":"https:\/\/schema.org","@graph":[{"@type":"WebPage","@id":"https:\/\/www.uqac.ca\/uqactualites\/2021\/02\/01\/si-eloignes-et-pourtant-si-proches\/","url":"https:\/\/www.uqac.ca\/uqactualites\/2021\/02\/01\/si-eloignes-et-pourtant-si-proches\/","name":"Si \u00e9loign\u00e9s et pourtant si proches - UQACtualit\u00e9s","isPartOf":{"@id":"https:\/\/www.uqac.ca\/uqactualites\/#website"},"primaryImageOfPage":{"@id":"https:\/\/www.uqac.ca\/uqactualites\/2021\/02\/01\/si-eloignes-et-pourtant-si-proches\/#primaryimage"},"image":{"@id":"https:\/\/www.uqac.ca\/uqactualites\/2021\/02\/01\/si-eloignes-et-pourtant-si-proches\/#primaryimage"},"thumbnailUrl":"https:\/\/www.uqac.ca\/uqactualites\/wp-content\/uploads\/2021\/02\/Roberto-Gauthier-2-scaled.jpg","datePublished":"2021-02-01T13:58:41+00:00","dateModified":"2021-02-01T13:58:41+00:00","author":{"@id":"https:\/\/www.uqac.ca\/uqactualites\/#\/schema\/person\/366c45a0c4f0e677b41b4af5886e2018"},"breadcrumb":{"@id":"https:\/\/www.uqac.ca\/uqactualites\/2021\/02\/01\/si-eloignes-et-pourtant-si-proches\/#breadcrumb"},"inLanguage":"fr-CA","potentialAction":[{"@type":"ReadAction","target":["https:\/\/www.uqac.ca\/uqactualites\/2021\/02\/01\/si-eloignes-et-pourtant-si-proches\/"]}]},{"@type":"ImageObject","inLanguage":"fr-CA","@id":"https:\/\/www.uqac.ca\/uqactualites\/2021\/02\/01\/si-eloignes-et-pourtant-si-proches\/#primaryimage","url":"https:\/\/www.uqac.ca\/uqactualites\/wp-content\/uploads\/2021\/02\/Roberto-Gauthier-2-scaled.jpg","contentUrl":"https:\/\/www.uqac.ca\/uqactualites\/wp-content\/uploads\/2021\/02\/Roberto-Gauthier-2-scaled.jpg","width":2560,"height":2047},{"@type":"BreadcrumbList","@id":"https:\/\/www.uqac.ca\/uqactualites\/2021\/02\/01\/si-eloignes-et-pourtant-si-proches\/#breadcrumb","itemListElement":[{"@type":"ListItem","position":1,"name":"Home","item":"https:\/\/www.uqac.ca\/uqactualites\/"},{"@type":"ListItem","position":2,"name":"Si \u00e9loign\u00e9s et pourtant si proches"}]},{"@type":"WebSite","@id":"https:\/\/www.uqac.ca\/uqactualites\/#website","url":"https:\/\/www.uqac.ca\/uqactualites\/","name":"UQACtualit\u00e9s","description":"Le portail des nouvelles de l&#039;UQAC","potentialAction":[{"@type":"SearchAction","target":{"@type":"EntryPoint","urlTemplate":"https:\/\/www.uqac.ca\/uqactualites\/?s={search_term_string}"},"query-input":{"@type":"PropertyValueSpecification","valueRequired":true,"valueName":"search_term_string"}}],"inLanguage":"fr-CA"},{"@type":"Person","@id":"https:\/\/www.uqac.ca\/uqactualites\/#\/schema\/person\/366c45a0c4f0e677b41b4af5886e2018","name":"Service des communications et des relations publiques","image":{"@type":"ImageObject","inLanguage":"fr-CA","@id":"https:\/\/www.uqac.ca\/uqactualites\/#\/schema\/person\/image\/","url":"https:\/\/secure.gravatar.com\/avatar\/20fbbda8a292f59f2d3461a5b999c00b?s=96&d=mm&r=g","contentUrl":"https:\/\/secure.gravatar.com\/avatar\/20fbbda8a292f59f2d3461a5b999c00b?s=96&d=mm&r=g","caption":"Service des communications et des relations publiques"},"url":"https:\/\/www.uqac.ca\/uqactualites\/author\/bap\/"}]}},"_links":{"self":[{"href":"https:\/\/www.uqac.ca\/uqactualites\/wp-json\/wp\/v2\/posts\/39251"}],"collection":[{"href":"https:\/\/www.uqac.ca\/uqactualites\/wp-json\/wp\/v2\/posts"}],"about":[{"href":"https:\/\/www.uqac.ca\/uqactualites\/wp-json\/wp\/v2\/types\/post"}],"author":[{"embeddable":true,"href":"https:\/\/www.uqac.ca\/uqactualites\/wp-json\/wp\/v2\/users\/5"}],"replies":[{"embeddable":true,"href":"https:\/\/www.uqac.ca\/uqactualites\/wp-json\/wp\/v2\/comments?post=39251"}],"version-history":[{"count":0,"href":"https:\/\/www.uqac.ca\/uqactualites\/wp-json\/wp\/v2\/posts\/39251\/revisions"}],"wp:featuredmedia":[{"embeddable":true,"href":"https:\/\/www.uqac.ca\/uqactualites\/wp-json\/wp\/v2\/media\/39258"}],"wp:attachment":[{"href":"https:\/\/www.uqac.ca\/uqactualites\/wp-json\/wp\/v2\/media?parent=39251"}],"wp:term":[{"taxonomy":"category","embeddable":true,"href":"https:\/\/www.uqac.ca\/uqactualites\/wp-json\/wp\/v2\/categories?post=39251"},{"taxonomy":"post_tag","embeddable":true,"href":"https:\/\/www.uqac.ca\/uqactualites\/wp-json\/wp\/v2\/tags?post=39251"}],"curies":[{"name":"wp","href":"https:\/\/api.w.org\/{rel}","templated":true}]}}