{"id":39433,"date":"2021-03-10T14:00:21","date_gmt":"2021-03-10T19:00:21","guid":{"rendered":"https:\/\/www.uqac.ca\/?p=39433"},"modified":"2025-10-24T12:16:52","modified_gmt":"2025-10-24T16:16:52","slug":"luqac-participe-a-une-etude-scientifique-internationale-sur-le-deuil-en-temps-de-pandemie","status":"publish","type":"post","link":"https:\/\/www.uqac.ca\/uqactualites\/2021\/03\/10\/luqac-participe-a-une-etude-scientifique-internationale-sur-le-deuil-en-temps-de-pandemie\/","title":{"rendered":"L&rsquo;UQAC participe \u00e0 une \u00e9tude scientifique internationale sur le deuil en temps de pand\u00e9mie"},"content":{"rendered":"<p>Alors que le Qu\u00e9bec comm\u00e9more ce 11 mars les plus de 10\u2009000 morts de la COVID-19, nous pensons qu\u2019il ne faut pas oublier toutes les personnes qui sont d\u00e9c\u00e9d\u00e9es pendant cette pand\u00e9mie, quelle que soit la cause de leur d\u00e9c\u00e8s. En effet, depuis mars 2020, ce sont pr\u00e8s de 60\u2009000 personnes qui sont d\u00e9c\u00e9d\u00e9es de diverses causes, et ce, dans des circonstances souvent tragiques et inimaginables\u00a0: isol\u00e9es, priv\u00e9es de l\u2019accompagnement de leurs proches, des services spirituels et religieux auxquels ils auraient pu avoir besoin, etc. Tout cela m\u00eame si les soignants ont fait tout leur possible pour tenter de rendre ces fins de vie moins dramatiques.<\/p>\n<p>Les proches endeuill\u00e9s, pour leur part, doivent continuer de vivre avec des sentiments de culpabilit\u00e9, de peine et de regrets, sans n\u00e9cessairement pouvoir les partager avec d\u2019autres en raison des restrictions sociosanitaires. Si ces restrictions sont l\u00e9gitimes, elles privent tout de m\u00eame les proches endeuill\u00e9s de rites fun\u00e9raires signifiants. Or, les rites fun\u00e9raires sont profond\u00e9ment n\u00e9cessaires pour assurer la reconnaissance des morts et la paix des vivants. On sait que depuis plus 100\u2009000 ans les hommes r\u00e9alisent des rites fun\u00e9raires et si, depuis plusieurs dizaines d\u2019ann\u00e9es, de profondes transformations caract\u00e9risent ceux-ci (cr\u00e9mation, c\u00e9r\u00e9monie en l\u2019absence du corps, diminution du temps des expositions, etc.), jamais encore nos contemporains n\u2019ont \u00e9t\u00e9 priv\u00e9s <u>sans leur consentement<\/u> des rituels fun\u00e9raires souhait\u00e9s.<\/p>\n<p>Comment les endeuill\u00e9s vivent-ils ces privations? Quelles cons\u00e9quences cela a-t-il sur leur v\u00e9cu du deuil? Quelles alternatives ont-ils pu trouver? Nous ne le savons pas. Certains auteurs pensent qu\u2019apr\u00e8s la pand\u00e9mie de COVID, nous devrons faire face \u00e0 une pand\u00e9mie de deuils compliqu\u00e9s. D\u2019autres assurent que rien ne permet de croire \u00e0 un tel sc\u00e9nario. C\u2019est pour r\u00e9pondre \u00e0 ces questions et donc mieux accompagner les proches endeuill\u00e9s et les personnes en fin de vie que notre \u00e9quipe lance une importante recherche qui vise \u00e0 conna\u00eetre le v\u00e9cu du deuil des personnes qui ont perdu un proche depuis mars 2020, soit depuis le d\u00e9but de la pand\u00e9mie\u00a0: quels accompagnements et rites fun\u00e9raires ont \u00e9t\u00e9 possibles et quel effet cela a-t-il sur le v\u00e9cu du deuil?<\/p>\n<p><strong>Quelle que soit la cause du d\u00e9c\u00e8s de leur proche, les personnes endeuill\u00e9es depuis mars 2020 sont donc invit\u00e9es \u00e0 participer \u00e0 une enqu\u00eate en ligne\u00a0qui d\u00e9bute aujourd\u2019hui et qui s\u2019\u00e9chelonnera sur les deux prochaines ann\u00e9es. Les personnes suivantes peuvent participer \u00e0 l\u2019\u00e9tude\u00a0: avoir 18 ans et plus, r\u00e9sider au Canada (citoyennet\u00e9 ou r\u00e9sidence permanente), avoir perdu une personne significative depuis le 12 mars 2020, peu importe la cause du d\u00e9c\u00e8s.<\/strong><\/p>\n<p><strong>Pour participer, visitez le <a href=\"http:\/\/www.uqac.ca\/covideuil\">uqac.ca\/covideuil<\/a>.<br \/>\nLe questionnaire est d\u2019une dur\u00e9e d\u2019environ 25 \u00e0 30 minutes.<\/strong><\/p>\n<p>Cette recherche r\u00e9unit des chercheurs du Qu\u00e9bec et de l\u2019Ontario avec la collaboration de 7 sp\u00e9cialistes europ\u00e9ens qui r\u00e9alisent la m\u00eame \u00e9tude dans leurs pays. Au Canada, ce projet est financ\u00e9 par le R\u00e9seau intersectoriel de recherche en sant\u00e9 de l\u2019Universit\u00e9 du Qu\u00e9bec (<a href=\"https:\/\/risuq.uquebec.ca\/\">RISUQ<\/a>) et est men\u00e9 par le professeur Jacques Cherblanc, Ph. D. (UQAC) et les professeures Chantal Verdon, Ph. D. (UQO), Susan Cadell, Ph. D. (University of Waterloo), Jos\u00e9e Grenier, Ph. D. (UQO), Christiane Bergeron-Leclerc, Ph. D. (UQAC), Danielle Maltais, Ph. D. (UQAC) et Chantale Simard, Ph. D. (c) (UQAC).<\/p>\n<p><strong>Renseignements :<br \/>\n<\/strong><a href=\"http:\/\/uqac.ca\/covideuil\">uqac.ca\/covideuil<br \/>\n<\/a><a href=\"mailto:info@covideuil.ca\">info@covideuil.ca<\/a><\/p>\n","protected":false},"excerpt":{"rendered":"<p>Alors que le Qu\u00e9bec comm\u00e9more ce 11 mars les plus de 10\u2009000 morts de la COVID-19, nous pensons qu\u2019il ne faut pas oublier toutes les personnes qui sont d\u00e9c\u00e9d\u00e9es pendant cette pand\u00e9mie, quelle que soit la cause de leur d\u00e9c\u00e8s. En effet, depuis mars 2020, ce sont pr\u00e8s de 60\u2009000 personnes qui sont d\u00e9c\u00e9d\u00e9es de [&hellip;]<\/p>\n","protected":false},"author":5,"featured_media":39436,"comment_status":"closed","ping_status":"open","sticky":false,"template":"","format":"standard","meta":{"footnotes":""},"categories":[2],"tags":[22,1974,16],"yoast_head":"<!-- This site is optimized with the Yoast SEO plugin v24.2 - https:\/\/yoast.com\/wordpress\/plugins\/seo\/ -->\r\n<title>L&#039;UQAC participe \u00e0 une \u00e9tude scientifique internationale sur le deuil en temps de pand\u00e9mie - UQACtualit\u00e9s<\/title>\r\n<meta name=\"robots\" content=\"index, follow, max-snippet:-1, max-image-preview:large, max-video-preview:-1\" \/>\r\n<link rel=\"canonical\" href=\"https:\/\/www.uqac.ca\/uqactualites\/2021\/03\/10\/luqac-participe-a-une-etude-scientifique-internationale-sur-le-deuil-en-temps-de-pandemie\/\" \/>\r\n<meta property=\"og:locale\" content=\"fr_CA\" \/>\r\n<meta property=\"og:type\" content=\"article\" \/>\r\n<meta property=\"og:title\" content=\"L&#039;UQAC participe \u00e0 une \u00e9tude scientifique internationale sur le deuil en temps de pand\u00e9mie - UQACtualit\u00e9s\" \/>\r\n<meta property=\"og:description\" content=\"Alors que le Qu\u00e9bec comm\u00e9more ce 11 mars les plus de 10\u2009000 morts de la COVID-19, nous pensons qu\u2019il ne faut pas oublier toutes les personnes qui sont d\u00e9c\u00e9d\u00e9es pendant cette pand\u00e9mie, quelle que soit la cause de leur d\u00e9c\u00e8s. En effet, depuis mars 2020, ce sont pr\u00e8s de 60\u2009000 personnes qui sont d\u00e9c\u00e9d\u00e9es de [&hellip;]\" \/>\r\n<meta property=\"og:url\" content=\"https:\/\/www.uqac.ca\/uqactualites\/2021\/03\/10\/luqac-participe-a-une-etude-scientifique-internationale-sur-le-deuil-en-temps-de-pandemie\/\" \/>\r\n<meta property=\"og:site_name\" content=\"UQACtualit\u00e9s\" \/>\r\n<meta property=\"article:published_time\" content=\"2021-03-10T19:00:21+00:00\" \/>\r\n<meta property=\"article:modified_time\" content=\"2025-10-24T16:16:52+00:00\" \/>\r\n<meta property=\"og:image\" content=\"https:\/\/www.uqac.ca\/uqactualites\/wp-content\/uploads\/2021\/03\/PUB_Facebook_ImagePartagee-1200X630EtudeDeuilCovid19H21.jpg\" \/>\r\n\t<meta property=\"og:image:width\" content=\"1201\" \/>\r\n\t<meta property=\"og:image:height\" content=\"630\" \/>\r\n\t<meta property=\"og:image:type\" content=\"image\/jpeg\" \/>\r\n<meta name=\"author\" content=\"Service des communications et des relations publiques\" \/>\r\n<meta name=\"twitter:card\" content=\"summary_large_image\" \/>\r\n<meta name=\"twitter:label1\" content=\"\u00c9crit par\" \/>\n\t<meta name=\"twitter:data1\" content=\"Service des communications et des relations publiques\" \/>\n\t<meta name=\"twitter:label2\" content=\"Estimation du temps de lecture\" \/>\n\t<meta name=\"twitter:data2\" content=\"3 minutes\" \/>\r\n<script type=\"application\/ld+json\" class=\"yoast-schema-graph\">{\"@context\":\"https:\/\/schema.org\",\"@graph\":[{\"@type\":\"WebPage\",\"@id\":\"https:\/\/www.uqac.ca\/uqactualites\/2021\/03\/10\/luqac-participe-a-une-etude-scientifique-internationale-sur-le-deuil-en-temps-de-pandemie\/\",\"url\":\"https:\/\/www.uqac.ca\/uqactualites\/2021\/03\/10\/luqac-participe-a-une-etude-scientifique-internationale-sur-le-deuil-en-temps-de-pandemie\/\",\"name\":\"L'UQAC participe \u00e0 une \u00e9tude scientifique internationale sur le deuil en temps de pand\u00e9mie - UQACtualit\u00e9s\",\"isPartOf\":{\"@id\":\"https:\/\/www.uqac.ca\/uqactualites\/#website\"},\"primaryImageOfPage\":{\"@id\":\"https:\/\/www.uqac.ca\/uqactualites\/2021\/03\/10\/luqac-participe-a-une-etude-scientifique-internationale-sur-le-deuil-en-temps-de-pandemie\/#primaryimage\"},\"image\":{\"@id\":\"https:\/\/www.uqac.ca\/uqactualites\/2021\/03\/10\/luqac-participe-a-une-etude-scientifique-internationale-sur-le-deuil-en-temps-de-pandemie\/#primaryimage\"},\"thumbnailUrl\":\"https:\/\/www.uqac.ca\/uqactualites\/wp-content\/uploads\/2021\/03\/PUB_Facebook_ImagePartagee-1200X630EtudeDeuilCovid19H21.jpg\",\"datePublished\":\"2021-03-10T19:00:21+00:00\",\"dateModified\":\"2025-10-24T16:16:52+00:00\",\"author\":{\"@id\":\"https:\/\/www.uqac.ca\/uqactualites\/#\/schema\/person\/366c45a0c4f0e677b41b4af5886e2018\"},\"breadcrumb\":{\"@id\":\"https:\/\/www.uqac.ca\/uqactualites\/2021\/03\/10\/luqac-participe-a-une-etude-scientifique-internationale-sur-le-deuil-en-temps-de-pandemie\/#breadcrumb\"},\"inLanguage\":\"fr-CA\",\"potentialAction\":[{\"@type\":\"ReadAction\",\"target\":[\"https:\/\/www.uqac.ca\/uqactualites\/2021\/03\/10\/luqac-participe-a-une-etude-scientifique-internationale-sur-le-deuil-en-temps-de-pandemie\/\"]}]},{\"@type\":\"ImageObject\",\"inLanguage\":\"fr-CA\",\"@id\":\"https:\/\/www.uqac.ca\/uqactualites\/2021\/03\/10\/luqac-participe-a-une-etude-scientifique-internationale-sur-le-deuil-en-temps-de-pandemie\/#primaryimage\",\"url\":\"https:\/\/www.uqac.ca\/uqactualites\/wp-content\/uploads\/2021\/03\/PUB_Facebook_ImagePartagee-1200X630EtudeDeuilCovid19H21.jpg\",\"contentUrl\":\"https:\/\/www.uqac.ca\/uqactualites\/wp-content\/uploads\/2021\/03\/PUB_Facebook_ImagePartagee-1200X630EtudeDeuilCovid19H21.jpg\",\"width\":1201,\"height\":630},{\"@type\":\"BreadcrumbList\",\"@id\":\"https:\/\/www.uqac.ca\/uqactualites\/2021\/03\/10\/luqac-participe-a-une-etude-scientifique-internationale-sur-le-deuil-en-temps-de-pandemie\/#breadcrumb\",\"itemListElement\":[{\"@type\":\"ListItem\",\"position\":1,\"name\":\"Home\",\"item\":\"https:\/\/www.uqac.ca\/uqactualites\/\"},{\"@type\":\"ListItem\",\"position\":2,\"name\":\"L&rsquo;UQAC participe \u00e0 une \u00e9tude scientifique internationale sur le deuil en temps de pand\u00e9mie\"}]},{\"@type\":\"WebSite\",\"@id\":\"https:\/\/www.uqac.ca\/uqactualites\/#website\",\"url\":\"https:\/\/www.uqac.ca\/uqactualites\/\",\"name\":\"UQACtualit\u00e9s\",\"description\":\"Le portail des nouvelles de l&#039;UQAC\",\"potentialAction\":[{\"@type\":\"SearchAction\",\"target\":{\"@type\":\"EntryPoint\",\"urlTemplate\":\"https:\/\/www.uqac.ca\/uqactualites\/?s={search_term_string}\"},\"query-input\":{\"@type\":\"PropertyValueSpecification\",\"valueRequired\":true,\"valueName\":\"search_term_string\"}}],\"inLanguage\":\"fr-CA\"},{\"@type\":\"Person\",\"@id\":\"https:\/\/www.uqac.ca\/uqactualites\/#\/schema\/person\/366c45a0c4f0e677b41b4af5886e2018\",\"name\":\"Service des communications et des relations publiques\",\"image\":{\"@type\":\"ImageObject\",\"inLanguage\":\"fr-CA\",\"@id\":\"https:\/\/www.uqac.ca\/uqactualites\/#\/schema\/person\/image\/\",\"url\":\"https:\/\/secure.gravatar.com\/avatar\/20fbbda8a292f59f2d3461a5b999c00b?s=96&d=mm&r=g\",\"contentUrl\":\"https:\/\/secure.gravatar.com\/avatar\/20fbbda8a292f59f2d3461a5b999c00b?s=96&d=mm&r=g\",\"caption\":\"Service des communications et des relations publiques\"},\"url\":\"https:\/\/www.uqac.ca\/uqactualites\/author\/bap\/\"}]}<\/script>\r\n<!-- \/ Yoast SEO plugin. -->","yoast_head_json":{"title":"L'UQAC participe \u00e0 une \u00e9tude scientifique internationale sur le deuil en temps de pand\u00e9mie - UQACtualit\u00e9s","robots":{"index":"index","follow":"follow","max-snippet":"max-snippet:-1","max-image-preview":"max-image-preview:large","max-video-preview":"max-video-preview:-1"},"canonical":"https:\/\/www.uqac.ca\/uqactualites\/2021\/03\/10\/luqac-participe-a-une-etude-scientifique-internationale-sur-le-deuil-en-temps-de-pandemie\/","og_locale":"fr_CA","og_type":"article","og_title":"L'UQAC participe \u00e0 une \u00e9tude scientifique internationale sur le deuil en temps de pand\u00e9mie - UQACtualit\u00e9s","og_description":"Alors que le Qu\u00e9bec comm\u00e9more ce 11 mars les plus de 10\u2009000 morts de la COVID-19, nous pensons qu\u2019il ne faut pas oublier toutes les personnes qui sont d\u00e9c\u00e9d\u00e9es pendant cette pand\u00e9mie, quelle que soit la cause de leur d\u00e9c\u00e8s. En effet, depuis mars 2020, ce sont pr\u00e8s de 60\u2009000 personnes qui sont d\u00e9c\u00e9d\u00e9es de [&hellip;]","og_url":"https:\/\/www.uqac.ca\/uqactualites\/2021\/03\/10\/luqac-participe-a-une-etude-scientifique-internationale-sur-le-deuil-en-temps-de-pandemie\/","og_site_name":"UQACtualit\u00e9s","article_published_time":"2021-03-10T19:00:21+00:00","article_modified_time":"2025-10-24T16:16:52+00:00","og_image":[{"width":1201,"height":630,"url":"https:\/\/www.uqac.ca\/uqactualites\/wp-content\/uploads\/2021\/03\/PUB_Facebook_ImagePartagee-1200X630EtudeDeuilCovid19H21.jpg","type":"image\/jpeg"}],"author":"Service des communications et des relations publiques","twitter_card":"summary_large_image","twitter_misc":{"\u00c9crit par":"Service des communications et des relations publiques","Estimation du temps de lecture":"3 minutes"},"schema":{"@context":"https:\/\/schema.org","@graph":[{"@type":"WebPage","@id":"https:\/\/www.uqac.ca\/uqactualites\/2021\/03\/10\/luqac-participe-a-une-etude-scientifique-internationale-sur-le-deuil-en-temps-de-pandemie\/","url":"https:\/\/www.uqac.ca\/uqactualites\/2021\/03\/10\/luqac-participe-a-une-etude-scientifique-internationale-sur-le-deuil-en-temps-de-pandemie\/","name":"L'UQAC participe \u00e0 une \u00e9tude scientifique internationale sur le deuil en temps de pand\u00e9mie - UQACtualit\u00e9s","isPartOf":{"@id":"https:\/\/www.uqac.ca\/uqactualites\/#website"},"primaryImageOfPage":{"@id":"https:\/\/www.uqac.ca\/uqactualites\/2021\/03\/10\/luqac-participe-a-une-etude-scientifique-internationale-sur-le-deuil-en-temps-de-pandemie\/#primaryimage"},"image":{"@id":"https:\/\/www.uqac.ca\/uqactualites\/2021\/03\/10\/luqac-participe-a-une-etude-scientifique-internationale-sur-le-deuil-en-temps-de-pandemie\/#primaryimage"},"thumbnailUrl":"https:\/\/www.uqac.ca\/uqactualites\/wp-content\/uploads\/2021\/03\/PUB_Facebook_ImagePartagee-1200X630EtudeDeuilCovid19H21.jpg","datePublished":"2021-03-10T19:00:21+00:00","dateModified":"2025-10-24T16:16:52+00:00","author":{"@id":"https:\/\/www.uqac.ca\/uqactualites\/#\/schema\/person\/366c45a0c4f0e677b41b4af5886e2018"},"breadcrumb":{"@id":"https:\/\/www.uqac.ca\/uqactualites\/2021\/03\/10\/luqac-participe-a-une-etude-scientifique-internationale-sur-le-deuil-en-temps-de-pandemie\/#breadcrumb"},"inLanguage":"fr-CA","potentialAction":[{"@type":"ReadAction","target":["https:\/\/www.uqac.ca\/uqactualites\/2021\/03\/10\/luqac-participe-a-une-etude-scientifique-internationale-sur-le-deuil-en-temps-de-pandemie\/"]}]},{"@type":"ImageObject","inLanguage":"fr-CA","@id":"https:\/\/www.uqac.ca\/uqactualites\/2021\/03\/10\/luqac-participe-a-une-etude-scientifique-internationale-sur-le-deuil-en-temps-de-pandemie\/#primaryimage","url":"https:\/\/www.uqac.ca\/uqactualites\/wp-content\/uploads\/2021\/03\/PUB_Facebook_ImagePartagee-1200X630EtudeDeuilCovid19H21.jpg","contentUrl":"https:\/\/www.uqac.ca\/uqactualites\/wp-content\/uploads\/2021\/03\/PUB_Facebook_ImagePartagee-1200X630EtudeDeuilCovid19H21.jpg","width":1201,"height":630},{"@type":"BreadcrumbList","@id":"https:\/\/www.uqac.ca\/uqactualites\/2021\/03\/10\/luqac-participe-a-une-etude-scientifique-internationale-sur-le-deuil-en-temps-de-pandemie\/#breadcrumb","itemListElement":[{"@type":"ListItem","position":1,"name":"Home","item":"https:\/\/www.uqac.ca\/uqactualites\/"},{"@type":"ListItem","position":2,"name":"L&rsquo;UQAC participe \u00e0 une \u00e9tude scientifique internationale sur le deuil en temps de pand\u00e9mie"}]},{"@type":"WebSite","@id":"https:\/\/www.uqac.ca\/uqactualites\/#website","url":"https:\/\/www.uqac.ca\/uqactualites\/","name":"UQACtualit\u00e9s","description":"Le portail des nouvelles de l&#039;UQAC","potentialAction":[{"@type":"SearchAction","target":{"@type":"EntryPoint","urlTemplate":"https:\/\/www.uqac.ca\/uqactualites\/?s={search_term_string}"},"query-input":{"@type":"PropertyValueSpecification","valueRequired":true,"valueName":"search_term_string"}}],"inLanguage":"fr-CA"},{"@type":"Person","@id":"https:\/\/www.uqac.ca\/uqactualites\/#\/schema\/person\/366c45a0c4f0e677b41b4af5886e2018","name":"Service des communications et des relations publiques","image":{"@type":"ImageObject","inLanguage":"fr-CA","@id":"https:\/\/www.uqac.ca\/uqactualites\/#\/schema\/person\/image\/","url":"https:\/\/secure.gravatar.com\/avatar\/20fbbda8a292f59f2d3461a5b999c00b?s=96&d=mm&r=g","contentUrl":"https:\/\/secure.gravatar.com\/avatar\/20fbbda8a292f59f2d3461a5b999c00b?s=96&d=mm&r=g","caption":"Service des communications et des relations publiques"},"url":"https:\/\/www.uqac.ca\/uqactualites\/author\/bap\/"}]}},"_links":{"self":[{"href":"https:\/\/www.uqac.ca\/uqactualites\/wp-json\/wp\/v2\/posts\/39433"}],"collection":[{"href":"https:\/\/www.uqac.ca\/uqactualites\/wp-json\/wp\/v2\/posts"}],"about":[{"href":"https:\/\/www.uqac.ca\/uqactualites\/wp-json\/wp\/v2\/types\/post"}],"author":[{"embeddable":true,"href":"https:\/\/www.uqac.ca\/uqactualites\/wp-json\/wp\/v2\/users\/5"}],"replies":[{"embeddable":true,"href":"https:\/\/www.uqac.ca\/uqactualites\/wp-json\/wp\/v2\/comments?post=39433"}],"version-history":[{"count":1,"href":"https:\/\/www.uqac.ca\/uqactualites\/wp-json\/wp\/v2\/posts\/39433\/revisions"}],"predecessor-version":[{"id":52244,"href":"https:\/\/www.uqac.ca\/uqactualites\/wp-json\/wp\/v2\/posts\/39433\/revisions\/52244"}],"wp:featuredmedia":[{"embeddable":true,"href":"https:\/\/www.uqac.ca\/uqactualites\/wp-json\/wp\/v2\/media\/39436"}],"wp:attachment":[{"href":"https:\/\/www.uqac.ca\/uqactualites\/wp-json\/wp\/v2\/media?parent=39433"}],"wp:term":[{"taxonomy":"category","embeddable":true,"href":"https:\/\/www.uqac.ca\/uqactualites\/wp-json\/wp\/v2\/categories?post=39433"},{"taxonomy":"post_tag","embeddable":true,"href":"https:\/\/www.uqac.ca\/uqactualites\/wp-json\/wp\/v2\/tags?post=39433"}],"curies":[{"name":"wp","href":"https:\/\/api.w.org\/{rel}","templated":true}]}}