{"id":39667,"date":"2021-04-22T16:31:07","date_gmt":"2021-04-22T20:31:07","guid":{"rendered":"https:\/\/www.uqac.ca\/?p=39667"},"modified":"2021-04-22T16:31:07","modified_gmt":"2021-04-22T20:31:07","slug":"soiree-de-grand-guignol-des-etudiants-en-arts-une-experience-de-theatre-hors-du-commun","status":"publish","type":"post","link":"https:\/\/www.uqac.ca\/uqactualites\/2021\/04\/22\/soiree-de-grand-guignol-des-etudiants-en-arts-une-experience-de-theatre-hors-du-commun\/","title":{"rendered":"Soir\u00e9e de Grand Guignol des \u00e9tudiants en arts : une exp\u00e9rience de th\u00e9\u00e2tre hors du commun"},"content":{"rendered":"<p>Les \u00e9tudiants du cours <em>Cr\u00e9ation th\u00e9\u00e2trale<\/em> pr\u00e9senteront les 28 et 29 avril prochains d\u00e8s 20 h une soir\u00e9e de th\u00e9\u00e2tre virtuelle avec, au programme, trois pi\u00e8ces grandguignolesques :<\/p>\n<ul>\n<li><strong><em>Gardiens de phares<\/em><\/strong> d\u2019Andr\u00e9 de Lorde, mettant en sc\u00e8ne un p\u00e8re et son fils, fid\u00e8les au poste dans leur phare \u00e9loign\u00e9 de tout, alors que la maladie et la mort r\u00f4dent;<\/li>\n<li><strong><em>Godefroy <\/em><\/strong>de Georges Courteline, montrant deux pauvres \u00eatres qui s\u2019en vont porter un bouquet de fleurs \u00e0 un voisin;<\/li>\n<li><strong><em>Le syst\u00e8me du Docteur Goudron et du Professeur Plume<\/em><\/strong>, \u00e9galement d&rsquo;Andr\u00e9 de Lorde, chef-d\u2019\u0153uvre du genre, offrant une visite, un soir d\u2019orage, dans un h\u00f4pital psychiatrique qui semble d\u00e9sert\u00e9\u2026 ou pas\u2026<\/li>\n<\/ul>\n<p style=\"padding-left: 60px;\"><span style=\"color: #6b8a00;\"><strong>Mise en sc\u00e8ne<br \/>\n<\/strong>Dario Larouche<\/span><\/p>\n<p style=\"padding-left: 60px;\"><span style=\"color: #6b8a00;\"><strong>Concepteurs<br \/>\n<\/strong>Sophie Ch\u00e2teauvert (dispositif et costumes) et\u00a0Alexandre Nadeau (lumi\u00e8res)<\/span><\/p>\n<p style=\"padding-left: 60px;\"><span style=\"color: #6b8a00;\"><strong>\u00c9tudiants<br \/>\n<\/strong>David Bianchetti,\u00a0Maxym Bronsard, Gabriel Dionne,\u00a0Isma\u00ebl Ducha\u00eene,\u00a0Victor Fraternali,\u00a0Antoine LeBlet<\/span><\/p>\n<p>&nbsp;<\/p>\n<p>Ces trois performances\u00a0du th\u00e9\u00e2tre de l\u2019horreur et des sensations fortes du d\u00e9but du XXe si\u00e8cle seront pr\u00e9sent\u00e9es\u00a0via une plateforme de diffusion Web con\u00e7ue sp\u00e9cialement pour l\u2019occasion et qui permettra aux spectateurs de suivre l\u2019action en adoptant le point de vue de l\u2019un des personnages : autrement dit, chaque spectateur pourra assister au spectacle comme s\u2019il \u00e9tait pr\u00e9sent \u00e0 m\u00eame l\u2019aire de jeu. Voil\u00e0 une\u00a0exp\u00e9rience th\u00e9\u00e2trale peu commune!<\/p>\n<p>Pour se brancher, les spectateurs int\u00e9ress\u00e9s doivent s\u2019abonner &#8211; en aimant ou en indiquant leur participation &#8211; sur l\u2019\u00e9v\u00e9nement Facebook <a href=\"https:\/\/www.facebook.com\/events\/175390681099146\/?event_time_id=175390681099146\">TH\u00c9\u00c2TRE UQAC 2021<\/a>, o\u00f9 seront donn\u00e9s les liens et les indications.<\/p>\n<p>Soyez-y!<\/p>\n<p style=\"padding-left: 60px;\">\n","protected":false},"excerpt":{"rendered":"<p>Les \u00e9tudiants du cours Cr\u00e9ation th\u00e9\u00e2trale pr\u00e9senteront les 28 et 29 avril prochains d\u00e8s 20 h une soir\u00e9e de th\u00e9\u00e2tre virtuelle avec, au programme, trois pi\u00e8ces grandguignolesques : Gardiens de phares d\u2019Andr\u00e9 de Lorde, mettant en sc\u00e8ne un p\u00e8re et son fils, fid\u00e8les au poste dans leur phare \u00e9loign\u00e9 de tout, alors que la maladie [&hellip;]<\/p>\n","protected":false},"author":5,"featured_media":39668,"comment_status":"closed","ping_status":"open","sticky":false,"template":"","format":"standard","meta":{"footnotes":""},"categories":[2,61],"tags":[207,39,205],"yoast_head":"<!-- This site is optimized with the Yoast SEO plugin v24.2 - https:\/\/yoast.com\/wordpress\/plugins\/seo\/ -->\r\n<title>Soir\u00e9e de Grand Guignol des \u00e9tudiants en arts : une exp\u00e9rience de th\u00e9\u00e2tre hors du commun - UQACtualit\u00e9s<\/title>\r\n<meta name=\"robots\" content=\"index, follow, max-snippet:-1, max-image-preview:large, max-video-preview:-1\" \/>\r\n<link rel=\"canonical\" href=\"https:\/\/www.uqac.ca\/uqactualites\/2021\/04\/22\/soiree-de-grand-guignol-des-etudiants-en-arts-une-experience-de-theatre-hors-du-commun\/\" \/>\r\n<meta property=\"og:locale\" content=\"fr_CA\" \/>\r\n<meta property=\"og:type\" content=\"article\" \/>\r\n<meta property=\"og:title\" content=\"Soir\u00e9e de Grand Guignol des \u00e9tudiants en arts : une exp\u00e9rience de th\u00e9\u00e2tre hors du commun - UQACtualit\u00e9s\" \/>\r\n<meta property=\"og:description\" content=\"Les \u00e9tudiants du cours Cr\u00e9ation th\u00e9\u00e2trale pr\u00e9senteront les 28 et 29 avril prochains d\u00e8s 20 h une soir\u00e9e de th\u00e9\u00e2tre virtuelle avec, au programme, trois pi\u00e8ces grandguignolesques : Gardiens de phares d\u2019Andr\u00e9 de Lorde, mettant en sc\u00e8ne un p\u00e8re et son fils, fid\u00e8les au poste dans leur phare \u00e9loign\u00e9 de tout, alors que la maladie [&hellip;]\" \/>\r\n<meta property=\"og:url\" content=\"https:\/\/www.uqac.ca\/uqactualites\/2021\/04\/22\/soiree-de-grand-guignol-des-etudiants-en-arts-une-experience-de-theatre-hors-du-commun\/\" \/>\r\n<meta property=\"og:site_name\" content=\"UQACtualit\u00e9s\" \/>\r\n<meta property=\"article:published_time\" content=\"2021-04-22T20:31:07+00:00\" \/>\r\n<meta property=\"og:image\" content=\"https:\/\/www.uqac.ca\/uqactualites\/wp-content\/uploads\/2021\/04\/Capture-d\u2019\u00e9cran-2021-04-15-110452.png\" \/>\r\n\t<meta property=\"og:image:width\" content=\"1837\" \/>\r\n\t<meta property=\"og:image:height\" content=\"891\" \/>\r\n\t<meta property=\"og:image:type\" content=\"image\/png\" \/>\r\n<meta name=\"author\" content=\"Service des communications et des relations publiques\" \/>\r\n<meta name=\"twitter:card\" content=\"summary_large_image\" \/>\r\n<meta name=\"twitter:label1\" content=\"\u00c9crit par\" \/>\n\t<meta name=\"twitter:data1\" content=\"Service des communications et des relations publiques\" \/>\n\t<meta name=\"twitter:label2\" content=\"Estimation du temps de lecture\" \/>\n\t<meta name=\"twitter:data2\" content=\"1 minute\" \/>\r\n<script type=\"application\/ld+json\" class=\"yoast-schema-graph\">{\"@context\":\"https:\/\/schema.org\",\"@graph\":[{\"@type\":\"WebPage\",\"@id\":\"https:\/\/www.uqac.ca\/uqactualites\/2021\/04\/22\/soiree-de-grand-guignol-des-etudiants-en-arts-une-experience-de-theatre-hors-du-commun\/\",\"url\":\"https:\/\/www.uqac.ca\/uqactualites\/2021\/04\/22\/soiree-de-grand-guignol-des-etudiants-en-arts-une-experience-de-theatre-hors-du-commun\/\",\"name\":\"Soir\u00e9e de Grand Guignol des \u00e9tudiants en arts : une exp\u00e9rience de th\u00e9\u00e2tre hors du commun - UQACtualit\u00e9s\",\"isPartOf\":{\"@id\":\"https:\/\/www.uqac.ca\/uqactualites\/#website\"},\"primaryImageOfPage\":{\"@id\":\"https:\/\/www.uqac.ca\/uqactualites\/2021\/04\/22\/soiree-de-grand-guignol-des-etudiants-en-arts-une-experience-de-theatre-hors-du-commun\/#primaryimage\"},\"image\":{\"@id\":\"https:\/\/www.uqac.ca\/uqactualites\/2021\/04\/22\/soiree-de-grand-guignol-des-etudiants-en-arts-une-experience-de-theatre-hors-du-commun\/#primaryimage\"},\"thumbnailUrl\":\"https:\/\/www.uqac.ca\/uqactualites\/wp-content\/uploads\/2021\/04\/Capture-d\u2019\u00e9cran-2021-04-15-110452.png\",\"datePublished\":\"2021-04-22T20:31:07+00:00\",\"dateModified\":\"2021-04-22T20:31:07+00:00\",\"author\":{\"@id\":\"https:\/\/www.uqac.ca\/uqactualites\/#\/schema\/person\/366c45a0c4f0e677b41b4af5886e2018\"},\"breadcrumb\":{\"@id\":\"https:\/\/www.uqac.ca\/uqactualites\/2021\/04\/22\/soiree-de-grand-guignol-des-etudiants-en-arts-une-experience-de-theatre-hors-du-commun\/#breadcrumb\"},\"inLanguage\":\"fr-CA\",\"potentialAction\":[{\"@type\":\"ReadAction\",\"target\":[\"https:\/\/www.uqac.ca\/uqactualites\/2021\/04\/22\/soiree-de-grand-guignol-des-etudiants-en-arts-une-experience-de-theatre-hors-du-commun\/\"]}]},{\"@type\":\"ImageObject\",\"inLanguage\":\"fr-CA\",\"@id\":\"https:\/\/www.uqac.ca\/uqactualites\/2021\/04\/22\/soiree-de-grand-guignol-des-etudiants-en-arts-une-experience-de-theatre-hors-du-commun\/#primaryimage\",\"url\":\"https:\/\/www.uqac.ca\/uqactualites\/wp-content\/uploads\/2021\/04\/Capture-d\u2019\u00e9cran-2021-04-15-110452.png\",\"contentUrl\":\"https:\/\/www.uqac.ca\/uqactualites\/wp-content\/uploads\/2021\/04\/Capture-d\u2019\u00e9cran-2021-04-15-110452.png\",\"width\":1837,\"height\":891},{\"@type\":\"BreadcrumbList\",\"@id\":\"https:\/\/www.uqac.ca\/uqactualites\/2021\/04\/22\/soiree-de-grand-guignol-des-etudiants-en-arts-une-experience-de-theatre-hors-du-commun\/#breadcrumb\",\"itemListElement\":[{\"@type\":\"ListItem\",\"position\":1,\"name\":\"Home\",\"item\":\"https:\/\/www.uqac.ca\/uqactualites\/\"},{\"@type\":\"ListItem\",\"position\":2,\"name\":\"Soir\u00e9e de Grand Guignol des \u00e9tudiants en arts : une exp\u00e9rience de th\u00e9\u00e2tre hors du commun\"}]},{\"@type\":\"WebSite\",\"@id\":\"https:\/\/www.uqac.ca\/uqactualites\/#website\",\"url\":\"https:\/\/www.uqac.ca\/uqactualites\/\",\"name\":\"UQACtualit\u00e9s\",\"description\":\"Le portail des nouvelles de l&#039;UQAC\",\"potentialAction\":[{\"@type\":\"SearchAction\",\"target\":{\"@type\":\"EntryPoint\",\"urlTemplate\":\"https:\/\/www.uqac.ca\/uqactualites\/?s={search_term_string}\"},\"query-input\":{\"@type\":\"PropertyValueSpecification\",\"valueRequired\":true,\"valueName\":\"search_term_string\"}}],\"inLanguage\":\"fr-CA\"},{\"@type\":\"Person\",\"@id\":\"https:\/\/www.uqac.ca\/uqactualites\/#\/schema\/person\/366c45a0c4f0e677b41b4af5886e2018\",\"name\":\"Service des communications et des relations publiques\",\"image\":{\"@type\":\"ImageObject\",\"inLanguage\":\"fr-CA\",\"@id\":\"https:\/\/www.uqac.ca\/uqactualites\/#\/schema\/person\/image\/\",\"url\":\"https:\/\/secure.gravatar.com\/avatar\/20fbbda8a292f59f2d3461a5b999c00b?s=96&d=mm&r=g\",\"contentUrl\":\"https:\/\/secure.gravatar.com\/avatar\/20fbbda8a292f59f2d3461a5b999c00b?s=96&d=mm&r=g\",\"caption\":\"Service des communications et des relations publiques\"},\"url\":\"https:\/\/www.uqac.ca\/uqactualites\/author\/bap\/\"}]}<\/script>\r\n<!-- \/ Yoast SEO plugin. -->","yoast_head_json":{"title":"Soir\u00e9e de Grand Guignol des \u00e9tudiants en arts : une exp\u00e9rience de th\u00e9\u00e2tre hors du commun - UQACtualit\u00e9s","robots":{"index":"index","follow":"follow","max-snippet":"max-snippet:-1","max-image-preview":"max-image-preview:large","max-video-preview":"max-video-preview:-1"},"canonical":"https:\/\/www.uqac.ca\/uqactualites\/2021\/04\/22\/soiree-de-grand-guignol-des-etudiants-en-arts-une-experience-de-theatre-hors-du-commun\/","og_locale":"fr_CA","og_type":"article","og_title":"Soir\u00e9e de Grand Guignol des \u00e9tudiants en arts : une exp\u00e9rience de th\u00e9\u00e2tre hors du commun - UQACtualit\u00e9s","og_description":"Les \u00e9tudiants du cours Cr\u00e9ation th\u00e9\u00e2trale pr\u00e9senteront les 28 et 29 avril prochains d\u00e8s 20 h une soir\u00e9e de th\u00e9\u00e2tre virtuelle avec, au programme, trois pi\u00e8ces grandguignolesques : Gardiens de phares d\u2019Andr\u00e9 de Lorde, mettant en sc\u00e8ne un p\u00e8re et son fils, fid\u00e8les au poste dans leur phare \u00e9loign\u00e9 de tout, alors que la maladie [&hellip;]","og_url":"https:\/\/www.uqac.ca\/uqactualites\/2021\/04\/22\/soiree-de-grand-guignol-des-etudiants-en-arts-une-experience-de-theatre-hors-du-commun\/","og_site_name":"UQACtualit\u00e9s","article_published_time":"2021-04-22T20:31:07+00:00","og_image":[{"width":1837,"height":891,"url":"https:\/\/www.uqac.ca\/uqactualites\/wp-content\/uploads\/2021\/04\/Capture-d\u2019\u00e9cran-2021-04-15-110452.png","type":"image\/png"}],"author":"Service des communications et des relations publiques","twitter_card":"summary_large_image","twitter_misc":{"\u00c9crit par":"Service des communications et des relations publiques","Estimation du temps de lecture":"1 minute"},"schema":{"@context":"https:\/\/schema.org","@graph":[{"@type":"WebPage","@id":"https:\/\/www.uqac.ca\/uqactualites\/2021\/04\/22\/soiree-de-grand-guignol-des-etudiants-en-arts-une-experience-de-theatre-hors-du-commun\/","url":"https:\/\/www.uqac.ca\/uqactualites\/2021\/04\/22\/soiree-de-grand-guignol-des-etudiants-en-arts-une-experience-de-theatre-hors-du-commun\/","name":"Soir\u00e9e de Grand Guignol des \u00e9tudiants en arts : une exp\u00e9rience de th\u00e9\u00e2tre hors du commun - UQACtualit\u00e9s","isPartOf":{"@id":"https:\/\/www.uqac.ca\/uqactualites\/#website"},"primaryImageOfPage":{"@id":"https:\/\/www.uqac.ca\/uqactualites\/2021\/04\/22\/soiree-de-grand-guignol-des-etudiants-en-arts-une-experience-de-theatre-hors-du-commun\/#primaryimage"},"image":{"@id":"https:\/\/www.uqac.ca\/uqactualites\/2021\/04\/22\/soiree-de-grand-guignol-des-etudiants-en-arts-une-experience-de-theatre-hors-du-commun\/#primaryimage"},"thumbnailUrl":"https:\/\/www.uqac.ca\/uqactualites\/wp-content\/uploads\/2021\/04\/Capture-d\u2019\u00e9cran-2021-04-15-110452.png","datePublished":"2021-04-22T20:31:07+00:00","dateModified":"2021-04-22T20:31:07+00:00","author":{"@id":"https:\/\/www.uqac.ca\/uqactualites\/#\/schema\/person\/366c45a0c4f0e677b41b4af5886e2018"},"breadcrumb":{"@id":"https:\/\/www.uqac.ca\/uqactualites\/2021\/04\/22\/soiree-de-grand-guignol-des-etudiants-en-arts-une-experience-de-theatre-hors-du-commun\/#breadcrumb"},"inLanguage":"fr-CA","potentialAction":[{"@type":"ReadAction","target":["https:\/\/www.uqac.ca\/uqactualites\/2021\/04\/22\/soiree-de-grand-guignol-des-etudiants-en-arts-une-experience-de-theatre-hors-du-commun\/"]}]},{"@type":"ImageObject","inLanguage":"fr-CA","@id":"https:\/\/www.uqac.ca\/uqactualites\/2021\/04\/22\/soiree-de-grand-guignol-des-etudiants-en-arts-une-experience-de-theatre-hors-du-commun\/#primaryimage","url":"https:\/\/www.uqac.ca\/uqactualites\/wp-content\/uploads\/2021\/04\/Capture-d\u2019\u00e9cran-2021-04-15-110452.png","contentUrl":"https:\/\/www.uqac.ca\/uqactualites\/wp-content\/uploads\/2021\/04\/Capture-d\u2019\u00e9cran-2021-04-15-110452.png","width":1837,"height":891},{"@type":"BreadcrumbList","@id":"https:\/\/www.uqac.ca\/uqactualites\/2021\/04\/22\/soiree-de-grand-guignol-des-etudiants-en-arts-une-experience-de-theatre-hors-du-commun\/#breadcrumb","itemListElement":[{"@type":"ListItem","position":1,"name":"Home","item":"https:\/\/www.uqac.ca\/uqactualites\/"},{"@type":"ListItem","position":2,"name":"Soir\u00e9e de Grand Guignol des \u00e9tudiants en arts : une exp\u00e9rience de th\u00e9\u00e2tre hors du commun"}]},{"@type":"WebSite","@id":"https:\/\/www.uqac.ca\/uqactualites\/#website","url":"https:\/\/www.uqac.ca\/uqactualites\/","name":"UQACtualit\u00e9s","description":"Le portail des nouvelles de l&#039;UQAC","potentialAction":[{"@type":"SearchAction","target":{"@type":"EntryPoint","urlTemplate":"https:\/\/www.uqac.ca\/uqactualites\/?s={search_term_string}"},"query-input":{"@type":"PropertyValueSpecification","valueRequired":true,"valueName":"search_term_string"}}],"inLanguage":"fr-CA"},{"@type":"Person","@id":"https:\/\/www.uqac.ca\/uqactualites\/#\/schema\/person\/366c45a0c4f0e677b41b4af5886e2018","name":"Service des communications et des relations publiques","image":{"@type":"ImageObject","inLanguage":"fr-CA","@id":"https:\/\/www.uqac.ca\/uqactualites\/#\/schema\/person\/image\/","url":"https:\/\/secure.gravatar.com\/avatar\/20fbbda8a292f59f2d3461a5b999c00b?s=96&d=mm&r=g","contentUrl":"https:\/\/secure.gravatar.com\/avatar\/20fbbda8a292f59f2d3461a5b999c00b?s=96&d=mm&r=g","caption":"Service des communications et des relations publiques"},"url":"https:\/\/www.uqac.ca\/uqactualites\/author\/bap\/"}]}},"_links":{"self":[{"href":"https:\/\/www.uqac.ca\/uqactualites\/wp-json\/wp\/v2\/posts\/39667"}],"collection":[{"href":"https:\/\/www.uqac.ca\/uqactualites\/wp-json\/wp\/v2\/posts"}],"about":[{"href":"https:\/\/www.uqac.ca\/uqactualites\/wp-json\/wp\/v2\/types\/post"}],"author":[{"embeddable":true,"href":"https:\/\/www.uqac.ca\/uqactualites\/wp-json\/wp\/v2\/users\/5"}],"replies":[{"embeddable":true,"href":"https:\/\/www.uqac.ca\/uqactualites\/wp-json\/wp\/v2\/comments?post=39667"}],"version-history":[{"count":0,"href":"https:\/\/www.uqac.ca\/uqactualites\/wp-json\/wp\/v2\/posts\/39667\/revisions"}],"wp:featuredmedia":[{"embeddable":true,"href":"https:\/\/www.uqac.ca\/uqactualites\/wp-json\/wp\/v2\/media\/39668"}],"wp:attachment":[{"href":"https:\/\/www.uqac.ca\/uqactualites\/wp-json\/wp\/v2\/media?parent=39667"}],"wp:term":[{"taxonomy":"category","embeddable":true,"href":"https:\/\/www.uqac.ca\/uqactualites\/wp-json\/wp\/v2\/categories?post=39667"},{"taxonomy":"post_tag","embeddable":true,"href":"https:\/\/www.uqac.ca\/uqactualites\/wp-json\/wp\/v2\/tags?post=39667"}],"curies":[{"name":"wp","href":"https:\/\/api.w.org\/{rel}","templated":true}]}}