{"id":39825,"date":"2021-05-19T14:25:37","date_gmt":"2021-05-19T18:25:37","guid":{"rendered":"https:\/\/www.uqac.ca\/?p=39825"},"modified":"2021-05-19T14:25:37","modified_gmt":"2021-05-19T18:25:37","slug":"un-etudiant-de-luqac-decore-de-la-medaille-du-lieutenant-gouverneur-pour-la-jeunesse","status":"publish","type":"post","link":"https:\/\/www.uqac.ca\/uqactualites\/2021\/05\/19\/un-etudiant-de-luqac-decore-de-la-medaille-du-lieutenant-gouverneur-pour-la-jeunesse\/","title":{"rendered":"Un \u00e9tudiant de l&rsquo;UQAC d\u00e9cor\u00e9 de la M\u00e9daille du Lieutenant-gouverneur pour la jeunesse"},"content":{"rendered":"<p>\u00c9tudiant au <a href=\"http:\/\/www.uqac.ca\/programme\/7798\/\">baccalaur\u00e9at en travail social<\/a> au campus de l&rsquo;UQAC \u00e0 Sept-\u00celes, Carl Savard a r\u00e9cemment re\u00e7u la M\u00e9daille du Lieutenant-gouverneur pour la jeunesse. C&rsquo;est en reconnaissance de son engagement communautaire et social qu&rsquo;il s&rsquo;est m\u00e9rit\u00e9 cet honneur prestigieux.<\/p>\n<p>Impliqu\u00e9 au sein de diverses associations \u00e9tudiantes tout au long de son parcours coll\u00e9gial et universitaire, Carl a \u00e9galement fait du b\u00e9n\u00e9volat aupr\u00e8s des usagers du centre d&rsquo;intervention septilien le Rond-Point et au sein des \u00e9quipes du Relais pour la vie\u00a0Sept-\u00celes et Minganie, sans compter ses engagements dans les comit\u00e9s organisateurs d&rsquo;\u00e9v\u00e9nements locaux.<\/p>\n<p>Depuis ao\u00fbt 2020, Carl occupe \u00e9galement le r\u00f4le de b\u00e9n\u00e9vole aidant chez Hommes Sept-\u00celes, en plus d&rsquo;agir \u00e0 titre de membre du conseil d&rsquo;administration de l&rsquo;organisme. Il s&rsquo;implique \u00e9galement activement au sein du\u00a0comit\u00e9 \u00c9galit\u00e9 diversit\u00e9 et inclusion (EDI) dans le cadre du renouvellement de l&rsquo;agr\u00e9ment du baccalaur\u00e9at en travail social de l&rsquo;universit\u00e9.<\/p>\n<p>Toutes nos f\u00e9licitations \u00e0 cet \u00e9tudiant inspirant qui fait rayonner l&rsquo;UQAC par son engagement exceptionnel!<\/p>\n<p>&nbsp;<\/p>\n","protected":false},"excerpt":{"rendered":"<p>\u00c9tudiant au baccalaur\u00e9at en travail social au campus de l&rsquo;UQAC \u00e0 Sept-\u00celes, Carl Savard a r\u00e9cemment re\u00e7u la M\u00e9daille du Lieutenant-gouverneur pour la jeunesse. C&rsquo;est en reconnaissance de son engagement communautaire et social qu&rsquo;il s&rsquo;est m\u00e9rit\u00e9 cet honneur prestigieux. Impliqu\u00e9 au sein de diverses associations \u00e9tudiantes tout au long de son parcours coll\u00e9gial et universitaire, [&hellip;]<\/p>\n","protected":false},"author":5,"featured_media":39828,"comment_status":"closed","ping_status":"open","sticky":false,"template":"","format":"standard","meta":{"footnotes":""},"categories":[2,9],"tags":[22],"yoast_head":"<!-- This site is optimized with the Yoast SEO plugin v24.2 - https:\/\/yoast.com\/wordpress\/plugins\/seo\/ -->\r\n<title>Un \u00e9tudiant de l&#039;UQAC d\u00e9cor\u00e9 de la M\u00e9daille du Lieutenant-gouverneur pour la jeunesse - UQACtualit\u00e9s<\/title>\r\n<meta name=\"robots\" content=\"index, follow, max-snippet:-1, max-image-preview:large, max-video-preview:-1\" \/>\r\n<link rel=\"canonical\" href=\"https:\/\/www.uqac.ca\/uqactualites\/2021\/05\/19\/un-etudiant-de-luqac-decore-de-la-medaille-du-lieutenant-gouverneur-pour-la-jeunesse\/\" \/>\r\n<meta property=\"og:locale\" content=\"fr_CA\" \/>\r\n<meta property=\"og:type\" content=\"article\" \/>\r\n<meta property=\"og:title\" content=\"Un \u00e9tudiant de l&#039;UQAC d\u00e9cor\u00e9 de la M\u00e9daille du Lieutenant-gouverneur pour la jeunesse - UQACtualit\u00e9s\" \/>\r\n<meta property=\"og:description\" content=\"\u00c9tudiant au baccalaur\u00e9at en travail social au campus de l&rsquo;UQAC \u00e0 Sept-\u00celes, Carl Savard a r\u00e9cemment re\u00e7u la M\u00e9daille du Lieutenant-gouverneur pour la jeunesse. C&rsquo;est en reconnaissance de son engagement communautaire et social qu&rsquo;il s&rsquo;est m\u00e9rit\u00e9 cet honneur prestigieux. Impliqu\u00e9 au sein de diverses associations \u00e9tudiantes tout au long de son parcours coll\u00e9gial et universitaire, [&hellip;]\" \/>\r\n<meta property=\"og:url\" content=\"https:\/\/www.uqac.ca\/uqactualites\/2021\/05\/19\/un-etudiant-de-luqac-decore-de-la-medaille-du-lieutenant-gouverneur-pour-la-jeunesse\/\" \/>\r\n<meta property=\"og:site_name\" content=\"UQACtualit\u00e9s\" \/>\r\n<meta property=\"article:published_time\" content=\"2021-05-19T18:25:37+00:00\" \/>\r\n<meta property=\"og:image\" content=\"https:\/\/www.uqac.ca\/uqactualites\/wp-content\/uploads\/2021\/05\/image_d04eb81c-77ca-49d9-b5d9-fb474dd804e720210512_163635.jpg\" \/>\r\n\t<meta property=\"og:image:width\" content=\"1048\" \/>\r\n\t<meta property=\"og:image:height\" content=\"2268\" \/>\r\n\t<meta property=\"og:image:type\" content=\"image\/jpeg\" \/>\r\n<meta name=\"author\" content=\"Service des communications et des relations publiques\" \/>\r\n<meta name=\"twitter:card\" content=\"summary_large_image\" \/>\r\n<meta name=\"twitter:label1\" content=\"\u00c9crit par\" \/>\n\t<meta name=\"twitter:data1\" content=\"Service des communications et des relations publiques\" \/>\n\t<meta name=\"twitter:label2\" content=\"Estimation du temps de lecture\" \/>\n\t<meta name=\"twitter:data2\" content=\"1 minute\" \/>\r\n<script type=\"application\/ld+json\" class=\"yoast-schema-graph\">{\"@context\":\"https:\/\/schema.org\",\"@graph\":[{\"@type\":\"WebPage\",\"@id\":\"https:\/\/www.uqac.ca\/uqactualites\/2021\/05\/19\/un-etudiant-de-luqac-decore-de-la-medaille-du-lieutenant-gouverneur-pour-la-jeunesse\/\",\"url\":\"https:\/\/www.uqac.ca\/uqactualites\/2021\/05\/19\/un-etudiant-de-luqac-decore-de-la-medaille-du-lieutenant-gouverneur-pour-la-jeunesse\/\",\"name\":\"Un \u00e9tudiant de l'UQAC d\u00e9cor\u00e9 de la M\u00e9daille du Lieutenant-gouverneur pour la jeunesse - UQACtualit\u00e9s\",\"isPartOf\":{\"@id\":\"https:\/\/www.uqac.ca\/uqactualites\/#website\"},\"primaryImageOfPage\":{\"@id\":\"https:\/\/www.uqac.ca\/uqactualites\/2021\/05\/19\/un-etudiant-de-luqac-decore-de-la-medaille-du-lieutenant-gouverneur-pour-la-jeunesse\/#primaryimage\"},\"image\":{\"@id\":\"https:\/\/www.uqac.ca\/uqactualites\/2021\/05\/19\/un-etudiant-de-luqac-decore-de-la-medaille-du-lieutenant-gouverneur-pour-la-jeunesse\/#primaryimage\"},\"thumbnailUrl\":\"https:\/\/www.uqac.ca\/uqactualites\/wp-content\/uploads\/2021\/05\/image_d04eb81c-77ca-49d9-b5d9-fb474dd804e720210512_163635.jpg\",\"datePublished\":\"2021-05-19T18:25:37+00:00\",\"dateModified\":\"2021-05-19T18:25:37+00:00\",\"author\":{\"@id\":\"https:\/\/www.uqac.ca\/uqactualites\/#\/schema\/person\/366c45a0c4f0e677b41b4af5886e2018\"},\"breadcrumb\":{\"@id\":\"https:\/\/www.uqac.ca\/uqactualites\/2021\/05\/19\/un-etudiant-de-luqac-decore-de-la-medaille-du-lieutenant-gouverneur-pour-la-jeunesse\/#breadcrumb\"},\"inLanguage\":\"fr-CA\",\"potentialAction\":[{\"@type\":\"ReadAction\",\"target\":[\"https:\/\/www.uqac.ca\/uqactualites\/2021\/05\/19\/un-etudiant-de-luqac-decore-de-la-medaille-du-lieutenant-gouverneur-pour-la-jeunesse\/\"]}]},{\"@type\":\"ImageObject\",\"inLanguage\":\"fr-CA\",\"@id\":\"https:\/\/www.uqac.ca\/uqactualites\/2021\/05\/19\/un-etudiant-de-luqac-decore-de-la-medaille-du-lieutenant-gouverneur-pour-la-jeunesse\/#primaryimage\",\"url\":\"https:\/\/www.uqac.ca\/uqactualites\/wp-content\/uploads\/2021\/05\/image_d04eb81c-77ca-49d9-b5d9-fb474dd804e720210512_163635.jpg\",\"contentUrl\":\"https:\/\/www.uqac.ca\/uqactualites\/wp-content\/uploads\/2021\/05\/image_d04eb81c-77ca-49d9-b5d9-fb474dd804e720210512_163635.jpg\",\"width\":1048,\"height\":2268},{\"@type\":\"BreadcrumbList\",\"@id\":\"https:\/\/www.uqac.ca\/uqactualites\/2021\/05\/19\/un-etudiant-de-luqac-decore-de-la-medaille-du-lieutenant-gouverneur-pour-la-jeunesse\/#breadcrumb\",\"itemListElement\":[{\"@type\":\"ListItem\",\"position\":1,\"name\":\"Home\",\"item\":\"https:\/\/www.uqac.ca\/uqactualites\/\"},{\"@type\":\"ListItem\",\"position\":2,\"name\":\"Un \u00e9tudiant de l&rsquo;UQAC d\u00e9cor\u00e9 de la M\u00e9daille du Lieutenant-gouverneur pour la jeunesse\"}]},{\"@type\":\"WebSite\",\"@id\":\"https:\/\/www.uqac.ca\/uqactualites\/#website\",\"url\":\"https:\/\/www.uqac.ca\/uqactualites\/\",\"name\":\"UQACtualit\u00e9s\",\"description\":\"Le portail des nouvelles de l&#039;UQAC\",\"potentialAction\":[{\"@type\":\"SearchAction\",\"target\":{\"@type\":\"EntryPoint\",\"urlTemplate\":\"https:\/\/www.uqac.ca\/uqactualites\/?s={search_term_string}\"},\"query-input\":{\"@type\":\"PropertyValueSpecification\",\"valueRequired\":true,\"valueName\":\"search_term_string\"}}],\"inLanguage\":\"fr-CA\"},{\"@type\":\"Person\",\"@id\":\"https:\/\/www.uqac.ca\/uqactualites\/#\/schema\/person\/366c45a0c4f0e677b41b4af5886e2018\",\"name\":\"Service des communications et des relations publiques\",\"image\":{\"@type\":\"ImageObject\",\"inLanguage\":\"fr-CA\",\"@id\":\"https:\/\/www.uqac.ca\/uqactualites\/#\/schema\/person\/image\/\",\"url\":\"https:\/\/secure.gravatar.com\/avatar\/20fbbda8a292f59f2d3461a5b999c00b?s=96&d=mm&r=g\",\"contentUrl\":\"https:\/\/secure.gravatar.com\/avatar\/20fbbda8a292f59f2d3461a5b999c00b?s=96&d=mm&r=g\",\"caption\":\"Service des communications et des relations publiques\"},\"url\":\"https:\/\/www.uqac.ca\/uqactualites\/author\/bap\/\"}]}<\/script>\r\n<!-- \/ Yoast SEO plugin. -->","yoast_head_json":{"title":"Un \u00e9tudiant de l'UQAC d\u00e9cor\u00e9 de la M\u00e9daille du Lieutenant-gouverneur pour la jeunesse - UQACtualit\u00e9s","robots":{"index":"index","follow":"follow","max-snippet":"max-snippet:-1","max-image-preview":"max-image-preview:large","max-video-preview":"max-video-preview:-1"},"canonical":"https:\/\/www.uqac.ca\/uqactualites\/2021\/05\/19\/un-etudiant-de-luqac-decore-de-la-medaille-du-lieutenant-gouverneur-pour-la-jeunesse\/","og_locale":"fr_CA","og_type":"article","og_title":"Un \u00e9tudiant de l'UQAC d\u00e9cor\u00e9 de la M\u00e9daille du Lieutenant-gouverneur pour la jeunesse - UQACtualit\u00e9s","og_description":"\u00c9tudiant au baccalaur\u00e9at en travail social au campus de l&rsquo;UQAC \u00e0 Sept-\u00celes, Carl Savard a r\u00e9cemment re\u00e7u la M\u00e9daille du Lieutenant-gouverneur pour la jeunesse. C&rsquo;est en reconnaissance de son engagement communautaire et social qu&rsquo;il s&rsquo;est m\u00e9rit\u00e9 cet honneur prestigieux. Impliqu\u00e9 au sein de diverses associations \u00e9tudiantes tout au long de son parcours coll\u00e9gial et universitaire, [&hellip;]","og_url":"https:\/\/www.uqac.ca\/uqactualites\/2021\/05\/19\/un-etudiant-de-luqac-decore-de-la-medaille-du-lieutenant-gouverneur-pour-la-jeunesse\/","og_site_name":"UQACtualit\u00e9s","article_published_time":"2021-05-19T18:25:37+00:00","og_image":[{"width":1048,"height":2268,"url":"https:\/\/www.uqac.ca\/uqactualites\/wp-content\/uploads\/2021\/05\/image_d04eb81c-77ca-49d9-b5d9-fb474dd804e720210512_163635.jpg","type":"image\/jpeg"}],"author":"Service des communications et des relations publiques","twitter_card":"summary_large_image","twitter_misc":{"\u00c9crit par":"Service des communications et des relations publiques","Estimation du temps de lecture":"1 minute"},"schema":{"@context":"https:\/\/schema.org","@graph":[{"@type":"WebPage","@id":"https:\/\/www.uqac.ca\/uqactualites\/2021\/05\/19\/un-etudiant-de-luqac-decore-de-la-medaille-du-lieutenant-gouverneur-pour-la-jeunesse\/","url":"https:\/\/www.uqac.ca\/uqactualites\/2021\/05\/19\/un-etudiant-de-luqac-decore-de-la-medaille-du-lieutenant-gouverneur-pour-la-jeunesse\/","name":"Un \u00e9tudiant de l'UQAC d\u00e9cor\u00e9 de la M\u00e9daille du Lieutenant-gouverneur pour la jeunesse - UQACtualit\u00e9s","isPartOf":{"@id":"https:\/\/www.uqac.ca\/uqactualites\/#website"},"primaryImageOfPage":{"@id":"https:\/\/www.uqac.ca\/uqactualites\/2021\/05\/19\/un-etudiant-de-luqac-decore-de-la-medaille-du-lieutenant-gouverneur-pour-la-jeunesse\/#primaryimage"},"image":{"@id":"https:\/\/www.uqac.ca\/uqactualites\/2021\/05\/19\/un-etudiant-de-luqac-decore-de-la-medaille-du-lieutenant-gouverneur-pour-la-jeunesse\/#primaryimage"},"thumbnailUrl":"https:\/\/www.uqac.ca\/uqactualites\/wp-content\/uploads\/2021\/05\/image_d04eb81c-77ca-49d9-b5d9-fb474dd804e720210512_163635.jpg","datePublished":"2021-05-19T18:25:37+00:00","dateModified":"2021-05-19T18:25:37+00:00","author":{"@id":"https:\/\/www.uqac.ca\/uqactualites\/#\/schema\/person\/366c45a0c4f0e677b41b4af5886e2018"},"breadcrumb":{"@id":"https:\/\/www.uqac.ca\/uqactualites\/2021\/05\/19\/un-etudiant-de-luqac-decore-de-la-medaille-du-lieutenant-gouverneur-pour-la-jeunesse\/#breadcrumb"},"inLanguage":"fr-CA","potentialAction":[{"@type":"ReadAction","target":["https:\/\/www.uqac.ca\/uqactualites\/2021\/05\/19\/un-etudiant-de-luqac-decore-de-la-medaille-du-lieutenant-gouverneur-pour-la-jeunesse\/"]}]},{"@type":"ImageObject","inLanguage":"fr-CA","@id":"https:\/\/www.uqac.ca\/uqactualites\/2021\/05\/19\/un-etudiant-de-luqac-decore-de-la-medaille-du-lieutenant-gouverneur-pour-la-jeunesse\/#primaryimage","url":"https:\/\/www.uqac.ca\/uqactualites\/wp-content\/uploads\/2021\/05\/image_d04eb81c-77ca-49d9-b5d9-fb474dd804e720210512_163635.jpg","contentUrl":"https:\/\/www.uqac.ca\/uqactualites\/wp-content\/uploads\/2021\/05\/image_d04eb81c-77ca-49d9-b5d9-fb474dd804e720210512_163635.jpg","width":1048,"height":2268},{"@type":"BreadcrumbList","@id":"https:\/\/www.uqac.ca\/uqactualites\/2021\/05\/19\/un-etudiant-de-luqac-decore-de-la-medaille-du-lieutenant-gouverneur-pour-la-jeunesse\/#breadcrumb","itemListElement":[{"@type":"ListItem","position":1,"name":"Home","item":"https:\/\/www.uqac.ca\/uqactualites\/"},{"@type":"ListItem","position":2,"name":"Un \u00e9tudiant de l&rsquo;UQAC d\u00e9cor\u00e9 de la M\u00e9daille du Lieutenant-gouverneur pour la jeunesse"}]},{"@type":"WebSite","@id":"https:\/\/www.uqac.ca\/uqactualites\/#website","url":"https:\/\/www.uqac.ca\/uqactualites\/","name":"UQACtualit\u00e9s","description":"Le portail des nouvelles de l&#039;UQAC","potentialAction":[{"@type":"SearchAction","target":{"@type":"EntryPoint","urlTemplate":"https:\/\/www.uqac.ca\/uqactualites\/?s={search_term_string}"},"query-input":{"@type":"PropertyValueSpecification","valueRequired":true,"valueName":"search_term_string"}}],"inLanguage":"fr-CA"},{"@type":"Person","@id":"https:\/\/www.uqac.ca\/uqactualites\/#\/schema\/person\/366c45a0c4f0e677b41b4af5886e2018","name":"Service des communications et des relations publiques","image":{"@type":"ImageObject","inLanguage":"fr-CA","@id":"https:\/\/www.uqac.ca\/uqactualites\/#\/schema\/person\/image\/","url":"https:\/\/secure.gravatar.com\/avatar\/20fbbda8a292f59f2d3461a5b999c00b?s=96&d=mm&r=g","contentUrl":"https:\/\/secure.gravatar.com\/avatar\/20fbbda8a292f59f2d3461a5b999c00b?s=96&d=mm&r=g","caption":"Service des communications et des relations publiques"},"url":"https:\/\/www.uqac.ca\/uqactualites\/author\/bap\/"}]}},"_links":{"self":[{"href":"https:\/\/www.uqac.ca\/uqactualites\/wp-json\/wp\/v2\/posts\/39825"}],"collection":[{"href":"https:\/\/www.uqac.ca\/uqactualites\/wp-json\/wp\/v2\/posts"}],"about":[{"href":"https:\/\/www.uqac.ca\/uqactualites\/wp-json\/wp\/v2\/types\/post"}],"author":[{"embeddable":true,"href":"https:\/\/www.uqac.ca\/uqactualites\/wp-json\/wp\/v2\/users\/5"}],"replies":[{"embeddable":true,"href":"https:\/\/www.uqac.ca\/uqactualites\/wp-json\/wp\/v2\/comments?post=39825"}],"version-history":[{"count":0,"href":"https:\/\/www.uqac.ca\/uqactualites\/wp-json\/wp\/v2\/posts\/39825\/revisions"}],"wp:featuredmedia":[{"embeddable":true,"href":"https:\/\/www.uqac.ca\/uqactualites\/wp-json\/wp\/v2\/media\/39828"}],"wp:attachment":[{"href":"https:\/\/www.uqac.ca\/uqactualites\/wp-json\/wp\/v2\/media?parent=39825"}],"wp:term":[{"taxonomy":"category","embeddable":true,"href":"https:\/\/www.uqac.ca\/uqactualites\/wp-json\/wp\/v2\/categories?post=39825"},{"taxonomy":"post_tag","embeddable":true,"href":"https:\/\/www.uqac.ca\/uqactualites\/wp-json\/wp\/v2\/tags?post=39825"}],"curies":[{"name":"wp","href":"https:\/\/api.w.org\/{rel}","templated":true}]}}