{"id":40078,"date":"2021-06-17T09:02:14","date_gmt":"2021-06-17T13:02:14","guid":{"rendered":"https:\/\/www.uqac.ca\/?p=40078"},"modified":"2021-06-17T09:02:14","modified_gmt":"2021-06-17T13:02:14","slug":"la-formation-continue-recoit-une-aide-financiere-pour-soutenir-la-transformation-numerique-en-entreprise","status":"publish","type":"post","link":"https:\/\/www.uqac.ca\/uqactualites\/2021\/06\/17\/la-formation-continue-recoit-une-aide-financiere-pour-soutenir-la-transformation-numerique-en-entreprise\/","title":{"rendered":"La Formation continue re\u00e7oit une aide financi\u00e8re pour soutenir la transformation num\u00e9rique en entreprise"},"content":{"rendered":"<p>Le ministre du Travail, de l\u2019Emploi et de la Solidarit\u00e9 sociale et ministre responsable de la r\u00e9gion de la Mauricie, M. Jean Boulet, accorde une aide financi\u00e8re de 172 995 $ \u00e0 l\u2019Universit\u00e9 du Qu\u00e9bec \u00e0 Chicoutimi (UQAC) et au Coll\u00e8ge d\u2019Alma. Cette aide concerne des formations pour appuyer les entreprises dans leur virage num\u00e9rique.<\/p>\n<p>Ces formations de courte dur\u00e9e, offertes \u00e0 compter de septembre, permettront aux participants d\u2019avoir une meilleure compr\u00e9hension des d\u00e9fis et des enjeux li\u00e9s \u00e0 la transformation num\u00e9rique, d\u2019acqu\u00e9rir le langage et les outils n\u00e9cessaires \u00e0 la prise de d\u00e9cision et d\u2019\u00eatre en mesure de participer \u00e0 la transformation num\u00e9rique de leur entreprise ainsi que d\u2019offrir du soutien.<\/p>\n<p>Selon une approche concert\u00e9e, les deux \u00e9tablissements d\u2019enseignement offriront aux PME un parcours int\u00e9gr\u00e9 et compl\u00e9mentaire d\u2019initiation au d\u00e9veloppement num\u00e9rique. La formation universitaire visera les gestionnaires ayant un r\u00f4le strat\u00e9gique et les professionnels, tandis que la formation coll\u00e9giale sera offerte aux gestionnaires de premier niveau, ainsi qu\u2019\u00e0 certains professionnels.<\/p>\n<p><a href=\"https:\/\/www.uqac.ca\/wp-content\/uploads\/2021\/06\/COM_DR02_Soutien-au-virage-num\u00e9rique.pdf\">Consultez le communiqu\u00e9 complet en ligne.<\/a><\/p>\n<p><strong>Information et inscription:<\/strong><br \/>\n<a href=\"http:\/\/formationcontinue.uqac.ca\/culture-numerique\/\">formationcontinue.uqac.ca\/culture-numerique\u00a0<\/a><\/p>\n<p>&nbsp;<\/p>\n<p>&nbsp;<\/p>\n","protected":false},"excerpt":{"rendered":"<p>Le ministre du Travail, de l\u2019Emploi et de la Solidarit\u00e9 sociale et ministre responsable de la r\u00e9gion de la Mauricie, M. Jean Boulet, accorde une aide financi\u00e8re de 172 995 $ \u00e0 l\u2019Universit\u00e9 du Qu\u00e9bec \u00e0 Chicoutimi (UQAC) et au Coll\u00e8ge d\u2019Alma. Cette aide concerne des formations pour appuyer les entreprises dans leur virage num\u00e9rique. [&hellip;]<\/p>\n","protected":false},"author":5,"featured_media":40080,"comment_status":"closed","ping_status":"open","sticky":false,"template":"","format":"standard","meta":{"footnotes":""},"categories":[2,2772],"tags":[],"yoast_head":"<!-- This site is optimized with the Yoast SEO plugin v24.2 - https:\/\/yoast.com\/wordpress\/plugins\/seo\/ -->\r\n<title>La Formation continue re\u00e7oit une aide financi\u00e8re pour soutenir la transformation num\u00e9rique en entreprise - UQACtualit\u00e9s<\/title>\r\n<meta name=\"robots\" content=\"index, follow, max-snippet:-1, max-image-preview:large, max-video-preview:-1\" \/>\r\n<link rel=\"canonical\" href=\"https:\/\/www.uqac.ca\/uqactualites\/2021\/06\/17\/la-formation-continue-recoit-une-aide-financiere-pour-soutenir-la-transformation-numerique-en-entreprise\/\" \/>\r\n<meta property=\"og:locale\" content=\"fr_CA\" \/>\r\n<meta property=\"og:type\" content=\"article\" \/>\r\n<meta property=\"og:title\" content=\"La Formation continue re\u00e7oit une aide financi\u00e8re pour soutenir la transformation num\u00e9rique en entreprise - UQACtualit\u00e9s\" \/>\r\n<meta property=\"og:description\" content=\"Le ministre du Travail, de l\u2019Emploi et de la Solidarit\u00e9 sociale et ministre responsable de la r\u00e9gion de la Mauricie, M. Jean Boulet, accorde une aide financi\u00e8re de 172 995 $ \u00e0 l\u2019Universit\u00e9 du Qu\u00e9bec \u00e0 Chicoutimi (UQAC) et au Coll\u00e8ge d\u2019Alma. Cette aide concerne des formations pour appuyer les entreprises dans leur virage num\u00e9rique. [&hellip;]\" \/>\r\n<meta property=\"og:url\" content=\"https:\/\/www.uqac.ca\/uqactualites\/2021\/06\/17\/la-formation-continue-recoit-une-aide-financiere-pour-soutenir-la-transformation-numerique-en-entreprise\/\" \/>\r\n<meta property=\"og:site_name\" content=\"UQACtualit\u00e9s\" \/>\r\n<meta property=\"article:published_time\" content=\"2021-06-17T13:02:14+00:00\" \/>\r\n<meta property=\"og:image\" content=\"https:\/\/www.uqac.ca\/uqactualites\/wp-content\/uploads\/2021\/06\/NUM_FC-CultureNumeriqueE21_Uqctualite1920X1080-25.jpg\" \/>\r\n\t<meta property=\"og:image:width\" content=\"1921\" \/>\r\n\t<meta property=\"og:image:height\" content=\"1081\" \/>\r\n\t<meta property=\"og:image:type\" content=\"image\/jpeg\" \/>\r\n<meta name=\"author\" content=\"Service des communications et des relations publiques\" \/>\r\n<meta name=\"twitter:card\" content=\"summary_large_image\" \/>\r\n<meta name=\"twitter:label1\" content=\"\u00c9crit par\" \/>\n\t<meta name=\"twitter:data1\" content=\"Service des communications et des relations publiques\" \/>\n\t<meta name=\"twitter:label2\" content=\"Estimation du temps de lecture\" \/>\n\t<meta name=\"twitter:data2\" content=\"1 minute\" \/>\r\n<script type=\"application\/ld+json\" class=\"yoast-schema-graph\">{\"@context\":\"https:\/\/schema.org\",\"@graph\":[{\"@type\":\"WebPage\",\"@id\":\"https:\/\/www.uqac.ca\/uqactualites\/2021\/06\/17\/la-formation-continue-recoit-une-aide-financiere-pour-soutenir-la-transformation-numerique-en-entreprise\/\",\"url\":\"https:\/\/www.uqac.ca\/uqactualites\/2021\/06\/17\/la-formation-continue-recoit-une-aide-financiere-pour-soutenir-la-transformation-numerique-en-entreprise\/\",\"name\":\"La Formation continue re\u00e7oit une aide financi\u00e8re pour soutenir la transformation num\u00e9rique en entreprise - UQACtualit\u00e9s\",\"isPartOf\":{\"@id\":\"https:\/\/www.uqac.ca\/uqactualites\/#website\"},\"primaryImageOfPage\":{\"@id\":\"https:\/\/www.uqac.ca\/uqactualites\/2021\/06\/17\/la-formation-continue-recoit-une-aide-financiere-pour-soutenir-la-transformation-numerique-en-entreprise\/#primaryimage\"},\"image\":{\"@id\":\"https:\/\/www.uqac.ca\/uqactualites\/2021\/06\/17\/la-formation-continue-recoit-une-aide-financiere-pour-soutenir-la-transformation-numerique-en-entreprise\/#primaryimage\"},\"thumbnailUrl\":\"https:\/\/www.uqac.ca\/uqactualites\/wp-content\/uploads\/2021\/06\/NUM_FC-CultureNumeriqueE21_Uqctualite1920X1080-25.jpg\",\"datePublished\":\"2021-06-17T13:02:14+00:00\",\"dateModified\":\"2021-06-17T13:02:14+00:00\",\"author\":{\"@id\":\"https:\/\/www.uqac.ca\/uqactualites\/#\/schema\/person\/366c45a0c4f0e677b41b4af5886e2018\"},\"breadcrumb\":{\"@id\":\"https:\/\/www.uqac.ca\/uqactualites\/2021\/06\/17\/la-formation-continue-recoit-une-aide-financiere-pour-soutenir-la-transformation-numerique-en-entreprise\/#breadcrumb\"},\"inLanguage\":\"fr-CA\",\"potentialAction\":[{\"@type\":\"ReadAction\",\"target\":[\"https:\/\/www.uqac.ca\/uqactualites\/2021\/06\/17\/la-formation-continue-recoit-une-aide-financiere-pour-soutenir-la-transformation-numerique-en-entreprise\/\"]}]},{\"@type\":\"ImageObject\",\"inLanguage\":\"fr-CA\",\"@id\":\"https:\/\/www.uqac.ca\/uqactualites\/2021\/06\/17\/la-formation-continue-recoit-une-aide-financiere-pour-soutenir-la-transformation-numerique-en-entreprise\/#primaryimage\",\"url\":\"https:\/\/www.uqac.ca\/uqactualites\/wp-content\/uploads\/2021\/06\/NUM_FC-CultureNumeriqueE21_Uqctualite1920X1080-25.jpg\",\"contentUrl\":\"https:\/\/www.uqac.ca\/uqactualites\/wp-content\/uploads\/2021\/06\/NUM_FC-CultureNumeriqueE21_Uqctualite1920X1080-25.jpg\",\"width\":1921,\"height\":1081},{\"@type\":\"BreadcrumbList\",\"@id\":\"https:\/\/www.uqac.ca\/uqactualites\/2021\/06\/17\/la-formation-continue-recoit-une-aide-financiere-pour-soutenir-la-transformation-numerique-en-entreprise\/#breadcrumb\",\"itemListElement\":[{\"@type\":\"ListItem\",\"position\":1,\"name\":\"Home\",\"item\":\"https:\/\/www.uqac.ca\/uqactualites\/\"},{\"@type\":\"ListItem\",\"position\":2,\"name\":\"La Formation continue re\u00e7oit une aide financi\u00e8re pour soutenir la transformation num\u00e9rique en entreprise\"}]},{\"@type\":\"WebSite\",\"@id\":\"https:\/\/www.uqac.ca\/uqactualites\/#website\",\"url\":\"https:\/\/www.uqac.ca\/uqactualites\/\",\"name\":\"UQACtualit\u00e9s\",\"description\":\"Le portail des nouvelles de l&#039;UQAC\",\"potentialAction\":[{\"@type\":\"SearchAction\",\"target\":{\"@type\":\"EntryPoint\",\"urlTemplate\":\"https:\/\/www.uqac.ca\/uqactualites\/?s={search_term_string}\"},\"query-input\":{\"@type\":\"PropertyValueSpecification\",\"valueRequired\":true,\"valueName\":\"search_term_string\"}}],\"inLanguage\":\"fr-CA\"},{\"@type\":\"Person\",\"@id\":\"https:\/\/www.uqac.ca\/uqactualites\/#\/schema\/person\/366c45a0c4f0e677b41b4af5886e2018\",\"name\":\"Service des communications et des relations publiques\",\"image\":{\"@type\":\"ImageObject\",\"inLanguage\":\"fr-CA\",\"@id\":\"https:\/\/www.uqac.ca\/uqactualites\/#\/schema\/person\/image\/\",\"url\":\"https:\/\/secure.gravatar.com\/avatar\/20fbbda8a292f59f2d3461a5b999c00b?s=96&d=mm&r=g\",\"contentUrl\":\"https:\/\/secure.gravatar.com\/avatar\/20fbbda8a292f59f2d3461a5b999c00b?s=96&d=mm&r=g\",\"caption\":\"Service des communications et des relations publiques\"},\"url\":\"https:\/\/www.uqac.ca\/uqactualites\/author\/bap\/\"}]}<\/script>\r\n<!-- \/ Yoast SEO plugin. -->","yoast_head_json":{"title":"La Formation continue re\u00e7oit une aide financi\u00e8re pour soutenir la transformation num\u00e9rique en entreprise - UQACtualit\u00e9s","robots":{"index":"index","follow":"follow","max-snippet":"max-snippet:-1","max-image-preview":"max-image-preview:large","max-video-preview":"max-video-preview:-1"},"canonical":"https:\/\/www.uqac.ca\/uqactualites\/2021\/06\/17\/la-formation-continue-recoit-une-aide-financiere-pour-soutenir-la-transformation-numerique-en-entreprise\/","og_locale":"fr_CA","og_type":"article","og_title":"La Formation continue re\u00e7oit une aide financi\u00e8re pour soutenir la transformation num\u00e9rique en entreprise - UQACtualit\u00e9s","og_description":"Le ministre du Travail, de l\u2019Emploi et de la Solidarit\u00e9 sociale et ministre responsable de la r\u00e9gion de la Mauricie, M. Jean Boulet, accorde une aide financi\u00e8re de 172 995 $ \u00e0 l\u2019Universit\u00e9 du Qu\u00e9bec \u00e0 Chicoutimi (UQAC) et au Coll\u00e8ge d\u2019Alma. Cette aide concerne des formations pour appuyer les entreprises dans leur virage num\u00e9rique. [&hellip;]","og_url":"https:\/\/www.uqac.ca\/uqactualites\/2021\/06\/17\/la-formation-continue-recoit-une-aide-financiere-pour-soutenir-la-transformation-numerique-en-entreprise\/","og_site_name":"UQACtualit\u00e9s","article_published_time":"2021-06-17T13:02:14+00:00","og_image":[{"width":1921,"height":1081,"url":"https:\/\/www.uqac.ca\/uqactualites\/wp-content\/uploads\/2021\/06\/NUM_FC-CultureNumeriqueE21_Uqctualite1920X1080-25.jpg","type":"image\/jpeg"}],"author":"Service des communications et des relations publiques","twitter_card":"summary_large_image","twitter_misc":{"\u00c9crit par":"Service des communications et des relations publiques","Estimation du temps de lecture":"1 minute"},"schema":{"@context":"https:\/\/schema.org","@graph":[{"@type":"WebPage","@id":"https:\/\/www.uqac.ca\/uqactualites\/2021\/06\/17\/la-formation-continue-recoit-une-aide-financiere-pour-soutenir-la-transformation-numerique-en-entreprise\/","url":"https:\/\/www.uqac.ca\/uqactualites\/2021\/06\/17\/la-formation-continue-recoit-une-aide-financiere-pour-soutenir-la-transformation-numerique-en-entreprise\/","name":"La Formation continue re\u00e7oit une aide financi\u00e8re pour soutenir la transformation num\u00e9rique en entreprise - UQACtualit\u00e9s","isPartOf":{"@id":"https:\/\/www.uqac.ca\/uqactualites\/#website"},"primaryImageOfPage":{"@id":"https:\/\/www.uqac.ca\/uqactualites\/2021\/06\/17\/la-formation-continue-recoit-une-aide-financiere-pour-soutenir-la-transformation-numerique-en-entreprise\/#primaryimage"},"image":{"@id":"https:\/\/www.uqac.ca\/uqactualites\/2021\/06\/17\/la-formation-continue-recoit-une-aide-financiere-pour-soutenir-la-transformation-numerique-en-entreprise\/#primaryimage"},"thumbnailUrl":"https:\/\/www.uqac.ca\/uqactualites\/wp-content\/uploads\/2021\/06\/NUM_FC-CultureNumeriqueE21_Uqctualite1920X1080-25.jpg","datePublished":"2021-06-17T13:02:14+00:00","dateModified":"2021-06-17T13:02:14+00:00","author":{"@id":"https:\/\/www.uqac.ca\/uqactualites\/#\/schema\/person\/366c45a0c4f0e677b41b4af5886e2018"},"breadcrumb":{"@id":"https:\/\/www.uqac.ca\/uqactualites\/2021\/06\/17\/la-formation-continue-recoit-une-aide-financiere-pour-soutenir-la-transformation-numerique-en-entreprise\/#breadcrumb"},"inLanguage":"fr-CA","potentialAction":[{"@type":"ReadAction","target":["https:\/\/www.uqac.ca\/uqactualites\/2021\/06\/17\/la-formation-continue-recoit-une-aide-financiere-pour-soutenir-la-transformation-numerique-en-entreprise\/"]}]},{"@type":"ImageObject","inLanguage":"fr-CA","@id":"https:\/\/www.uqac.ca\/uqactualites\/2021\/06\/17\/la-formation-continue-recoit-une-aide-financiere-pour-soutenir-la-transformation-numerique-en-entreprise\/#primaryimage","url":"https:\/\/www.uqac.ca\/uqactualites\/wp-content\/uploads\/2021\/06\/NUM_FC-CultureNumeriqueE21_Uqctualite1920X1080-25.jpg","contentUrl":"https:\/\/www.uqac.ca\/uqactualites\/wp-content\/uploads\/2021\/06\/NUM_FC-CultureNumeriqueE21_Uqctualite1920X1080-25.jpg","width":1921,"height":1081},{"@type":"BreadcrumbList","@id":"https:\/\/www.uqac.ca\/uqactualites\/2021\/06\/17\/la-formation-continue-recoit-une-aide-financiere-pour-soutenir-la-transformation-numerique-en-entreprise\/#breadcrumb","itemListElement":[{"@type":"ListItem","position":1,"name":"Home","item":"https:\/\/www.uqac.ca\/uqactualites\/"},{"@type":"ListItem","position":2,"name":"La Formation continue re\u00e7oit une aide financi\u00e8re pour soutenir la transformation num\u00e9rique en entreprise"}]},{"@type":"WebSite","@id":"https:\/\/www.uqac.ca\/uqactualites\/#website","url":"https:\/\/www.uqac.ca\/uqactualites\/","name":"UQACtualit\u00e9s","description":"Le portail des nouvelles de l&#039;UQAC","potentialAction":[{"@type":"SearchAction","target":{"@type":"EntryPoint","urlTemplate":"https:\/\/www.uqac.ca\/uqactualites\/?s={search_term_string}"},"query-input":{"@type":"PropertyValueSpecification","valueRequired":true,"valueName":"search_term_string"}}],"inLanguage":"fr-CA"},{"@type":"Person","@id":"https:\/\/www.uqac.ca\/uqactualites\/#\/schema\/person\/366c45a0c4f0e677b41b4af5886e2018","name":"Service des communications et des relations publiques","image":{"@type":"ImageObject","inLanguage":"fr-CA","@id":"https:\/\/www.uqac.ca\/uqactualites\/#\/schema\/person\/image\/","url":"https:\/\/secure.gravatar.com\/avatar\/20fbbda8a292f59f2d3461a5b999c00b?s=96&d=mm&r=g","contentUrl":"https:\/\/secure.gravatar.com\/avatar\/20fbbda8a292f59f2d3461a5b999c00b?s=96&d=mm&r=g","caption":"Service des communications et des relations publiques"},"url":"https:\/\/www.uqac.ca\/uqactualites\/author\/bap\/"}]}},"_links":{"self":[{"href":"https:\/\/www.uqac.ca\/uqactualites\/wp-json\/wp\/v2\/posts\/40078"}],"collection":[{"href":"https:\/\/www.uqac.ca\/uqactualites\/wp-json\/wp\/v2\/posts"}],"about":[{"href":"https:\/\/www.uqac.ca\/uqactualites\/wp-json\/wp\/v2\/types\/post"}],"author":[{"embeddable":true,"href":"https:\/\/www.uqac.ca\/uqactualites\/wp-json\/wp\/v2\/users\/5"}],"replies":[{"embeddable":true,"href":"https:\/\/www.uqac.ca\/uqactualites\/wp-json\/wp\/v2\/comments?post=40078"}],"version-history":[{"count":0,"href":"https:\/\/www.uqac.ca\/uqactualites\/wp-json\/wp\/v2\/posts\/40078\/revisions"}],"wp:featuredmedia":[{"embeddable":true,"href":"https:\/\/www.uqac.ca\/uqactualites\/wp-json\/wp\/v2\/media\/40080"}],"wp:attachment":[{"href":"https:\/\/www.uqac.ca\/uqactualites\/wp-json\/wp\/v2\/media?parent=40078"}],"wp:term":[{"taxonomy":"category","embeddable":true,"href":"https:\/\/www.uqac.ca\/uqactualites\/wp-json\/wp\/v2\/categories?post=40078"},{"taxonomy":"post_tag","embeddable":true,"href":"https:\/\/www.uqac.ca\/uqactualites\/wp-json\/wp\/v2\/tags?post=40078"}],"curies":[{"name":"wp","href":"https:\/\/api.w.org\/{rel}","templated":true}]}}