{"id":40286,"date":"2021-08-09T08:38:41","date_gmt":"2021-08-09T12:38:41","guid":{"rendered":"https:\/\/www.uqac.ca\/?p=40286"},"modified":"2024-03-15T11:42:21","modified_gmt":"2024-03-15T15:42:21","slug":"portrait-de-prof-reza-jafari-nouveau-professeur-en-genie-mecanique","status":"publish","type":"post","link":"https:\/\/www.uqac.ca\/uqactualites\/2021\/08\/09\/portrait-de-prof-reza-jafari-nouveau-professeur-en-genie-mecanique\/","title":{"rendered":"Reza Jafari : nouveau professeur en g\u00e9nie m\u00e9canique"},"content":{"rendered":"<p>Professeur en g\u00e9nie m\u00e9canique, Reza Jafari a joint r\u00e9cemment l\u2019\u00e9quipe du D\u00e9partement des sciences appliqu\u00e9es de l\u2019UQAC. Le nouveau chercheur b\u00e9n\u00e9ficie d\u2019une large expertise dans le domaine des mat\u00e9riaux composites, du g\u00e9nie de l\u2019environnement, du traitement et de la caract\u00e9risation de la surface. Le caract\u00e8re pluridisciplinaire et international de la formation et des exp\u00e9riences qu\u2019il poss\u00e8de lui permettent de contribuer de mani\u00e8re significative au d\u00e9veloppement des activit\u00e9s de recherche et d\u00e9veloppement.<\/p>\n<p>&nbsp;<\/p>\n<p>Son expertise se situe plus particuli\u00e8rement dans les cr\u00e9neaux du g\u00e9nie de l\u2019environnement, le traitement des eaux us\u00e9es, le micro\/nano-composite, la surface nano-structur\u00e9e, le traitement et polym\u00e9risation par plasma, la surfaces superhydrophobes, les rev\u00eatements glaciophobes, l\u2019antibact\u00e9riennes et l\u2019anticorrosives, les proc\u00e9d\u00e9s de fabrication et transformation d\u2019aluminium, la couche mince, le traitement de la surface, les analyses de surface, la mod\u00e9lisation et la simulation.<\/p>\n<p>&nbsp;<\/p>\n<p>Reza Jafari enseigne \u00e0 l\u2019UQAC dans les programmes de <a href=\"https:\/\/www.uqac.ca\/programme\/7480-baccalaureat-en-genie-civil\/\">baccalaur\u00e9at en g\u00e9nie civil<\/a>, <a href=\"https:\/\/www.uqac.ca\/programme\/7942-bacc-en-genie-geologique\/\">baccalaur\u00e9at en g\u00e9nie g\u00e9ologique<\/a>, <a href=\"https:\/\/www.uqac.ca\/programme\/7947-baccalaureat-en-genie-mecanique\/\">baccalaur\u00e9at en g\u00e9nie m\u00e9canique<\/a>, <a href=\"https:\/\/www.uqac.ca\/programme\/1709-maitrise-en-ingenierie\/\">ma\u00eetrise en ing\u00e9nierie<\/a> et <a href=\"https:\/\/www.uqac.ca\/programme\/3737-doctorat-en-ingenierie\/\">doctorat en ing\u00e9nierie<\/a>.<\/p>\n<p>&nbsp;<\/p>\n<h4><strong>Portrait de prof en bref<\/strong><\/h4>\n<p><strong>&nbsp;<\/strong><\/p>\n<p><strong>Champs d\u2019int\u00e9r\u00eat et expertises de recherche<\/strong><\/p>\n<ul>\n<li>G\u00e9nie environnement,<\/li>\n<li>Mat\u00e9riaux composites, Mat\u00e9riaux fonctionnels<\/li>\n<li>Traitement de surface, couche mince<\/li>\n<li>Proc\u00e9d\u00e9s plasmas<\/li>\n<\/ul>\n<p>&nbsp;<\/p>\n<p><strong>Cours enseign\u00e9s \u00e0 l\u2019UQAC<\/strong><\/p>\n<ul>\n<li><a href=\"https:\/\/cours.uqac.ca\/6MIG836\">Stockage de l\u2019\u00e9nergie<\/a><\/li>\n<li><a href=\"https:\/\/cours.uqac.ca\/6MIG853\">Mat\u00e9riaux composites<\/a><\/li>\n<li><a href=\"https:\/\/cours.uqac.ca\/6GCI212\">G\u00e9nie de l\u2019environnement<\/a><\/li>\n<li><a href=\"https:\/\/cours.uqac.ca\/6GNC100\">Chimie pour l\u2019ing\u00e9nieur<\/a><\/li>\n<\/ul>\n<p><strong>&nbsp;<\/strong><\/p>\n","protected":false},"excerpt":{"rendered":"<p>Professeur en g\u00e9nie m\u00e9canique, Reza Jafari a joint r\u00e9cemment l\u2019\u00e9quipe du D\u00e9partement des sciences appliqu\u00e9es de l\u2019UQAC. Le nouveau chercheur b\u00e9n\u00e9ficie d\u2019une large expertise dans le domaine des mat\u00e9riaux composites, du g\u00e9nie de l\u2019environnement, du traitement et de la caract\u00e9risation de la surface. Le caract\u00e8re pluridisciplinaire et international de la formation et des exp\u00e9riences qu\u2019il [&hellip;]<\/p>\n","protected":false},"author":5,"featured_media":40287,"comment_status":"closed","ping_status":"open","sticky":false,"template":"","format":"standard","meta":{"footnotes":""},"categories":[2846,248],"tags":[21,246,247,16,163],"yoast_head":"<!-- This site is optimized with the Yoast SEO plugin v24.2 - https:\/\/yoast.com\/wordpress\/plugins\/seo\/ -->\r\n<title>Reza Jafari : nouveau professeur en g\u00e9nie m\u00e9canique - UQACtualit\u00e9s<\/title>\r\n<meta name=\"robots\" content=\"index, follow, max-snippet:-1, max-image-preview:large, max-video-preview:-1\" \/>\r\n<link rel=\"canonical\" href=\"https:\/\/www.uqac.ca\/uqactualites\/2021\/08\/09\/portrait-de-prof-reza-jafari-nouveau-professeur-en-genie-mecanique\/\" \/>\r\n<meta property=\"og:locale\" content=\"fr_CA\" \/>\r\n<meta property=\"og:type\" content=\"article\" \/>\r\n<meta property=\"og:title\" content=\"Reza Jafari : nouveau professeur en g\u00e9nie m\u00e9canique - UQACtualit\u00e9s\" \/>\r\n<meta property=\"og:description\" content=\"Professeur en g\u00e9nie m\u00e9canique, Reza Jafari a joint r\u00e9cemment l\u2019\u00e9quipe du D\u00e9partement des sciences appliqu\u00e9es de l\u2019UQAC. Le nouveau chercheur b\u00e9n\u00e9ficie d\u2019une large expertise dans le domaine des mat\u00e9riaux composites, du g\u00e9nie de l\u2019environnement, du traitement et de la caract\u00e9risation de la surface. Le caract\u00e8re pluridisciplinaire et international de la formation et des exp\u00e9riences qu\u2019il [&hellip;]\" \/>\r\n<meta property=\"og:url\" content=\"https:\/\/www.uqac.ca\/uqactualites\/2021\/08\/09\/portrait-de-prof-reza-jafari-nouveau-professeur-en-genie-mecanique\/\" \/>\r\n<meta property=\"og:site_name\" content=\"UQACtualit\u00e9s\" \/>\r\n<meta property=\"article:published_time\" content=\"2021-08-09T12:38:41+00:00\" \/>\r\n<meta property=\"article:modified_time\" content=\"2024-03-15T15:42:21+00:00\" \/>\r\n<meta property=\"og:image\" content=\"https:\/\/www.uqac.ca\/uqactualites\/wp-content\/uploads\/2021\/08\/Reza-Jafari-scaled.jpg\" \/>\r\n\t<meta property=\"og:image:width\" content=\"2560\" \/>\r\n\t<meta property=\"og:image:height\" content=\"1707\" \/>\r\n\t<meta property=\"og:image:type\" content=\"image\/jpeg\" \/>\r\n<meta name=\"author\" content=\"Service des communications et des relations publiques\" \/>\r\n<meta name=\"twitter:card\" content=\"summary_large_image\" \/>\r\n<meta name=\"twitter:label1\" content=\"\u00c9crit par\" \/>\n\t<meta name=\"twitter:data1\" content=\"Service des communications et des relations publiques\" \/>\n\t<meta name=\"twitter:label2\" content=\"Estimation du temps de lecture\" \/>\n\t<meta name=\"twitter:data2\" content=\"1 minute\" \/>\r\n<script type=\"application\/ld+json\" class=\"yoast-schema-graph\">{\"@context\":\"https:\/\/schema.org\",\"@graph\":[{\"@type\":\"WebPage\",\"@id\":\"https:\/\/www.uqac.ca\/uqactualites\/2021\/08\/09\/portrait-de-prof-reza-jafari-nouveau-professeur-en-genie-mecanique\/\",\"url\":\"https:\/\/www.uqac.ca\/uqactualites\/2021\/08\/09\/portrait-de-prof-reza-jafari-nouveau-professeur-en-genie-mecanique\/\",\"name\":\"Reza Jafari : nouveau professeur en g\u00e9nie m\u00e9canique - UQACtualit\u00e9s\",\"isPartOf\":{\"@id\":\"https:\/\/www.uqac.ca\/uqactualites\/#website\"},\"primaryImageOfPage\":{\"@id\":\"https:\/\/www.uqac.ca\/uqactualites\/2021\/08\/09\/portrait-de-prof-reza-jafari-nouveau-professeur-en-genie-mecanique\/#primaryimage\"},\"image\":{\"@id\":\"https:\/\/www.uqac.ca\/uqactualites\/2021\/08\/09\/portrait-de-prof-reza-jafari-nouveau-professeur-en-genie-mecanique\/#primaryimage\"},\"thumbnailUrl\":\"https:\/\/www.uqac.ca\/uqactualites\/wp-content\/uploads\/2021\/08\/Reza-Jafari-scaled.jpg\",\"datePublished\":\"2021-08-09T12:38:41+00:00\",\"dateModified\":\"2024-03-15T15:42:21+00:00\",\"author\":{\"@id\":\"https:\/\/www.uqac.ca\/uqactualites\/#\/schema\/person\/366c45a0c4f0e677b41b4af5886e2018\"},\"breadcrumb\":{\"@id\":\"https:\/\/www.uqac.ca\/uqactualites\/2021\/08\/09\/portrait-de-prof-reza-jafari-nouveau-professeur-en-genie-mecanique\/#breadcrumb\"},\"inLanguage\":\"fr-CA\",\"potentialAction\":[{\"@type\":\"ReadAction\",\"target\":[\"https:\/\/www.uqac.ca\/uqactualites\/2021\/08\/09\/portrait-de-prof-reza-jafari-nouveau-professeur-en-genie-mecanique\/\"]}]},{\"@type\":\"ImageObject\",\"inLanguage\":\"fr-CA\",\"@id\":\"https:\/\/www.uqac.ca\/uqactualites\/2021\/08\/09\/portrait-de-prof-reza-jafari-nouveau-professeur-en-genie-mecanique\/#primaryimage\",\"url\":\"https:\/\/www.uqac.ca\/uqactualites\/wp-content\/uploads\/2021\/08\/Reza-Jafari-scaled.jpg\",\"contentUrl\":\"https:\/\/www.uqac.ca\/uqactualites\/wp-content\/uploads\/2021\/08\/Reza-Jafari-scaled.jpg\",\"width\":2560,\"height\":1707},{\"@type\":\"BreadcrumbList\",\"@id\":\"https:\/\/www.uqac.ca\/uqactualites\/2021\/08\/09\/portrait-de-prof-reza-jafari-nouveau-professeur-en-genie-mecanique\/#breadcrumb\",\"itemListElement\":[{\"@type\":\"ListItem\",\"position\":1,\"name\":\"Home\",\"item\":\"https:\/\/www.uqac.ca\/uqactualites\/\"},{\"@type\":\"ListItem\",\"position\":2,\"name\":\"Reza Jafari : nouveau professeur en g\u00e9nie m\u00e9canique\"}]},{\"@type\":\"WebSite\",\"@id\":\"https:\/\/www.uqac.ca\/uqactualites\/#website\",\"url\":\"https:\/\/www.uqac.ca\/uqactualites\/\",\"name\":\"UQACtualit\u00e9s\",\"description\":\"Le portail des nouvelles de l&#039;UQAC\",\"potentialAction\":[{\"@type\":\"SearchAction\",\"target\":{\"@type\":\"EntryPoint\",\"urlTemplate\":\"https:\/\/www.uqac.ca\/uqactualites\/?s={search_term_string}\"},\"query-input\":{\"@type\":\"PropertyValueSpecification\",\"valueRequired\":true,\"valueName\":\"search_term_string\"}}],\"inLanguage\":\"fr-CA\"},{\"@type\":\"Person\",\"@id\":\"https:\/\/www.uqac.ca\/uqactualites\/#\/schema\/person\/366c45a0c4f0e677b41b4af5886e2018\",\"name\":\"Service des communications et des relations publiques\",\"image\":{\"@type\":\"ImageObject\",\"inLanguage\":\"fr-CA\",\"@id\":\"https:\/\/www.uqac.ca\/uqactualites\/#\/schema\/person\/image\/\",\"url\":\"https:\/\/secure.gravatar.com\/avatar\/20fbbda8a292f59f2d3461a5b999c00b?s=96&d=mm&r=g\",\"contentUrl\":\"https:\/\/secure.gravatar.com\/avatar\/20fbbda8a292f59f2d3461a5b999c00b?s=96&d=mm&r=g\",\"caption\":\"Service des communications et des relations publiques\"},\"url\":\"https:\/\/www.uqac.ca\/uqactualites\/author\/bap\/\"}]}<\/script>\r\n<!-- \/ Yoast SEO plugin. -->","yoast_head_json":{"title":"Reza Jafari : nouveau professeur en g\u00e9nie m\u00e9canique - UQACtualit\u00e9s","robots":{"index":"index","follow":"follow","max-snippet":"max-snippet:-1","max-image-preview":"max-image-preview:large","max-video-preview":"max-video-preview:-1"},"canonical":"https:\/\/www.uqac.ca\/uqactualites\/2021\/08\/09\/portrait-de-prof-reza-jafari-nouveau-professeur-en-genie-mecanique\/","og_locale":"fr_CA","og_type":"article","og_title":"Reza Jafari : nouveau professeur en g\u00e9nie m\u00e9canique - UQACtualit\u00e9s","og_description":"Professeur en g\u00e9nie m\u00e9canique, Reza Jafari a joint r\u00e9cemment l\u2019\u00e9quipe du D\u00e9partement des sciences appliqu\u00e9es de l\u2019UQAC. Le nouveau chercheur b\u00e9n\u00e9ficie d\u2019une large expertise dans le domaine des mat\u00e9riaux composites, du g\u00e9nie de l\u2019environnement, du traitement et de la caract\u00e9risation de la surface. Le caract\u00e8re pluridisciplinaire et international de la formation et des exp\u00e9riences qu\u2019il [&hellip;]","og_url":"https:\/\/www.uqac.ca\/uqactualites\/2021\/08\/09\/portrait-de-prof-reza-jafari-nouveau-professeur-en-genie-mecanique\/","og_site_name":"UQACtualit\u00e9s","article_published_time":"2021-08-09T12:38:41+00:00","article_modified_time":"2024-03-15T15:42:21+00:00","og_image":[{"width":2560,"height":1707,"url":"https:\/\/www.uqac.ca\/uqactualites\/wp-content\/uploads\/2021\/08\/Reza-Jafari-scaled.jpg","type":"image\/jpeg"}],"author":"Service des communications et des relations publiques","twitter_card":"summary_large_image","twitter_misc":{"\u00c9crit par":"Service des communications et des relations publiques","Estimation du temps de lecture":"1 minute"},"schema":{"@context":"https:\/\/schema.org","@graph":[{"@type":"WebPage","@id":"https:\/\/www.uqac.ca\/uqactualites\/2021\/08\/09\/portrait-de-prof-reza-jafari-nouveau-professeur-en-genie-mecanique\/","url":"https:\/\/www.uqac.ca\/uqactualites\/2021\/08\/09\/portrait-de-prof-reza-jafari-nouveau-professeur-en-genie-mecanique\/","name":"Reza Jafari : nouveau professeur en g\u00e9nie m\u00e9canique - UQACtualit\u00e9s","isPartOf":{"@id":"https:\/\/www.uqac.ca\/uqactualites\/#website"},"primaryImageOfPage":{"@id":"https:\/\/www.uqac.ca\/uqactualites\/2021\/08\/09\/portrait-de-prof-reza-jafari-nouveau-professeur-en-genie-mecanique\/#primaryimage"},"image":{"@id":"https:\/\/www.uqac.ca\/uqactualites\/2021\/08\/09\/portrait-de-prof-reza-jafari-nouveau-professeur-en-genie-mecanique\/#primaryimage"},"thumbnailUrl":"https:\/\/www.uqac.ca\/uqactualites\/wp-content\/uploads\/2021\/08\/Reza-Jafari-scaled.jpg","datePublished":"2021-08-09T12:38:41+00:00","dateModified":"2024-03-15T15:42:21+00:00","author":{"@id":"https:\/\/www.uqac.ca\/uqactualites\/#\/schema\/person\/366c45a0c4f0e677b41b4af5886e2018"},"breadcrumb":{"@id":"https:\/\/www.uqac.ca\/uqactualites\/2021\/08\/09\/portrait-de-prof-reza-jafari-nouveau-professeur-en-genie-mecanique\/#breadcrumb"},"inLanguage":"fr-CA","potentialAction":[{"@type":"ReadAction","target":["https:\/\/www.uqac.ca\/uqactualites\/2021\/08\/09\/portrait-de-prof-reza-jafari-nouveau-professeur-en-genie-mecanique\/"]}]},{"@type":"ImageObject","inLanguage":"fr-CA","@id":"https:\/\/www.uqac.ca\/uqactualites\/2021\/08\/09\/portrait-de-prof-reza-jafari-nouveau-professeur-en-genie-mecanique\/#primaryimage","url":"https:\/\/www.uqac.ca\/uqactualites\/wp-content\/uploads\/2021\/08\/Reza-Jafari-scaled.jpg","contentUrl":"https:\/\/www.uqac.ca\/uqactualites\/wp-content\/uploads\/2021\/08\/Reza-Jafari-scaled.jpg","width":2560,"height":1707},{"@type":"BreadcrumbList","@id":"https:\/\/www.uqac.ca\/uqactualites\/2021\/08\/09\/portrait-de-prof-reza-jafari-nouveau-professeur-en-genie-mecanique\/#breadcrumb","itemListElement":[{"@type":"ListItem","position":1,"name":"Home","item":"https:\/\/www.uqac.ca\/uqactualites\/"},{"@type":"ListItem","position":2,"name":"Reza Jafari : nouveau professeur en g\u00e9nie m\u00e9canique"}]},{"@type":"WebSite","@id":"https:\/\/www.uqac.ca\/uqactualites\/#website","url":"https:\/\/www.uqac.ca\/uqactualites\/","name":"UQACtualit\u00e9s","description":"Le portail des nouvelles de l&#039;UQAC","potentialAction":[{"@type":"SearchAction","target":{"@type":"EntryPoint","urlTemplate":"https:\/\/www.uqac.ca\/uqactualites\/?s={search_term_string}"},"query-input":{"@type":"PropertyValueSpecification","valueRequired":true,"valueName":"search_term_string"}}],"inLanguage":"fr-CA"},{"@type":"Person","@id":"https:\/\/www.uqac.ca\/uqactualites\/#\/schema\/person\/366c45a0c4f0e677b41b4af5886e2018","name":"Service des communications et des relations publiques","image":{"@type":"ImageObject","inLanguage":"fr-CA","@id":"https:\/\/www.uqac.ca\/uqactualites\/#\/schema\/person\/image\/","url":"https:\/\/secure.gravatar.com\/avatar\/20fbbda8a292f59f2d3461a5b999c00b?s=96&d=mm&r=g","contentUrl":"https:\/\/secure.gravatar.com\/avatar\/20fbbda8a292f59f2d3461a5b999c00b?s=96&d=mm&r=g","caption":"Service des communications et des relations publiques"},"url":"https:\/\/www.uqac.ca\/uqactualites\/author\/bap\/"}]}},"_links":{"self":[{"href":"https:\/\/www.uqac.ca\/uqactualites\/wp-json\/wp\/v2\/posts\/40286"}],"collection":[{"href":"https:\/\/www.uqac.ca\/uqactualites\/wp-json\/wp\/v2\/posts"}],"about":[{"href":"https:\/\/www.uqac.ca\/uqactualites\/wp-json\/wp\/v2\/types\/post"}],"author":[{"embeddable":true,"href":"https:\/\/www.uqac.ca\/uqactualites\/wp-json\/wp\/v2\/users\/5"}],"replies":[{"embeddable":true,"href":"https:\/\/www.uqac.ca\/uqactualites\/wp-json\/wp\/v2\/comments?post=40286"}],"version-history":[{"count":1,"href":"https:\/\/www.uqac.ca\/uqactualites\/wp-json\/wp\/v2\/posts\/40286\/revisions"}],"predecessor-version":[{"id":43658,"href":"https:\/\/www.uqac.ca\/uqactualites\/wp-json\/wp\/v2\/posts\/40286\/revisions\/43658"}],"wp:featuredmedia":[{"embeddable":true,"href":"https:\/\/www.uqac.ca\/uqactualites\/wp-json\/wp\/v2\/media\/40287"}],"wp:attachment":[{"href":"https:\/\/www.uqac.ca\/uqactualites\/wp-json\/wp\/v2\/media?parent=40286"}],"wp:term":[{"taxonomy":"category","embeddable":true,"href":"https:\/\/www.uqac.ca\/uqactualites\/wp-json\/wp\/v2\/categories?post=40286"},{"taxonomy":"post_tag","embeddable":true,"href":"https:\/\/www.uqac.ca\/uqactualites\/wp-json\/wp\/v2\/tags?post=40286"}],"curies":[{"name":"wp","href":"https:\/\/api.w.org\/{rel}","templated":true}]}}