{"id":40323,"date":"2021-08-27T07:46:03","date_gmt":"2021-08-27T11:46:03","guid":{"rendered":"https:\/\/www.uqac.ca\/?p=40323"},"modified":"2021-08-27T07:46:03","modified_gmt":"2021-08-27T11:46:03","slug":"la-professeure-eve-pouliot-recoit-le-prix-dexcellence-en-enseignement-du-reseau-uq","status":"publish","type":"post","link":"https:\/\/www.uqac.ca\/uqactualites\/2021\/08\/27\/la-professeure-eve-pouliot-recoit-le-prix-dexcellence-en-enseignement-du-reseau-uq\/","title":{"rendered":"La professeure \u00c8ve Pouliot re\u00e7oit le Prix d&rsquo;excellence en enseignement du R\u00e9seau UQ"},"content":{"rendered":"<p>La professeure en travail social de l\u2019UQAC \u00c8ve Pouliot a remport\u00e9 le Prix d\u2019excellence en enseignement, volet R\u00e9alisation 2021 du R\u00e9seau de l\u2019Universit\u00e9 du Qu\u00e9bec. La remise annuelle des prix s\u2019est tenue lors d\u2019une <a href=\"https:\/\/youtu.be\/4A6O1USaiSw\">c\u00e9r\u00e9monie virtuelle<\/a> au cours de laquelle la pr\u00e9sidente de l\u2019UQ, Johanne Jean, et les dix chefs d\u2019\u00e9tablissement du r\u00e9seau ont reconnu la contribution exceptionnelle de neuf membres de la communaut\u00e9 universitaire.<\/p>\n<p>Cette distinction a \u00e9t\u00e9 remise \u00e0 \u00c8ve Pouliot pour souligner la r\u00e9alisation d\u2019un programme court destin\u00e9 aux \u00e9tudiant\u00b7es des Premi\u00e8res Nations. Sensible au d\u00e9fi de la pers\u00e9v\u00e9rance scolaire chez la communaut\u00e9 \u00e9tudiante autochtone et aux besoins des personnes apprenantes aux profils vari\u00e9s pour qui les m\u00e9thodes d\u2019enseignement dites traditionnelles ne produisent pas les effets souhait\u00e9s, \u00c8ve Pouliot a contribu\u00e9 \u00e0 l\u2019\u00e9laboration d\u2019un programme court en relation d\u2019aide en adaptant deux activit\u00e9s universitaires qu\u2019elle enseignait en pr\u00e9sentiel en formule \u00e0 distance, et ce, bien avant la situation pand\u00e9mique des derniers mois.<\/p>\n<p>Plus sp\u00e9cifiquement, la professeure agr\u00e9g\u00e9e au D\u00e9partement des sciences humaines et sociales de l\u2019Universit\u00e9 du Qu\u00e9bec \u00e0 Chicoutimi (UQAC) a d\u00e9velopp\u00e9, \u00e0 l\u2019aide de la designer p\u00e9dagogique Johanne Rocheleau, une formule d\u2019enseignement hybride combinant diff\u00e9rentes approches et outils p\u00e9dagogiques visant \u00e0 susciter l\u2019int\u00e9r\u00eat et maintenir la motivation de la communaut\u00e9 \u00e9tudiante autochtone. En plus d\u2019une m\u00e9taphore situant les contenus de cours dans un milieu urbain fictif, cette formule d\u2019enseignement utilise l\u2019approche du r\u00e9cit, la mod\u00e9lisation des connaissances et de multiples activit\u00e9s d\u2019apprentissages collaboratives et individuelles.<\/p>\n<p>Avec une approche p\u00e9dagogique inclusive, novatrice et distinctive, Madame Pouliot contribue activement \u00e0 faire de l\u2019UQAC un lieu de rencontre des savoirs et des cultures en lui imprimant la souplesse n\u00e9cessaire pour l\u2019application et la diffusion de ses m\u00e9thodes adapt\u00e9es.<\/p>\n<p>https:\/\/youtu.be\/W-ekIq4GxqY<\/p>\n<p><strong>\u00c0 propos des Prix d\u2019excellence<br \/>\n<\/strong>Par la remise annuelle des Prix d&rsquo;excellence, l&rsquo;Assembl\u00e9e des gouverneurs, instance sup\u00e9rieure de gouvernance du r\u00e9seau de l&rsquo;Universit\u00e9 du Qu\u00e9bec, d\u00e9sire souligner la comp\u00e9tence des professeurs, chercheurs, cadres sup\u00e9rieurs et cadres du r\u00e9seau de l&rsquo;Universit\u00e9 du Qu\u00e9bec ainsi que leur contribution \u00e0 la r\u00e9alisation de la mission universitaire.<\/p>\n<p><strong>Pour en savoir plus\u00a0 sur les laur\u00e9ats 2021 des Prix d\u2019excellence<\/strong><br \/>\n<a href=\"https:\/\/www.uquebec.ca\/reseau\/fr\/reseau-de-luq\/la-vie-en-reseau\/prix-et-honneurs\/prix-dexcellence\/laureats-de-lannee\">https:\/\/www.uquebec.ca\/reseau\/fr\/reseau-de-luq\/la-vie-en-reseau\/prix-et-honneurs\/prix-dexcellence\/laureats-de-lannee<\/a><\/p>\n<p>&nbsp;<\/p>\n","protected":false},"excerpt":{"rendered":"<p>La professeure en travail social de l\u2019UQAC \u00c8ve Pouliot a remport\u00e9 le Prix d\u2019excellence en enseignement, volet R\u00e9alisation 2021 du R\u00e9seau de l\u2019Universit\u00e9 du Qu\u00e9bec. La remise annuelle des prix s\u2019est tenue lors d\u2019une c\u00e9r\u00e9monie virtuelle au cours de laquelle la pr\u00e9sidente de l\u2019UQ, Johanne Jean, et les dix chefs d\u2019\u00e9tablissement du r\u00e9seau ont reconnu [&hellip;]<\/p>\n","protected":false},"author":5,"featured_media":40327,"comment_status":"closed","ping_status":"open","sticky":false,"template":"","format":"standard","meta":{"footnotes":""},"categories":[2,9,4],"tags":[105,22],"yoast_head":"<!-- This site is optimized with the Yoast SEO plugin v24.2 - https:\/\/yoast.com\/wordpress\/plugins\/seo\/ -->\r\n<title>La professeure \u00c8ve Pouliot re\u00e7oit le Prix d&#039;excellence en enseignement du R\u00e9seau UQ - UQACtualit\u00e9s<\/title>\r\n<meta name=\"robots\" content=\"index, follow, max-snippet:-1, max-image-preview:large, max-video-preview:-1\" \/>\r\n<link rel=\"canonical\" href=\"https:\/\/www.uqac.ca\/uqactualites\/2021\/08\/27\/la-professeure-eve-pouliot-recoit-le-prix-dexcellence-en-enseignement-du-reseau-uq\/\" \/>\r\n<meta property=\"og:locale\" content=\"fr_CA\" \/>\r\n<meta property=\"og:type\" content=\"article\" \/>\r\n<meta property=\"og:title\" content=\"La professeure \u00c8ve Pouliot re\u00e7oit le Prix d&#039;excellence en enseignement du R\u00e9seau UQ - UQACtualit\u00e9s\" \/>\r\n<meta property=\"og:description\" content=\"La professeure en travail social de l\u2019UQAC \u00c8ve Pouliot a remport\u00e9 le Prix d\u2019excellence en enseignement, volet R\u00e9alisation 2021 du R\u00e9seau de l\u2019Universit\u00e9 du Qu\u00e9bec. La remise annuelle des prix s\u2019est tenue lors d\u2019une c\u00e9r\u00e9monie virtuelle au cours de laquelle la pr\u00e9sidente de l\u2019UQ, Johanne Jean, et les dix chefs d\u2019\u00e9tablissement du r\u00e9seau ont reconnu [&hellip;]\" \/>\r\n<meta property=\"og:url\" content=\"https:\/\/www.uqac.ca\/uqactualites\/2021\/08\/27\/la-professeure-eve-pouliot-recoit-le-prix-dexcellence-en-enseignement-du-reseau-uq\/\" \/>\r\n<meta property=\"og:site_name\" content=\"UQACtualit\u00e9s\" \/>\r\n<meta property=\"article:published_time\" content=\"2021-08-27T11:46:03+00:00\" \/>\r\n<meta property=\"og:image\" content=\"https:\/\/www.uqac.ca\/uqactualites\/wp-content\/uploads\/2021\/08\/Eve_pouliot@ctu-1.jpg\" \/>\r\n\t<meta property=\"og:image:width\" content=\"1251\" \/>\r\n\t<meta property=\"og:image:height\" content=\"862\" \/>\r\n\t<meta property=\"og:image:type\" content=\"image\/jpeg\" \/>\r\n<meta name=\"author\" content=\"Service des communications et des relations publiques\" \/>\r\n<meta name=\"twitter:card\" content=\"summary_large_image\" \/>\r\n<meta name=\"twitter:label1\" content=\"\u00c9crit par\" \/>\n\t<meta name=\"twitter:data1\" content=\"Service des communications et des relations publiques\" \/>\n\t<meta name=\"twitter:label2\" content=\"Estimation du temps de lecture\" \/>\n\t<meta name=\"twitter:data2\" content=\"2 minutes\" \/>\r\n<script type=\"application\/ld+json\" class=\"yoast-schema-graph\">{\"@context\":\"https:\/\/schema.org\",\"@graph\":[{\"@type\":\"WebPage\",\"@id\":\"https:\/\/www.uqac.ca\/uqactualites\/2021\/08\/27\/la-professeure-eve-pouliot-recoit-le-prix-dexcellence-en-enseignement-du-reseau-uq\/\",\"url\":\"https:\/\/www.uqac.ca\/uqactualites\/2021\/08\/27\/la-professeure-eve-pouliot-recoit-le-prix-dexcellence-en-enseignement-du-reseau-uq\/\",\"name\":\"La professeure \u00c8ve Pouliot re\u00e7oit le Prix d'excellence en enseignement du R\u00e9seau UQ - UQACtualit\u00e9s\",\"isPartOf\":{\"@id\":\"https:\/\/www.uqac.ca\/uqactualites\/#website\"},\"primaryImageOfPage\":{\"@id\":\"https:\/\/www.uqac.ca\/uqactualites\/2021\/08\/27\/la-professeure-eve-pouliot-recoit-le-prix-dexcellence-en-enseignement-du-reseau-uq\/#primaryimage\"},\"image\":{\"@id\":\"https:\/\/www.uqac.ca\/uqactualites\/2021\/08\/27\/la-professeure-eve-pouliot-recoit-le-prix-dexcellence-en-enseignement-du-reseau-uq\/#primaryimage\"},\"thumbnailUrl\":\"https:\/\/www.uqac.ca\/uqactualites\/wp-content\/uploads\/2021\/08\/Eve_pouliot@ctu-1.jpg\",\"datePublished\":\"2021-08-27T11:46:03+00:00\",\"dateModified\":\"2021-08-27T11:46:03+00:00\",\"author\":{\"@id\":\"https:\/\/www.uqac.ca\/uqactualites\/#\/schema\/person\/366c45a0c4f0e677b41b4af5886e2018\"},\"breadcrumb\":{\"@id\":\"https:\/\/www.uqac.ca\/uqactualites\/2021\/08\/27\/la-professeure-eve-pouliot-recoit-le-prix-dexcellence-en-enseignement-du-reseau-uq\/#breadcrumb\"},\"inLanguage\":\"fr-CA\",\"potentialAction\":[{\"@type\":\"ReadAction\",\"target\":[\"https:\/\/www.uqac.ca\/uqactualites\/2021\/08\/27\/la-professeure-eve-pouliot-recoit-le-prix-dexcellence-en-enseignement-du-reseau-uq\/\"]}]},{\"@type\":\"ImageObject\",\"inLanguage\":\"fr-CA\",\"@id\":\"https:\/\/www.uqac.ca\/uqactualites\/2021\/08\/27\/la-professeure-eve-pouliot-recoit-le-prix-dexcellence-en-enseignement-du-reseau-uq\/#primaryimage\",\"url\":\"https:\/\/www.uqac.ca\/uqactualites\/wp-content\/uploads\/2021\/08\/Eve_pouliot@ctu-1.jpg\",\"contentUrl\":\"https:\/\/www.uqac.ca\/uqactualites\/wp-content\/uploads\/2021\/08\/Eve_pouliot@ctu-1.jpg\",\"width\":1251,\"height\":862},{\"@type\":\"BreadcrumbList\",\"@id\":\"https:\/\/www.uqac.ca\/uqactualites\/2021\/08\/27\/la-professeure-eve-pouliot-recoit-le-prix-dexcellence-en-enseignement-du-reseau-uq\/#breadcrumb\",\"itemListElement\":[{\"@type\":\"ListItem\",\"position\":1,\"name\":\"Home\",\"item\":\"https:\/\/www.uqac.ca\/uqactualites\/\"},{\"@type\":\"ListItem\",\"position\":2,\"name\":\"La professeure \u00c8ve Pouliot re\u00e7oit le Prix d&rsquo;excellence en enseignement du R\u00e9seau UQ\"}]},{\"@type\":\"WebSite\",\"@id\":\"https:\/\/www.uqac.ca\/uqactualites\/#website\",\"url\":\"https:\/\/www.uqac.ca\/uqactualites\/\",\"name\":\"UQACtualit\u00e9s\",\"description\":\"Le portail des nouvelles de l&#039;UQAC\",\"potentialAction\":[{\"@type\":\"SearchAction\",\"target\":{\"@type\":\"EntryPoint\",\"urlTemplate\":\"https:\/\/www.uqac.ca\/uqactualites\/?s={search_term_string}\"},\"query-input\":{\"@type\":\"PropertyValueSpecification\",\"valueRequired\":true,\"valueName\":\"search_term_string\"}}],\"inLanguage\":\"fr-CA\"},{\"@type\":\"Person\",\"@id\":\"https:\/\/www.uqac.ca\/uqactualites\/#\/schema\/person\/366c45a0c4f0e677b41b4af5886e2018\",\"name\":\"Service des communications et des relations publiques\",\"image\":{\"@type\":\"ImageObject\",\"inLanguage\":\"fr-CA\",\"@id\":\"https:\/\/www.uqac.ca\/uqactualites\/#\/schema\/person\/image\/\",\"url\":\"https:\/\/secure.gravatar.com\/avatar\/20fbbda8a292f59f2d3461a5b999c00b?s=96&d=mm&r=g\",\"contentUrl\":\"https:\/\/secure.gravatar.com\/avatar\/20fbbda8a292f59f2d3461a5b999c00b?s=96&d=mm&r=g\",\"caption\":\"Service des communications et des relations publiques\"},\"url\":\"https:\/\/www.uqac.ca\/uqactualites\/author\/bap\/\"}]}<\/script>\r\n<!-- \/ Yoast SEO plugin. -->","yoast_head_json":{"title":"La professeure \u00c8ve Pouliot re\u00e7oit le Prix d'excellence en enseignement du R\u00e9seau UQ - UQACtualit\u00e9s","robots":{"index":"index","follow":"follow","max-snippet":"max-snippet:-1","max-image-preview":"max-image-preview:large","max-video-preview":"max-video-preview:-1"},"canonical":"https:\/\/www.uqac.ca\/uqactualites\/2021\/08\/27\/la-professeure-eve-pouliot-recoit-le-prix-dexcellence-en-enseignement-du-reseau-uq\/","og_locale":"fr_CA","og_type":"article","og_title":"La professeure \u00c8ve Pouliot re\u00e7oit le Prix d'excellence en enseignement du R\u00e9seau UQ - UQACtualit\u00e9s","og_description":"La professeure en travail social de l\u2019UQAC \u00c8ve Pouliot a remport\u00e9 le Prix d\u2019excellence en enseignement, volet R\u00e9alisation 2021 du R\u00e9seau de l\u2019Universit\u00e9 du Qu\u00e9bec. La remise annuelle des prix s\u2019est tenue lors d\u2019une c\u00e9r\u00e9monie virtuelle au cours de laquelle la pr\u00e9sidente de l\u2019UQ, Johanne Jean, et les dix chefs d\u2019\u00e9tablissement du r\u00e9seau ont reconnu [&hellip;]","og_url":"https:\/\/www.uqac.ca\/uqactualites\/2021\/08\/27\/la-professeure-eve-pouliot-recoit-le-prix-dexcellence-en-enseignement-du-reseau-uq\/","og_site_name":"UQACtualit\u00e9s","article_published_time":"2021-08-27T11:46:03+00:00","og_image":[{"width":1251,"height":862,"url":"https:\/\/www.uqac.ca\/uqactualites\/wp-content\/uploads\/2021\/08\/Eve_pouliot@ctu-1.jpg","type":"image\/jpeg"}],"author":"Service des communications et des relations publiques","twitter_card":"summary_large_image","twitter_misc":{"\u00c9crit par":"Service des communications et des relations publiques","Estimation du temps de lecture":"2 minutes"},"schema":{"@context":"https:\/\/schema.org","@graph":[{"@type":"WebPage","@id":"https:\/\/www.uqac.ca\/uqactualites\/2021\/08\/27\/la-professeure-eve-pouliot-recoit-le-prix-dexcellence-en-enseignement-du-reseau-uq\/","url":"https:\/\/www.uqac.ca\/uqactualites\/2021\/08\/27\/la-professeure-eve-pouliot-recoit-le-prix-dexcellence-en-enseignement-du-reseau-uq\/","name":"La professeure \u00c8ve Pouliot re\u00e7oit le Prix d'excellence en enseignement du R\u00e9seau UQ - UQACtualit\u00e9s","isPartOf":{"@id":"https:\/\/www.uqac.ca\/uqactualites\/#website"},"primaryImageOfPage":{"@id":"https:\/\/www.uqac.ca\/uqactualites\/2021\/08\/27\/la-professeure-eve-pouliot-recoit-le-prix-dexcellence-en-enseignement-du-reseau-uq\/#primaryimage"},"image":{"@id":"https:\/\/www.uqac.ca\/uqactualites\/2021\/08\/27\/la-professeure-eve-pouliot-recoit-le-prix-dexcellence-en-enseignement-du-reseau-uq\/#primaryimage"},"thumbnailUrl":"https:\/\/www.uqac.ca\/uqactualites\/wp-content\/uploads\/2021\/08\/Eve_pouliot@ctu-1.jpg","datePublished":"2021-08-27T11:46:03+00:00","dateModified":"2021-08-27T11:46:03+00:00","author":{"@id":"https:\/\/www.uqac.ca\/uqactualites\/#\/schema\/person\/366c45a0c4f0e677b41b4af5886e2018"},"breadcrumb":{"@id":"https:\/\/www.uqac.ca\/uqactualites\/2021\/08\/27\/la-professeure-eve-pouliot-recoit-le-prix-dexcellence-en-enseignement-du-reseau-uq\/#breadcrumb"},"inLanguage":"fr-CA","potentialAction":[{"@type":"ReadAction","target":["https:\/\/www.uqac.ca\/uqactualites\/2021\/08\/27\/la-professeure-eve-pouliot-recoit-le-prix-dexcellence-en-enseignement-du-reseau-uq\/"]}]},{"@type":"ImageObject","inLanguage":"fr-CA","@id":"https:\/\/www.uqac.ca\/uqactualites\/2021\/08\/27\/la-professeure-eve-pouliot-recoit-le-prix-dexcellence-en-enseignement-du-reseau-uq\/#primaryimage","url":"https:\/\/www.uqac.ca\/uqactualites\/wp-content\/uploads\/2021\/08\/Eve_pouliot@ctu-1.jpg","contentUrl":"https:\/\/www.uqac.ca\/uqactualites\/wp-content\/uploads\/2021\/08\/Eve_pouliot@ctu-1.jpg","width":1251,"height":862},{"@type":"BreadcrumbList","@id":"https:\/\/www.uqac.ca\/uqactualites\/2021\/08\/27\/la-professeure-eve-pouliot-recoit-le-prix-dexcellence-en-enseignement-du-reseau-uq\/#breadcrumb","itemListElement":[{"@type":"ListItem","position":1,"name":"Home","item":"https:\/\/www.uqac.ca\/uqactualites\/"},{"@type":"ListItem","position":2,"name":"La professeure \u00c8ve Pouliot re\u00e7oit le Prix d&rsquo;excellence en enseignement du R\u00e9seau UQ"}]},{"@type":"WebSite","@id":"https:\/\/www.uqac.ca\/uqactualites\/#website","url":"https:\/\/www.uqac.ca\/uqactualites\/","name":"UQACtualit\u00e9s","description":"Le portail des nouvelles de l&#039;UQAC","potentialAction":[{"@type":"SearchAction","target":{"@type":"EntryPoint","urlTemplate":"https:\/\/www.uqac.ca\/uqactualites\/?s={search_term_string}"},"query-input":{"@type":"PropertyValueSpecification","valueRequired":true,"valueName":"search_term_string"}}],"inLanguage":"fr-CA"},{"@type":"Person","@id":"https:\/\/www.uqac.ca\/uqactualites\/#\/schema\/person\/366c45a0c4f0e677b41b4af5886e2018","name":"Service des communications et des relations publiques","image":{"@type":"ImageObject","inLanguage":"fr-CA","@id":"https:\/\/www.uqac.ca\/uqactualites\/#\/schema\/person\/image\/","url":"https:\/\/secure.gravatar.com\/avatar\/20fbbda8a292f59f2d3461a5b999c00b?s=96&d=mm&r=g","contentUrl":"https:\/\/secure.gravatar.com\/avatar\/20fbbda8a292f59f2d3461a5b999c00b?s=96&d=mm&r=g","caption":"Service des communications et des relations publiques"},"url":"https:\/\/www.uqac.ca\/uqactualites\/author\/bap\/"}]}},"_links":{"self":[{"href":"https:\/\/www.uqac.ca\/uqactualites\/wp-json\/wp\/v2\/posts\/40323"}],"collection":[{"href":"https:\/\/www.uqac.ca\/uqactualites\/wp-json\/wp\/v2\/posts"}],"about":[{"href":"https:\/\/www.uqac.ca\/uqactualites\/wp-json\/wp\/v2\/types\/post"}],"author":[{"embeddable":true,"href":"https:\/\/www.uqac.ca\/uqactualites\/wp-json\/wp\/v2\/users\/5"}],"replies":[{"embeddable":true,"href":"https:\/\/www.uqac.ca\/uqactualites\/wp-json\/wp\/v2\/comments?post=40323"}],"version-history":[{"count":0,"href":"https:\/\/www.uqac.ca\/uqactualites\/wp-json\/wp\/v2\/posts\/40323\/revisions"}],"wp:featuredmedia":[{"embeddable":true,"href":"https:\/\/www.uqac.ca\/uqactualites\/wp-json\/wp\/v2\/media\/40327"}],"wp:attachment":[{"href":"https:\/\/www.uqac.ca\/uqactualites\/wp-json\/wp\/v2\/media?parent=40323"}],"wp:term":[{"taxonomy":"category","embeddable":true,"href":"https:\/\/www.uqac.ca\/uqactualites\/wp-json\/wp\/v2\/categories?post=40323"},{"taxonomy":"post_tag","embeddable":true,"href":"https:\/\/www.uqac.ca\/uqactualites\/wp-json\/wp\/v2\/tags?post=40323"}],"curies":[{"name":"wp","href":"https:\/\/api.w.org\/{rel}","templated":true}]}}