{"id":40411,"date":"2021-09-30T15:27:22","date_gmt":"2021-09-30T19:27:22","guid":{"rendered":"https:\/\/www.uqac.ca\/?p=40411"},"modified":"2021-09-30T15:27:22","modified_gmt":"2021-09-30T19:27:22","slug":"luqac-devient-partenaire-du-reseau-quebecois-de-recherche-en-economie-circulaire","status":"publish","type":"post","link":"https:\/\/www.uqac.ca\/uqactualites\/2021\/09\/30\/luqac-devient-partenaire-du-reseau-quebecois-de-recherche-en-economie-circulaire\/","title":{"rendered":"L\u2019UQAC devient partenaire du R\u00e9seau qu\u00e9b\u00e9cois de recherche en \u00e9conomie circulaire"},"content":{"rendered":"<p>C&rsquo;est en juillet dernier qu&rsquo;a \u00e9t\u00e9 lanc\u00e9 officiellement le\u00a0R\u00e9seau qu\u00e9b\u00e9cois de recherche en \u00e9conomie circulaire (RQREC), une structure\u00a0in\u00e9dite au Canada qui permettra au Qu\u00e9bec de jouer un r\u00f4le de leader en \u00e9conomie circulaire \u00e0 l\u2019\u00e9chelle du pays et de l\u2019Am\u00e9rique du Nord. Propuls\u00e9 par un investissement de 5 M$ de la part des Fonds de recherche du Qu\u00e9bec et appuy\u00e9 par le Centre d\u2019\u00e9tudes et de recherches intersectorielles en \u00e9conomie circulaire (C\u00c9RIEC), le R\u00e9seau mobilisera plus de 110 chercheuses et chercheurs issus de 16 universit\u00e9s et 6 coll\u00e8ges de la province. Parmi ces expertes et experts se trouve la professeure Myriam Ertz, dont les travaux s&rsquo;articuleront autour de la th\u00e9matique du changement et de la transition, qui constitue d&rsquo;ailleurs le premier axe du RQREC.<\/p>\n<p>Pour codiriger avec elle cet axe de recherche, Mme Ertz peut compter sur le professeur Beno\u00eet-Emmanuel Raufflet (HEC Montr\u00e9al). Leurs recherches, qui s&rsquo;int\u00e9resseront aux processus et m\u00e9canismes de changement et transition vers l\u2019\u00e9conomie circulaire, auront pour objectifs de bien d\u00e9finir ce qu\u2019est l\u2019\u00e9conomie circulaire pour ensuite pouvoir conceptualiser la transition souhait\u00e9e vers le Qu\u00e9bec circulaire 2026-2050. La consommation et la production responsables occuperont une place de choix dans cet axe orient\u00e9\u00a0vers les parties prenantes, puisque la transition vers l\u2019\u00e9conomie circulaire requiert la mobilisation de l\u2019ensemble des diff\u00e9rents secteurs de la soci\u00e9t\u00e9 (agents \u00e9conomiques, soci\u00e9t\u00e9 civile, consommateurs, organismes gouvernementaux et paragouvernementaux). L\u2019identification des moyens pour mobiliser l\u2019ensemble des acteurs de la soci\u00e9t\u00e9 sera ainsi d\u00e9terminante. Enfin, l\u2019axe examinera \u00e9galement les r\u00f4les de l\u2019enseignement et de la recherche pour soutenir une \u00e9conomie circulaire.<\/p>\n<p><strong>Quelques mots sur le RQREC<\/strong><\/p>\n<p>Le R\u00e9seau qu\u00e9b\u00e9cois de recherche en \u00e9conomie circulaire aura pour mission de mettre \u00e0 disposition de tous un environnement propice au d\u00e9veloppement des connaissances et \u00e0 l\u2019innovation, tant sociale que technologique. Tourn\u00e9 vers la recherche-action et la collaboration avec les milieux utilisateurs, ce R\u00e9seau constituera un atout dans l\u2019\u00e9cosyst\u00e8me qu\u00e9b\u00e9cois pour favoriser une relance \u00e9conomique ax\u00e9e sur le d\u00e9veloppement durable.\u00a0En plus des travaux de la professeure Ertz autour de la th\u00e9matique du changement et de la transition, l\u2019animation de la programmation scientifique du RQREC s\u2019articulera autour de trois autres axes de recherche : l&rsquo;optimisation de la planification, la maximisation des ressources et des produits et les leviers politiques.<\/p>\n<p><a href=\"https:\/\/www.quebeccirculaire.org\/articles\/h\/creation-d-un-important-reseau-quebecois-de-recherche-en-economie-circulaire.html\">Pour en savoir plus sur le RQREC<\/a><\/p>\n","protected":false},"excerpt":{"rendered":"<p>C&rsquo;est en juillet dernier qu&rsquo;a \u00e9t\u00e9 lanc\u00e9 officiellement le\u00a0R\u00e9seau qu\u00e9b\u00e9cois de recherche en \u00e9conomie circulaire (RQREC), une structure\u00a0in\u00e9dite au Canada qui permettra au Qu\u00e9bec de jouer un r\u00f4le de leader en \u00e9conomie circulaire \u00e0 l\u2019\u00e9chelle du pays et de l\u2019Am\u00e9rique du Nord. Propuls\u00e9 par un investissement de 5 M$ de la part des Fonds de [&hellip;]<\/p>\n","protected":false},"author":5,"featured_media":33598,"comment_status":"closed","ping_status":"open","sticky":false,"template":"","format":"standard","meta":{"footnotes":""},"categories":[2,4],"tags":[254,8,255,249,251],"yoast_head":"<!-- This site is optimized with the Yoast SEO plugin v24.2 - https:\/\/yoast.com\/wordpress\/plugins\/seo\/ -->\r\n<title>L\u2019UQAC devient partenaire du R\u00e9seau qu\u00e9b\u00e9cois de recherche en \u00e9conomie circulaire - UQACtualit\u00e9s<\/title>\r\n<meta name=\"robots\" content=\"index, follow, max-snippet:-1, max-image-preview:large, max-video-preview:-1\" \/>\r\n<link rel=\"canonical\" href=\"https:\/\/www.uqac.ca\/uqactualites\/2021\/09\/30\/luqac-devient-partenaire-du-reseau-quebecois-de-recherche-en-economie-circulaire\/\" \/>\r\n<meta property=\"og:locale\" content=\"fr_CA\" \/>\r\n<meta property=\"og:type\" content=\"article\" \/>\r\n<meta property=\"og:title\" content=\"L\u2019UQAC devient partenaire du R\u00e9seau qu\u00e9b\u00e9cois de recherche en \u00e9conomie circulaire - UQACtualit\u00e9s\" \/>\r\n<meta property=\"og:description\" content=\"C&rsquo;est en juillet dernier qu&rsquo;a \u00e9t\u00e9 lanc\u00e9 officiellement le\u00a0R\u00e9seau qu\u00e9b\u00e9cois de recherche en \u00e9conomie circulaire (RQREC), une structure\u00a0in\u00e9dite au Canada qui permettra au Qu\u00e9bec de jouer un r\u00f4le de leader en \u00e9conomie circulaire \u00e0 l\u2019\u00e9chelle du pays et de l\u2019Am\u00e9rique du Nord. Propuls\u00e9 par un investissement de 5 M$ de la part des Fonds de [&hellip;]\" \/>\r\n<meta property=\"og:url\" content=\"https:\/\/www.uqac.ca\/uqactualites\/2021\/09\/30\/luqac-devient-partenaire-du-reseau-quebecois-de-recherche-en-economie-circulaire\/\" \/>\r\n<meta property=\"og:site_name\" content=\"UQACtualit\u00e9s\" \/>\r\n<meta property=\"article:published_time\" content=\"2021-09-30T19:27:22+00:00\" \/>\r\n<meta property=\"og:image\" content=\"https:\/\/www.uqac.ca\/uqactualites\/wp-content\/uploads\/2017\/10\/Myriam-Ertz-Web-Patrick-Simard.jpg\" \/>\r\n\t<meta property=\"og:image:width\" content=\"620\" \/>\r\n\t<meta property=\"og:image:height\" content=\"300\" \/>\r\n\t<meta property=\"og:image:type\" content=\"image\/jpeg\" \/>\r\n<meta name=\"author\" content=\"Service des communications et des relations publiques\" \/>\r\n<meta name=\"twitter:card\" content=\"summary_large_image\" \/>\r\n<meta name=\"twitter:label1\" content=\"\u00c9crit par\" \/>\n\t<meta name=\"twitter:data1\" content=\"Service des communications et des relations publiques\" \/>\n\t<meta name=\"twitter:label2\" content=\"Estimation du temps de lecture\" \/>\n\t<meta name=\"twitter:data2\" content=\"2 minutes\" \/>\r\n<script type=\"application\/ld+json\" class=\"yoast-schema-graph\">{\"@context\":\"https:\/\/schema.org\",\"@graph\":[{\"@type\":\"WebPage\",\"@id\":\"https:\/\/www.uqac.ca\/uqactualites\/2021\/09\/30\/luqac-devient-partenaire-du-reseau-quebecois-de-recherche-en-economie-circulaire\/\",\"url\":\"https:\/\/www.uqac.ca\/uqactualites\/2021\/09\/30\/luqac-devient-partenaire-du-reseau-quebecois-de-recherche-en-economie-circulaire\/\",\"name\":\"L\u2019UQAC devient partenaire du R\u00e9seau qu\u00e9b\u00e9cois de recherche en \u00e9conomie circulaire - UQACtualit\u00e9s\",\"isPartOf\":{\"@id\":\"https:\/\/www.uqac.ca\/uqactualites\/#website\"},\"primaryImageOfPage\":{\"@id\":\"https:\/\/www.uqac.ca\/uqactualites\/2021\/09\/30\/luqac-devient-partenaire-du-reseau-quebecois-de-recherche-en-economie-circulaire\/#primaryimage\"},\"image\":{\"@id\":\"https:\/\/www.uqac.ca\/uqactualites\/2021\/09\/30\/luqac-devient-partenaire-du-reseau-quebecois-de-recherche-en-economie-circulaire\/#primaryimage\"},\"thumbnailUrl\":\"https:\/\/www.uqac.ca\/uqactualites\/wp-content\/uploads\/2017\/10\/Myriam-Ertz-Web-Patrick-Simard.jpg\",\"datePublished\":\"2021-09-30T19:27:22+00:00\",\"dateModified\":\"2021-09-30T19:27:22+00:00\",\"author\":{\"@id\":\"https:\/\/www.uqac.ca\/uqactualites\/#\/schema\/person\/366c45a0c4f0e677b41b4af5886e2018\"},\"breadcrumb\":{\"@id\":\"https:\/\/www.uqac.ca\/uqactualites\/2021\/09\/30\/luqac-devient-partenaire-du-reseau-quebecois-de-recherche-en-economie-circulaire\/#breadcrumb\"},\"inLanguage\":\"fr-CA\",\"potentialAction\":[{\"@type\":\"ReadAction\",\"target\":[\"https:\/\/www.uqac.ca\/uqactualites\/2021\/09\/30\/luqac-devient-partenaire-du-reseau-quebecois-de-recherche-en-economie-circulaire\/\"]}]},{\"@type\":\"ImageObject\",\"inLanguage\":\"fr-CA\",\"@id\":\"https:\/\/www.uqac.ca\/uqactualites\/2021\/09\/30\/luqac-devient-partenaire-du-reseau-quebecois-de-recherche-en-economie-circulaire\/#primaryimage\",\"url\":\"https:\/\/www.uqac.ca\/uqactualites\/wp-content\/uploads\/2017\/10\/Myriam-Ertz-Web-Patrick-Simard.jpg\",\"contentUrl\":\"https:\/\/www.uqac.ca\/uqactualites\/wp-content\/uploads\/2017\/10\/Myriam-Ertz-Web-Patrick-Simard.jpg\",\"width\":620,\"height\":300},{\"@type\":\"BreadcrumbList\",\"@id\":\"https:\/\/www.uqac.ca\/uqactualites\/2021\/09\/30\/luqac-devient-partenaire-du-reseau-quebecois-de-recherche-en-economie-circulaire\/#breadcrumb\",\"itemListElement\":[{\"@type\":\"ListItem\",\"position\":1,\"name\":\"Home\",\"item\":\"https:\/\/www.uqac.ca\/uqactualites\/\"},{\"@type\":\"ListItem\",\"position\":2,\"name\":\"L\u2019UQAC devient partenaire du R\u00e9seau qu\u00e9b\u00e9cois de recherche en \u00e9conomie circulaire\"}]},{\"@type\":\"WebSite\",\"@id\":\"https:\/\/www.uqac.ca\/uqactualites\/#website\",\"url\":\"https:\/\/www.uqac.ca\/uqactualites\/\",\"name\":\"UQACtualit\u00e9s\",\"description\":\"Le portail des nouvelles de l&#039;UQAC\",\"potentialAction\":[{\"@type\":\"SearchAction\",\"target\":{\"@type\":\"EntryPoint\",\"urlTemplate\":\"https:\/\/www.uqac.ca\/uqactualites\/?s={search_term_string}\"},\"query-input\":{\"@type\":\"PropertyValueSpecification\",\"valueRequired\":true,\"valueName\":\"search_term_string\"}}],\"inLanguage\":\"fr-CA\"},{\"@type\":\"Person\",\"@id\":\"https:\/\/www.uqac.ca\/uqactualites\/#\/schema\/person\/366c45a0c4f0e677b41b4af5886e2018\",\"name\":\"Service des communications et des relations publiques\",\"image\":{\"@type\":\"ImageObject\",\"inLanguage\":\"fr-CA\",\"@id\":\"https:\/\/www.uqac.ca\/uqactualites\/#\/schema\/person\/image\/\",\"url\":\"https:\/\/secure.gravatar.com\/avatar\/20fbbda8a292f59f2d3461a5b999c00b?s=96&d=mm&r=g\",\"contentUrl\":\"https:\/\/secure.gravatar.com\/avatar\/20fbbda8a292f59f2d3461a5b999c00b?s=96&d=mm&r=g\",\"caption\":\"Service des communications et des relations publiques\"},\"url\":\"https:\/\/www.uqac.ca\/uqactualites\/author\/bap\/\"}]}<\/script>\r\n<!-- \/ Yoast SEO plugin. -->","yoast_head_json":{"title":"L\u2019UQAC devient partenaire du R\u00e9seau qu\u00e9b\u00e9cois de recherche en \u00e9conomie circulaire - UQACtualit\u00e9s","robots":{"index":"index","follow":"follow","max-snippet":"max-snippet:-1","max-image-preview":"max-image-preview:large","max-video-preview":"max-video-preview:-1"},"canonical":"https:\/\/www.uqac.ca\/uqactualites\/2021\/09\/30\/luqac-devient-partenaire-du-reseau-quebecois-de-recherche-en-economie-circulaire\/","og_locale":"fr_CA","og_type":"article","og_title":"L\u2019UQAC devient partenaire du R\u00e9seau qu\u00e9b\u00e9cois de recherche en \u00e9conomie circulaire - UQACtualit\u00e9s","og_description":"C&rsquo;est en juillet dernier qu&rsquo;a \u00e9t\u00e9 lanc\u00e9 officiellement le\u00a0R\u00e9seau qu\u00e9b\u00e9cois de recherche en \u00e9conomie circulaire (RQREC), une structure\u00a0in\u00e9dite au Canada qui permettra au Qu\u00e9bec de jouer un r\u00f4le de leader en \u00e9conomie circulaire \u00e0 l\u2019\u00e9chelle du pays et de l\u2019Am\u00e9rique du Nord. Propuls\u00e9 par un investissement de 5 M$ de la part des Fonds de [&hellip;]","og_url":"https:\/\/www.uqac.ca\/uqactualites\/2021\/09\/30\/luqac-devient-partenaire-du-reseau-quebecois-de-recherche-en-economie-circulaire\/","og_site_name":"UQACtualit\u00e9s","article_published_time":"2021-09-30T19:27:22+00:00","og_image":[{"width":620,"height":300,"url":"https:\/\/www.uqac.ca\/uqactualites\/wp-content\/uploads\/2017\/10\/Myriam-Ertz-Web-Patrick-Simard.jpg","type":"image\/jpeg"}],"author":"Service des communications et des relations publiques","twitter_card":"summary_large_image","twitter_misc":{"\u00c9crit par":"Service des communications et des relations publiques","Estimation du temps de lecture":"2 minutes"},"schema":{"@context":"https:\/\/schema.org","@graph":[{"@type":"WebPage","@id":"https:\/\/www.uqac.ca\/uqactualites\/2021\/09\/30\/luqac-devient-partenaire-du-reseau-quebecois-de-recherche-en-economie-circulaire\/","url":"https:\/\/www.uqac.ca\/uqactualites\/2021\/09\/30\/luqac-devient-partenaire-du-reseau-quebecois-de-recherche-en-economie-circulaire\/","name":"L\u2019UQAC devient partenaire du R\u00e9seau qu\u00e9b\u00e9cois de recherche en \u00e9conomie circulaire - UQACtualit\u00e9s","isPartOf":{"@id":"https:\/\/www.uqac.ca\/uqactualites\/#website"},"primaryImageOfPage":{"@id":"https:\/\/www.uqac.ca\/uqactualites\/2021\/09\/30\/luqac-devient-partenaire-du-reseau-quebecois-de-recherche-en-economie-circulaire\/#primaryimage"},"image":{"@id":"https:\/\/www.uqac.ca\/uqactualites\/2021\/09\/30\/luqac-devient-partenaire-du-reseau-quebecois-de-recherche-en-economie-circulaire\/#primaryimage"},"thumbnailUrl":"https:\/\/www.uqac.ca\/uqactualites\/wp-content\/uploads\/2017\/10\/Myriam-Ertz-Web-Patrick-Simard.jpg","datePublished":"2021-09-30T19:27:22+00:00","dateModified":"2021-09-30T19:27:22+00:00","author":{"@id":"https:\/\/www.uqac.ca\/uqactualites\/#\/schema\/person\/366c45a0c4f0e677b41b4af5886e2018"},"breadcrumb":{"@id":"https:\/\/www.uqac.ca\/uqactualites\/2021\/09\/30\/luqac-devient-partenaire-du-reseau-quebecois-de-recherche-en-economie-circulaire\/#breadcrumb"},"inLanguage":"fr-CA","potentialAction":[{"@type":"ReadAction","target":["https:\/\/www.uqac.ca\/uqactualites\/2021\/09\/30\/luqac-devient-partenaire-du-reseau-quebecois-de-recherche-en-economie-circulaire\/"]}]},{"@type":"ImageObject","inLanguage":"fr-CA","@id":"https:\/\/www.uqac.ca\/uqactualites\/2021\/09\/30\/luqac-devient-partenaire-du-reseau-quebecois-de-recherche-en-economie-circulaire\/#primaryimage","url":"https:\/\/www.uqac.ca\/uqactualites\/wp-content\/uploads\/2017\/10\/Myriam-Ertz-Web-Patrick-Simard.jpg","contentUrl":"https:\/\/www.uqac.ca\/uqactualites\/wp-content\/uploads\/2017\/10\/Myriam-Ertz-Web-Patrick-Simard.jpg","width":620,"height":300},{"@type":"BreadcrumbList","@id":"https:\/\/www.uqac.ca\/uqactualites\/2021\/09\/30\/luqac-devient-partenaire-du-reseau-quebecois-de-recherche-en-economie-circulaire\/#breadcrumb","itemListElement":[{"@type":"ListItem","position":1,"name":"Home","item":"https:\/\/www.uqac.ca\/uqactualites\/"},{"@type":"ListItem","position":2,"name":"L\u2019UQAC devient partenaire du R\u00e9seau qu\u00e9b\u00e9cois de recherche en \u00e9conomie circulaire"}]},{"@type":"WebSite","@id":"https:\/\/www.uqac.ca\/uqactualites\/#website","url":"https:\/\/www.uqac.ca\/uqactualites\/","name":"UQACtualit\u00e9s","description":"Le portail des nouvelles de l&#039;UQAC","potentialAction":[{"@type":"SearchAction","target":{"@type":"EntryPoint","urlTemplate":"https:\/\/www.uqac.ca\/uqactualites\/?s={search_term_string}"},"query-input":{"@type":"PropertyValueSpecification","valueRequired":true,"valueName":"search_term_string"}}],"inLanguage":"fr-CA"},{"@type":"Person","@id":"https:\/\/www.uqac.ca\/uqactualites\/#\/schema\/person\/366c45a0c4f0e677b41b4af5886e2018","name":"Service des communications et des relations publiques","image":{"@type":"ImageObject","inLanguage":"fr-CA","@id":"https:\/\/www.uqac.ca\/uqactualites\/#\/schema\/person\/image\/","url":"https:\/\/secure.gravatar.com\/avatar\/20fbbda8a292f59f2d3461a5b999c00b?s=96&d=mm&r=g","contentUrl":"https:\/\/secure.gravatar.com\/avatar\/20fbbda8a292f59f2d3461a5b999c00b?s=96&d=mm&r=g","caption":"Service des communications et des relations publiques"},"url":"https:\/\/www.uqac.ca\/uqactualites\/author\/bap\/"}]}},"_links":{"self":[{"href":"https:\/\/www.uqac.ca\/uqactualites\/wp-json\/wp\/v2\/posts\/40411"}],"collection":[{"href":"https:\/\/www.uqac.ca\/uqactualites\/wp-json\/wp\/v2\/posts"}],"about":[{"href":"https:\/\/www.uqac.ca\/uqactualites\/wp-json\/wp\/v2\/types\/post"}],"author":[{"embeddable":true,"href":"https:\/\/www.uqac.ca\/uqactualites\/wp-json\/wp\/v2\/users\/5"}],"replies":[{"embeddable":true,"href":"https:\/\/www.uqac.ca\/uqactualites\/wp-json\/wp\/v2\/comments?post=40411"}],"version-history":[{"count":0,"href":"https:\/\/www.uqac.ca\/uqactualites\/wp-json\/wp\/v2\/posts\/40411\/revisions"}],"wp:featuredmedia":[{"embeddable":true,"href":"https:\/\/www.uqac.ca\/uqactualites\/wp-json\/wp\/v2\/media\/33598"}],"wp:attachment":[{"href":"https:\/\/www.uqac.ca\/uqactualites\/wp-json\/wp\/v2\/media?parent=40411"}],"wp:term":[{"taxonomy":"category","embeddable":true,"href":"https:\/\/www.uqac.ca\/uqactualites\/wp-json\/wp\/v2\/categories?post=40411"},{"taxonomy":"post_tag","embeddable":true,"href":"https:\/\/www.uqac.ca\/uqactualites\/wp-json\/wp\/v2\/tags?post=40411"}],"curies":[{"name":"wp","href":"https:\/\/api.w.org\/{rel}","templated":true}]}}