{"id":40866,"date":"2021-12-07T08:51:21","date_gmt":"2021-12-07T13:51:21","guid":{"rendered":"https:\/\/www.uqac.ca\/?p=40866"},"modified":"2021-12-07T08:51:21","modified_gmt":"2021-12-07T13:51:21","slug":"m-dany-lefrancois-est-invite-a-enseigner-deux-cours-de-theatre-au-module-des-arts-de-luqac","status":"publish","type":"post","link":"https:\/\/www.uqac.ca\/uqactualites\/2021\/12\/07\/m-dany-lefrancois-est-invite-a-enseigner-deux-cours-de-theatre-au-module-des-arts-de-luqac\/","title":{"rendered":"M. Dany Lefran\u00e7ois est invit\u00e9 \u00e0 enseigner deux cours de th\u00e9\u00e2tre au Module des arts de l&rsquo;UQAC"},"content":{"rendered":"<p>Le Module des arts de l\u2019UQAC est heureux d\u2019annoncer la venue de M. Dany Lefran\u00e7ois, co-directeur du Festival international des arts de la marionnette \u00e0 Saguenay et de la compagnie de th\u00e9\u00e2tre La Tortue Noire, pour le trimestre d\u2019hiver 2022.<\/p>\n<p>Il est invit\u00e9 \u00e0 enseigner \u00e0 titre de personne de r\u00e9putation internationale les cours de th\u00e9\u00e2tre suivant\u00a0:<\/p>\n<p><strong\n>Atelier de conception th\u00e9\u00e2trale<\/strong> : <a href=\"https:\/\/cours.uqac.ca\/7THE232\">https:\/\/cours.uqac.ca\/7THE232<\/a><\/p>\n<p><strong\n>Atelier de cr\u00e9ation th\u00e9\u00e2trale<\/strong> : <a href=\"https:\/\/cours.uqac.ca\/7THE130\">https:\/\/cours.uqac.ca\/7THE130<\/a><\/p>\n<p>Quelques places encore disponibles.<\/p>\n<p><strong>Biographie:<\/strong><\/p>\n<p>Dipl\u00f4m\u00e9 en arts interdisciplinaires \u00e0 l\u2019UQAC depuis 2001, Dany Lefran\u00e7ois a perfectionn\u00e9 sa formation au Conservatoire d\u2019art dramatique de Qu\u00e9bec en 2003. Depuis, il a d\u00e9velopp\u00e9 une carri\u00e8re artistique au sein de plusieurs compagnies th\u00e9\u00e2trales o\u00f9 il a occup\u00e9 les postes de metteur en sc\u00e8ne, d\u2019acteur ou de marionnettiste. La d\u00e9marche artistique de Dany Lefran\u00e7ois est aujourd\u2019hui ax\u00e9e sur la recherche-cr\u00e9ation en th\u00e9\u00e2tre, sp\u00e9cialis\u00e9e en arts de la marionnette contemporaine, incluant le th\u00e9\u00e2tre d\u2019ombres, le th\u00e9\u00e2tre d\u2019objets, le th\u00e9\u00e2tre de figures et le th\u00e9\u00e2tre de mati\u00e8res, sans oublier le travail corporel et le jeu d\u2019acteurs. Il est cofondateur, directeur artistique et cr\u00e9ateur au sein de la compagnie La Tortue Noire. En plus de signer plusieurs mises en sc\u00e8ne, il est interpr\u00e8te dans de nombreux spectacles. Ses oeuvres rayonnent internationalement et sont, pour la plupart, diffus\u00e9es dans diff\u00e9rents pays pendant de nombreuses ann\u00e9es. \u00c0 titre de codirecteur artistique du Festival international des arts de la marionnette \u00e0 Saguenay (FIAMS) depuis 2013, il a contribu\u00e9 \u00e0 la r\u00e9alisation des quatre derni\u00e8res biennales de l\u2019\u00e9v\u00e9nement. Au cours de la derni\u00e8re d\u00e9cennie, il a dirig\u00e9 deux formations professionnelles dans la ville de Guadalajara au Mexique. Il a \u00e9galement \u00e9t\u00e9 collaborateur au sein de certains projets de la Chaire de recherche du Canada pour une dramaturgie sonore au th\u00e9\u00e2tre. Plus r\u00e9cemment, il a offert plusieurs ateliers et formations en arts de la marionnette pour divers organismes et conservatoires de la Ville de Paris. Dany Lefran\u00e7ois a \u00e9t\u00e9 co-r\u00e9cipiendaire d\u2019un Masque de la contribution sp\u00e9ciale d\u00e9cern\u00e9 par l\u2019Acad\u00e9mie qu\u00e9b\u00e9coise du th\u00e9\u00e2tre et r\u00e9cipiendaire d\u2019un prix Contribution artistique remis par le Conseil r\u00e9gional de la culture. Plus r\u00e9cemment, il a \u00e9t\u00e9 r\u00e9cipiendaire du Prix Cr\u00e9ateur de l\u2019ann\u00e9e remis par le Conseil des arts et des lettres du Qu\u00e9bec.<\/p>\n","protected":false},"excerpt":{"rendered":"<p>Le Module des arts de l\u2019UQAC est heureux d\u2019annoncer la venue de M. Dany Lefran\u00e7ois, co-directeur du Festival international des arts de la marionnette \u00e0 Saguenay et de la compagnie de th\u00e9\u00e2tre La Tortue Noire, pour le trimestre d\u2019hiver 2022. Il est invit\u00e9 \u00e0 enseigner \u00e0 titre de personne de r\u00e9putation internationale les cours de [&hellip;]<\/p>\n","protected":false},"author":5,"featured_media":40867,"comment_status":"closed","ping_status":"open","sticky":false,"template":"","format":"standard","meta":{"footnotes":""},"categories":[2],"tags":[39,205],"yoast_head":"<!-- This site is optimized with the Yoast SEO plugin v24.2 - https:\/\/yoast.com\/wordpress\/plugins\/seo\/ -->\r\n<title>M. Dany Lefran\u00e7ois est invit\u00e9 \u00e0 enseigner deux cours de th\u00e9\u00e2tre au Module des arts de l&#039;UQAC - UQACtualit\u00e9s<\/title>\r\n<meta name=\"robots\" content=\"index, follow, max-snippet:-1, max-image-preview:large, max-video-preview:-1\" \/>\r\n<link rel=\"canonical\" href=\"https:\/\/www.uqac.ca\/uqactualites\/2021\/12\/07\/m-dany-lefrancois-est-invite-a-enseigner-deux-cours-de-theatre-au-module-des-arts-de-luqac\/\" \/>\r\n<meta property=\"og:locale\" content=\"fr_CA\" \/>\r\n<meta property=\"og:type\" content=\"article\" \/>\r\n<meta property=\"og:title\" content=\"M. Dany Lefran\u00e7ois est invit\u00e9 \u00e0 enseigner deux cours de th\u00e9\u00e2tre au Module des arts de l&#039;UQAC - UQACtualit\u00e9s\" \/>\r\n<meta property=\"og:description\" content=\"Le Module des arts de l\u2019UQAC est heureux d\u2019annoncer la venue de M. Dany Lefran\u00e7ois, co-directeur du Festival international des arts de la marionnette \u00e0 Saguenay et de la compagnie de th\u00e9\u00e2tre La Tortue Noire, pour le trimestre d\u2019hiver 2022. Il est invit\u00e9 \u00e0 enseigner \u00e0 titre de personne de r\u00e9putation internationale les cours de [&hellip;]\" \/>\r\n<meta property=\"og:url\" content=\"https:\/\/www.uqac.ca\/uqactualites\/2021\/12\/07\/m-dany-lefrancois-est-invite-a-enseigner-deux-cours-de-theatre-au-module-des-arts-de-luqac\/\" \/>\r\n<meta property=\"og:site_name\" content=\"UQACtualit\u00e9s\" \/>\r\n<meta property=\"article:published_time\" content=\"2021-12-07T13:51:21+00:00\" \/>\r\n<meta property=\"og:image\" content=\"https:\/\/www.uqac.ca\/uqactualites\/wp-content\/uploads\/2021\/12\/Dany-Lefran\u00e7ois-scaled.jpeg\" \/>\r\n\t<meta property=\"og:image:width\" content=\"1707\" \/>\r\n\t<meta property=\"og:image:height\" content=\"2560\" \/>\r\n\t<meta property=\"og:image:type\" content=\"image\/jpeg\" \/>\r\n<meta name=\"author\" content=\"Service des communications et des relations publiques\" \/>\r\n<meta name=\"twitter:card\" content=\"summary_large_image\" \/>\r\n<meta name=\"twitter:label1\" content=\"\u00c9crit par\" \/>\n\t<meta name=\"twitter:data1\" content=\"Service des communications et des relations publiques\" \/>\n\t<meta name=\"twitter:label2\" content=\"Estimation du temps de lecture\" \/>\n\t<meta name=\"twitter:data2\" content=\"2 minutes\" \/>\r\n<script type=\"application\/ld+json\" class=\"yoast-schema-graph\">{\"@context\":\"https:\/\/schema.org\",\"@graph\":[{\"@type\":\"WebPage\",\"@id\":\"https:\/\/www.uqac.ca\/uqactualites\/2021\/12\/07\/m-dany-lefrancois-est-invite-a-enseigner-deux-cours-de-theatre-au-module-des-arts-de-luqac\/\",\"url\":\"https:\/\/www.uqac.ca\/uqactualites\/2021\/12\/07\/m-dany-lefrancois-est-invite-a-enseigner-deux-cours-de-theatre-au-module-des-arts-de-luqac\/\",\"name\":\"M. Dany Lefran\u00e7ois est invit\u00e9 \u00e0 enseigner deux cours de th\u00e9\u00e2tre au Module des arts de l'UQAC - UQACtualit\u00e9s\",\"isPartOf\":{\"@id\":\"https:\/\/www.uqac.ca\/uqactualites\/#website\"},\"primaryImageOfPage\":{\"@id\":\"https:\/\/www.uqac.ca\/uqactualites\/2021\/12\/07\/m-dany-lefrancois-est-invite-a-enseigner-deux-cours-de-theatre-au-module-des-arts-de-luqac\/#primaryimage\"},\"image\":{\"@id\":\"https:\/\/www.uqac.ca\/uqactualites\/2021\/12\/07\/m-dany-lefrancois-est-invite-a-enseigner-deux-cours-de-theatre-au-module-des-arts-de-luqac\/#primaryimage\"},\"thumbnailUrl\":\"https:\/\/www.uqac.ca\/uqactualites\/wp-content\/uploads\/2021\/12\/Dany-Lefran\u00e7ois-scaled.jpeg\",\"datePublished\":\"2021-12-07T13:51:21+00:00\",\"dateModified\":\"2021-12-07T13:51:21+00:00\",\"author\":{\"@id\":\"https:\/\/www.uqac.ca\/uqactualites\/#\/schema\/person\/366c45a0c4f0e677b41b4af5886e2018\"},\"breadcrumb\":{\"@id\":\"https:\/\/www.uqac.ca\/uqactualites\/2021\/12\/07\/m-dany-lefrancois-est-invite-a-enseigner-deux-cours-de-theatre-au-module-des-arts-de-luqac\/#breadcrumb\"},\"inLanguage\":\"fr-CA\",\"potentialAction\":[{\"@type\":\"ReadAction\",\"target\":[\"https:\/\/www.uqac.ca\/uqactualites\/2021\/12\/07\/m-dany-lefrancois-est-invite-a-enseigner-deux-cours-de-theatre-au-module-des-arts-de-luqac\/\"]}]},{\"@type\":\"ImageObject\",\"inLanguage\":\"fr-CA\",\"@id\":\"https:\/\/www.uqac.ca\/uqactualites\/2021\/12\/07\/m-dany-lefrancois-est-invite-a-enseigner-deux-cours-de-theatre-au-module-des-arts-de-luqac\/#primaryimage\",\"url\":\"https:\/\/www.uqac.ca\/uqactualites\/wp-content\/uploads\/2021\/12\/Dany-Lefran\u00e7ois-scaled.jpeg\",\"contentUrl\":\"https:\/\/www.uqac.ca\/uqactualites\/wp-content\/uploads\/2021\/12\/Dany-Lefran\u00e7ois-scaled.jpeg\",\"width\":1707,\"height\":2560},{\"@type\":\"BreadcrumbList\",\"@id\":\"https:\/\/www.uqac.ca\/uqactualites\/2021\/12\/07\/m-dany-lefrancois-est-invite-a-enseigner-deux-cours-de-theatre-au-module-des-arts-de-luqac\/#breadcrumb\",\"itemListElement\":[{\"@type\":\"ListItem\",\"position\":1,\"name\":\"Home\",\"item\":\"https:\/\/www.uqac.ca\/uqactualites\/\"},{\"@type\":\"ListItem\",\"position\":2,\"name\":\"M. Dany Lefran\u00e7ois est invit\u00e9 \u00e0 enseigner deux cours de th\u00e9\u00e2tre au Module des arts de l&rsquo;UQAC\"}]},{\"@type\":\"WebSite\",\"@id\":\"https:\/\/www.uqac.ca\/uqactualites\/#website\",\"url\":\"https:\/\/www.uqac.ca\/uqactualites\/\",\"name\":\"UQACtualit\u00e9s\",\"description\":\"Le portail des nouvelles de l&#039;UQAC\",\"potentialAction\":[{\"@type\":\"SearchAction\",\"target\":{\"@type\":\"EntryPoint\",\"urlTemplate\":\"https:\/\/www.uqac.ca\/uqactualites\/?s={search_term_string}\"},\"query-input\":{\"@type\":\"PropertyValueSpecification\",\"valueRequired\":true,\"valueName\":\"search_term_string\"}}],\"inLanguage\":\"fr-CA\"},{\"@type\":\"Person\",\"@id\":\"https:\/\/www.uqac.ca\/uqactualites\/#\/schema\/person\/366c45a0c4f0e677b41b4af5886e2018\",\"name\":\"Service des communications et des relations publiques\",\"image\":{\"@type\":\"ImageObject\",\"inLanguage\":\"fr-CA\",\"@id\":\"https:\/\/www.uqac.ca\/uqactualites\/#\/schema\/person\/image\/\",\"url\":\"https:\/\/secure.gravatar.com\/avatar\/20fbbda8a292f59f2d3461a5b999c00b?s=96&d=mm&r=g\",\"contentUrl\":\"https:\/\/secure.gravatar.com\/avatar\/20fbbda8a292f59f2d3461a5b999c00b?s=96&d=mm&r=g\",\"caption\":\"Service des communications et des relations publiques\"},\"url\":\"https:\/\/www.uqac.ca\/uqactualites\/author\/bap\/\"}]}<\/script>\r\n<!-- \/ Yoast SEO plugin. -->","yoast_head_json":{"title":"M. Dany Lefran\u00e7ois est invit\u00e9 \u00e0 enseigner deux cours de th\u00e9\u00e2tre au Module des arts de l'UQAC - UQACtualit\u00e9s","robots":{"index":"index","follow":"follow","max-snippet":"max-snippet:-1","max-image-preview":"max-image-preview:large","max-video-preview":"max-video-preview:-1"},"canonical":"https:\/\/www.uqac.ca\/uqactualites\/2021\/12\/07\/m-dany-lefrancois-est-invite-a-enseigner-deux-cours-de-theatre-au-module-des-arts-de-luqac\/","og_locale":"fr_CA","og_type":"article","og_title":"M. Dany Lefran\u00e7ois est invit\u00e9 \u00e0 enseigner deux cours de th\u00e9\u00e2tre au Module des arts de l'UQAC - UQACtualit\u00e9s","og_description":"Le Module des arts de l\u2019UQAC est heureux d\u2019annoncer la venue de M. Dany Lefran\u00e7ois, co-directeur du Festival international des arts de la marionnette \u00e0 Saguenay et de la compagnie de th\u00e9\u00e2tre La Tortue Noire, pour le trimestre d\u2019hiver 2022. Il est invit\u00e9 \u00e0 enseigner \u00e0 titre de personne de r\u00e9putation internationale les cours de [&hellip;]","og_url":"https:\/\/www.uqac.ca\/uqactualites\/2021\/12\/07\/m-dany-lefrancois-est-invite-a-enseigner-deux-cours-de-theatre-au-module-des-arts-de-luqac\/","og_site_name":"UQACtualit\u00e9s","article_published_time":"2021-12-07T13:51:21+00:00","og_image":[{"width":1707,"height":2560,"url":"https:\/\/www.uqac.ca\/uqactualites\/wp-content\/uploads\/2021\/12\/Dany-Lefran\u00e7ois-scaled.jpeg","type":"image\/jpeg"}],"author":"Service des communications et des relations publiques","twitter_card":"summary_large_image","twitter_misc":{"\u00c9crit par":"Service des communications et des relations publiques","Estimation du temps de lecture":"2 minutes"},"schema":{"@context":"https:\/\/schema.org","@graph":[{"@type":"WebPage","@id":"https:\/\/www.uqac.ca\/uqactualites\/2021\/12\/07\/m-dany-lefrancois-est-invite-a-enseigner-deux-cours-de-theatre-au-module-des-arts-de-luqac\/","url":"https:\/\/www.uqac.ca\/uqactualites\/2021\/12\/07\/m-dany-lefrancois-est-invite-a-enseigner-deux-cours-de-theatre-au-module-des-arts-de-luqac\/","name":"M. Dany Lefran\u00e7ois est invit\u00e9 \u00e0 enseigner deux cours de th\u00e9\u00e2tre au Module des arts de l'UQAC - UQACtualit\u00e9s","isPartOf":{"@id":"https:\/\/www.uqac.ca\/uqactualites\/#website"},"primaryImageOfPage":{"@id":"https:\/\/www.uqac.ca\/uqactualites\/2021\/12\/07\/m-dany-lefrancois-est-invite-a-enseigner-deux-cours-de-theatre-au-module-des-arts-de-luqac\/#primaryimage"},"image":{"@id":"https:\/\/www.uqac.ca\/uqactualites\/2021\/12\/07\/m-dany-lefrancois-est-invite-a-enseigner-deux-cours-de-theatre-au-module-des-arts-de-luqac\/#primaryimage"},"thumbnailUrl":"https:\/\/www.uqac.ca\/uqactualites\/wp-content\/uploads\/2021\/12\/Dany-Lefran\u00e7ois-scaled.jpeg","datePublished":"2021-12-07T13:51:21+00:00","dateModified":"2021-12-07T13:51:21+00:00","author":{"@id":"https:\/\/www.uqac.ca\/uqactualites\/#\/schema\/person\/366c45a0c4f0e677b41b4af5886e2018"},"breadcrumb":{"@id":"https:\/\/www.uqac.ca\/uqactualites\/2021\/12\/07\/m-dany-lefrancois-est-invite-a-enseigner-deux-cours-de-theatre-au-module-des-arts-de-luqac\/#breadcrumb"},"inLanguage":"fr-CA","potentialAction":[{"@type":"ReadAction","target":["https:\/\/www.uqac.ca\/uqactualites\/2021\/12\/07\/m-dany-lefrancois-est-invite-a-enseigner-deux-cours-de-theatre-au-module-des-arts-de-luqac\/"]}]},{"@type":"ImageObject","inLanguage":"fr-CA","@id":"https:\/\/www.uqac.ca\/uqactualites\/2021\/12\/07\/m-dany-lefrancois-est-invite-a-enseigner-deux-cours-de-theatre-au-module-des-arts-de-luqac\/#primaryimage","url":"https:\/\/www.uqac.ca\/uqactualites\/wp-content\/uploads\/2021\/12\/Dany-Lefran\u00e7ois-scaled.jpeg","contentUrl":"https:\/\/www.uqac.ca\/uqactualites\/wp-content\/uploads\/2021\/12\/Dany-Lefran\u00e7ois-scaled.jpeg","width":1707,"height":2560},{"@type":"BreadcrumbList","@id":"https:\/\/www.uqac.ca\/uqactualites\/2021\/12\/07\/m-dany-lefrancois-est-invite-a-enseigner-deux-cours-de-theatre-au-module-des-arts-de-luqac\/#breadcrumb","itemListElement":[{"@type":"ListItem","position":1,"name":"Home","item":"https:\/\/www.uqac.ca\/uqactualites\/"},{"@type":"ListItem","position":2,"name":"M. Dany Lefran\u00e7ois est invit\u00e9 \u00e0 enseigner deux cours de th\u00e9\u00e2tre au Module des arts de l&rsquo;UQAC"}]},{"@type":"WebSite","@id":"https:\/\/www.uqac.ca\/uqactualites\/#website","url":"https:\/\/www.uqac.ca\/uqactualites\/","name":"UQACtualit\u00e9s","description":"Le portail des nouvelles de l&#039;UQAC","potentialAction":[{"@type":"SearchAction","target":{"@type":"EntryPoint","urlTemplate":"https:\/\/www.uqac.ca\/uqactualites\/?s={search_term_string}"},"query-input":{"@type":"PropertyValueSpecification","valueRequired":true,"valueName":"search_term_string"}}],"inLanguage":"fr-CA"},{"@type":"Person","@id":"https:\/\/www.uqac.ca\/uqactualites\/#\/schema\/person\/366c45a0c4f0e677b41b4af5886e2018","name":"Service des communications et des relations publiques","image":{"@type":"ImageObject","inLanguage":"fr-CA","@id":"https:\/\/www.uqac.ca\/uqactualites\/#\/schema\/person\/image\/","url":"https:\/\/secure.gravatar.com\/avatar\/20fbbda8a292f59f2d3461a5b999c00b?s=96&d=mm&r=g","contentUrl":"https:\/\/secure.gravatar.com\/avatar\/20fbbda8a292f59f2d3461a5b999c00b?s=96&d=mm&r=g","caption":"Service des communications et des relations publiques"},"url":"https:\/\/www.uqac.ca\/uqactualites\/author\/bap\/"}]}},"_links":{"self":[{"href":"https:\/\/www.uqac.ca\/uqactualites\/wp-json\/wp\/v2\/posts\/40866"}],"collection":[{"href":"https:\/\/www.uqac.ca\/uqactualites\/wp-json\/wp\/v2\/posts"}],"about":[{"href":"https:\/\/www.uqac.ca\/uqactualites\/wp-json\/wp\/v2\/types\/post"}],"author":[{"embeddable":true,"href":"https:\/\/www.uqac.ca\/uqactualites\/wp-json\/wp\/v2\/users\/5"}],"replies":[{"embeddable":true,"href":"https:\/\/www.uqac.ca\/uqactualites\/wp-json\/wp\/v2\/comments?post=40866"}],"version-history":[{"count":0,"href":"https:\/\/www.uqac.ca\/uqactualites\/wp-json\/wp\/v2\/posts\/40866\/revisions"}],"wp:featuredmedia":[{"embeddable":true,"href":"https:\/\/www.uqac.ca\/uqactualites\/wp-json\/wp\/v2\/media\/40867"}],"wp:attachment":[{"href":"https:\/\/www.uqac.ca\/uqactualites\/wp-json\/wp\/v2\/media?parent=40866"}],"wp:term":[{"taxonomy":"category","embeddable":true,"href":"https:\/\/www.uqac.ca\/uqactualites\/wp-json\/wp\/v2\/categories?post=40866"},{"taxonomy":"post_tag","embeddable":true,"href":"https:\/\/www.uqac.ca\/uqactualites\/wp-json\/wp\/v2\/tags?post=40866"}],"curies":[{"name":"wp","href":"https:\/\/api.w.org\/{rel}","templated":true}]}}