{"id":40890,"date":"2021-12-08T09:50:33","date_gmt":"2021-12-08T14:50:33","guid":{"rendered":"https:\/\/www.uqac.ca\/?p=40890"},"modified":"2021-12-08T09:50:33","modified_gmt":"2021-12-08T14:50:33","slug":"le-professeur-damien-hallegatte-publie-un-nouvel-ouvrage-sur-la-consommation","status":"publish","type":"post","link":"https:\/\/www.uqac.ca\/uqactualites\/2021\/12\/08\/le-professeur-damien-hallegatte-publie-un-nouvel-ouvrage-sur-la-consommation\/","title":{"rendered":"Le professeur Damien Hallegatte publie un nouvel ouvrage sur la consommation"},"content":{"rendered":"<p>Le professeur au D\u00e9partement des sciences \u00e9conomiques et administratives de l\u2019UQAC, Damien Hallegatte, lance un nouvel ouvrage intitul\u00e9 <a href=\"http:\/\/www.editionsliber.com\/catalogue.php?p=934\">La consommation, ou les noces de l\u2019humanit\u00e9 et du march\u00e9<\/a>.<\/p>\n<p>Publi\u00e9 aux \u00e9ditions Liber et disponible en librairie d\u00e8s aujourd\u2019hui, ce livre mise sur l\u2019\u00e9ducation citoyenne en d\u00e9crivant l\u2019essence m\u00eame de la consommation et de ses m\u00e9canismes (publicit\u00e9, marketing, programmes de fid\u00e9lisation, etc.). En ce sens, il promet d\u2019enrichir les r\u00e9flexions sur l\u2019un des plus importants d\u00e9bats de notre soci\u00e9t\u00e9.<\/p>\n<p><strong>Consommer, est-ce exercer son libre arbitre?<\/strong> En associant ces deux actes sans nuance, on donne des munitions \u00e0 un discours n\u00e9olib\u00e9ral cherchant \u00e0 rendre caduque toute tentative s\u00e9rieuse de critiquer la consommation. Sp\u00e9cialiste du marketing, Damien Hallegatte confronte de plein fouet, \u00e0 travers cette publication, ce pr\u00e9suppos\u00e9. Plus que de montrer qu\u2019une critique de la consommation n\u2019est pas un r\u00e9quisitoire contre la libert\u00e9 individuelle, c\u2019est une rigoureuse analyse du march\u00e9 qu\u2019il d\u00e9ploie dans ce nouvel ouvrage.<\/p>\n<p>Rappelons qu\u2019en 2019, Damien Hallegatte a \u00e9galement publi\u00e9 chez Liber le livre intitul\u00e9 <a href=\"http:\/\/www.editionsliber.com\/catalogue.php?p=878\">Le pi\u00e8ge de la soci\u00e9t\u00e9 de consommation<\/a>.<\/p>\n<p>&nbsp;<\/p>\n<p>&nbsp;<\/p>\n","protected":false},"excerpt":{"rendered":"<p>Le professeur au D\u00e9partement des sciences \u00e9conomiques et administratives de l\u2019UQAC, Damien Hallegatte, lance un nouvel ouvrage intitul\u00e9 La consommation, ou les noces de l\u2019humanit\u00e9 et du march\u00e9. Publi\u00e9 aux \u00e9ditions Liber et disponible en librairie d\u00e8s aujourd\u2019hui, ce livre mise sur l\u2019\u00e9ducation citoyenne en d\u00e9crivant l\u2019essence m\u00eame de la consommation et de ses m\u00e9canismes [&hellip;]<\/p>\n","protected":false},"author":5,"featured_media":40894,"comment_status":"closed","ping_status":"open","sticky":false,"template":"","format":"standard","meta":{"footnotes":""},"categories":[2,25,4],"tags":[8],"yoast_head":"<!-- This site is optimized with the Yoast SEO plugin v24.2 - https:\/\/yoast.com\/wordpress\/plugins\/seo\/ -->\r\n<title>Le professeur Damien Hallegatte publie un nouvel ouvrage sur la consommation - UQACtualit\u00e9s<\/title>\r\n<meta name=\"robots\" content=\"index, follow, max-snippet:-1, max-image-preview:large, max-video-preview:-1\" \/>\r\n<link rel=\"canonical\" href=\"https:\/\/www.uqac.ca\/uqactualites\/2021\/12\/08\/le-professeur-damien-hallegatte-publie-un-nouvel-ouvrage-sur-la-consommation\/\" \/>\r\n<meta property=\"og:locale\" content=\"fr_CA\" \/>\r\n<meta property=\"og:type\" content=\"article\" \/>\r\n<meta property=\"og:title\" content=\"Le professeur Damien Hallegatte publie un nouvel ouvrage sur la consommation - UQACtualit\u00e9s\" \/>\r\n<meta property=\"og:description\" content=\"Le professeur au D\u00e9partement des sciences \u00e9conomiques et administratives de l\u2019UQAC, Damien Hallegatte, lance un nouvel ouvrage intitul\u00e9 La consommation, ou les noces de l\u2019humanit\u00e9 et du march\u00e9. Publi\u00e9 aux \u00e9ditions Liber et disponible en librairie d\u00e8s aujourd\u2019hui, ce livre mise sur l\u2019\u00e9ducation citoyenne en d\u00e9crivant l\u2019essence m\u00eame de la consommation et de ses m\u00e9canismes [&hellip;]\" \/>\r\n<meta property=\"og:url\" content=\"https:\/\/www.uqac.ca\/uqactualites\/2021\/12\/08\/le-professeur-damien-hallegatte-publie-un-nouvel-ouvrage-sur-la-consommation\/\" \/>\r\n<meta property=\"og:site_name\" content=\"UQACtualit\u00e9s\" \/>\r\n<meta property=\"article:published_time\" content=\"2021-12-08T14:50:33+00:00\" \/>\r\n<meta property=\"og:image\" content=\"https:\/\/www.uqac.ca\/uqactualites\/wp-content\/uploads\/2021\/12\/@ctu_Livre_DamienHallegatte_A21.jpg\" \/>\r\n\t<meta property=\"og:image:width\" content=\"720\" \/>\r\n\t<meta property=\"og:image:height\" content=\"447\" \/>\r\n\t<meta property=\"og:image:type\" content=\"image\/jpeg\" \/>\r\n<meta name=\"author\" content=\"Service des communications et des relations publiques\" \/>\r\n<meta name=\"twitter:card\" content=\"summary_large_image\" \/>\r\n<meta name=\"twitter:label1\" content=\"\u00c9crit par\" \/>\n\t<meta name=\"twitter:data1\" content=\"Service des communications et des relations publiques\" \/>\n\t<meta name=\"twitter:label2\" content=\"Estimation du temps de lecture\" \/>\n\t<meta name=\"twitter:data2\" content=\"1 minute\" \/>\r\n<script type=\"application\/ld+json\" class=\"yoast-schema-graph\">{\"@context\":\"https:\/\/schema.org\",\"@graph\":[{\"@type\":\"WebPage\",\"@id\":\"https:\/\/www.uqac.ca\/uqactualites\/2021\/12\/08\/le-professeur-damien-hallegatte-publie-un-nouvel-ouvrage-sur-la-consommation\/\",\"url\":\"https:\/\/www.uqac.ca\/uqactualites\/2021\/12\/08\/le-professeur-damien-hallegatte-publie-un-nouvel-ouvrage-sur-la-consommation\/\",\"name\":\"Le professeur Damien Hallegatte publie un nouvel ouvrage sur la consommation - UQACtualit\u00e9s\",\"isPartOf\":{\"@id\":\"https:\/\/www.uqac.ca\/uqactualites\/#website\"},\"primaryImageOfPage\":{\"@id\":\"https:\/\/www.uqac.ca\/uqactualites\/2021\/12\/08\/le-professeur-damien-hallegatte-publie-un-nouvel-ouvrage-sur-la-consommation\/#primaryimage\"},\"image\":{\"@id\":\"https:\/\/www.uqac.ca\/uqactualites\/2021\/12\/08\/le-professeur-damien-hallegatte-publie-un-nouvel-ouvrage-sur-la-consommation\/#primaryimage\"},\"thumbnailUrl\":\"https:\/\/www.uqac.ca\/uqactualites\/wp-content\/uploads\/2021\/12\/@ctu_Livre_DamienHallegatte_A21.jpg\",\"datePublished\":\"2021-12-08T14:50:33+00:00\",\"dateModified\":\"2021-12-08T14:50:33+00:00\",\"author\":{\"@id\":\"https:\/\/www.uqac.ca\/uqactualites\/#\/schema\/person\/366c45a0c4f0e677b41b4af5886e2018\"},\"breadcrumb\":{\"@id\":\"https:\/\/www.uqac.ca\/uqactualites\/2021\/12\/08\/le-professeur-damien-hallegatte-publie-un-nouvel-ouvrage-sur-la-consommation\/#breadcrumb\"},\"inLanguage\":\"fr-CA\",\"potentialAction\":[{\"@type\":\"ReadAction\",\"target\":[\"https:\/\/www.uqac.ca\/uqactualites\/2021\/12\/08\/le-professeur-damien-hallegatte-publie-un-nouvel-ouvrage-sur-la-consommation\/\"]}]},{\"@type\":\"ImageObject\",\"inLanguage\":\"fr-CA\",\"@id\":\"https:\/\/www.uqac.ca\/uqactualites\/2021\/12\/08\/le-professeur-damien-hallegatte-publie-un-nouvel-ouvrage-sur-la-consommation\/#primaryimage\",\"url\":\"https:\/\/www.uqac.ca\/uqactualites\/wp-content\/uploads\/2021\/12\/@ctu_Livre_DamienHallegatte_A21.jpg\",\"contentUrl\":\"https:\/\/www.uqac.ca\/uqactualites\/wp-content\/uploads\/2021\/12\/@ctu_Livre_DamienHallegatte_A21.jpg\",\"width\":720,\"height\":447},{\"@type\":\"BreadcrumbList\",\"@id\":\"https:\/\/www.uqac.ca\/uqactualites\/2021\/12\/08\/le-professeur-damien-hallegatte-publie-un-nouvel-ouvrage-sur-la-consommation\/#breadcrumb\",\"itemListElement\":[{\"@type\":\"ListItem\",\"position\":1,\"name\":\"Home\",\"item\":\"https:\/\/www.uqac.ca\/uqactualites\/\"},{\"@type\":\"ListItem\",\"position\":2,\"name\":\"Le professeur Damien Hallegatte publie un nouvel ouvrage sur la consommation\"}]},{\"@type\":\"WebSite\",\"@id\":\"https:\/\/www.uqac.ca\/uqactualites\/#website\",\"url\":\"https:\/\/www.uqac.ca\/uqactualites\/\",\"name\":\"UQACtualit\u00e9s\",\"description\":\"Le portail des nouvelles de l&#039;UQAC\",\"potentialAction\":[{\"@type\":\"SearchAction\",\"target\":{\"@type\":\"EntryPoint\",\"urlTemplate\":\"https:\/\/www.uqac.ca\/uqactualites\/?s={search_term_string}\"},\"query-input\":{\"@type\":\"PropertyValueSpecification\",\"valueRequired\":true,\"valueName\":\"search_term_string\"}}],\"inLanguage\":\"fr-CA\"},{\"@type\":\"Person\",\"@id\":\"https:\/\/www.uqac.ca\/uqactualites\/#\/schema\/person\/366c45a0c4f0e677b41b4af5886e2018\",\"name\":\"Service des communications et des relations publiques\",\"image\":{\"@type\":\"ImageObject\",\"inLanguage\":\"fr-CA\",\"@id\":\"https:\/\/www.uqac.ca\/uqactualites\/#\/schema\/person\/image\/\",\"url\":\"https:\/\/secure.gravatar.com\/avatar\/20fbbda8a292f59f2d3461a5b999c00b?s=96&d=mm&r=g\",\"contentUrl\":\"https:\/\/secure.gravatar.com\/avatar\/20fbbda8a292f59f2d3461a5b999c00b?s=96&d=mm&r=g\",\"caption\":\"Service des communications et des relations publiques\"},\"url\":\"https:\/\/www.uqac.ca\/uqactualites\/author\/bap\/\"}]}<\/script>\r\n<!-- \/ Yoast SEO plugin. -->","yoast_head_json":{"title":"Le professeur Damien Hallegatte publie un nouvel ouvrage sur la consommation - UQACtualit\u00e9s","robots":{"index":"index","follow":"follow","max-snippet":"max-snippet:-1","max-image-preview":"max-image-preview:large","max-video-preview":"max-video-preview:-1"},"canonical":"https:\/\/www.uqac.ca\/uqactualites\/2021\/12\/08\/le-professeur-damien-hallegatte-publie-un-nouvel-ouvrage-sur-la-consommation\/","og_locale":"fr_CA","og_type":"article","og_title":"Le professeur Damien Hallegatte publie un nouvel ouvrage sur la consommation - UQACtualit\u00e9s","og_description":"Le professeur au D\u00e9partement des sciences \u00e9conomiques et administratives de l\u2019UQAC, Damien Hallegatte, lance un nouvel ouvrage intitul\u00e9 La consommation, ou les noces de l\u2019humanit\u00e9 et du march\u00e9. Publi\u00e9 aux \u00e9ditions Liber et disponible en librairie d\u00e8s aujourd\u2019hui, ce livre mise sur l\u2019\u00e9ducation citoyenne en d\u00e9crivant l\u2019essence m\u00eame de la consommation et de ses m\u00e9canismes [&hellip;]","og_url":"https:\/\/www.uqac.ca\/uqactualites\/2021\/12\/08\/le-professeur-damien-hallegatte-publie-un-nouvel-ouvrage-sur-la-consommation\/","og_site_name":"UQACtualit\u00e9s","article_published_time":"2021-12-08T14:50:33+00:00","og_image":[{"width":720,"height":447,"url":"https:\/\/www.uqac.ca\/uqactualites\/wp-content\/uploads\/2021\/12\/@ctu_Livre_DamienHallegatte_A21.jpg","type":"image\/jpeg"}],"author":"Service des communications et des relations publiques","twitter_card":"summary_large_image","twitter_misc":{"\u00c9crit par":"Service des communications et des relations publiques","Estimation du temps de lecture":"1 minute"},"schema":{"@context":"https:\/\/schema.org","@graph":[{"@type":"WebPage","@id":"https:\/\/www.uqac.ca\/uqactualites\/2021\/12\/08\/le-professeur-damien-hallegatte-publie-un-nouvel-ouvrage-sur-la-consommation\/","url":"https:\/\/www.uqac.ca\/uqactualites\/2021\/12\/08\/le-professeur-damien-hallegatte-publie-un-nouvel-ouvrage-sur-la-consommation\/","name":"Le professeur Damien Hallegatte publie un nouvel ouvrage sur la consommation - UQACtualit\u00e9s","isPartOf":{"@id":"https:\/\/www.uqac.ca\/uqactualites\/#website"},"primaryImageOfPage":{"@id":"https:\/\/www.uqac.ca\/uqactualites\/2021\/12\/08\/le-professeur-damien-hallegatte-publie-un-nouvel-ouvrage-sur-la-consommation\/#primaryimage"},"image":{"@id":"https:\/\/www.uqac.ca\/uqactualites\/2021\/12\/08\/le-professeur-damien-hallegatte-publie-un-nouvel-ouvrage-sur-la-consommation\/#primaryimage"},"thumbnailUrl":"https:\/\/www.uqac.ca\/uqactualites\/wp-content\/uploads\/2021\/12\/@ctu_Livre_DamienHallegatte_A21.jpg","datePublished":"2021-12-08T14:50:33+00:00","dateModified":"2021-12-08T14:50:33+00:00","author":{"@id":"https:\/\/www.uqac.ca\/uqactualites\/#\/schema\/person\/366c45a0c4f0e677b41b4af5886e2018"},"breadcrumb":{"@id":"https:\/\/www.uqac.ca\/uqactualites\/2021\/12\/08\/le-professeur-damien-hallegatte-publie-un-nouvel-ouvrage-sur-la-consommation\/#breadcrumb"},"inLanguage":"fr-CA","potentialAction":[{"@type":"ReadAction","target":["https:\/\/www.uqac.ca\/uqactualites\/2021\/12\/08\/le-professeur-damien-hallegatte-publie-un-nouvel-ouvrage-sur-la-consommation\/"]}]},{"@type":"ImageObject","inLanguage":"fr-CA","@id":"https:\/\/www.uqac.ca\/uqactualites\/2021\/12\/08\/le-professeur-damien-hallegatte-publie-un-nouvel-ouvrage-sur-la-consommation\/#primaryimage","url":"https:\/\/www.uqac.ca\/uqactualites\/wp-content\/uploads\/2021\/12\/@ctu_Livre_DamienHallegatte_A21.jpg","contentUrl":"https:\/\/www.uqac.ca\/uqactualites\/wp-content\/uploads\/2021\/12\/@ctu_Livre_DamienHallegatte_A21.jpg","width":720,"height":447},{"@type":"BreadcrumbList","@id":"https:\/\/www.uqac.ca\/uqactualites\/2021\/12\/08\/le-professeur-damien-hallegatte-publie-un-nouvel-ouvrage-sur-la-consommation\/#breadcrumb","itemListElement":[{"@type":"ListItem","position":1,"name":"Home","item":"https:\/\/www.uqac.ca\/uqactualites\/"},{"@type":"ListItem","position":2,"name":"Le professeur Damien Hallegatte publie un nouvel ouvrage sur la consommation"}]},{"@type":"WebSite","@id":"https:\/\/www.uqac.ca\/uqactualites\/#website","url":"https:\/\/www.uqac.ca\/uqactualites\/","name":"UQACtualit\u00e9s","description":"Le portail des nouvelles de l&#039;UQAC","potentialAction":[{"@type":"SearchAction","target":{"@type":"EntryPoint","urlTemplate":"https:\/\/www.uqac.ca\/uqactualites\/?s={search_term_string}"},"query-input":{"@type":"PropertyValueSpecification","valueRequired":true,"valueName":"search_term_string"}}],"inLanguage":"fr-CA"},{"@type":"Person","@id":"https:\/\/www.uqac.ca\/uqactualites\/#\/schema\/person\/366c45a0c4f0e677b41b4af5886e2018","name":"Service des communications et des relations publiques","image":{"@type":"ImageObject","inLanguage":"fr-CA","@id":"https:\/\/www.uqac.ca\/uqactualites\/#\/schema\/person\/image\/","url":"https:\/\/secure.gravatar.com\/avatar\/20fbbda8a292f59f2d3461a5b999c00b?s=96&d=mm&r=g","contentUrl":"https:\/\/secure.gravatar.com\/avatar\/20fbbda8a292f59f2d3461a5b999c00b?s=96&d=mm&r=g","caption":"Service des communications et des relations publiques"},"url":"https:\/\/www.uqac.ca\/uqactualites\/author\/bap\/"}]}},"_links":{"self":[{"href":"https:\/\/www.uqac.ca\/uqactualites\/wp-json\/wp\/v2\/posts\/40890"}],"collection":[{"href":"https:\/\/www.uqac.ca\/uqactualites\/wp-json\/wp\/v2\/posts"}],"about":[{"href":"https:\/\/www.uqac.ca\/uqactualites\/wp-json\/wp\/v2\/types\/post"}],"author":[{"embeddable":true,"href":"https:\/\/www.uqac.ca\/uqactualites\/wp-json\/wp\/v2\/users\/5"}],"replies":[{"embeddable":true,"href":"https:\/\/www.uqac.ca\/uqactualites\/wp-json\/wp\/v2\/comments?post=40890"}],"version-history":[{"count":0,"href":"https:\/\/www.uqac.ca\/uqactualites\/wp-json\/wp\/v2\/posts\/40890\/revisions"}],"wp:featuredmedia":[{"embeddable":true,"href":"https:\/\/www.uqac.ca\/uqactualites\/wp-json\/wp\/v2\/media\/40894"}],"wp:attachment":[{"href":"https:\/\/www.uqac.ca\/uqactualites\/wp-json\/wp\/v2\/media?parent=40890"}],"wp:term":[{"taxonomy":"category","embeddable":true,"href":"https:\/\/www.uqac.ca\/uqactualites\/wp-json\/wp\/v2\/categories?post=40890"},{"taxonomy":"post_tag","embeddable":true,"href":"https:\/\/www.uqac.ca\/uqactualites\/wp-json\/wp\/v2\/tags?post=40890"}],"curies":[{"name":"wp","href":"https:\/\/api.w.org\/{rel}","templated":true}]}}