{"id":40911,"date":"2021-12-10T15:19:57","date_gmt":"2021-12-10T20:19:57","guid":{"rendered":"https:\/\/www.uqac.ca\/?p=40911"},"modified":"2021-12-10T15:19:57","modified_gmt":"2021-12-10T20:19:57","slug":"les-professeures-danielle-maltais-et-eve-pouliot-se-pencheront-sur-les-effets-de-la-pandemie-sur-les-jeunes-les-familles-et-les-ecoles-dans-les-regions-eloignees-du-pays","status":"publish","type":"post","link":"https:\/\/www.uqac.ca\/uqactualites\/2021\/12\/10\/les-professeures-danielle-maltais-et-eve-pouliot-se-pencheront-sur-les-effets-de-la-pandemie-sur-les-jeunes-les-familles-et-les-ecoles-dans-les-regions-eloignees-du-pays\/","title":{"rendered":"Les professeures Danielle Maltais et \u00c8ve Pouliot se pencheront sur les effets de la pand\u00e9mie sur les jeunes, les familles et les \u00e9coles dans les r\u00e9gions \u00e9loign\u00e9es du pays"},"content":{"rendered":"<p>Les professeures au d\u00e9partement des sciences humaines et sociales\u00a0<a href=\"http:\/\/www.uqac.ca\/portfolio\/evepouliot\/\" target=\"_blank\" rel=\"noopener\">\u00c8ve Pouliot<\/a>\u00a0et <a href=\"http:\/\/www.uqac.ca\/portfolio\/daniellemaltais\/\" target=\"_blank\" rel=\"noopener\">Danielle Maltais<\/a> de l\u2019UQAC obtiennent 81 269 $ en subvention des Instituts de recherche en sant\u00e9 du Canada (IRSC) pour comprendre et att\u00e9nuer les r\u00e9percussions de la pand\u00e9mie de COVID-19 sur les enfants, les adolescents et les familles au Canada. Accompagn\u00e9es de Patrick Giroux, professeur au D\u00e9partement des Sciences de l&rsquo;\u00e9ducation, de Yan Bilodeau, coordonnateur par int\u00e9rim au Centre des services scolaires De La Jonqui\u00e8re et de Pascal Gauthier, \u00e9tudiant \u00e0 la ma\u00eetrise en travail social, elles se pencheront sur les effets de la pand\u00e9mie sur les jeunes, les familles et les \u00e9coles dans les r\u00e9gions \u00e9loign\u00e9es du pays. Ce projet propose une avenue prometteuse afin de mieux comprendre les cons\u00e9quences de la pand\u00e9mie\u00a0chez les jeunes, les parents et le personnel scolaire en r\u00e9gion \u00e9loign\u00e9e, un\u00a0sujet encore peu \u00e9tudi\u00e9 \u00e0 ce jour.<\/p>\n<p>&nbsp;<\/p>\n<p>&nbsp;<\/p>\n","protected":false},"excerpt":{"rendered":"<p>Les professeures au d\u00e9partement des sciences humaines et sociales\u00a0\u00c8ve Pouliot\u00a0et Danielle Maltais de l\u2019UQAC obtiennent 81 269 $ en subvention des Instituts de recherche en sant\u00e9 du Canada (IRSC) pour comprendre et att\u00e9nuer les r\u00e9percussions de la pand\u00e9mie de COVID-19 sur les enfants, les adolescents et les familles au Canada. Accompagn\u00e9es de Patrick Giroux, professeur [&hellip;]<\/p>\n","protected":false},"author":5,"featured_media":40914,"comment_status":"closed","ping_status":"open","sticky":false,"template":"","format":"standard","meta":{"footnotes":""},"categories":[2,4],"tags":[],"yoast_head":"<!-- This site is optimized with the Yoast SEO plugin v24.2 - https:\/\/yoast.com\/wordpress\/plugins\/seo\/ -->\r\n<title>Les professeures Danielle Maltais et \u00c8ve Pouliot se pencheront sur les effets de la pand\u00e9mie sur les jeunes, les familles et les \u00e9coles dans les r\u00e9gions \u00e9loign\u00e9es du pays - UQACtualit\u00e9s<\/title>\r\n<meta name=\"robots\" content=\"index, follow, max-snippet:-1, max-image-preview:large, max-video-preview:-1\" \/>\r\n<link rel=\"canonical\" href=\"https:\/\/www.uqac.ca\/uqactualites\/2021\/12\/10\/les-professeures-danielle-maltais-et-eve-pouliot-se-pencheront-sur-les-effets-de-la-pandemie-sur-les-jeunes-les-familles-et-les-ecoles-dans-les-regions-eloignees-du-pays\/\" \/>\r\n<meta property=\"og:locale\" content=\"fr_CA\" \/>\r\n<meta property=\"og:type\" content=\"article\" \/>\r\n<meta property=\"og:title\" content=\"Les professeures Danielle Maltais et \u00c8ve Pouliot se pencheront sur les effets de la pand\u00e9mie sur les jeunes, les familles et les \u00e9coles dans les r\u00e9gions \u00e9loign\u00e9es du pays - UQACtualit\u00e9s\" \/>\r\n<meta property=\"og:description\" content=\"Les professeures au d\u00e9partement des sciences humaines et sociales\u00a0\u00c8ve Pouliot\u00a0et Danielle Maltais de l\u2019UQAC obtiennent 81 269 $ en subvention des Instituts de recherche en sant\u00e9 du Canada (IRSC) pour comprendre et att\u00e9nuer les r\u00e9percussions de la pand\u00e9mie de COVID-19 sur les enfants, les adolescents et les familles au Canada. Accompagn\u00e9es de Patrick Giroux, professeur [&hellip;]\" \/>\r\n<meta property=\"og:url\" content=\"https:\/\/www.uqac.ca\/uqactualites\/2021\/12\/10\/les-professeures-danielle-maltais-et-eve-pouliot-se-pencheront-sur-les-effets-de-la-pandemie-sur-les-jeunes-les-familles-et-les-ecoles-dans-les-regions-eloignees-du-pays\/\" \/>\r\n<meta property=\"og:site_name\" content=\"UQACtualit\u00e9s\" \/>\r\n<meta property=\"article:published_time\" content=\"2021-12-10T20:19:57+00:00\" \/>\r\n<meta property=\"og:image\" content=\"https:\/\/www.uqac.ca\/uqactualites\/wp-content\/uploads\/2021\/12\/Capture-d\u2019\u00e9cran-2021-12-10-151823-e1639167551900.jpg\" \/>\r\n\t<meta property=\"og:image:width\" content=\"649\" \/>\r\n\t<meta property=\"og:image:height\" content=\"448\" \/>\r\n\t<meta property=\"og:image:type\" content=\"image\/jpeg\" \/>\r\n<meta name=\"author\" content=\"Service des communications et des relations publiques\" \/>\r\n<meta name=\"twitter:card\" content=\"summary_large_image\" \/>\r\n<meta name=\"twitter:label1\" content=\"\u00c9crit par\" \/>\n\t<meta name=\"twitter:data1\" content=\"Service des communications et des relations publiques\" \/>\n\t<meta name=\"twitter:label2\" content=\"Estimation du temps de lecture\" \/>\n\t<meta name=\"twitter:data2\" content=\"1 minute\" \/>\r\n<script type=\"application\/ld+json\" class=\"yoast-schema-graph\">{\"@context\":\"https:\/\/schema.org\",\"@graph\":[{\"@type\":\"WebPage\",\"@id\":\"https:\/\/www.uqac.ca\/uqactualites\/2021\/12\/10\/les-professeures-danielle-maltais-et-eve-pouliot-se-pencheront-sur-les-effets-de-la-pandemie-sur-les-jeunes-les-familles-et-les-ecoles-dans-les-regions-eloignees-du-pays\/\",\"url\":\"https:\/\/www.uqac.ca\/uqactualites\/2021\/12\/10\/les-professeures-danielle-maltais-et-eve-pouliot-se-pencheront-sur-les-effets-de-la-pandemie-sur-les-jeunes-les-familles-et-les-ecoles-dans-les-regions-eloignees-du-pays\/\",\"name\":\"Les professeures Danielle Maltais et \u00c8ve Pouliot se pencheront sur les effets de la pand\u00e9mie sur les jeunes, les familles et les \u00e9coles dans les r\u00e9gions \u00e9loign\u00e9es du pays - UQACtualit\u00e9s\",\"isPartOf\":{\"@id\":\"https:\/\/www.uqac.ca\/uqactualites\/#website\"},\"primaryImageOfPage\":{\"@id\":\"https:\/\/www.uqac.ca\/uqactualites\/2021\/12\/10\/les-professeures-danielle-maltais-et-eve-pouliot-se-pencheront-sur-les-effets-de-la-pandemie-sur-les-jeunes-les-familles-et-les-ecoles-dans-les-regions-eloignees-du-pays\/#primaryimage\"},\"image\":{\"@id\":\"https:\/\/www.uqac.ca\/uqactualites\/2021\/12\/10\/les-professeures-danielle-maltais-et-eve-pouliot-se-pencheront-sur-les-effets-de-la-pandemie-sur-les-jeunes-les-familles-et-les-ecoles-dans-les-regions-eloignees-du-pays\/#primaryimage\"},\"thumbnailUrl\":\"https:\/\/www.uqac.ca\/uqactualites\/wp-content\/uploads\/2021\/12\/Capture-d\u2019\u00e9cran-2021-12-10-151823-e1639167551900.jpg\",\"datePublished\":\"2021-12-10T20:19:57+00:00\",\"dateModified\":\"2021-12-10T20:19:57+00:00\",\"author\":{\"@id\":\"https:\/\/www.uqac.ca\/uqactualites\/#\/schema\/person\/366c45a0c4f0e677b41b4af5886e2018\"},\"breadcrumb\":{\"@id\":\"https:\/\/www.uqac.ca\/uqactualites\/2021\/12\/10\/les-professeures-danielle-maltais-et-eve-pouliot-se-pencheront-sur-les-effets-de-la-pandemie-sur-les-jeunes-les-familles-et-les-ecoles-dans-les-regions-eloignees-du-pays\/#breadcrumb\"},\"inLanguage\":\"fr-CA\",\"potentialAction\":[{\"@type\":\"ReadAction\",\"target\":[\"https:\/\/www.uqac.ca\/uqactualites\/2021\/12\/10\/les-professeures-danielle-maltais-et-eve-pouliot-se-pencheront-sur-les-effets-de-la-pandemie-sur-les-jeunes-les-familles-et-les-ecoles-dans-les-regions-eloignees-du-pays\/\"]}]},{\"@type\":\"ImageObject\",\"inLanguage\":\"fr-CA\",\"@id\":\"https:\/\/www.uqac.ca\/uqactualites\/2021\/12\/10\/les-professeures-danielle-maltais-et-eve-pouliot-se-pencheront-sur-les-effets-de-la-pandemie-sur-les-jeunes-les-familles-et-les-ecoles-dans-les-regions-eloignees-du-pays\/#primaryimage\",\"url\":\"https:\/\/www.uqac.ca\/uqactualites\/wp-content\/uploads\/2021\/12\/Capture-d\u2019\u00e9cran-2021-12-10-151823-e1639167551900.jpg\",\"contentUrl\":\"https:\/\/www.uqac.ca\/uqactualites\/wp-content\/uploads\/2021\/12\/Capture-d\u2019\u00e9cran-2021-12-10-151823-e1639167551900.jpg\",\"width\":649,\"height\":448},{\"@type\":\"BreadcrumbList\",\"@id\":\"https:\/\/www.uqac.ca\/uqactualites\/2021\/12\/10\/les-professeures-danielle-maltais-et-eve-pouliot-se-pencheront-sur-les-effets-de-la-pandemie-sur-les-jeunes-les-familles-et-les-ecoles-dans-les-regions-eloignees-du-pays\/#breadcrumb\",\"itemListElement\":[{\"@type\":\"ListItem\",\"position\":1,\"name\":\"Home\",\"item\":\"https:\/\/www.uqac.ca\/uqactualites\/\"},{\"@type\":\"ListItem\",\"position\":2,\"name\":\"Les professeures Danielle Maltais et \u00c8ve Pouliot se pencheront sur les effets de la pand\u00e9mie sur les jeunes, les familles et les \u00e9coles dans les r\u00e9gions \u00e9loign\u00e9es du pays\"}]},{\"@type\":\"WebSite\",\"@id\":\"https:\/\/www.uqac.ca\/uqactualites\/#website\",\"url\":\"https:\/\/www.uqac.ca\/uqactualites\/\",\"name\":\"UQACtualit\u00e9s\",\"description\":\"Le portail des nouvelles de l&#039;UQAC\",\"potentialAction\":[{\"@type\":\"SearchAction\",\"target\":{\"@type\":\"EntryPoint\",\"urlTemplate\":\"https:\/\/www.uqac.ca\/uqactualites\/?s={search_term_string}\"},\"query-input\":{\"@type\":\"PropertyValueSpecification\",\"valueRequired\":true,\"valueName\":\"search_term_string\"}}],\"inLanguage\":\"fr-CA\"},{\"@type\":\"Person\",\"@id\":\"https:\/\/www.uqac.ca\/uqactualites\/#\/schema\/person\/366c45a0c4f0e677b41b4af5886e2018\",\"name\":\"Service des communications et des relations publiques\",\"image\":{\"@type\":\"ImageObject\",\"inLanguage\":\"fr-CA\",\"@id\":\"https:\/\/www.uqac.ca\/uqactualites\/#\/schema\/person\/image\/\",\"url\":\"https:\/\/secure.gravatar.com\/avatar\/20fbbda8a292f59f2d3461a5b999c00b?s=96&d=mm&r=g\",\"contentUrl\":\"https:\/\/secure.gravatar.com\/avatar\/20fbbda8a292f59f2d3461a5b999c00b?s=96&d=mm&r=g\",\"caption\":\"Service des communications et des relations publiques\"},\"url\":\"https:\/\/www.uqac.ca\/uqactualites\/author\/bap\/\"}]}<\/script>\r\n<!-- \/ Yoast SEO plugin. -->","yoast_head_json":{"title":"Les professeures Danielle Maltais et \u00c8ve Pouliot se pencheront sur les effets de la pand\u00e9mie sur les jeunes, les familles et les \u00e9coles dans les r\u00e9gions \u00e9loign\u00e9es du pays - UQACtualit\u00e9s","robots":{"index":"index","follow":"follow","max-snippet":"max-snippet:-1","max-image-preview":"max-image-preview:large","max-video-preview":"max-video-preview:-1"},"canonical":"https:\/\/www.uqac.ca\/uqactualites\/2021\/12\/10\/les-professeures-danielle-maltais-et-eve-pouliot-se-pencheront-sur-les-effets-de-la-pandemie-sur-les-jeunes-les-familles-et-les-ecoles-dans-les-regions-eloignees-du-pays\/","og_locale":"fr_CA","og_type":"article","og_title":"Les professeures Danielle Maltais et \u00c8ve Pouliot se pencheront sur les effets de la pand\u00e9mie sur les jeunes, les familles et les \u00e9coles dans les r\u00e9gions \u00e9loign\u00e9es du pays - UQACtualit\u00e9s","og_description":"Les professeures au d\u00e9partement des sciences humaines et sociales\u00a0\u00c8ve Pouliot\u00a0et Danielle Maltais de l\u2019UQAC obtiennent 81 269 $ en subvention des Instituts de recherche en sant\u00e9 du Canada (IRSC) pour comprendre et att\u00e9nuer les r\u00e9percussions de la pand\u00e9mie de COVID-19 sur les enfants, les adolescents et les familles au Canada. Accompagn\u00e9es de Patrick Giroux, professeur [&hellip;]","og_url":"https:\/\/www.uqac.ca\/uqactualites\/2021\/12\/10\/les-professeures-danielle-maltais-et-eve-pouliot-se-pencheront-sur-les-effets-de-la-pandemie-sur-les-jeunes-les-familles-et-les-ecoles-dans-les-regions-eloignees-du-pays\/","og_site_name":"UQACtualit\u00e9s","article_published_time":"2021-12-10T20:19:57+00:00","og_image":[{"width":649,"height":448,"url":"https:\/\/www.uqac.ca\/uqactualites\/wp-content\/uploads\/2021\/12\/Capture-d\u2019\u00e9cran-2021-12-10-151823-e1639167551900.jpg","type":"image\/jpeg"}],"author":"Service des communications et des relations publiques","twitter_card":"summary_large_image","twitter_misc":{"\u00c9crit par":"Service des communications et des relations publiques","Estimation du temps de lecture":"1 minute"},"schema":{"@context":"https:\/\/schema.org","@graph":[{"@type":"WebPage","@id":"https:\/\/www.uqac.ca\/uqactualites\/2021\/12\/10\/les-professeures-danielle-maltais-et-eve-pouliot-se-pencheront-sur-les-effets-de-la-pandemie-sur-les-jeunes-les-familles-et-les-ecoles-dans-les-regions-eloignees-du-pays\/","url":"https:\/\/www.uqac.ca\/uqactualites\/2021\/12\/10\/les-professeures-danielle-maltais-et-eve-pouliot-se-pencheront-sur-les-effets-de-la-pandemie-sur-les-jeunes-les-familles-et-les-ecoles-dans-les-regions-eloignees-du-pays\/","name":"Les professeures Danielle Maltais et \u00c8ve Pouliot se pencheront sur les effets de la pand\u00e9mie sur les jeunes, les familles et les \u00e9coles dans les r\u00e9gions \u00e9loign\u00e9es du pays - UQACtualit\u00e9s","isPartOf":{"@id":"https:\/\/www.uqac.ca\/uqactualites\/#website"},"primaryImageOfPage":{"@id":"https:\/\/www.uqac.ca\/uqactualites\/2021\/12\/10\/les-professeures-danielle-maltais-et-eve-pouliot-se-pencheront-sur-les-effets-de-la-pandemie-sur-les-jeunes-les-familles-et-les-ecoles-dans-les-regions-eloignees-du-pays\/#primaryimage"},"image":{"@id":"https:\/\/www.uqac.ca\/uqactualites\/2021\/12\/10\/les-professeures-danielle-maltais-et-eve-pouliot-se-pencheront-sur-les-effets-de-la-pandemie-sur-les-jeunes-les-familles-et-les-ecoles-dans-les-regions-eloignees-du-pays\/#primaryimage"},"thumbnailUrl":"https:\/\/www.uqac.ca\/uqactualites\/wp-content\/uploads\/2021\/12\/Capture-d\u2019\u00e9cran-2021-12-10-151823-e1639167551900.jpg","datePublished":"2021-12-10T20:19:57+00:00","dateModified":"2021-12-10T20:19:57+00:00","author":{"@id":"https:\/\/www.uqac.ca\/uqactualites\/#\/schema\/person\/366c45a0c4f0e677b41b4af5886e2018"},"breadcrumb":{"@id":"https:\/\/www.uqac.ca\/uqactualites\/2021\/12\/10\/les-professeures-danielle-maltais-et-eve-pouliot-se-pencheront-sur-les-effets-de-la-pandemie-sur-les-jeunes-les-familles-et-les-ecoles-dans-les-regions-eloignees-du-pays\/#breadcrumb"},"inLanguage":"fr-CA","potentialAction":[{"@type":"ReadAction","target":["https:\/\/www.uqac.ca\/uqactualites\/2021\/12\/10\/les-professeures-danielle-maltais-et-eve-pouliot-se-pencheront-sur-les-effets-de-la-pandemie-sur-les-jeunes-les-familles-et-les-ecoles-dans-les-regions-eloignees-du-pays\/"]}]},{"@type":"ImageObject","inLanguage":"fr-CA","@id":"https:\/\/www.uqac.ca\/uqactualites\/2021\/12\/10\/les-professeures-danielle-maltais-et-eve-pouliot-se-pencheront-sur-les-effets-de-la-pandemie-sur-les-jeunes-les-familles-et-les-ecoles-dans-les-regions-eloignees-du-pays\/#primaryimage","url":"https:\/\/www.uqac.ca\/uqactualites\/wp-content\/uploads\/2021\/12\/Capture-d\u2019\u00e9cran-2021-12-10-151823-e1639167551900.jpg","contentUrl":"https:\/\/www.uqac.ca\/uqactualites\/wp-content\/uploads\/2021\/12\/Capture-d\u2019\u00e9cran-2021-12-10-151823-e1639167551900.jpg","width":649,"height":448},{"@type":"BreadcrumbList","@id":"https:\/\/www.uqac.ca\/uqactualites\/2021\/12\/10\/les-professeures-danielle-maltais-et-eve-pouliot-se-pencheront-sur-les-effets-de-la-pandemie-sur-les-jeunes-les-familles-et-les-ecoles-dans-les-regions-eloignees-du-pays\/#breadcrumb","itemListElement":[{"@type":"ListItem","position":1,"name":"Home","item":"https:\/\/www.uqac.ca\/uqactualites\/"},{"@type":"ListItem","position":2,"name":"Les professeures Danielle Maltais et \u00c8ve Pouliot se pencheront sur les effets de la pand\u00e9mie sur les jeunes, les familles et les \u00e9coles dans les r\u00e9gions \u00e9loign\u00e9es du pays"}]},{"@type":"WebSite","@id":"https:\/\/www.uqac.ca\/uqactualites\/#website","url":"https:\/\/www.uqac.ca\/uqactualites\/","name":"UQACtualit\u00e9s","description":"Le portail des nouvelles de l&#039;UQAC","potentialAction":[{"@type":"SearchAction","target":{"@type":"EntryPoint","urlTemplate":"https:\/\/www.uqac.ca\/uqactualites\/?s={search_term_string}"},"query-input":{"@type":"PropertyValueSpecification","valueRequired":true,"valueName":"search_term_string"}}],"inLanguage":"fr-CA"},{"@type":"Person","@id":"https:\/\/www.uqac.ca\/uqactualites\/#\/schema\/person\/366c45a0c4f0e677b41b4af5886e2018","name":"Service des communications et des relations publiques","image":{"@type":"ImageObject","inLanguage":"fr-CA","@id":"https:\/\/www.uqac.ca\/uqactualites\/#\/schema\/person\/image\/","url":"https:\/\/secure.gravatar.com\/avatar\/20fbbda8a292f59f2d3461a5b999c00b?s=96&d=mm&r=g","contentUrl":"https:\/\/secure.gravatar.com\/avatar\/20fbbda8a292f59f2d3461a5b999c00b?s=96&d=mm&r=g","caption":"Service des communications et des relations publiques"},"url":"https:\/\/www.uqac.ca\/uqactualites\/author\/bap\/"}]}},"_links":{"self":[{"href":"https:\/\/www.uqac.ca\/uqactualites\/wp-json\/wp\/v2\/posts\/40911"}],"collection":[{"href":"https:\/\/www.uqac.ca\/uqactualites\/wp-json\/wp\/v2\/posts"}],"about":[{"href":"https:\/\/www.uqac.ca\/uqactualites\/wp-json\/wp\/v2\/types\/post"}],"author":[{"embeddable":true,"href":"https:\/\/www.uqac.ca\/uqactualites\/wp-json\/wp\/v2\/users\/5"}],"replies":[{"embeddable":true,"href":"https:\/\/www.uqac.ca\/uqactualites\/wp-json\/wp\/v2\/comments?post=40911"}],"version-history":[{"count":0,"href":"https:\/\/www.uqac.ca\/uqactualites\/wp-json\/wp\/v2\/posts\/40911\/revisions"}],"wp:featuredmedia":[{"embeddable":true,"href":"https:\/\/www.uqac.ca\/uqactualites\/wp-json\/wp\/v2\/media\/40914"}],"wp:attachment":[{"href":"https:\/\/www.uqac.ca\/uqactualites\/wp-json\/wp\/v2\/media?parent=40911"}],"wp:term":[{"taxonomy":"category","embeddable":true,"href":"https:\/\/www.uqac.ca\/uqactualites\/wp-json\/wp\/v2\/categories?post=40911"},{"taxonomy":"post_tag","embeddable":true,"href":"https:\/\/www.uqac.ca\/uqactualites\/wp-json\/wp\/v2\/tags?post=40911"}],"curies":[{"name":"wp","href":"https:\/\/api.w.org\/{rel}","templated":true}]}}