{"id":40965,"date":"2021-12-17T14:38:33","date_gmt":"2021-12-17T19:38:33","guid":{"rendered":"https:\/\/www.uqac.ca\/?p=40965"},"modified":"2021-12-17T14:38:33","modified_gmt":"2021-12-17T19:38:33","slug":"la-professeure-jacinthe-dion-documentera-la-progression-de-la-sante-mentale-chez-3-900-adolescents-avant-et-pendant-la-covid-19","status":"publish","type":"post","link":"https:\/\/www.uqac.ca\/uqactualites\/2021\/12\/17\/la-professeure-jacinthe-dion-documentera-la-progression-de-la-sante-mentale-chez-3-900-adolescents-avant-et-pendant-la-covid-19\/","title":{"rendered":"La professeure Jacinthe Dion documentera la progression de la sant\u00e9 mentale chez 3 900 adolescents avant et pendant la COVID-19"},"content":{"rendered":"<p>La professeure au d\u00e9partement des sciences de la sant\u00e9 <a href=\"http:\/\/www.uqac.ca\/portfolio\/jacinthedion\/\" target=\"_blank\" rel=\"noopener\">Jacinthe Dion<\/a> a re\u00e7u un financement de 149 959 $\u00a0en subvention des Instituts de recherche en sant\u00e9 du Canada (IRSC) pour comprendre et att\u00e9nuer les r\u00e9percussions de la pand\u00e9mie de COVID-19 sur les enfants, les adolescents et les familles au Canada. Elle sera en charge du projet\u00a0: The COVID-19 pandemic and its longitudinal associations with youth&rsquo;s mental health: Examining risk and protective factors. Cette \u00e9tude documentera la progression de la sant\u00e9 mentale chez 3 900 adolescents, avant (ann\u00e9e scolaire 2019-2020) et pendant (ann\u00e9e scolaire 2020-2021 et 2021-2022) la pand\u00e9mie de la COVID-19. Les r\u00e9sultats \u00e9claireront le d\u00e9veloppement d&rsquo;interventions cibl\u00e9es pour mieux aider les adolescents et les groupes \u00e0 haut risque (p. ex., les jeunes ayant v\u00e9cu de la maltraitance), ainsi que pour att\u00e9nuer les impacts \u00e0 long terme de cette pand\u00e9mie.<\/p>\n<p><a href=\"http:\/\/www.uqac.ca\/portfolio\/lindapaquette\/publications\/\" target=\"_blank\" rel=\"noopener\">Linda Paquette<\/a> et Daniel Lalande, professeurs en psychologie \u00e0 l\u2019UQAC, ainsi que d\u2019autres chercheurs, collaboreront \u00e0 ce projet.<\/p>\n","protected":false},"excerpt":{"rendered":"<p>La professeure au d\u00e9partement des sciences de la sant\u00e9 Jacinthe Dion a re\u00e7u un financement de 149 959 $\u00a0en subvention des Instituts de recherche en sant\u00e9 du Canada (IRSC) pour comprendre et att\u00e9nuer les r\u00e9percussions de la pand\u00e9mie de COVID-19 sur les enfants, les adolescents et les familles au Canada. Elle sera en charge du [&hellip;]<\/p>\n","protected":false},"author":5,"featured_media":40966,"comment_status":"closed","ping_status":"open","sticky":false,"template":"","format":"standard","meta":{"footnotes":""},"categories":[2],"tags":[23],"yoast_head":"<!-- This site is optimized with the Yoast SEO plugin v24.2 - https:\/\/yoast.com\/wordpress\/plugins\/seo\/ -->\r\n<title>La professeure Jacinthe Dion documentera la progression de la sant\u00e9 mentale chez 3 900 adolescents avant et pendant la COVID-19 - UQACtualit\u00e9s<\/title>\r\n<meta name=\"robots\" content=\"index, follow, max-snippet:-1, max-image-preview:large, max-video-preview:-1\" \/>\r\n<link rel=\"canonical\" href=\"https:\/\/www.uqac.ca\/uqactualites\/2021\/12\/17\/la-professeure-jacinthe-dion-documentera-la-progression-de-la-sante-mentale-chez-3-900-adolescents-avant-et-pendant-la-covid-19\/\" \/>\r\n<meta property=\"og:locale\" content=\"fr_CA\" \/>\r\n<meta property=\"og:type\" content=\"article\" \/>\r\n<meta property=\"og:title\" content=\"La professeure Jacinthe Dion documentera la progression de la sant\u00e9 mentale chez 3 900 adolescents avant et pendant la COVID-19 - UQACtualit\u00e9s\" \/>\r\n<meta property=\"og:description\" content=\"La professeure au d\u00e9partement des sciences de la sant\u00e9 Jacinthe Dion a re\u00e7u un financement de 149 959 $\u00a0en subvention des Instituts de recherche en sant\u00e9 du Canada (IRSC) pour comprendre et att\u00e9nuer les r\u00e9percussions de la pand\u00e9mie de COVID-19 sur les enfants, les adolescents et les familles au Canada. Elle sera en charge du [&hellip;]\" \/>\r\n<meta property=\"og:url\" content=\"https:\/\/www.uqac.ca\/uqactualites\/2021\/12\/17\/la-professeure-jacinthe-dion-documentera-la-progression-de-la-sante-mentale-chez-3-900-adolescents-avant-et-pendant-la-covid-19\/\" \/>\r\n<meta property=\"og:site_name\" content=\"UQACtualit\u00e9s\" \/>\r\n<meta property=\"article:published_time\" content=\"2021-12-17T19:38:33+00:00\" \/>\r\n<meta property=\"og:image\" content=\"https:\/\/www.uqac.ca\/uqactualites\/wp-content\/uploads\/2021\/12\/IMG_0962_-e1639769973937.jpg\" \/>\r\n\t<meta property=\"og:image:width\" content=\"2134\" \/>\r\n\t<meta property=\"og:image:height\" content=\"2191\" \/>\r\n\t<meta property=\"og:image:type\" content=\"image\/jpeg\" \/>\r\n<meta name=\"author\" content=\"Service des communications et des relations publiques\" \/>\r\n<meta name=\"twitter:card\" content=\"summary_large_image\" \/>\r\n<meta name=\"twitter:label1\" content=\"\u00c9crit par\" \/>\n\t<meta name=\"twitter:data1\" content=\"Service des communications et des relations publiques\" \/>\n\t<meta name=\"twitter:label2\" content=\"Estimation du temps de lecture\" \/>\n\t<meta name=\"twitter:data2\" content=\"1 minute\" \/>\r\n<script type=\"application\/ld+json\" class=\"yoast-schema-graph\">{\"@context\":\"https:\/\/schema.org\",\"@graph\":[{\"@type\":\"WebPage\",\"@id\":\"https:\/\/www.uqac.ca\/uqactualites\/2021\/12\/17\/la-professeure-jacinthe-dion-documentera-la-progression-de-la-sante-mentale-chez-3-900-adolescents-avant-et-pendant-la-covid-19\/\",\"url\":\"https:\/\/www.uqac.ca\/uqactualites\/2021\/12\/17\/la-professeure-jacinthe-dion-documentera-la-progression-de-la-sante-mentale-chez-3-900-adolescents-avant-et-pendant-la-covid-19\/\",\"name\":\"La professeure Jacinthe Dion documentera la progression de la sant\u00e9 mentale chez 3 900 adolescents avant et pendant la COVID-19 - UQACtualit\u00e9s\",\"isPartOf\":{\"@id\":\"https:\/\/www.uqac.ca\/uqactualites\/#website\"},\"primaryImageOfPage\":{\"@id\":\"https:\/\/www.uqac.ca\/uqactualites\/2021\/12\/17\/la-professeure-jacinthe-dion-documentera-la-progression-de-la-sante-mentale-chez-3-900-adolescents-avant-et-pendant-la-covid-19\/#primaryimage\"},\"image\":{\"@id\":\"https:\/\/www.uqac.ca\/uqactualites\/2021\/12\/17\/la-professeure-jacinthe-dion-documentera-la-progression-de-la-sante-mentale-chez-3-900-adolescents-avant-et-pendant-la-covid-19\/#primaryimage\"},\"thumbnailUrl\":\"https:\/\/www.uqac.ca\/uqactualites\/wp-content\/uploads\/2021\/12\/IMG_0962_-e1639769973937.jpg\",\"datePublished\":\"2021-12-17T19:38:33+00:00\",\"dateModified\":\"2021-12-17T19:38:33+00:00\",\"author\":{\"@id\":\"https:\/\/www.uqac.ca\/uqactualites\/#\/schema\/person\/366c45a0c4f0e677b41b4af5886e2018\"},\"breadcrumb\":{\"@id\":\"https:\/\/www.uqac.ca\/uqactualites\/2021\/12\/17\/la-professeure-jacinthe-dion-documentera-la-progression-de-la-sante-mentale-chez-3-900-adolescents-avant-et-pendant-la-covid-19\/#breadcrumb\"},\"inLanguage\":\"fr-CA\",\"potentialAction\":[{\"@type\":\"ReadAction\",\"target\":[\"https:\/\/www.uqac.ca\/uqactualites\/2021\/12\/17\/la-professeure-jacinthe-dion-documentera-la-progression-de-la-sante-mentale-chez-3-900-adolescents-avant-et-pendant-la-covid-19\/\"]}]},{\"@type\":\"ImageObject\",\"inLanguage\":\"fr-CA\",\"@id\":\"https:\/\/www.uqac.ca\/uqactualites\/2021\/12\/17\/la-professeure-jacinthe-dion-documentera-la-progression-de-la-sante-mentale-chez-3-900-adolescents-avant-et-pendant-la-covid-19\/#primaryimage\",\"url\":\"https:\/\/www.uqac.ca\/uqactualites\/wp-content\/uploads\/2021\/12\/IMG_0962_-e1639769973937.jpg\",\"contentUrl\":\"https:\/\/www.uqac.ca\/uqactualites\/wp-content\/uploads\/2021\/12\/IMG_0962_-e1639769973937.jpg\",\"width\":2134,\"height\":2191},{\"@type\":\"BreadcrumbList\",\"@id\":\"https:\/\/www.uqac.ca\/uqactualites\/2021\/12\/17\/la-professeure-jacinthe-dion-documentera-la-progression-de-la-sante-mentale-chez-3-900-adolescents-avant-et-pendant-la-covid-19\/#breadcrumb\",\"itemListElement\":[{\"@type\":\"ListItem\",\"position\":1,\"name\":\"Home\",\"item\":\"https:\/\/www.uqac.ca\/uqactualites\/\"},{\"@type\":\"ListItem\",\"position\":2,\"name\":\"La professeure Jacinthe Dion documentera la progression de la sant\u00e9 mentale chez 3 900 adolescents avant et pendant la COVID-19\"}]},{\"@type\":\"WebSite\",\"@id\":\"https:\/\/www.uqac.ca\/uqactualites\/#website\",\"url\":\"https:\/\/www.uqac.ca\/uqactualites\/\",\"name\":\"UQACtualit\u00e9s\",\"description\":\"Le portail des nouvelles de l&#039;UQAC\",\"potentialAction\":[{\"@type\":\"SearchAction\",\"target\":{\"@type\":\"EntryPoint\",\"urlTemplate\":\"https:\/\/www.uqac.ca\/uqactualites\/?s={search_term_string}\"},\"query-input\":{\"@type\":\"PropertyValueSpecification\",\"valueRequired\":true,\"valueName\":\"search_term_string\"}}],\"inLanguage\":\"fr-CA\"},{\"@type\":\"Person\",\"@id\":\"https:\/\/www.uqac.ca\/uqactualites\/#\/schema\/person\/366c45a0c4f0e677b41b4af5886e2018\",\"name\":\"Service des communications et des relations publiques\",\"image\":{\"@type\":\"ImageObject\",\"inLanguage\":\"fr-CA\",\"@id\":\"https:\/\/www.uqac.ca\/uqactualites\/#\/schema\/person\/image\/\",\"url\":\"https:\/\/secure.gravatar.com\/avatar\/20fbbda8a292f59f2d3461a5b999c00b?s=96&d=mm&r=g\",\"contentUrl\":\"https:\/\/secure.gravatar.com\/avatar\/20fbbda8a292f59f2d3461a5b999c00b?s=96&d=mm&r=g\",\"caption\":\"Service des communications et des relations publiques\"},\"url\":\"https:\/\/www.uqac.ca\/uqactualites\/author\/bap\/\"}]}<\/script>\r\n<!-- \/ Yoast SEO plugin. -->","yoast_head_json":{"title":"La professeure Jacinthe Dion documentera la progression de la sant\u00e9 mentale chez 3 900 adolescents avant et pendant la COVID-19 - UQACtualit\u00e9s","robots":{"index":"index","follow":"follow","max-snippet":"max-snippet:-1","max-image-preview":"max-image-preview:large","max-video-preview":"max-video-preview:-1"},"canonical":"https:\/\/www.uqac.ca\/uqactualites\/2021\/12\/17\/la-professeure-jacinthe-dion-documentera-la-progression-de-la-sante-mentale-chez-3-900-adolescents-avant-et-pendant-la-covid-19\/","og_locale":"fr_CA","og_type":"article","og_title":"La professeure Jacinthe Dion documentera la progression de la sant\u00e9 mentale chez 3 900 adolescents avant et pendant la COVID-19 - UQACtualit\u00e9s","og_description":"La professeure au d\u00e9partement des sciences de la sant\u00e9 Jacinthe Dion a re\u00e7u un financement de 149 959 $\u00a0en subvention des Instituts de recherche en sant\u00e9 du Canada (IRSC) pour comprendre et att\u00e9nuer les r\u00e9percussions de la pand\u00e9mie de COVID-19 sur les enfants, les adolescents et les familles au Canada. Elle sera en charge du [&hellip;]","og_url":"https:\/\/www.uqac.ca\/uqactualites\/2021\/12\/17\/la-professeure-jacinthe-dion-documentera-la-progression-de-la-sante-mentale-chez-3-900-adolescents-avant-et-pendant-la-covid-19\/","og_site_name":"UQACtualit\u00e9s","article_published_time":"2021-12-17T19:38:33+00:00","og_image":[{"width":2134,"height":2191,"url":"https:\/\/www.uqac.ca\/uqactualites\/wp-content\/uploads\/2021\/12\/IMG_0962_-e1639769973937.jpg","type":"image\/jpeg"}],"author":"Service des communications et des relations publiques","twitter_card":"summary_large_image","twitter_misc":{"\u00c9crit par":"Service des communications et des relations publiques","Estimation du temps de lecture":"1 minute"},"schema":{"@context":"https:\/\/schema.org","@graph":[{"@type":"WebPage","@id":"https:\/\/www.uqac.ca\/uqactualites\/2021\/12\/17\/la-professeure-jacinthe-dion-documentera-la-progression-de-la-sante-mentale-chez-3-900-adolescents-avant-et-pendant-la-covid-19\/","url":"https:\/\/www.uqac.ca\/uqactualites\/2021\/12\/17\/la-professeure-jacinthe-dion-documentera-la-progression-de-la-sante-mentale-chez-3-900-adolescents-avant-et-pendant-la-covid-19\/","name":"La professeure Jacinthe Dion documentera la progression de la sant\u00e9 mentale chez 3 900 adolescents avant et pendant la COVID-19 - UQACtualit\u00e9s","isPartOf":{"@id":"https:\/\/www.uqac.ca\/uqactualites\/#website"},"primaryImageOfPage":{"@id":"https:\/\/www.uqac.ca\/uqactualites\/2021\/12\/17\/la-professeure-jacinthe-dion-documentera-la-progression-de-la-sante-mentale-chez-3-900-adolescents-avant-et-pendant-la-covid-19\/#primaryimage"},"image":{"@id":"https:\/\/www.uqac.ca\/uqactualites\/2021\/12\/17\/la-professeure-jacinthe-dion-documentera-la-progression-de-la-sante-mentale-chez-3-900-adolescents-avant-et-pendant-la-covid-19\/#primaryimage"},"thumbnailUrl":"https:\/\/www.uqac.ca\/uqactualites\/wp-content\/uploads\/2021\/12\/IMG_0962_-e1639769973937.jpg","datePublished":"2021-12-17T19:38:33+00:00","dateModified":"2021-12-17T19:38:33+00:00","author":{"@id":"https:\/\/www.uqac.ca\/uqactualites\/#\/schema\/person\/366c45a0c4f0e677b41b4af5886e2018"},"breadcrumb":{"@id":"https:\/\/www.uqac.ca\/uqactualites\/2021\/12\/17\/la-professeure-jacinthe-dion-documentera-la-progression-de-la-sante-mentale-chez-3-900-adolescents-avant-et-pendant-la-covid-19\/#breadcrumb"},"inLanguage":"fr-CA","potentialAction":[{"@type":"ReadAction","target":["https:\/\/www.uqac.ca\/uqactualites\/2021\/12\/17\/la-professeure-jacinthe-dion-documentera-la-progression-de-la-sante-mentale-chez-3-900-adolescents-avant-et-pendant-la-covid-19\/"]}]},{"@type":"ImageObject","inLanguage":"fr-CA","@id":"https:\/\/www.uqac.ca\/uqactualites\/2021\/12\/17\/la-professeure-jacinthe-dion-documentera-la-progression-de-la-sante-mentale-chez-3-900-adolescents-avant-et-pendant-la-covid-19\/#primaryimage","url":"https:\/\/www.uqac.ca\/uqactualites\/wp-content\/uploads\/2021\/12\/IMG_0962_-e1639769973937.jpg","contentUrl":"https:\/\/www.uqac.ca\/uqactualites\/wp-content\/uploads\/2021\/12\/IMG_0962_-e1639769973937.jpg","width":2134,"height":2191},{"@type":"BreadcrumbList","@id":"https:\/\/www.uqac.ca\/uqactualites\/2021\/12\/17\/la-professeure-jacinthe-dion-documentera-la-progression-de-la-sante-mentale-chez-3-900-adolescents-avant-et-pendant-la-covid-19\/#breadcrumb","itemListElement":[{"@type":"ListItem","position":1,"name":"Home","item":"https:\/\/www.uqac.ca\/uqactualites\/"},{"@type":"ListItem","position":2,"name":"La professeure Jacinthe Dion documentera la progression de la sant\u00e9 mentale chez 3 900 adolescents avant et pendant la COVID-19"}]},{"@type":"WebSite","@id":"https:\/\/www.uqac.ca\/uqactualites\/#website","url":"https:\/\/www.uqac.ca\/uqactualites\/","name":"UQACtualit\u00e9s","description":"Le portail des nouvelles de l&#039;UQAC","potentialAction":[{"@type":"SearchAction","target":{"@type":"EntryPoint","urlTemplate":"https:\/\/www.uqac.ca\/uqactualites\/?s={search_term_string}"},"query-input":{"@type":"PropertyValueSpecification","valueRequired":true,"valueName":"search_term_string"}}],"inLanguage":"fr-CA"},{"@type":"Person","@id":"https:\/\/www.uqac.ca\/uqactualites\/#\/schema\/person\/366c45a0c4f0e677b41b4af5886e2018","name":"Service des communications et des relations publiques","image":{"@type":"ImageObject","inLanguage":"fr-CA","@id":"https:\/\/www.uqac.ca\/uqactualites\/#\/schema\/person\/image\/","url":"https:\/\/secure.gravatar.com\/avatar\/20fbbda8a292f59f2d3461a5b999c00b?s=96&d=mm&r=g","contentUrl":"https:\/\/secure.gravatar.com\/avatar\/20fbbda8a292f59f2d3461a5b999c00b?s=96&d=mm&r=g","caption":"Service des communications et des relations publiques"},"url":"https:\/\/www.uqac.ca\/uqactualites\/author\/bap\/"}]}},"_links":{"self":[{"href":"https:\/\/www.uqac.ca\/uqactualites\/wp-json\/wp\/v2\/posts\/40965"}],"collection":[{"href":"https:\/\/www.uqac.ca\/uqactualites\/wp-json\/wp\/v2\/posts"}],"about":[{"href":"https:\/\/www.uqac.ca\/uqactualites\/wp-json\/wp\/v2\/types\/post"}],"author":[{"embeddable":true,"href":"https:\/\/www.uqac.ca\/uqactualites\/wp-json\/wp\/v2\/users\/5"}],"replies":[{"embeddable":true,"href":"https:\/\/www.uqac.ca\/uqactualites\/wp-json\/wp\/v2\/comments?post=40965"}],"version-history":[{"count":0,"href":"https:\/\/www.uqac.ca\/uqactualites\/wp-json\/wp\/v2\/posts\/40965\/revisions"}],"wp:featuredmedia":[{"embeddable":true,"href":"https:\/\/www.uqac.ca\/uqactualites\/wp-json\/wp\/v2\/media\/40966"}],"wp:attachment":[{"href":"https:\/\/www.uqac.ca\/uqactualites\/wp-json\/wp\/v2\/media?parent=40965"}],"wp:term":[{"taxonomy":"category","embeddable":true,"href":"https:\/\/www.uqac.ca\/uqactualites\/wp-json\/wp\/v2\/categories?post=40965"},{"taxonomy":"post_tag","embeddable":true,"href":"https:\/\/www.uqac.ca\/uqactualites\/wp-json\/wp\/v2\/tags?post=40965"}],"curies":[{"name":"wp","href":"https:\/\/api.w.org\/{rel}","templated":true}]}}