{"id":41014,"date":"2022-01-19T11:54:11","date_gmt":"2022-01-19T16:54:11","guid":{"rendered":"https:\/\/www.uqac.ca\/?p=41014"},"modified":"2022-01-19T11:54:11","modified_gmt":"2022-01-19T16:54:11","slug":"un-nouvel-ouvrage-signe-par-le-professeur-francois-olivier-dorais","status":"publish","type":"post","link":"https:\/\/www.uqac.ca\/uqactualites\/2022\/01\/19\/un-nouvel-ouvrage-signe-par-le-professeur-francois-olivier-dorais\/","title":{"rendered":"Un nouvel ouvrage sign\u00e9 par le professeur Fran\u00e7ois-Olivier Dorais"},"content":{"rendered":"<p>Le professeur en histoire de l\u2019UQAC, <a href=\"http:\/\/www.uqac.ca\/portfolio\/francoisolivierdorais\/\">Fran\u00e7ois-Olivier Dorais<\/a> a co-dirig\u00e9 un tout nouvel ouvrage paru aux Presses de l\u2019Universit\u00e9 du Qu\u00e9bec. Le livre intitul\u00e9 <a href=\"https:\/\/www.puq.ca\/catalogue\/livres\/sur-les-traces-democratie-3890.html\">Sur les traces de la d\u00e9mocratie<\/a> propose une r\u00e9flexion autour de l\u2019\u0153uvre du sociologue Joseph Yvon Th\u00e9riault.<\/p>\n<p>Ce livre-hommage r\u00e9unit 25 chercheurs du Qu\u00e9bec, de l\u2019Acadie, de l\u2019Ontario fran\u00e7ais et de l\u2019Europe qui r\u00e9fl\u00e9chissent \u00e0 des th\u00e9matiques connexes \u00e0 l\u2019\u0153uvre de M. Th\u00e9riault. Mentionnons notamment, la collaboration de la professeure en science politique de l\u2019UQAC Genevi\u00e8ve Nootens.<\/p>\n<p>Le livre est disponible dans les librairies d\u00e8s aujourd\u2019hui.<\/p>\n<p><strong>R\u00e9sum\u00e9<br \/>\n<\/strong>Joseph Yvon Th\u00e9riault est l\u2019un des grands penseurs de sa g\u00e9n\u00e9ration. Acadien de naissance et de c\u0153ur, professeur de sociologie \u00e0 l\u2019Universit\u00e9 d\u2019Ottawa puis \u00e0 l\u2019Universit\u00e9 du Qu\u00e9bec \u00e0 Montr\u00e9al, auteur prolifique prim\u00e9 par la critique, animateur infatigable de la vie universitaire, personnalit\u00e9 publique et m\u00e9diatique, il a laiss\u00e9 une marque profonde sur la vie des id\u00e9es de son temps. Ce livre collectif, r\u00e9unissant des savants qu\u2019il a c\u00f4toy\u00e9s au cours de sa carri\u00e8re, t\u00e9moigne de la pertinence, de la profondeur et du rayonnement de ses r\u00e9flexions. Les disciplines (sociologie, science politique, philosophie, histoire, anthropologie, litt\u00e9rature) et nationalit\u00e9s ici repr\u00e9sent\u00e9es (acadienne, franco-ontarienne, qu\u00e9b\u00e9coise, canadienne, fran\u00e7aise, bulgare) sont \u00e0 l\u2019image de la diversit\u00e9 des objets qu\u2019il a \u00e9tudi\u00e9s. De la francophonie canadienne au d\u00e9veloppement r\u00e9gional, de la modernit\u00e9 politique aux petites nations, il a su suivre les traces que laissent les peuples qui font soci\u00e9t\u00e9. Par la richesse de ses contributions et l\u2019\u00e9tendue de son optique, le pr\u00e9sent ouvrage contentera tous les passionn\u00e9s de sciences humaines et sociales.<\/p>\n<p><strong>Renseignements\u00a0:<br \/>\n<\/strong><a href=\"http:\/\/antispam.uqac.ca:32224\/?dmVyPTEuMDAxJiZkM2U4NzMxZjM1OGEyMzg3YT02MURFRjcxQl8zMDQ3XzE3MTk5XzEmJjZjMzI1NDlmMTY0NWM0Yz0xMjIyJiZ1cmw9aHR0cHMlM0ElMkYlMkZ3d3clMkVwdXElMkVjYSUyRmNhdGFsb2d1ZSUyRmxpdnJlcyUyRnN1ci1sZXMtdHJhY2VzLWRlbW9jcmF0aWUtMzg5MCUyRWh0bWw=\">https:\/\/www.puq.ca\/catalogue\/livres\/sur-les-traces-democratie-3890.html<\/a><\/p>\n<p>&nbsp;<\/p>\n<p>&nbsp;<\/p>\n","protected":false},"excerpt":{"rendered":"<p>Le professeur en histoire de l\u2019UQAC, Fran\u00e7ois-Olivier Dorais a co-dirig\u00e9 un tout nouvel ouvrage paru aux Presses de l\u2019Universit\u00e9 du Qu\u00e9bec. Le livre intitul\u00e9 Sur les traces de la d\u00e9mocratie propose une r\u00e9flexion autour de l\u2019\u0153uvre du sociologue Joseph Yvon Th\u00e9riault. Ce livre-hommage r\u00e9unit 25 chercheurs du Qu\u00e9bec, de l\u2019Acadie, de l\u2019Ontario fran\u00e7ais et de [&hellip;]<\/p>\n","protected":false},"author":5,"featured_media":41016,"comment_status":"closed","ping_status":"open","sticky":false,"template":"","format":"standard","meta":{"footnotes":""},"categories":[2,25],"tags":[22],"yoast_head":"<!-- This site is optimized with the Yoast SEO plugin v24.2 - https:\/\/yoast.com\/wordpress\/plugins\/seo\/ -->\r\n<title>Un nouvel ouvrage sign\u00e9 par le professeur Fran\u00e7ois-Olivier Dorais - UQACtualit\u00e9s<\/title>\r\n<meta name=\"robots\" content=\"index, follow, max-snippet:-1, max-image-preview:large, max-video-preview:-1\" \/>\r\n<link rel=\"canonical\" href=\"https:\/\/www.uqac.ca\/uqactualites\/2022\/01\/19\/un-nouvel-ouvrage-signe-par-le-professeur-francois-olivier-dorais\/\" \/>\r\n<meta property=\"og:locale\" content=\"fr_CA\" \/>\r\n<meta property=\"og:type\" content=\"article\" \/>\r\n<meta property=\"og:title\" content=\"Un nouvel ouvrage sign\u00e9 par le professeur Fran\u00e7ois-Olivier Dorais - UQACtualit\u00e9s\" \/>\r\n<meta property=\"og:description\" content=\"Le professeur en histoire de l\u2019UQAC, Fran\u00e7ois-Olivier Dorais a co-dirig\u00e9 un tout nouvel ouvrage paru aux Presses de l\u2019Universit\u00e9 du Qu\u00e9bec. Le livre intitul\u00e9 Sur les traces de la d\u00e9mocratie propose une r\u00e9flexion autour de l\u2019\u0153uvre du sociologue Joseph Yvon Th\u00e9riault. Ce livre-hommage r\u00e9unit 25 chercheurs du Qu\u00e9bec, de l\u2019Acadie, de l\u2019Ontario fran\u00e7ais et de [&hellip;]\" \/>\r\n<meta property=\"og:url\" content=\"https:\/\/www.uqac.ca\/uqactualites\/2022\/01\/19\/un-nouvel-ouvrage-signe-par-le-professeur-francois-olivier-dorais\/\" \/>\r\n<meta property=\"og:site_name\" content=\"UQACtualit\u00e9s\" \/>\r\n<meta property=\"article:published_time\" content=\"2022-01-19T16:54:11+00:00\" \/>\r\n<meta property=\"og:image\" content=\"https:\/\/www.uqac.ca\/uqactualites\/wp-content\/uploads\/2022\/01\/@ctu_couverture_FODorais_H22.jpg\" \/>\r\n\t<meta property=\"og:image:width\" content=\"1439\" \/>\r\n\t<meta property=\"og:image:height\" content=\"807\" \/>\r\n\t<meta property=\"og:image:type\" content=\"image\/jpeg\" \/>\r\n<meta name=\"author\" content=\"Service des communications et des relations publiques\" \/>\r\n<meta name=\"twitter:card\" content=\"summary_large_image\" \/>\r\n<meta name=\"twitter:label1\" content=\"\u00c9crit par\" \/>\n\t<meta name=\"twitter:data1\" content=\"Service des communications et des relations publiques\" \/>\n\t<meta name=\"twitter:label2\" content=\"Estimation du temps de lecture\" \/>\n\t<meta name=\"twitter:data2\" content=\"2 minutes\" \/>\r\n<script type=\"application\/ld+json\" class=\"yoast-schema-graph\">{\"@context\":\"https:\/\/schema.org\",\"@graph\":[{\"@type\":\"WebPage\",\"@id\":\"https:\/\/www.uqac.ca\/uqactualites\/2022\/01\/19\/un-nouvel-ouvrage-signe-par-le-professeur-francois-olivier-dorais\/\",\"url\":\"https:\/\/www.uqac.ca\/uqactualites\/2022\/01\/19\/un-nouvel-ouvrage-signe-par-le-professeur-francois-olivier-dorais\/\",\"name\":\"Un nouvel ouvrage sign\u00e9 par le professeur Fran\u00e7ois-Olivier Dorais - UQACtualit\u00e9s\",\"isPartOf\":{\"@id\":\"https:\/\/www.uqac.ca\/uqactualites\/#website\"},\"primaryImageOfPage\":{\"@id\":\"https:\/\/www.uqac.ca\/uqactualites\/2022\/01\/19\/un-nouvel-ouvrage-signe-par-le-professeur-francois-olivier-dorais\/#primaryimage\"},\"image\":{\"@id\":\"https:\/\/www.uqac.ca\/uqactualites\/2022\/01\/19\/un-nouvel-ouvrage-signe-par-le-professeur-francois-olivier-dorais\/#primaryimage\"},\"thumbnailUrl\":\"https:\/\/www.uqac.ca\/uqactualites\/wp-content\/uploads\/2022\/01\/@ctu_couverture_FODorais_H22.jpg\",\"datePublished\":\"2022-01-19T16:54:11+00:00\",\"dateModified\":\"2022-01-19T16:54:11+00:00\",\"author\":{\"@id\":\"https:\/\/www.uqac.ca\/uqactualites\/#\/schema\/person\/366c45a0c4f0e677b41b4af5886e2018\"},\"breadcrumb\":{\"@id\":\"https:\/\/www.uqac.ca\/uqactualites\/2022\/01\/19\/un-nouvel-ouvrage-signe-par-le-professeur-francois-olivier-dorais\/#breadcrumb\"},\"inLanguage\":\"fr-CA\",\"potentialAction\":[{\"@type\":\"ReadAction\",\"target\":[\"https:\/\/www.uqac.ca\/uqactualites\/2022\/01\/19\/un-nouvel-ouvrage-signe-par-le-professeur-francois-olivier-dorais\/\"]}]},{\"@type\":\"ImageObject\",\"inLanguage\":\"fr-CA\",\"@id\":\"https:\/\/www.uqac.ca\/uqactualites\/2022\/01\/19\/un-nouvel-ouvrage-signe-par-le-professeur-francois-olivier-dorais\/#primaryimage\",\"url\":\"https:\/\/www.uqac.ca\/uqactualites\/wp-content\/uploads\/2022\/01\/@ctu_couverture_FODorais_H22.jpg\",\"contentUrl\":\"https:\/\/www.uqac.ca\/uqactualites\/wp-content\/uploads\/2022\/01\/@ctu_couverture_FODorais_H22.jpg\",\"width\":1439,\"height\":807},{\"@type\":\"BreadcrumbList\",\"@id\":\"https:\/\/www.uqac.ca\/uqactualites\/2022\/01\/19\/un-nouvel-ouvrage-signe-par-le-professeur-francois-olivier-dorais\/#breadcrumb\",\"itemListElement\":[{\"@type\":\"ListItem\",\"position\":1,\"name\":\"Home\",\"item\":\"https:\/\/www.uqac.ca\/uqactualites\/\"},{\"@type\":\"ListItem\",\"position\":2,\"name\":\"Un nouvel ouvrage sign\u00e9 par le professeur Fran\u00e7ois-Olivier Dorais\"}]},{\"@type\":\"WebSite\",\"@id\":\"https:\/\/www.uqac.ca\/uqactualites\/#website\",\"url\":\"https:\/\/www.uqac.ca\/uqactualites\/\",\"name\":\"UQACtualit\u00e9s\",\"description\":\"Le portail des nouvelles de l&#039;UQAC\",\"potentialAction\":[{\"@type\":\"SearchAction\",\"target\":{\"@type\":\"EntryPoint\",\"urlTemplate\":\"https:\/\/www.uqac.ca\/uqactualites\/?s={search_term_string}\"},\"query-input\":{\"@type\":\"PropertyValueSpecification\",\"valueRequired\":true,\"valueName\":\"search_term_string\"}}],\"inLanguage\":\"fr-CA\"},{\"@type\":\"Person\",\"@id\":\"https:\/\/www.uqac.ca\/uqactualites\/#\/schema\/person\/366c45a0c4f0e677b41b4af5886e2018\",\"name\":\"Service des communications et des relations publiques\",\"image\":{\"@type\":\"ImageObject\",\"inLanguage\":\"fr-CA\",\"@id\":\"https:\/\/www.uqac.ca\/uqactualites\/#\/schema\/person\/image\/\",\"url\":\"https:\/\/secure.gravatar.com\/avatar\/20fbbda8a292f59f2d3461a5b999c00b?s=96&d=mm&r=g\",\"contentUrl\":\"https:\/\/secure.gravatar.com\/avatar\/20fbbda8a292f59f2d3461a5b999c00b?s=96&d=mm&r=g\",\"caption\":\"Service des communications et des relations publiques\"},\"url\":\"https:\/\/www.uqac.ca\/uqactualites\/author\/bap\/\"}]}<\/script>\r\n<!-- \/ Yoast SEO plugin. -->","yoast_head_json":{"title":"Un nouvel ouvrage sign\u00e9 par le professeur Fran\u00e7ois-Olivier Dorais - UQACtualit\u00e9s","robots":{"index":"index","follow":"follow","max-snippet":"max-snippet:-1","max-image-preview":"max-image-preview:large","max-video-preview":"max-video-preview:-1"},"canonical":"https:\/\/www.uqac.ca\/uqactualites\/2022\/01\/19\/un-nouvel-ouvrage-signe-par-le-professeur-francois-olivier-dorais\/","og_locale":"fr_CA","og_type":"article","og_title":"Un nouvel ouvrage sign\u00e9 par le professeur Fran\u00e7ois-Olivier Dorais - UQACtualit\u00e9s","og_description":"Le professeur en histoire de l\u2019UQAC, Fran\u00e7ois-Olivier Dorais a co-dirig\u00e9 un tout nouvel ouvrage paru aux Presses de l\u2019Universit\u00e9 du Qu\u00e9bec. Le livre intitul\u00e9 Sur les traces de la d\u00e9mocratie propose une r\u00e9flexion autour de l\u2019\u0153uvre du sociologue Joseph Yvon Th\u00e9riault. Ce livre-hommage r\u00e9unit 25 chercheurs du Qu\u00e9bec, de l\u2019Acadie, de l\u2019Ontario fran\u00e7ais et de [&hellip;]","og_url":"https:\/\/www.uqac.ca\/uqactualites\/2022\/01\/19\/un-nouvel-ouvrage-signe-par-le-professeur-francois-olivier-dorais\/","og_site_name":"UQACtualit\u00e9s","article_published_time":"2022-01-19T16:54:11+00:00","og_image":[{"width":1439,"height":807,"url":"https:\/\/www.uqac.ca\/uqactualites\/wp-content\/uploads\/2022\/01\/@ctu_couverture_FODorais_H22.jpg","type":"image\/jpeg"}],"author":"Service des communications et des relations publiques","twitter_card":"summary_large_image","twitter_misc":{"\u00c9crit par":"Service des communications et des relations publiques","Estimation du temps de lecture":"2 minutes"},"schema":{"@context":"https:\/\/schema.org","@graph":[{"@type":"WebPage","@id":"https:\/\/www.uqac.ca\/uqactualites\/2022\/01\/19\/un-nouvel-ouvrage-signe-par-le-professeur-francois-olivier-dorais\/","url":"https:\/\/www.uqac.ca\/uqactualites\/2022\/01\/19\/un-nouvel-ouvrage-signe-par-le-professeur-francois-olivier-dorais\/","name":"Un nouvel ouvrage sign\u00e9 par le professeur Fran\u00e7ois-Olivier Dorais - UQACtualit\u00e9s","isPartOf":{"@id":"https:\/\/www.uqac.ca\/uqactualites\/#website"},"primaryImageOfPage":{"@id":"https:\/\/www.uqac.ca\/uqactualites\/2022\/01\/19\/un-nouvel-ouvrage-signe-par-le-professeur-francois-olivier-dorais\/#primaryimage"},"image":{"@id":"https:\/\/www.uqac.ca\/uqactualites\/2022\/01\/19\/un-nouvel-ouvrage-signe-par-le-professeur-francois-olivier-dorais\/#primaryimage"},"thumbnailUrl":"https:\/\/www.uqac.ca\/uqactualites\/wp-content\/uploads\/2022\/01\/@ctu_couverture_FODorais_H22.jpg","datePublished":"2022-01-19T16:54:11+00:00","dateModified":"2022-01-19T16:54:11+00:00","author":{"@id":"https:\/\/www.uqac.ca\/uqactualites\/#\/schema\/person\/366c45a0c4f0e677b41b4af5886e2018"},"breadcrumb":{"@id":"https:\/\/www.uqac.ca\/uqactualites\/2022\/01\/19\/un-nouvel-ouvrage-signe-par-le-professeur-francois-olivier-dorais\/#breadcrumb"},"inLanguage":"fr-CA","potentialAction":[{"@type":"ReadAction","target":["https:\/\/www.uqac.ca\/uqactualites\/2022\/01\/19\/un-nouvel-ouvrage-signe-par-le-professeur-francois-olivier-dorais\/"]}]},{"@type":"ImageObject","inLanguage":"fr-CA","@id":"https:\/\/www.uqac.ca\/uqactualites\/2022\/01\/19\/un-nouvel-ouvrage-signe-par-le-professeur-francois-olivier-dorais\/#primaryimage","url":"https:\/\/www.uqac.ca\/uqactualites\/wp-content\/uploads\/2022\/01\/@ctu_couverture_FODorais_H22.jpg","contentUrl":"https:\/\/www.uqac.ca\/uqactualites\/wp-content\/uploads\/2022\/01\/@ctu_couverture_FODorais_H22.jpg","width":1439,"height":807},{"@type":"BreadcrumbList","@id":"https:\/\/www.uqac.ca\/uqactualites\/2022\/01\/19\/un-nouvel-ouvrage-signe-par-le-professeur-francois-olivier-dorais\/#breadcrumb","itemListElement":[{"@type":"ListItem","position":1,"name":"Home","item":"https:\/\/www.uqac.ca\/uqactualites\/"},{"@type":"ListItem","position":2,"name":"Un nouvel ouvrage sign\u00e9 par le professeur Fran\u00e7ois-Olivier Dorais"}]},{"@type":"WebSite","@id":"https:\/\/www.uqac.ca\/uqactualites\/#website","url":"https:\/\/www.uqac.ca\/uqactualites\/","name":"UQACtualit\u00e9s","description":"Le portail des nouvelles de l&#039;UQAC","potentialAction":[{"@type":"SearchAction","target":{"@type":"EntryPoint","urlTemplate":"https:\/\/www.uqac.ca\/uqactualites\/?s={search_term_string}"},"query-input":{"@type":"PropertyValueSpecification","valueRequired":true,"valueName":"search_term_string"}}],"inLanguage":"fr-CA"},{"@type":"Person","@id":"https:\/\/www.uqac.ca\/uqactualites\/#\/schema\/person\/366c45a0c4f0e677b41b4af5886e2018","name":"Service des communications et des relations publiques","image":{"@type":"ImageObject","inLanguage":"fr-CA","@id":"https:\/\/www.uqac.ca\/uqactualites\/#\/schema\/person\/image\/","url":"https:\/\/secure.gravatar.com\/avatar\/20fbbda8a292f59f2d3461a5b999c00b?s=96&d=mm&r=g","contentUrl":"https:\/\/secure.gravatar.com\/avatar\/20fbbda8a292f59f2d3461a5b999c00b?s=96&d=mm&r=g","caption":"Service des communications et des relations publiques"},"url":"https:\/\/www.uqac.ca\/uqactualites\/author\/bap\/"}]}},"_links":{"self":[{"href":"https:\/\/www.uqac.ca\/uqactualites\/wp-json\/wp\/v2\/posts\/41014"}],"collection":[{"href":"https:\/\/www.uqac.ca\/uqactualites\/wp-json\/wp\/v2\/posts"}],"about":[{"href":"https:\/\/www.uqac.ca\/uqactualites\/wp-json\/wp\/v2\/types\/post"}],"author":[{"embeddable":true,"href":"https:\/\/www.uqac.ca\/uqactualites\/wp-json\/wp\/v2\/users\/5"}],"replies":[{"embeddable":true,"href":"https:\/\/www.uqac.ca\/uqactualites\/wp-json\/wp\/v2\/comments?post=41014"}],"version-history":[{"count":0,"href":"https:\/\/www.uqac.ca\/uqactualites\/wp-json\/wp\/v2\/posts\/41014\/revisions"}],"wp:featuredmedia":[{"embeddable":true,"href":"https:\/\/www.uqac.ca\/uqactualites\/wp-json\/wp\/v2\/media\/41016"}],"wp:attachment":[{"href":"https:\/\/www.uqac.ca\/uqactualites\/wp-json\/wp\/v2\/media?parent=41014"}],"wp:term":[{"taxonomy":"category","embeddable":true,"href":"https:\/\/www.uqac.ca\/uqactualites\/wp-json\/wp\/v2\/categories?post=41014"},{"taxonomy":"post_tag","embeddable":true,"href":"https:\/\/www.uqac.ca\/uqactualites\/wp-json\/wp\/v2\/tags?post=41014"}],"curies":[{"name":"wp","href":"https:\/\/api.w.org\/{rel}","templated":true}]}}