{"id":41040,"date":"2022-01-22T14:25:27","date_gmt":"2022-01-22T19:25:27","guid":{"rendered":"https:\/\/www.uqac.ca\/?p=41040"},"modified":"2022-01-22T14:25:27","modified_gmt":"2022-01-22T19:25:27","slug":"les-etudiants-de-luqac-font-bonne-figure-aux-jeux-du-commerce-2022","status":"publish","type":"post","link":"https:\/\/www.uqac.ca\/uqactualites\/2022\/01\/22\/les-etudiants-de-luqac-font-bonne-figure-aux-jeux-du-commerce-2022\/","title":{"rendered":"Les \u00e9tudiants de l\u2019UQAC font bonne figure aux Jeux du commerce 2022"},"content":{"rendered":"<p>Les \u00e9tudiants du D\u00e9partement des sciences \u00e9conomiques et administratives de l\u2019UQAC se sont illustr\u00e9s lors des <a href=\"https:\/\/jeuxducommerce.ca\/fr\/\">Jeux du Commerce 2022<\/a> qui se sont tenus en ligne du 7 au 10 janvier derniers.<\/p>\n<p>L\u2019\u00e9quipe Quiz acad\u00e9mique compos\u00e9e de 7 \u00e9tudiants s\u2019est m\u00e9rit\u00e9e la deuxi\u00e8me place sur le podium tandis qu\u2019Alexandre C\u00f4t\u00e9 a re\u00e7u le prix coup de c\u0153ur pour le volet participation de la comp\u00e9tition. Enfin, le prix de reconnaissance remis par le Comit\u00e9 Comp\u00e9titions AEMSA de l\u2019UQAC a \u00e9t\u00e9 d\u00e9cern\u00e9 \u00e0 Kasandra B\u00e9langer.<\/p>\n<p>La d\u00e9l\u00e9gation 2022 \u00e9tait compos\u00e9e de 26 \u00e9tudiantes et \u00e9tudiants\u00a0: Alexandra Jean, Alexandra Martel, Alexandre C\u00f4t\u00e9, Audrey Lavergne, Emilie Allard, Emmy Lavoie, Florence Beno\u00eet, Fr\u00e9d\u00e9rique Tremblay, Joanie Potvin, Judith Ross, Julia Gauthier, Kasandra B\u00e9langer, Kelly-Ann Savard, Ketsia Guillaume, Manuelle Cloutier, Marc-Antoine Fortin-Tremblay, Mary-Lynn Tanguay, Nicola Pellegrinuzzi, Nikolas Williams, Rapha\u00ebl Aubut, Robert Thibeault, Sharone Fogue, Tahia Myl\u00e8ne Thondo, Thomas Pelletier, Vincent Boivin et William Desch\u00eanes<\/p>\n<p>Ils ont \u00e9t\u00e9 accompagn\u00e9s pendant la comp\u00e9tition par une \u00e9quipe de mentors compos\u00e9s des professeurs Daniel Lemay, Olivier Gagnon, R\u00e9mi Morin Chass\u00e9 et Salmata Ouedraogo. Ils ont \u00e9galement pu compter sur l\u2019expertise de Franck Basset, charg\u00e9 de cours, et Pier-Alexandre Julien, dipl\u00f4m\u00e9.<\/p>\n<p><strong>\u00c0 propos des Jeux du Commerce<br \/>\n<\/strong>Les Jeux du Commerce (JDC) visent \u00e0 promouvoir les \u00e9changes entre les membres des diff\u00e9rentes associations \u00e9tudiantes des facult\u00e9s d\u2019administration des universit\u00e9s membres et le monde des affaires et \u00e0 permettre aux participants de rivaliser avec leurs pairs dans une ambiance de camaraderie et de saine comp\u00e9tition.<\/p>\n<p>Les JDC sont la seule activit\u00e9 organis\u00e9e uniquement pour les \u00e9tudiants de premier cycle universitaire de cette envergure au Canada. Les participants sont impliqu\u00e9s dans l\u2019un des cinq volets pr\u00e9sent\u00e9s aux JDC : acad\u00e9mique, social, sportif participation ou contribution.<\/p>\n<p>L\u2019\u00e9dition 2022 \u00e9tait organis\u00e9e par la Facult\u00e9 des sciences de l\u2019administration de l\u2019Universit\u00e9 Laval (FSA Laval) et avait pour th\u00e8me \u00ab\u00a0Allumez le feu en nous\u00a0\u00bb.<\/p>\n<p><strong>PHOTO<br \/>\n<\/strong>Le comit\u00e9 Comp\u00e9titions AEMSA de l\u2019UQAC<br \/>\nSource\u00a0: <a href=\"https:\/\/www.facebook.com\/CCAEMSAUQAC\">https:\/\/www.facebook.com\/CCAEMSAUQAC<\/a><\/p>\n<p>&nbsp;<\/p>\n","protected":false},"excerpt":{"rendered":"<p>Les \u00e9tudiants du D\u00e9partement des sciences \u00e9conomiques et administratives de l\u2019UQAC se sont illustr\u00e9s lors des Jeux du Commerce 2022 qui se sont tenus en ligne du 7 au 10 janvier derniers. L\u2019\u00e9quipe Quiz acad\u00e9mique compos\u00e9e de 7 \u00e9tudiants s\u2019est m\u00e9rit\u00e9e la deuxi\u00e8me place sur le podium tandis qu\u2019Alexandre C\u00f4t\u00e9 a re\u00e7u le prix coup [&hellip;]<\/p>\n","protected":false},"author":5,"featured_media":41041,"comment_status":"closed","ping_status":"open","sticky":false,"template":"","format":"standard","meta":{"footnotes":""},"categories":[2,9],"tags":[8],"yoast_head":"<!-- This site is optimized with the Yoast SEO plugin v24.2 - https:\/\/yoast.com\/wordpress\/plugins\/seo\/ -->\r\n<title>Les \u00e9tudiants de l\u2019UQAC font bonne figure aux Jeux du commerce 2022 - UQACtualit\u00e9s<\/title>\r\n<meta name=\"robots\" content=\"index, follow, max-snippet:-1, max-image-preview:large, max-video-preview:-1\" \/>\r\n<link rel=\"canonical\" href=\"https:\/\/www.uqac.ca\/uqactualites\/2022\/01\/22\/les-etudiants-de-luqac-font-bonne-figure-aux-jeux-du-commerce-2022\/\" \/>\r\n<meta property=\"og:locale\" content=\"fr_CA\" \/>\r\n<meta property=\"og:type\" content=\"article\" \/>\r\n<meta property=\"og:title\" content=\"Les \u00e9tudiants de l\u2019UQAC font bonne figure aux Jeux du commerce 2022 - UQACtualit\u00e9s\" \/>\r\n<meta property=\"og:description\" content=\"Les \u00e9tudiants du D\u00e9partement des sciences \u00e9conomiques et administratives de l\u2019UQAC se sont illustr\u00e9s lors des Jeux du Commerce 2022 qui se sont tenus en ligne du 7 au 10 janvier derniers. L\u2019\u00e9quipe Quiz acad\u00e9mique compos\u00e9e de 7 \u00e9tudiants s\u2019est m\u00e9rit\u00e9e la deuxi\u00e8me place sur le podium tandis qu\u2019Alexandre C\u00f4t\u00e9 a re\u00e7u le prix coup [&hellip;]\" \/>\r\n<meta property=\"og:url\" content=\"https:\/\/www.uqac.ca\/uqactualites\/2022\/01\/22\/les-etudiants-de-luqac-font-bonne-figure-aux-jeux-du-commerce-2022\/\" \/>\r\n<meta property=\"og:site_name\" content=\"UQACtualit\u00e9s\" \/>\r\n<meta property=\"article:published_time\" content=\"2022-01-22T19:25:27+00:00\" \/>\r\n<meta property=\"og:image\" content=\"https:\/\/www.uqac.ca\/uqactualites\/wp-content\/uploads\/2022\/01\/Comite_competition_AEMSA.jpg\" \/>\r\n\t<meta property=\"og:image:width\" content=\"2048\" \/>\r\n\t<meta property=\"og:image:height\" content=\"1366\" \/>\r\n\t<meta property=\"og:image:type\" content=\"image\/jpeg\" \/>\r\n<meta name=\"author\" content=\"Service des communications et des relations publiques\" \/>\r\n<meta name=\"twitter:card\" content=\"summary_large_image\" \/>\r\n<meta name=\"twitter:label1\" content=\"\u00c9crit par\" \/>\n\t<meta name=\"twitter:data1\" content=\"Service des communications et des relations publiques\" \/>\n\t<meta name=\"twitter:label2\" content=\"Estimation du temps de lecture\" \/>\n\t<meta name=\"twitter:data2\" content=\"2 minutes\" \/>\r\n<script type=\"application\/ld+json\" class=\"yoast-schema-graph\">{\"@context\":\"https:\/\/schema.org\",\"@graph\":[{\"@type\":\"WebPage\",\"@id\":\"https:\/\/www.uqac.ca\/uqactualites\/2022\/01\/22\/les-etudiants-de-luqac-font-bonne-figure-aux-jeux-du-commerce-2022\/\",\"url\":\"https:\/\/www.uqac.ca\/uqactualites\/2022\/01\/22\/les-etudiants-de-luqac-font-bonne-figure-aux-jeux-du-commerce-2022\/\",\"name\":\"Les \u00e9tudiants de l\u2019UQAC font bonne figure aux Jeux du commerce 2022 - UQACtualit\u00e9s\",\"isPartOf\":{\"@id\":\"https:\/\/www.uqac.ca\/uqactualites\/#website\"},\"primaryImageOfPage\":{\"@id\":\"https:\/\/www.uqac.ca\/uqactualites\/2022\/01\/22\/les-etudiants-de-luqac-font-bonne-figure-aux-jeux-du-commerce-2022\/#primaryimage\"},\"image\":{\"@id\":\"https:\/\/www.uqac.ca\/uqactualites\/2022\/01\/22\/les-etudiants-de-luqac-font-bonne-figure-aux-jeux-du-commerce-2022\/#primaryimage\"},\"thumbnailUrl\":\"https:\/\/www.uqac.ca\/uqactualites\/wp-content\/uploads\/2022\/01\/Comite_competition_AEMSA.jpg\",\"datePublished\":\"2022-01-22T19:25:27+00:00\",\"dateModified\":\"2022-01-22T19:25:27+00:00\",\"author\":{\"@id\":\"https:\/\/www.uqac.ca\/uqactualites\/#\/schema\/person\/366c45a0c4f0e677b41b4af5886e2018\"},\"breadcrumb\":{\"@id\":\"https:\/\/www.uqac.ca\/uqactualites\/2022\/01\/22\/les-etudiants-de-luqac-font-bonne-figure-aux-jeux-du-commerce-2022\/#breadcrumb\"},\"inLanguage\":\"fr-CA\",\"potentialAction\":[{\"@type\":\"ReadAction\",\"target\":[\"https:\/\/www.uqac.ca\/uqactualites\/2022\/01\/22\/les-etudiants-de-luqac-font-bonne-figure-aux-jeux-du-commerce-2022\/\"]}]},{\"@type\":\"ImageObject\",\"inLanguage\":\"fr-CA\",\"@id\":\"https:\/\/www.uqac.ca\/uqactualites\/2022\/01\/22\/les-etudiants-de-luqac-font-bonne-figure-aux-jeux-du-commerce-2022\/#primaryimage\",\"url\":\"https:\/\/www.uqac.ca\/uqactualites\/wp-content\/uploads\/2022\/01\/Comite_competition_AEMSA.jpg\",\"contentUrl\":\"https:\/\/www.uqac.ca\/uqactualites\/wp-content\/uploads\/2022\/01\/Comite_competition_AEMSA.jpg\",\"width\":2048,\"height\":1366},{\"@type\":\"BreadcrumbList\",\"@id\":\"https:\/\/www.uqac.ca\/uqactualites\/2022\/01\/22\/les-etudiants-de-luqac-font-bonne-figure-aux-jeux-du-commerce-2022\/#breadcrumb\",\"itemListElement\":[{\"@type\":\"ListItem\",\"position\":1,\"name\":\"Home\",\"item\":\"https:\/\/www.uqac.ca\/uqactualites\/\"},{\"@type\":\"ListItem\",\"position\":2,\"name\":\"Les \u00e9tudiants de l\u2019UQAC font bonne figure aux Jeux du commerce 2022\"}]},{\"@type\":\"WebSite\",\"@id\":\"https:\/\/www.uqac.ca\/uqactualites\/#website\",\"url\":\"https:\/\/www.uqac.ca\/uqactualites\/\",\"name\":\"UQACtualit\u00e9s\",\"description\":\"Le portail des nouvelles de l&#039;UQAC\",\"potentialAction\":[{\"@type\":\"SearchAction\",\"target\":{\"@type\":\"EntryPoint\",\"urlTemplate\":\"https:\/\/www.uqac.ca\/uqactualites\/?s={search_term_string}\"},\"query-input\":{\"@type\":\"PropertyValueSpecification\",\"valueRequired\":true,\"valueName\":\"search_term_string\"}}],\"inLanguage\":\"fr-CA\"},{\"@type\":\"Person\",\"@id\":\"https:\/\/www.uqac.ca\/uqactualites\/#\/schema\/person\/366c45a0c4f0e677b41b4af5886e2018\",\"name\":\"Service des communications et des relations publiques\",\"image\":{\"@type\":\"ImageObject\",\"inLanguage\":\"fr-CA\",\"@id\":\"https:\/\/www.uqac.ca\/uqactualites\/#\/schema\/person\/image\/\",\"url\":\"https:\/\/secure.gravatar.com\/avatar\/20fbbda8a292f59f2d3461a5b999c00b?s=96&d=mm&r=g\",\"contentUrl\":\"https:\/\/secure.gravatar.com\/avatar\/20fbbda8a292f59f2d3461a5b999c00b?s=96&d=mm&r=g\",\"caption\":\"Service des communications et des relations publiques\"},\"url\":\"https:\/\/www.uqac.ca\/uqactualites\/author\/bap\/\"}]}<\/script>\r\n<!-- \/ Yoast SEO plugin. -->","yoast_head_json":{"title":"Les \u00e9tudiants de l\u2019UQAC font bonne figure aux Jeux du commerce 2022 - UQACtualit\u00e9s","robots":{"index":"index","follow":"follow","max-snippet":"max-snippet:-1","max-image-preview":"max-image-preview:large","max-video-preview":"max-video-preview:-1"},"canonical":"https:\/\/www.uqac.ca\/uqactualites\/2022\/01\/22\/les-etudiants-de-luqac-font-bonne-figure-aux-jeux-du-commerce-2022\/","og_locale":"fr_CA","og_type":"article","og_title":"Les \u00e9tudiants de l\u2019UQAC font bonne figure aux Jeux du commerce 2022 - UQACtualit\u00e9s","og_description":"Les \u00e9tudiants du D\u00e9partement des sciences \u00e9conomiques et administratives de l\u2019UQAC se sont illustr\u00e9s lors des Jeux du Commerce 2022 qui se sont tenus en ligne du 7 au 10 janvier derniers. L\u2019\u00e9quipe Quiz acad\u00e9mique compos\u00e9e de 7 \u00e9tudiants s\u2019est m\u00e9rit\u00e9e la deuxi\u00e8me place sur le podium tandis qu\u2019Alexandre C\u00f4t\u00e9 a re\u00e7u le prix coup [&hellip;]","og_url":"https:\/\/www.uqac.ca\/uqactualites\/2022\/01\/22\/les-etudiants-de-luqac-font-bonne-figure-aux-jeux-du-commerce-2022\/","og_site_name":"UQACtualit\u00e9s","article_published_time":"2022-01-22T19:25:27+00:00","og_image":[{"width":2048,"height":1366,"url":"https:\/\/www.uqac.ca\/uqactualites\/wp-content\/uploads\/2022\/01\/Comite_competition_AEMSA.jpg","type":"image\/jpeg"}],"author":"Service des communications et des relations publiques","twitter_card":"summary_large_image","twitter_misc":{"\u00c9crit par":"Service des communications et des relations publiques","Estimation du temps de lecture":"2 minutes"},"schema":{"@context":"https:\/\/schema.org","@graph":[{"@type":"WebPage","@id":"https:\/\/www.uqac.ca\/uqactualites\/2022\/01\/22\/les-etudiants-de-luqac-font-bonne-figure-aux-jeux-du-commerce-2022\/","url":"https:\/\/www.uqac.ca\/uqactualites\/2022\/01\/22\/les-etudiants-de-luqac-font-bonne-figure-aux-jeux-du-commerce-2022\/","name":"Les \u00e9tudiants de l\u2019UQAC font bonne figure aux Jeux du commerce 2022 - UQACtualit\u00e9s","isPartOf":{"@id":"https:\/\/www.uqac.ca\/uqactualites\/#website"},"primaryImageOfPage":{"@id":"https:\/\/www.uqac.ca\/uqactualites\/2022\/01\/22\/les-etudiants-de-luqac-font-bonne-figure-aux-jeux-du-commerce-2022\/#primaryimage"},"image":{"@id":"https:\/\/www.uqac.ca\/uqactualites\/2022\/01\/22\/les-etudiants-de-luqac-font-bonne-figure-aux-jeux-du-commerce-2022\/#primaryimage"},"thumbnailUrl":"https:\/\/www.uqac.ca\/uqactualites\/wp-content\/uploads\/2022\/01\/Comite_competition_AEMSA.jpg","datePublished":"2022-01-22T19:25:27+00:00","dateModified":"2022-01-22T19:25:27+00:00","author":{"@id":"https:\/\/www.uqac.ca\/uqactualites\/#\/schema\/person\/366c45a0c4f0e677b41b4af5886e2018"},"breadcrumb":{"@id":"https:\/\/www.uqac.ca\/uqactualites\/2022\/01\/22\/les-etudiants-de-luqac-font-bonne-figure-aux-jeux-du-commerce-2022\/#breadcrumb"},"inLanguage":"fr-CA","potentialAction":[{"@type":"ReadAction","target":["https:\/\/www.uqac.ca\/uqactualites\/2022\/01\/22\/les-etudiants-de-luqac-font-bonne-figure-aux-jeux-du-commerce-2022\/"]}]},{"@type":"ImageObject","inLanguage":"fr-CA","@id":"https:\/\/www.uqac.ca\/uqactualites\/2022\/01\/22\/les-etudiants-de-luqac-font-bonne-figure-aux-jeux-du-commerce-2022\/#primaryimage","url":"https:\/\/www.uqac.ca\/uqactualites\/wp-content\/uploads\/2022\/01\/Comite_competition_AEMSA.jpg","contentUrl":"https:\/\/www.uqac.ca\/uqactualites\/wp-content\/uploads\/2022\/01\/Comite_competition_AEMSA.jpg","width":2048,"height":1366},{"@type":"BreadcrumbList","@id":"https:\/\/www.uqac.ca\/uqactualites\/2022\/01\/22\/les-etudiants-de-luqac-font-bonne-figure-aux-jeux-du-commerce-2022\/#breadcrumb","itemListElement":[{"@type":"ListItem","position":1,"name":"Home","item":"https:\/\/www.uqac.ca\/uqactualites\/"},{"@type":"ListItem","position":2,"name":"Les \u00e9tudiants de l\u2019UQAC font bonne figure aux Jeux du commerce 2022"}]},{"@type":"WebSite","@id":"https:\/\/www.uqac.ca\/uqactualites\/#website","url":"https:\/\/www.uqac.ca\/uqactualites\/","name":"UQACtualit\u00e9s","description":"Le portail des nouvelles de l&#039;UQAC","potentialAction":[{"@type":"SearchAction","target":{"@type":"EntryPoint","urlTemplate":"https:\/\/www.uqac.ca\/uqactualites\/?s={search_term_string}"},"query-input":{"@type":"PropertyValueSpecification","valueRequired":true,"valueName":"search_term_string"}}],"inLanguage":"fr-CA"},{"@type":"Person","@id":"https:\/\/www.uqac.ca\/uqactualites\/#\/schema\/person\/366c45a0c4f0e677b41b4af5886e2018","name":"Service des communications et des relations publiques","image":{"@type":"ImageObject","inLanguage":"fr-CA","@id":"https:\/\/www.uqac.ca\/uqactualites\/#\/schema\/person\/image\/","url":"https:\/\/secure.gravatar.com\/avatar\/20fbbda8a292f59f2d3461a5b999c00b?s=96&d=mm&r=g","contentUrl":"https:\/\/secure.gravatar.com\/avatar\/20fbbda8a292f59f2d3461a5b999c00b?s=96&d=mm&r=g","caption":"Service des communications et des relations publiques"},"url":"https:\/\/www.uqac.ca\/uqactualites\/author\/bap\/"}]}},"_links":{"self":[{"href":"https:\/\/www.uqac.ca\/uqactualites\/wp-json\/wp\/v2\/posts\/41040"}],"collection":[{"href":"https:\/\/www.uqac.ca\/uqactualites\/wp-json\/wp\/v2\/posts"}],"about":[{"href":"https:\/\/www.uqac.ca\/uqactualites\/wp-json\/wp\/v2\/types\/post"}],"author":[{"embeddable":true,"href":"https:\/\/www.uqac.ca\/uqactualites\/wp-json\/wp\/v2\/users\/5"}],"replies":[{"embeddable":true,"href":"https:\/\/www.uqac.ca\/uqactualites\/wp-json\/wp\/v2\/comments?post=41040"}],"version-history":[{"count":0,"href":"https:\/\/www.uqac.ca\/uqactualites\/wp-json\/wp\/v2\/posts\/41040\/revisions"}],"wp:featuredmedia":[{"embeddable":true,"href":"https:\/\/www.uqac.ca\/uqactualites\/wp-json\/wp\/v2\/media\/41041"}],"wp:attachment":[{"href":"https:\/\/www.uqac.ca\/uqactualites\/wp-json\/wp\/v2\/media?parent=41040"}],"wp:term":[{"taxonomy":"category","embeddable":true,"href":"https:\/\/www.uqac.ca\/uqactualites\/wp-json\/wp\/v2\/categories?post=41040"},{"taxonomy":"post_tag","embeddable":true,"href":"https:\/\/www.uqac.ca\/uqactualites\/wp-json\/wp\/v2\/tags?post=41040"}],"curies":[{"name":"wp","href":"https:\/\/api.w.org\/{rel}","templated":true}]}}