{"id":41045,"date":"2022-01-24T14:56:36","date_gmt":"2022-01-24T19:56:36","guid":{"rendered":"https:\/\/www.uqac.ca\/?p=41045"},"modified":"2022-01-24T14:56:36","modified_gmt":"2022-01-24T19:56:36","slug":"une-equipe-de-luqac-sinteresse-aux-repercussions-sur-la-sante-de-la-perte-dun-proche-en-temps-de-pandemie","status":"publish","type":"post","link":"https:\/\/www.uqac.ca\/uqactualites\/2022\/01\/24\/une-equipe-de-luqac-sinteresse-aux-repercussions-sur-la-sante-de-la-perte-dun-proche-en-temps-de-pandemie\/","title":{"rendered":"Une \u00e9quipe de l&rsquo;UQAC s&rsquo;int\u00e9resse aux r\u00e9percussions sur la sant\u00e9 de la perte d&rsquo;un proche en temps de pand\u00e9mie."},"content":{"rendered":"<p>Si la Covid-19 a caus\u00e9 directement plus de 32\u00a0000 d\u00e9c\u00e8s au Canada, elle a \u00e9galement eu des effets pour toutes les personnes qui ont perdu un proche depuis mars 2020. En consid\u00e9rant les diff\u00e9rentes restrictions sociosanitaires\u00a0: comment accompagner un proche en fin de vie\u00a0? Comment r\u00e9aliser des rites fun\u00e9raires malgr\u00e9 la pand\u00e9mie\u00a0? Et quels effets ces restrictions ont-elles sur le v\u00e9cu du deuil \u00e0 plus ou moins long terme\u00a0? C\u2019est ce qu\u2019une \u00e9quipe de recherche, financ\u00e9e par les Instituts de recherche en sant\u00e9 du Canada, \u00e9tablira \u00e0 travers une vaste \u00e9tude scientifique men\u00e9e \u00e0 travers le Canada au cours des quatre prochaines ann\u00e9es. Concr\u00e8tement, leurs travaux s\u2019int\u00e9resseront sp\u00e9cifiquement \u00e0 l\u2019\u00e9volution de la sant\u00e9 physique, sociale, mentale et spirituelle des personnes endeuill\u00e9es.<\/p>\n<p>Au terme de leur \u00e9tude, les chercheurs seront en mesure d\u2019\u00e9valuer l\u2019\u00e9volution de la sant\u00e9 des personnes endeuill\u00e9es et les facteurs expliquant sa d\u00e9gradation ou sa pr\u00e9servation tout au long des trajectoires de deuil. Ce mod\u00e8le d\u2019explication de l\u2019\u00e9volution de la sant\u00e9 des personnes endeuill\u00e9es pendant la pand\u00e9mie permettra d\u2019informer les intervenants de la sant\u00e9 et des services sociaux, ainsi que les d\u00e9cideurs politiques sur les facteurs de risque et de protection. Pour le chercheur Jacques Cherblanc, professeur agr\u00e9g\u00e9 au D\u00e9partement des sciences humaines et sociales et directeur de l\u2019Unit\u00e9 d\u2019enseignement en \u00e9tudes religieuses, en \u00e9thique et en philosophie de l\u2019Universit\u00e9 du Qu\u00e9bec \u00e0 Chicoutimi, cette \u00e9tude permettra de \u00ab\u00a0d\u00e9terminer si les personnes endeuill\u00e9es pendant la pand\u00e9mie doivent faire l\u2019objet d\u2019une attention particuli\u00e8re, mais aussi de mieux reconna\u00eetre leurs besoins\u00a0\u00bb.<\/p>\n<p>Cette recherche r\u00e9unit des chercheurs du Qu\u00e9bec et de l\u2019Ontario\u00a0: les professeurs Jacques Cherblanc, Ph. D., Christiane Bergeron-Leclerc, Ph. D., Danielle Maltais, Ph. D. et Chantale Simard, Ph. D. de l\u2019Universit\u00e9 du Qu\u00e9bec \u00e0 Chicoutimi, les professeures Jos\u00e9e Grenier, Ph. D., Chantal Verdon, Ph. D et \u00c9ric Tchouaket, Ph. D de l\u2019Universit\u00e9 du Qu\u00e9bec en Outaouais, la professeure Susan Cadell, Ph. D. de l\u2019Universit\u00e9 de Waterloo et le professeur David\u00a0K.\u00a0Wright, Ph. D., de l\u2019Universit\u00e9 d\u2019Ottawa.<\/p>\n<p>&nbsp;<\/p>\n<p><strong>Recherche de participants\u00a0: une invitation \u00e0 partager votre v\u00e9cu et vos perceptions<\/strong><\/p>\n<p>Quelle que soit la cause du d\u00e9c\u00e8s de leur proche, les personnes endeuill\u00e9es depuis mars 2020 sont invit\u00e9es \u00e0 participer \u00e0 une enqu\u00eate en ligne\u00a0qui d\u00e9bute aujourd\u2019hui et qui s\u2019\u00e9chelonnera jusqu\u2019en 2025. Les personnes suivantes peuvent participer \u00e0 l\u2019\u00e9tude\u00a0: avoir 18 ans et plus, r\u00e9sider au Canada (citoyennet\u00e9 ou r\u00e9sidence permanente), avoir perdu une personne significative depuis le 12 mars 2020, peu importe la cause du d\u00e9c\u00e8s. Pour participer, visitez le <a href=\"http:\/\/www.uqac.ca\/covideuil\">www.uqac.ca\/covideuil<\/a>. Le questionnaire est d\u2019une dur\u00e9e d\u2019environ 25 minutes.<\/p>\n<p>&nbsp;<\/p>\n<p><strong>Pour plus d\u2019informations\u00a0: <\/strong><a href=\"http:\/\/uqac.ca\/covideuil\"><strong>http:\/\/uqac.ca\/covideuil<\/strong><\/a><\/p>\n<p><strong>Courriel\u00a0: <\/strong><a href=\"mailto:info@covideuil.ca\"><strong>info@covideuil.ca<br \/>\n<\/strong><\/a><\/p>\n<hr \/>\n<p><strong>COVIDEUIL: A Comprehensive Canada-wide Study<\/strong><\/p>\n<p>The health implications of losing someone in the pandemic<\/p>\n<p>Outside the 32,000 direct deaths COVID-19 has caused in Canada since March 2020, it has also taken a toll on the survivors. Given all the health restrictions, how do you care for someone in their last days or give them a proper funeral service? What longer-term effects do these restrictions have on people who are grieving? Funded by the Canadian Institutes of Health Research, a research team will take a deep dive into these and other questions in a Canada-wide scientific study over the next four years. Specifically, their work will focus on changes in the physical, social, mental, and spiritual health of the bereaved.<\/p>\n<p>The aim of the study is to assess these health outcomes and identify factors that may explain health deterioration or protection along bereavement trajectories. The model explaining changes in the health of the bereaved during the pandemic will provide policymakers and health and social services professionals with key insight into risk and protective factors. Says researcher Jacques Cherblanc, Associate Professor in the Department of Human and Social Sciences and Director of the Religious Studies, Ethics and Philosophy Teaching Unit at Universit\u00e9 du Qu\u00e9bec \u00e0 Chicoutimi, the study will help \u201cdetermine whether persons grieving during the pandemic require special attention, but also help us better understand their needs.\u201d<\/p>\n<p>The study involves researchers from Qu\u00e9bec and Ontario: professors Jacques Cherblanc, PhD, Christiane Bergeron-Leclerc, PhD, Danielle Maltais, PhD, and Chantale Simard, PhD, from Universit\u00e9 du Qu\u00e9bec \u00e0 Chicoutimi; professors Jos\u00e9e Grenier, PhD, Chantal Verdon, PhD, and \u00c9ric Tchouaket PhD, from Universit\u00e9 du Qu\u00e9bec en Outaouais; Professor Susan Cadell, PhD, from the University of Waterloo; and Professor David K. Wright, PhD, from the University of Ottawa.<\/p>\n<p>&nbsp;<\/p>\n<p><strong>Call for participants: An opportunity to share your experience<\/strong><\/p>\n<p>Individuals who have lost a loved one since March 2020\u2014regardless of the cause of death\u2014are invited to participate in an online survey starting today and running through 2025. Participants must be 18 or older, live in Canada (be a citizen or permanent resident), and have lost a loved one since March 12, 2020, no matter the circumstances. Visit <a href=\"http:\/\/www.uqac.ca\/covideuil\">www.uqac.ca\/covideuil<\/a> to take part. The questionnaire takes about 25 minutes to fill out.<\/p>\n<p>&nbsp;<\/p>\n<p><strong>For more information:<\/strong> <a href=\"http:\/\/uqac.ca\/covideuil\"><strong>http:\/\/uqac.ca\/covideuil<\/strong><\/a><\/p>\n<p><strong>Email:<\/strong> <a href=\"mailto:info@covideuil.ca\"><strong>info@covideuil.ca<\/strong><\/a><\/p>\n<p>&nbsp;<\/p>\n","protected":false},"excerpt":{"rendered":"<p>Si la Covid-19 a caus\u00e9 directement plus de 32\u00a0000 d\u00e9c\u00e8s au Canada, elle a \u00e9galement eu des effets pour toutes les personnes qui ont perdu un proche depuis mars 2020. En consid\u00e9rant les diff\u00e9rentes restrictions sociosanitaires\u00a0: comment accompagner un proche en fin de vie\u00a0? Comment r\u00e9aliser des rites fun\u00e9raires malgr\u00e9 la pand\u00e9mie\u00a0? Et quels effets [&hellip;]<\/p>\n","protected":false},"author":5,"featured_media":41046,"comment_status":"closed","ping_status":"open","sticky":false,"template":"","format":"standard","meta":{"footnotes":""},"categories":[2],"tags":[22],"yoast_head":"<!-- This site is optimized with the Yoast SEO plugin v24.2 - https:\/\/yoast.com\/wordpress\/plugins\/seo\/ -->\r\n<title>Une \u00e9quipe de l&#039;UQAC s&#039;int\u00e9resse aux r\u00e9percussions sur la sant\u00e9 de la perte d&#039;un proche en temps de pand\u00e9mie. - UQACtualit\u00e9s<\/title>\r\n<meta name=\"robots\" content=\"index, follow, max-snippet:-1, max-image-preview:large, max-video-preview:-1\" \/>\r\n<link rel=\"canonical\" href=\"https:\/\/www.uqac.ca\/uqactualites\/2022\/01\/24\/une-equipe-de-luqac-sinteresse-aux-repercussions-sur-la-sante-de-la-perte-dun-proche-en-temps-de-pandemie\/\" \/>\r\n<meta property=\"og:locale\" content=\"fr_CA\" \/>\r\n<meta property=\"og:type\" content=\"article\" \/>\r\n<meta property=\"og:title\" content=\"Une \u00e9quipe de l&#039;UQAC s&#039;int\u00e9resse aux r\u00e9percussions sur la sant\u00e9 de la perte d&#039;un proche en temps de pand\u00e9mie. - UQACtualit\u00e9s\" \/>\r\n<meta property=\"og:description\" content=\"Si la Covid-19 a caus\u00e9 directement plus de 32\u00a0000 d\u00e9c\u00e8s au Canada, elle a \u00e9galement eu des effets pour toutes les personnes qui ont perdu un proche depuis mars 2020. En consid\u00e9rant les diff\u00e9rentes restrictions sociosanitaires\u00a0: comment accompagner un proche en fin de vie\u00a0? Comment r\u00e9aliser des rites fun\u00e9raires malgr\u00e9 la pand\u00e9mie\u00a0? Et quels effets [&hellip;]\" \/>\r\n<meta property=\"og:url\" content=\"https:\/\/www.uqac.ca\/uqactualites\/2022\/01\/24\/une-equipe-de-luqac-sinteresse-aux-repercussions-sur-la-sante-de-la-perte-dun-proche-en-temps-de-pandemie\/\" \/>\r\n<meta property=\"og:site_name\" content=\"UQACtualit\u00e9s\" \/>\r\n<meta property=\"article:published_time\" content=\"2022-01-24T19:56:36+00:00\" \/>\r\n<meta property=\"og:image\" content=\"https:\/\/www.uqac.ca\/uqactualites\/wp-content\/uploads\/2022\/01\/NUM_SanideuilH22_Uqctualite1920X1080.jpg\" \/>\r\n\t<meta property=\"og:image:width\" content=\"1921\" \/>\r\n\t<meta property=\"og:image:height\" content=\"1081\" \/>\r\n\t<meta property=\"og:image:type\" content=\"image\/jpeg\" \/>\r\n<meta name=\"author\" content=\"Service des communications et des relations publiques\" \/>\r\n<meta name=\"twitter:card\" content=\"summary_large_image\" \/>\r\n<meta name=\"twitter:label1\" content=\"\u00c9crit par\" \/>\n\t<meta name=\"twitter:data1\" content=\"Service des communications et des relations publiques\" \/>\n\t<meta name=\"twitter:label2\" content=\"Estimation du temps de lecture\" \/>\n\t<meta name=\"twitter:data2\" content=\"4 minutes\" \/>\r\n<script type=\"application\/ld+json\" class=\"yoast-schema-graph\">{\"@context\":\"https:\/\/schema.org\",\"@graph\":[{\"@type\":\"WebPage\",\"@id\":\"https:\/\/www.uqac.ca\/uqactualites\/2022\/01\/24\/une-equipe-de-luqac-sinteresse-aux-repercussions-sur-la-sante-de-la-perte-dun-proche-en-temps-de-pandemie\/\",\"url\":\"https:\/\/www.uqac.ca\/uqactualites\/2022\/01\/24\/une-equipe-de-luqac-sinteresse-aux-repercussions-sur-la-sante-de-la-perte-dun-proche-en-temps-de-pandemie\/\",\"name\":\"Une \u00e9quipe de l'UQAC s'int\u00e9resse aux r\u00e9percussions sur la sant\u00e9 de la perte d'un proche en temps de pand\u00e9mie. - UQACtualit\u00e9s\",\"isPartOf\":{\"@id\":\"https:\/\/www.uqac.ca\/uqactualites\/#website\"},\"primaryImageOfPage\":{\"@id\":\"https:\/\/www.uqac.ca\/uqactualites\/2022\/01\/24\/une-equipe-de-luqac-sinteresse-aux-repercussions-sur-la-sante-de-la-perte-dun-proche-en-temps-de-pandemie\/#primaryimage\"},\"image\":{\"@id\":\"https:\/\/www.uqac.ca\/uqactualites\/2022\/01\/24\/une-equipe-de-luqac-sinteresse-aux-repercussions-sur-la-sante-de-la-perte-dun-proche-en-temps-de-pandemie\/#primaryimage\"},\"thumbnailUrl\":\"https:\/\/www.uqac.ca\/uqactualites\/wp-content\/uploads\/2022\/01\/NUM_SanideuilH22_Uqctualite1920X1080.jpg\",\"datePublished\":\"2022-01-24T19:56:36+00:00\",\"dateModified\":\"2022-01-24T19:56:36+00:00\",\"author\":{\"@id\":\"https:\/\/www.uqac.ca\/uqactualites\/#\/schema\/person\/366c45a0c4f0e677b41b4af5886e2018\"},\"breadcrumb\":{\"@id\":\"https:\/\/www.uqac.ca\/uqactualites\/2022\/01\/24\/une-equipe-de-luqac-sinteresse-aux-repercussions-sur-la-sante-de-la-perte-dun-proche-en-temps-de-pandemie\/#breadcrumb\"},\"inLanguage\":\"fr-CA\",\"potentialAction\":[{\"@type\":\"ReadAction\",\"target\":[\"https:\/\/www.uqac.ca\/uqactualites\/2022\/01\/24\/une-equipe-de-luqac-sinteresse-aux-repercussions-sur-la-sante-de-la-perte-dun-proche-en-temps-de-pandemie\/\"]}]},{\"@type\":\"ImageObject\",\"inLanguage\":\"fr-CA\",\"@id\":\"https:\/\/www.uqac.ca\/uqactualites\/2022\/01\/24\/une-equipe-de-luqac-sinteresse-aux-repercussions-sur-la-sante-de-la-perte-dun-proche-en-temps-de-pandemie\/#primaryimage\",\"url\":\"https:\/\/www.uqac.ca\/uqactualites\/wp-content\/uploads\/2022\/01\/NUM_SanideuilH22_Uqctualite1920X1080.jpg\",\"contentUrl\":\"https:\/\/www.uqac.ca\/uqactualites\/wp-content\/uploads\/2022\/01\/NUM_SanideuilH22_Uqctualite1920X1080.jpg\",\"width\":1921,\"height\":1081},{\"@type\":\"BreadcrumbList\",\"@id\":\"https:\/\/www.uqac.ca\/uqactualites\/2022\/01\/24\/une-equipe-de-luqac-sinteresse-aux-repercussions-sur-la-sante-de-la-perte-dun-proche-en-temps-de-pandemie\/#breadcrumb\",\"itemListElement\":[{\"@type\":\"ListItem\",\"position\":1,\"name\":\"Home\",\"item\":\"https:\/\/www.uqac.ca\/uqactualites\/\"},{\"@type\":\"ListItem\",\"position\":2,\"name\":\"Une \u00e9quipe de l&rsquo;UQAC s&rsquo;int\u00e9resse aux r\u00e9percussions sur la sant\u00e9 de la perte d&rsquo;un proche en temps de pand\u00e9mie.\"}]},{\"@type\":\"WebSite\",\"@id\":\"https:\/\/www.uqac.ca\/uqactualites\/#website\",\"url\":\"https:\/\/www.uqac.ca\/uqactualites\/\",\"name\":\"UQACtualit\u00e9s\",\"description\":\"Le portail des nouvelles de l&#039;UQAC\",\"potentialAction\":[{\"@type\":\"SearchAction\",\"target\":{\"@type\":\"EntryPoint\",\"urlTemplate\":\"https:\/\/www.uqac.ca\/uqactualites\/?s={search_term_string}\"},\"query-input\":{\"@type\":\"PropertyValueSpecification\",\"valueRequired\":true,\"valueName\":\"search_term_string\"}}],\"inLanguage\":\"fr-CA\"},{\"@type\":\"Person\",\"@id\":\"https:\/\/www.uqac.ca\/uqactualites\/#\/schema\/person\/366c45a0c4f0e677b41b4af5886e2018\",\"name\":\"Service des communications et des relations publiques\",\"image\":{\"@type\":\"ImageObject\",\"inLanguage\":\"fr-CA\",\"@id\":\"https:\/\/www.uqac.ca\/uqactualites\/#\/schema\/person\/image\/\",\"url\":\"https:\/\/secure.gravatar.com\/avatar\/20fbbda8a292f59f2d3461a5b999c00b?s=96&d=mm&r=g\",\"contentUrl\":\"https:\/\/secure.gravatar.com\/avatar\/20fbbda8a292f59f2d3461a5b999c00b?s=96&d=mm&r=g\",\"caption\":\"Service des communications et des relations publiques\"},\"url\":\"https:\/\/www.uqac.ca\/uqactualites\/author\/bap\/\"}]}<\/script>\r\n<!-- \/ Yoast SEO plugin. -->","yoast_head_json":{"title":"Une \u00e9quipe de l'UQAC s'int\u00e9resse aux r\u00e9percussions sur la sant\u00e9 de la perte d'un proche en temps de pand\u00e9mie. - UQACtualit\u00e9s","robots":{"index":"index","follow":"follow","max-snippet":"max-snippet:-1","max-image-preview":"max-image-preview:large","max-video-preview":"max-video-preview:-1"},"canonical":"https:\/\/www.uqac.ca\/uqactualites\/2022\/01\/24\/une-equipe-de-luqac-sinteresse-aux-repercussions-sur-la-sante-de-la-perte-dun-proche-en-temps-de-pandemie\/","og_locale":"fr_CA","og_type":"article","og_title":"Une \u00e9quipe de l'UQAC s'int\u00e9resse aux r\u00e9percussions sur la sant\u00e9 de la perte d'un proche en temps de pand\u00e9mie. - UQACtualit\u00e9s","og_description":"Si la Covid-19 a caus\u00e9 directement plus de 32\u00a0000 d\u00e9c\u00e8s au Canada, elle a \u00e9galement eu des effets pour toutes les personnes qui ont perdu un proche depuis mars 2020. En consid\u00e9rant les diff\u00e9rentes restrictions sociosanitaires\u00a0: comment accompagner un proche en fin de vie\u00a0? Comment r\u00e9aliser des rites fun\u00e9raires malgr\u00e9 la pand\u00e9mie\u00a0? Et quels effets [&hellip;]","og_url":"https:\/\/www.uqac.ca\/uqactualites\/2022\/01\/24\/une-equipe-de-luqac-sinteresse-aux-repercussions-sur-la-sante-de-la-perte-dun-proche-en-temps-de-pandemie\/","og_site_name":"UQACtualit\u00e9s","article_published_time":"2022-01-24T19:56:36+00:00","og_image":[{"width":1921,"height":1081,"url":"https:\/\/www.uqac.ca\/uqactualites\/wp-content\/uploads\/2022\/01\/NUM_SanideuilH22_Uqctualite1920X1080.jpg","type":"image\/jpeg"}],"author":"Service des communications et des relations publiques","twitter_card":"summary_large_image","twitter_misc":{"\u00c9crit par":"Service des communications et des relations publiques","Estimation du temps de lecture":"4 minutes"},"schema":{"@context":"https:\/\/schema.org","@graph":[{"@type":"WebPage","@id":"https:\/\/www.uqac.ca\/uqactualites\/2022\/01\/24\/une-equipe-de-luqac-sinteresse-aux-repercussions-sur-la-sante-de-la-perte-dun-proche-en-temps-de-pandemie\/","url":"https:\/\/www.uqac.ca\/uqactualites\/2022\/01\/24\/une-equipe-de-luqac-sinteresse-aux-repercussions-sur-la-sante-de-la-perte-dun-proche-en-temps-de-pandemie\/","name":"Une \u00e9quipe de l'UQAC s'int\u00e9resse aux r\u00e9percussions sur la sant\u00e9 de la perte d'un proche en temps de pand\u00e9mie. - UQACtualit\u00e9s","isPartOf":{"@id":"https:\/\/www.uqac.ca\/uqactualites\/#website"},"primaryImageOfPage":{"@id":"https:\/\/www.uqac.ca\/uqactualites\/2022\/01\/24\/une-equipe-de-luqac-sinteresse-aux-repercussions-sur-la-sante-de-la-perte-dun-proche-en-temps-de-pandemie\/#primaryimage"},"image":{"@id":"https:\/\/www.uqac.ca\/uqactualites\/2022\/01\/24\/une-equipe-de-luqac-sinteresse-aux-repercussions-sur-la-sante-de-la-perte-dun-proche-en-temps-de-pandemie\/#primaryimage"},"thumbnailUrl":"https:\/\/www.uqac.ca\/uqactualites\/wp-content\/uploads\/2022\/01\/NUM_SanideuilH22_Uqctualite1920X1080.jpg","datePublished":"2022-01-24T19:56:36+00:00","dateModified":"2022-01-24T19:56:36+00:00","author":{"@id":"https:\/\/www.uqac.ca\/uqactualites\/#\/schema\/person\/366c45a0c4f0e677b41b4af5886e2018"},"breadcrumb":{"@id":"https:\/\/www.uqac.ca\/uqactualites\/2022\/01\/24\/une-equipe-de-luqac-sinteresse-aux-repercussions-sur-la-sante-de-la-perte-dun-proche-en-temps-de-pandemie\/#breadcrumb"},"inLanguage":"fr-CA","potentialAction":[{"@type":"ReadAction","target":["https:\/\/www.uqac.ca\/uqactualites\/2022\/01\/24\/une-equipe-de-luqac-sinteresse-aux-repercussions-sur-la-sante-de-la-perte-dun-proche-en-temps-de-pandemie\/"]}]},{"@type":"ImageObject","inLanguage":"fr-CA","@id":"https:\/\/www.uqac.ca\/uqactualites\/2022\/01\/24\/une-equipe-de-luqac-sinteresse-aux-repercussions-sur-la-sante-de-la-perte-dun-proche-en-temps-de-pandemie\/#primaryimage","url":"https:\/\/www.uqac.ca\/uqactualites\/wp-content\/uploads\/2022\/01\/NUM_SanideuilH22_Uqctualite1920X1080.jpg","contentUrl":"https:\/\/www.uqac.ca\/uqactualites\/wp-content\/uploads\/2022\/01\/NUM_SanideuilH22_Uqctualite1920X1080.jpg","width":1921,"height":1081},{"@type":"BreadcrumbList","@id":"https:\/\/www.uqac.ca\/uqactualites\/2022\/01\/24\/une-equipe-de-luqac-sinteresse-aux-repercussions-sur-la-sante-de-la-perte-dun-proche-en-temps-de-pandemie\/#breadcrumb","itemListElement":[{"@type":"ListItem","position":1,"name":"Home","item":"https:\/\/www.uqac.ca\/uqactualites\/"},{"@type":"ListItem","position":2,"name":"Une \u00e9quipe de l&rsquo;UQAC s&rsquo;int\u00e9resse aux r\u00e9percussions sur la sant\u00e9 de la perte d&rsquo;un proche en temps de pand\u00e9mie."}]},{"@type":"WebSite","@id":"https:\/\/www.uqac.ca\/uqactualites\/#website","url":"https:\/\/www.uqac.ca\/uqactualites\/","name":"UQACtualit\u00e9s","description":"Le portail des nouvelles de l&#039;UQAC","potentialAction":[{"@type":"SearchAction","target":{"@type":"EntryPoint","urlTemplate":"https:\/\/www.uqac.ca\/uqactualites\/?s={search_term_string}"},"query-input":{"@type":"PropertyValueSpecification","valueRequired":true,"valueName":"search_term_string"}}],"inLanguage":"fr-CA"},{"@type":"Person","@id":"https:\/\/www.uqac.ca\/uqactualites\/#\/schema\/person\/366c45a0c4f0e677b41b4af5886e2018","name":"Service des communications et des relations publiques","image":{"@type":"ImageObject","inLanguage":"fr-CA","@id":"https:\/\/www.uqac.ca\/uqactualites\/#\/schema\/person\/image\/","url":"https:\/\/secure.gravatar.com\/avatar\/20fbbda8a292f59f2d3461a5b999c00b?s=96&d=mm&r=g","contentUrl":"https:\/\/secure.gravatar.com\/avatar\/20fbbda8a292f59f2d3461a5b999c00b?s=96&d=mm&r=g","caption":"Service des communications et des relations publiques"},"url":"https:\/\/www.uqac.ca\/uqactualites\/author\/bap\/"}]}},"_links":{"self":[{"href":"https:\/\/www.uqac.ca\/uqactualites\/wp-json\/wp\/v2\/posts\/41045"}],"collection":[{"href":"https:\/\/www.uqac.ca\/uqactualites\/wp-json\/wp\/v2\/posts"}],"about":[{"href":"https:\/\/www.uqac.ca\/uqactualites\/wp-json\/wp\/v2\/types\/post"}],"author":[{"embeddable":true,"href":"https:\/\/www.uqac.ca\/uqactualites\/wp-json\/wp\/v2\/users\/5"}],"replies":[{"embeddable":true,"href":"https:\/\/www.uqac.ca\/uqactualites\/wp-json\/wp\/v2\/comments?post=41045"}],"version-history":[{"count":0,"href":"https:\/\/www.uqac.ca\/uqactualites\/wp-json\/wp\/v2\/posts\/41045\/revisions"}],"wp:featuredmedia":[{"embeddable":true,"href":"https:\/\/www.uqac.ca\/uqactualites\/wp-json\/wp\/v2\/media\/41046"}],"wp:attachment":[{"href":"https:\/\/www.uqac.ca\/uqactualites\/wp-json\/wp\/v2\/media?parent=41045"}],"wp:term":[{"taxonomy":"category","embeddable":true,"href":"https:\/\/www.uqac.ca\/uqactualites\/wp-json\/wp\/v2\/categories?post=41045"},{"taxonomy":"post_tag","embeddable":true,"href":"https:\/\/www.uqac.ca\/uqactualites\/wp-json\/wp\/v2\/tags?post=41045"}],"curies":[{"name":"wp","href":"https:\/\/api.w.org\/{rel}","templated":true}]}}